{"id":97848,"date":"2024-01-18T08:42:29","date_gmt":"2024-01-18T11:42:29","guid":{"rendered":"https:\/\/www.noticiasradioreflejos.com.ar\/2021\/?p=97848"},"modified":"2024-01-18T08:42:29","modified_gmt":"2024-01-18T11:42:29","slug":"buenos-aires-declaro-la-emergencia-agropecuaria-para-municipios-afectados-por-la-sequia","status":"publish","type":"post","link":"https:\/\/www.noticiasradioreflejos.com.ar\/2021\/buenos-aires-declaro-la-emergencia-agropecuaria-para-municipios-afectados-por-la-sequia\/","title":{"rendered":"Buenos Aires declar\u00f3 la emergencia agropecuaria para municipios afectados por la sequ\u00eda"},"content":{"rendered":"<p>El gobierno bonaerense declar\u00f3 hoy el estado de emergencia y\/o desastre Agropecuario por sequ\u00eda, para las explotaciones agr\u00edcolas, forestales y frutihort\u00edcolas en los partidos de Navarro, Monte, General Lavalle, Dolores, Tres Arroyos, Luj\u00e1n, Maip\u00fa, Veinticinco de Mayo, Rojas, Guamin\u00ed, Ramallo y General Madariaga, durante el per\u00edodo comprendido entre el 1\u00b0 de noviembre de 2023 y el 31 de enero de 2024.<!--more--><\/p>\n<p><strong>Lo hizo a trav\u00e9s del decreto 50 publicado hoy en el Bolet\u00edn Oficial del distrito.<\/strong><\/p>\n<p>Tambi\u00e9n declar\u00f3 el estado de emergencia y\/o desastre por sequ\u00eda para las explotaciones ganaderas, tamberas y ap\u00edcolas en los partidos de Navarro, Monte, General Lavalle, Dolores, Tres Arroyos, Luj\u00e1n, Maip\u00fa, Veinticinco de Mayo, Rojas, Guamin\u00ed, Ramallo y General Madariaga, durante el per\u00edodo comprendido entre el 1\u00b0 de noviembre de 2023 y el 30 de abril de 2024.<\/p>\n<p>Se estableci\u00f3 en la medida que los productores rurales deber\u00e1n presentar sus declaraciones juradas en un per\u00edodo m\u00e1ximo de diez d\u00edas a partir de hoy.<\/p>\n<p>En paralelo, se aclar\u00f3 que las medidas \u00abalcanzan exclusivamente a los productores y las productoras que desarrollen la explotaci\u00f3n agropecuaria como actividad principal en los establecimientos ubicados en esos partidos\u00bb.<\/p>\n<p>As\u00ed, quedar\u00e1n exentos de pago del impuesto Inmobiliario Rural, correspondiente al inmueble destinado al desarrollo de las actividades previstas, en proporci\u00f3n al porcentaje de la afectaci\u00f3n de la explotaci\u00f3n agropecuaria alcanzada por la declaraci\u00f3n de desastre agropecuario.<\/p>\n<p>A la vez, se dio intervenci\u00f3n al Banco de la Provincia de Buenos Aires \u00aba fin de que adopte las medidas necesarias para la efectivizaci\u00f3n de los beneficios crediticios que se derivan del presente decreto\u00bb.<\/p>\n<p>En los fundamentos de la medida se aclar\u00f3 que la medida \u00abse fundamenta en la cr\u00edtica situaci\u00f3n por la que atraviesan las explotaciones rurales de los partidos, con motivo de un fen\u00f3meno natural adverso de car\u00e1cter extraordinario\u00bb.<\/p>\n<p>&nbsp;<\/p>\n","protected":false},"excerpt":{"rendered":"<p>El gobierno bonaerense declar\u00f3 hoy el estado de emergencia y\/o desastre Agropecuario por sequ\u00eda, para las explotaciones agr\u00edcolas, forestales y frutihort\u00edcolas en los partidos de Navarro, Monte, General Lavalle, Dolores, Tres Arroyos, Luj\u00e1n, Maip\u00fa, Veinticinco de Mayo, Rojas, Guamin\u00ed, Ramallo y General Madariaga, durante el per\u00edodo comprendido entre el 1\u00b0 de noviembre de 2023 y [&hellip;]<\/p>\n","protected":false},"author":3,"featured_media":82858,"comment_status":"closed","ping_status":"closed","sticky":false,"template":"","format":"standard","meta":{"footnotes":""},"categories":[36,58],"tags":[],"class_list":["post-97848","post","type-post","status-publish","format-standard","has-post-thumbnail","hentry","category-economia","category-gobierno"],"yoast_head":"<!-- This site is optimized with the Yoast SEO plugin v25.9 - https:\/\/yoast.com\/wordpress\/plugins\/seo\/ -->\n<title>Buenos Aires declar\u00f3 la emergencia agropecuaria para municipios afectados por la sequ\u00eda - Noticias Radio Reflejos<\/title>\n<meta name=\"robots\" content=\"index, follow, max-snippet:-1, max-image-preview:large, max-video-preview:-1\" \/>\n<link rel=\"canonical\" href=\"https:\/\/www.noticiasradioreflejos.com.ar\/2021\/buenos-aires-declaro-la-emergencia-agropecuaria-para-municipios-afectados-por-la-sequia\/\" \/>\n<meta property=\"og:locale\" content=\"es_ES\" \/>\n<meta property=\"og:type\" content=\"article\" \/>\n<meta property=\"og:title\" content=\"Buenos Aires declar\u00f3 la emergencia agropecuaria para municipios afectados por la sequ\u00eda - Noticias Radio Reflejos\" \/>\n<meta property=\"og:description\" content=\"El gobierno bonaerense declar\u00f3 hoy el estado de emergencia y\/o desastre Agropecuario por sequ\u00eda, para las explotaciones agr\u00edcolas, forestales y frutihort\u00edcolas en los partidos de Navarro, Monte, General Lavalle, Dolores, Tres Arroyos, Luj\u00e1n, Maip\u00fa, Veinticinco de Mayo, Rojas, Guamin\u00ed, Ramallo y General Madariaga, durante el per\u00edodo comprendido entre el 1\u00b0 de noviembre de 2023 y [&hellip;]\" \/>\n<meta property=\"og:url\" content=\"https:\/\/www.noticiasradioreflejos.com.ar\/2021\/buenos-aires-declaro-la-emergencia-agropecuaria-para-municipios-afectados-por-la-sequia\/\" \/>\n<meta property=\"og:site_name\" content=\"Noticias Radio Reflejos\" \/>\n<meta property=\"article:published_time\" content=\"2024-01-18T11:42:29+00:00\" \/>\n<meta property=\"og:image\" content=\"https:\/\/www.noticiasradioreflejos.com.ar\/2021\/wp-content\/uploads\/2023\/01\/sequia.gif\" \/>\n\t<meta property=\"og:image:width\" content=\"800\" \/>\n\t<meta property=\"og:image:height\" content=\"483\" \/>\n\t<meta property=\"og:image:type\" content=\"image\/gif\" \/>\n<meta name=\"author\" content=\"Arnaldo Botto\" \/>\n<meta name=\"twitter:card\" content=\"summary_large_image\" \/>\n<script type=\"application\/ld+json\" class=\"yoast-schema-graph\">{\"@context\":\"https:\/\/schema.org\",\"@graph\":[{\"@type\":\"WebPage\",\"@id\":\"https:\/\/www.noticiasradioreflejos.com.ar\/2021\/buenos-aires-declaro-la-emergencia-agropecuaria-para-municipios-afectados-por-la-sequia\/\",\"url\":\"https:\/\/www.noticiasradioreflejos.com.ar\/2021\/buenos-aires-declaro-la-emergencia-agropecuaria-para-municipios-afectados-por-la-sequia\/\",\"name\":\"Buenos Aires declar\u00f3 la emergencia agropecuaria para municipios afectados por la sequ\u00eda - Noticias Radio Reflejos\",\"isPartOf\":{\"@id\":\"https:\/\/www.noticiasradioreflejos.com.ar\/2021\/#website\"},\"primaryImageOfPage\":{\"@id\":\"https:\/\/www.noticiasradioreflejos.com.ar\/2021\/buenos-aires-declaro-la-emergencia-agropecuaria-para-municipios-afectados-por-la-sequia\/#primaryimage\"},\"image\":{\"@id\":\"https:\/\/www.noticiasradioreflejos.com.ar\/2021\/buenos-aires-declaro-la-emergencia-agropecuaria-para-municipios-afectados-por-la-sequia\/#primaryimage\"},\"thumbnailUrl\":\"https:\/\/www.noticiasradioreflejos.com.ar\/2021\/wp-content\/uploads\/2023\/01\/sequia.gif\",\"datePublished\":\"2024-01-18T11:42:29+00:00\",\"author\":{\"@id\":\"https:\/\/www.noticiasradioreflejos.com.ar\/2021\/#\/schema\/person\/ad82545263dcc5ec0996818884fd5fb1\"},\"breadcrumb\":{\"@id\":\"https:\/\/www.noticiasradioreflejos.com.ar\/2021\/buenos-aires-declaro-la-emergencia-agropecuaria-para-municipios-afectados-por-la-sequia\/#breadcrumb\"},\"inLanguage\":\"es\",\"potentialAction\":[{\"@type\":\"ReadAction\",\"target\":[\"https:\/\/www.noticiasradioreflejos.com.ar\/2021\/buenos-aires-declaro-la-emergencia-agropecuaria-para-municipios-afectados-por-la-sequia\/\"]}]},{\"@type\":\"ImageObject\",\"inLanguage\":\"es\",\"@id\":\"https:\/\/www.noticiasradioreflejos.com.ar\/2021\/buenos-aires-declaro-la-emergencia-agropecuaria-para-municipios-afectados-por-la-sequia\/#primaryimage\",\"url\":\"https:\/\/www.noticiasradioreflejos.com.ar\/2021\/wp-content\/uploads\/2023\/01\/sequia.gif\",\"contentUrl\":\"https:\/\/www.noticiasradioreflejos.com.ar\/2021\/wp-content\/uploads\/2023\/01\/sequia.gif\",\"width\":800,\"height\":483},{\"@type\":\"BreadcrumbList\",\"@id\":\"https:\/\/www.noticiasradioreflejos.com.ar\/2021\/buenos-aires-declaro-la-emergencia-agropecuaria-para-municipios-afectados-por-la-sequia\/#breadcrumb\",\"itemListElement\":[{\"@type\":\"ListItem\",\"position\":1,\"name\":\"Portada\",\"item\":\"https:\/\/www.noticiasradioreflejos.com.ar\/2021\/\"},{\"@type\":\"ListItem\",\"position\":2,\"name\":\"Buenos Aires declar\u00f3 la emergencia agropecuaria para municipios afectados por la sequ\u00eda\"}]},{\"@type\":\"WebSite\",\"@id\":\"https:\/\/www.noticiasradioreflejos.com.ar\/2021\/#website\",\"url\":\"https:\/\/www.noticiasradioreflejos.com.ar\/2021\/\",\"name\":\"Noticias Radio Reflejos\",\"description\":\"Las noticias de mi comarca\",\"potentialAction\":[{\"@type\":\"SearchAction\",\"target\":{\"@type\":\"EntryPoint\",\"urlTemplate\":\"https:\/\/www.noticiasradioreflejos.com.ar\/2021\/?s={search_term_string}\"},\"query-input\":{\"@type\":\"PropertyValueSpecification\",\"valueRequired\":true,\"valueName\":\"search_term_string\"}}],\"inLanguage\":\"es\"},{\"@type\":\"Person\",\"@id\":\"https:\/\/www.noticiasradioreflejos.com.ar\/2021\/#\/schema\/person\/ad82545263dcc5ec0996818884fd5fb1\",\"name\":\"Arnaldo Botto\",\"image\":{\"@type\":\"ImageObject\",\"inLanguage\":\"es\",\"@id\":\"https:\/\/www.noticiasradioreflejos.com.ar\/2021\/#\/schema\/person\/image\/\",\"url\":\"https:\/\/secure.gravatar.com\/avatar\/55cb5e37c1efa326397366e6974cb338056df65cb50e7d64d1cf314e87504837?s=96&d=mm&r=g\",\"contentUrl\":\"https:\/\/secure.gravatar.com\/avatar\/55cb5e37c1efa326397366e6974cb338056df65cb50e7d64d1cf314e87504837?s=96&d=mm&r=g\",\"caption\":\"Arnaldo Botto\"},\"url\":\"https:\/\/www.noticiasradioreflejos.com.ar\/2021\/author\/arnaldo\/\"}]}<\/script>\n<!-- \/ Yoast SEO plugin. -->","yoast_head_json":{"title":"Buenos Aires declar\u00f3 la emergencia agropecuaria para municipios afectados por la sequ\u00eda - Noticias Radio Reflejos","robots":{"index":"index","follow":"follow","max-snippet":"max-snippet:-1","max-image-preview":"max-image-preview:large","max-video-preview":"max-video-preview:-1"},"canonical":"https:\/\/www.noticiasradioreflejos.com.ar\/2021\/buenos-aires-declaro-la-emergencia-agropecuaria-para-municipios-afectados-por-la-sequia\/","og_locale":"es_ES","og_type":"article","og_title":"Buenos Aires declar\u00f3 la emergencia agropecuaria para municipios afectados por la sequ\u00eda - Noticias Radio Reflejos","og_description":"El gobierno bonaerense declar\u00f3 hoy el estado de emergencia y\/o desastre Agropecuario por sequ\u00eda, para las explotaciones agr\u00edcolas, forestales y frutihort\u00edcolas en los partidos de Navarro, Monte, General Lavalle, Dolores, Tres Arroyos, Luj\u00e1n, Maip\u00fa, Veinticinco de Mayo, Rojas, Guamin\u00ed, Ramallo y General Madariaga, durante el per\u00edodo comprendido entre el 1\u00b0 de noviembre de 2023 y [&hellip;]","og_url":"https:\/\/www.noticiasradioreflejos.com.ar\/2021\/buenos-aires-declaro-la-emergencia-agropecuaria-para-municipios-afectados-por-la-sequia\/","og_site_name":"Noticias Radio Reflejos","article_published_time":"2024-01-18T11:42:29+00:00","og_image":[{"width":800,"height":483,"url":"https:\/\/www.noticiasradioreflejos.com.ar\/2021\/wp-content\/uploads\/2023\/01\/sequia.gif","type":"image\/gif"}],"author":"Arnaldo Botto","twitter_card":"summary_large_image","schema":{"@context":"https:\/\/schema.org","@graph":[{"@type":"WebPage","@id":"https:\/\/www.noticiasradioreflejos.com.ar\/2021\/buenos-aires-declaro-la-emergencia-agropecuaria-para-municipios-afectados-por-la-sequia\/","url":"https:\/\/www.noticiasradioreflejos.com.ar\/2021\/buenos-aires-declaro-la-emergencia-agropecuaria-para-municipios-afectados-por-la-sequia\/","name":"Buenos Aires declar\u00f3 la emergencia agropecuaria para municipios afectados por la sequ\u00eda - Noticias Radio Reflejos","isPartOf":{"@id":"https:\/\/www.noticiasradioreflejos.com.ar\/2021\/#website"},"primaryImageOfPage":{"@id":"https:\/\/www.noticiasradioreflejos.com.ar\/2021\/buenos-aires-declaro-la-emergencia-agropecuaria-para-municipios-afectados-por-la-sequia\/#primaryimage"},"image":{"@id":"https:\/\/www.noticiasradioreflejos.com.ar\/2021\/buenos-aires-declaro-la-emergencia-agropecuaria-para-municipios-afectados-por-la-sequia\/#primaryimage"},"thumbnailUrl":"https:\/\/www.noticiasradioreflejos.com.ar\/2021\/wp-content\/uploads\/2023\/01\/sequia.gif","datePublished":"2024-01-18T11:42:29+00:00","author":{"@id":"https:\/\/www.noticiasradioreflejos.com.ar\/2021\/#\/schema\/person\/ad82545263dcc5ec0996818884fd5fb1"},"breadcrumb":{"@id":"https:\/\/www.noticiasradioreflejos.com.ar\/2021\/buenos-aires-declaro-la-emergencia-agropecuaria-para-municipios-afectados-por-la-sequia\/#breadcrumb"},"inLanguage":"es","potentialAction":[{"@type":"ReadAction","target":["https:\/\/www.noticiasradioreflejos.com.ar\/2021\/buenos-aires-declaro-la-emergencia-agropecuaria-para-municipios-afectados-por-la-sequia\/"]}]},{"@type":"ImageObject","inLanguage":"es","@id":"https:\/\/www.noticiasradioreflejos.com.ar\/2021\/buenos-aires-declaro-la-emergencia-agropecuaria-para-municipios-afectados-por-la-sequia\/#primaryimage","url":"https:\/\/www.noticiasradioreflejos.com.ar\/2021\/wp-content\/uploads\/2023\/01\/sequia.gif","contentUrl":"https:\/\/www.noticiasradioreflejos.com.ar\/2021\/wp-content\/uploads\/2023\/01\/sequia.gif","width":800,"height":483},{"@type":"BreadcrumbList","@id":"https:\/\/www.noticiasradioreflejos.com.ar\/2021\/buenos-aires-declaro-la-emergencia-agropecuaria-para-municipios-afectados-por-la-sequia\/#breadcrumb","itemListElement":[{"@type":"ListItem","position":1,"name":"Portada","item":"https:\/\/www.noticiasradioreflejos.com.ar\/2021\/"},{"@type":"ListItem","position":2,"name":"Buenos Aires declar\u00f3 la emergencia agropecuaria para municipios afectados por la sequ\u00eda"}]},{"@type":"WebSite","@id":"https:\/\/www.noticiasradioreflejos.com.ar\/2021\/#website","url":"https:\/\/www.noticiasradioreflejos.com.ar\/2021\/","name":"Noticias Radio Reflejos","description":"Las noticias de mi comarca","potentialAction":[{"@type":"SearchAction","target":{"@type":"EntryPoint","urlTemplate":"https:\/\/www.noticiasradioreflejos.com.ar\/2021\/?s={search_term_string}"},"query-input":{"@type":"PropertyValueSpecification","valueRequired":true,"valueName":"search_term_string"}}],"inLanguage":"es"},{"@type":"Person","@id":"https:\/\/www.noticiasradioreflejos.com.ar\/2021\/#\/schema\/person\/ad82545263dcc5ec0996818884fd5fb1","name":"Arnaldo Botto","image":{"@type":"ImageObject","inLanguage":"es","@id":"https:\/\/www.noticiasradioreflejos.com.ar\/2021\/#\/schema\/person\/image\/","url":"https:\/\/secure.gravatar.com\/avatar\/55cb5e37c1efa326397366e6974cb338056df65cb50e7d64d1cf314e87504837?s=96&d=mm&r=g","contentUrl":"https:\/\/secure.gravatar.com\/avatar\/55cb5e37c1efa326397366e6974cb338056df65cb50e7d64d1cf314e87504837?s=96&d=mm&r=g","caption":"Arnaldo Botto"},"url":"https:\/\/www.noticiasradioreflejos.com.ar\/2021\/author\/arnaldo\/"}]}},"_links":{"self":[{"href":"https:\/\/www.noticiasradioreflejos.com.ar\/2021\/wp-json\/wp\/v2\/posts\/97848","targetHints":{"allow":["GET"]}}],"collection":[{"href":"https:\/\/www.noticiasradioreflejos.com.ar\/2021\/wp-json\/wp\/v2\/posts"}],"about":[{"href":"https:\/\/www.noticiasradioreflejos.com.ar\/2021\/wp-json\/wp\/v2\/types\/post"}],"author":[{"embeddable":true,"href":"https:\/\/www.noticiasradioreflejos.com.ar\/2021\/wp-json\/wp\/v2\/users\/3"}],"replies":[{"embeddable":true,"href":"https:\/\/www.noticiasradioreflejos.com.ar\/2021\/wp-json\/wp\/v2\/comments?post=97848"}],"version-history":[{"count":1,"href":"https:\/\/www.noticiasradioreflejos.com.ar\/2021\/wp-json\/wp\/v2\/posts\/97848\/revisions"}],"predecessor-version":[{"id":97849,"href":"https:\/\/www.noticiasradioreflejos.com.ar\/2021\/wp-json\/wp\/v2\/posts\/97848\/revisions\/97849"}],"wp:featuredmedia":[{"embeddable":true,"href":"https:\/\/www.noticiasradioreflejos.com.ar\/2021\/wp-json\/wp\/v2\/media\/82858"}],"wp:attachment":[{"href":"https:\/\/www.noticiasradioreflejos.com.ar\/2021\/wp-json\/wp\/v2\/media?parent=97848"}],"wp:term":[{"taxonomy":"category","embeddable":true,"href":"https:\/\/www.noticiasradioreflejos.com.ar\/2021\/wp-json\/wp\/v2\/categories?post=97848"},{"taxonomy":"post_tag","embeddable":true,"href":"https:\/\/www.noticiasradioreflejos.com.ar\/2021\/wp-json\/wp\/v2\/tags?post=97848"}],"curies":[{"name":"wp","href":"https:\/\/api.w.org\/{rel}","templated":true}]}}