{"id":97824,"date":"2024-01-17T16:55:00","date_gmt":"2024-01-17T19:55:00","guid":{"rendered":"https:\/\/www.noticiasradioreflejos.com.ar\/2021\/?p=97824"},"modified":"2024-01-17T16:55:00","modified_gmt":"2024-01-17T19:55:00","slug":"susana-dos-santos-tenemos-la-misma-infraestructura-que-hace-50-anos-y-hay-cuestiones-que-son-urgentes","status":"publish","type":"post","link":"https:\/\/www.noticiasradioreflejos.com.ar\/2021\/susana-dos-santos-tenemos-la-misma-infraestructura-que-hace-50-anos-y-hay-cuestiones-que-son-urgentes\/","title":{"rendered":"Susana Dos Santos: \u201cTenemos la misma infraestructura que hace 50 a\u00f1os y hay cuestiones que son urgentes\u201d"},"content":{"rendered":"<p>La delegada de la comuna se refiri\u00f3, tras los discursos oficiales, a las sensaciones que genera este nuevo aniversario. <strong>\u201cYo quisiera tener todo ma\u00f1ana pero es un proceso\u201d<\/strong> afirm\u00f3.<!--more--><\/p>\n<p><strong>La delegada de Sierra de la Ventana, Susana Dos Santos<\/strong>, se refiri\u00f3 esta ma\u00f1ana a modo de resumen a lo dicho minutos antes en el acto oficial por un nuevo aniversario de la localidad.<\/p>\n<p>Al respecto explic\u00f3 que \u201cla \u00fanica herramienta de \u00e9xito es unir lo p\u00fablico con lo privado. Trabajar juntos. Escuchar todas las voces. Armar proyecto y salir a gestionarlos, estando todos unidos. Todos los d\u00edas recibo gente, y ellos eso lo notan, esa posibilidad de proponer, de comentar\u2026 es muy importante\u201d.<\/p>\n<p>Sobre estas primeras semanas a cargo de la comuna, afirm\u00f3 que \u201csab\u00eda el diagn\u00f3stico de la localidad, entonces hab\u00eda que fijar prioridades; agua, luz, recolecci\u00f3n de residuos y calles. Estamos haciendo material para reacomodar las calles. Tenemos los dos camiones para el riego. Compramos dos bombas para recuperar la capacidad que necesita Sierra. Yo quisiera tener todo ma\u00f1ana, pero es un proceso. Lo que s\u00ed no le damos pausa\u201d.<\/p>\n<p>Agregando que \u201cprimero es esto, que es urgente, y despu\u00e9s con proyectos a mediano y largo plazo que ya presentamos\u201d.<\/p>\n<p>Consultada sobre los proyectos nacionales, asegur\u00f3 que \u201ctodav\u00eda no hay novedades. Hay que esperar a febrero por el tema ministerios. S\u00ed se puede avanzar con otras cuestiones, que hay que ir y plantarse para que tengamos prioridad, como es el caso de los cruces de ferrocarril\u201d.<\/p>\n<p>Cerrando con que \u201cSierra sigue creciendo y tenemos la misma infraestructura que hace 50 a\u00f1os. Hay cuestiones que son urgentes\u201d.<\/p>\n<p><iframe loading=\"lazy\" src=\"https:\/\/w.soundcloud.com\/player\/?url=https%3A\/\/api.soundcloud.com\/tracks\/1719961893&amp;color=%23ff5500&amp;auto_play=false&amp;hide_related=false&amp;show_comments=true&amp;show_user=true&amp;show_reposts=false&amp;show_teaser=true\" width=\"100%\" height=\"166\" frameborder=\"no\" scrolling=\"no\"><\/iframe><\/p>\n<div style=\"font-size: 10px; color: #cccccc; line-break: anywhere; word-break: normal; overflow: hidden; white-space: nowrap; text-overflow: ellipsis; font-family: Interstate,Lucida Grande,Lucida Sans Unicode,Lucida Sans,Garuda,Verdana,Tahoma,sans-serif; font-weight: 100;\"><a style=\"color: #cccccc; text-decoration: none;\" title=\"fmreflejos 103.7\" href=\"https:\/\/soundcloud.com\/fmreflejos-103-7\" target=\"_blank\" rel=\"noopener\">fmreflejos 103.7<\/a> \u00b7 <a style=\"color: #cccccc; text-decoration: none;\" title=\"Susana Dos Santos 116 Aniversario Sierra\" href=\"https:\/\/soundcloud.com\/fmreflejos-103-7\/susana-dos-santos-116-aniversario-sierra\" target=\"_blank\" rel=\"noopener\">Susana Dos Santos 116 Aniversario Sierra<\/a><\/div>\n<p>&nbsp;<\/p>\n","protected":false},"excerpt":{"rendered":"<p>La delegada de la comuna se refiri\u00f3, tras los discursos oficiales, a las sensaciones que genera este nuevo aniversario. \u201cYo quisiera tener todo ma\u00f1ana pero es un proceso\u201d afirm\u00f3.<\/p>\n","protected":false},"author":3,"featured_media":0,"comment_status":"closed","ping_status":"closed","sticky":false,"template":"","format":"standard","meta":{"footnotes":""},"categories":[28,26,33],"tags":[48],"class_list":["post-97824","post","type-post","status-publish","format-standard","hentry","category-municipales","category-sociedad","category-turismo","tag-destacada"],"yoast_head":"<!-- This site is optimized with the Yoast SEO plugin v25.9 - https:\/\/yoast.com\/wordpress\/plugins\/seo\/ -->\n<title>Susana Dos Santos: \u201cTenemos la misma infraestructura que hace 50 a\u00f1os y hay cuestiones que son urgentes\u201d - Noticias Radio Reflejos<\/title>\n<meta name=\"robots\" content=\"index, follow, max-snippet:-1, max-image-preview:large, max-video-preview:-1\" \/>\n<link rel=\"canonical\" href=\"https:\/\/www.noticiasradioreflejos.com.ar\/2021\/susana-dos-santos-tenemos-la-misma-infraestructura-que-hace-50-anos-y-hay-cuestiones-que-son-urgentes\/\" \/>\n<meta property=\"og:locale\" content=\"es_ES\" \/>\n<meta property=\"og:type\" content=\"article\" \/>\n<meta property=\"og:title\" content=\"Susana Dos Santos: \u201cTenemos la misma infraestructura que hace 50 a\u00f1os y hay cuestiones que son urgentes\u201d - Noticias Radio Reflejos\" \/>\n<meta property=\"og:description\" content=\"La delegada de la comuna se refiri\u00f3, tras los discursos oficiales, a las sensaciones que genera este nuevo aniversario. \u201cYo quisiera tener todo ma\u00f1ana pero es un proceso\u201d afirm\u00f3.\" \/>\n<meta property=\"og:url\" content=\"https:\/\/www.noticiasradioreflejos.com.ar\/2021\/susana-dos-santos-tenemos-la-misma-infraestructura-que-hace-50-anos-y-hay-cuestiones-que-son-urgentes\/\" \/>\n<meta property=\"og:site_name\" content=\"Noticias Radio Reflejos\" \/>\n<meta property=\"article:published_time\" content=\"2024-01-17T19:55:00+00:00\" \/>\n<meta property=\"og:image\" content=\"https:\/\/www.noticiasradioreflejos.com.ar\/2021\/wp-content\/uploads\/2021\/07\/logosol300x200.png\" \/>\n\t<meta property=\"og:image:width\" content=\"300\" \/>\n\t<meta property=\"og:image:height\" content=\"200\" \/>\n\t<meta property=\"og:image:type\" content=\"image\/png\" \/>\n<meta name=\"author\" content=\"Arnaldo Botto\" \/>\n<meta name=\"twitter:card\" content=\"summary_large_image\" \/>\n<script type=\"application\/ld+json\" class=\"yoast-schema-graph\">{\"@context\":\"https:\/\/schema.org\",\"@graph\":[{\"@type\":\"WebPage\",\"@id\":\"https:\/\/www.noticiasradioreflejos.com.ar\/2021\/susana-dos-santos-tenemos-la-misma-infraestructura-que-hace-50-anos-y-hay-cuestiones-que-son-urgentes\/\",\"url\":\"https:\/\/www.noticiasradioreflejos.com.ar\/2021\/susana-dos-santos-tenemos-la-misma-infraestructura-que-hace-50-anos-y-hay-cuestiones-que-son-urgentes\/\",\"name\":\"Susana Dos Santos: \u201cTenemos la misma infraestructura que hace 50 a\u00f1os y hay cuestiones que son urgentes\u201d - Noticias Radio Reflejos\",\"isPartOf\":{\"@id\":\"https:\/\/www.noticiasradioreflejos.com.ar\/2021\/#website\"},\"datePublished\":\"2024-01-17T19:55:00+00:00\",\"author\":{\"@id\":\"https:\/\/www.noticiasradioreflejos.com.ar\/2021\/#\/schema\/person\/ad82545263dcc5ec0996818884fd5fb1\"},\"breadcrumb\":{\"@id\":\"https:\/\/www.noticiasradioreflejos.com.ar\/2021\/susana-dos-santos-tenemos-la-misma-infraestructura-que-hace-50-anos-y-hay-cuestiones-que-son-urgentes\/#breadcrumb\"},\"inLanguage\":\"es\",\"potentialAction\":[{\"@type\":\"ReadAction\",\"target\":[\"https:\/\/www.noticiasradioreflejos.com.ar\/2021\/susana-dos-santos-tenemos-la-misma-infraestructura-que-hace-50-anos-y-hay-cuestiones-que-son-urgentes\/\"]}]},{\"@type\":\"BreadcrumbList\",\"@id\":\"https:\/\/www.noticiasradioreflejos.com.ar\/2021\/susana-dos-santos-tenemos-la-misma-infraestructura-que-hace-50-anos-y-hay-cuestiones-que-son-urgentes\/#breadcrumb\",\"itemListElement\":[{\"@type\":\"ListItem\",\"position\":1,\"name\":\"Portada\",\"item\":\"https:\/\/www.noticiasradioreflejos.com.ar\/2021\/\"},{\"@type\":\"ListItem\",\"position\":2,\"name\":\"Susana Dos Santos: \u201cTenemos la misma infraestructura que hace 50 a\u00f1os y hay cuestiones que son urgentes\u201d\"}]},{\"@type\":\"WebSite\",\"@id\":\"https:\/\/www.noticiasradioreflejos.com.ar\/2021\/#website\",\"url\":\"https:\/\/www.noticiasradioreflejos.com.ar\/2021\/\",\"name\":\"Noticias Radio Reflejos\",\"description\":\"Las noticias de mi comarca\",\"potentialAction\":[{\"@type\":\"SearchAction\",\"target\":{\"@type\":\"EntryPoint\",\"urlTemplate\":\"https:\/\/www.noticiasradioreflejos.com.ar\/2021\/?s={search_term_string}\"},\"query-input\":{\"@type\":\"PropertyValueSpecification\",\"valueRequired\":true,\"valueName\":\"search_term_string\"}}],\"inLanguage\":\"es\"},{\"@type\":\"Person\",\"@id\":\"https:\/\/www.noticiasradioreflejos.com.ar\/2021\/#\/schema\/person\/ad82545263dcc5ec0996818884fd5fb1\",\"name\":\"Arnaldo Botto\",\"image\":{\"@type\":\"ImageObject\",\"inLanguage\":\"es\",\"@id\":\"https:\/\/www.noticiasradioreflejos.com.ar\/2021\/#\/schema\/person\/image\/\",\"url\":\"https:\/\/secure.gravatar.com\/avatar\/55cb5e37c1efa326397366e6974cb338056df65cb50e7d64d1cf314e87504837?s=96&d=mm&r=g\",\"contentUrl\":\"https:\/\/secure.gravatar.com\/avatar\/55cb5e37c1efa326397366e6974cb338056df65cb50e7d64d1cf314e87504837?s=96&d=mm&r=g\",\"caption\":\"Arnaldo Botto\"},\"url\":\"https:\/\/www.noticiasradioreflejos.com.ar\/2021\/author\/arnaldo\/\"}]}<\/script>\n<!-- \/ Yoast SEO plugin. -->","yoast_head_json":{"title":"Susana Dos Santos: \u201cTenemos la misma infraestructura que hace 50 a\u00f1os y hay cuestiones que son urgentes\u201d - Noticias Radio Reflejos","robots":{"index":"index","follow":"follow","max-snippet":"max-snippet:-1","max-image-preview":"max-image-preview:large","max-video-preview":"max-video-preview:-1"},"canonical":"https:\/\/www.noticiasradioreflejos.com.ar\/2021\/susana-dos-santos-tenemos-la-misma-infraestructura-que-hace-50-anos-y-hay-cuestiones-que-son-urgentes\/","og_locale":"es_ES","og_type":"article","og_title":"Susana Dos Santos: \u201cTenemos la misma infraestructura que hace 50 a\u00f1os y hay cuestiones que son urgentes\u201d - Noticias Radio Reflejos","og_description":"La delegada de la comuna se refiri\u00f3, tras los discursos oficiales, a las sensaciones que genera este nuevo aniversario. \u201cYo quisiera tener todo ma\u00f1ana pero es un proceso\u201d afirm\u00f3.","og_url":"https:\/\/www.noticiasradioreflejos.com.ar\/2021\/susana-dos-santos-tenemos-la-misma-infraestructura-que-hace-50-anos-y-hay-cuestiones-que-son-urgentes\/","og_site_name":"Noticias Radio Reflejos","article_published_time":"2024-01-17T19:55:00+00:00","og_image":[{"width":300,"height":200,"url":"https:\/\/www.noticiasradioreflejos.com.ar\/2021\/wp-content\/uploads\/2021\/07\/logosol300x200.png","type":"image\/png"}],"author":"Arnaldo Botto","twitter_card":"summary_large_image","schema":{"@context":"https:\/\/schema.org","@graph":[{"@type":"WebPage","@id":"https:\/\/www.noticiasradioreflejos.com.ar\/2021\/susana-dos-santos-tenemos-la-misma-infraestructura-que-hace-50-anos-y-hay-cuestiones-que-son-urgentes\/","url":"https:\/\/www.noticiasradioreflejos.com.ar\/2021\/susana-dos-santos-tenemos-la-misma-infraestructura-que-hace-50-anos-y-hay-cuestiones-que-son-urgentes\/","name":"Susana Dos Santos: \u201cTenemos la misma infraestructura que hace 50 a\u00f1os y hay cuestiones que son urgentes\u201d - Noticias Radio Reflejos","isPartOf":{"@id":"https:\/\/www.noticiasradioreflejos.com.ar\/2021\/#website"},"datePublished":"2024-01-17T19:55:00+00:00","author":{"@id":"https:\/\/www.noticiasradioreflejos.com.ar\/2021\/#\/schema\/person\/ad82545263dcc5ec0996818884fd5fb1"},"breadcrumb":{"@id":"https:\/\/www.noticiasradioreflejos.com.ar\/2021\/susana-dos-santos-tenemos-la-misma-infraestructura-que-hace-50-anos-y-hay-cuestiones-que-son-urgentes\/#breadcrumb"},"inLanguage":"es","potentialAction":[{"@type":"ReadAction","target":["https:\/\/www.noticiasradioreflejos.com.ar\/2021\/susana-dos-santos-tenemos-la-misma-infraestructura-que-hace-50-anos-y-hay-cuestiones-que-son-urgentes\/"]}]},{"@type":"BreadcrumbList","@id":"https:\/\/www.noticiasradioreflejos.com.ar\/2021\/susana-dos-santos-tenemos-la-misma-infraestructura-que-hace-50-anos-y-hay-cuestiones-que-son-urgentes\/#breadcrumb","itemListElement":[{"@type":"ListItem","position":1,"name":"Portada","item":"https:\/\/www.noticiasradioreflejos.com.ar\/2021\/"},{"@type":"ListItem","position":2,"name":"Susana Dos Santos: \u201cTenemos la misma infraestructura que hace 50 a\u00f1os y hay cuestiones que son urgentes\u201d"}]},{"@type":"WebSite","@id":"https:\/\/www.noticiasradioreflejos.com.ar\/2021\/#website","url":"https:\/\/www.noticiasradioreflejos.com.ar\/2021\/","name":"Noticias Radio Reflejos","description":"Las noticias de mi comarca","potentialAction":[{"@type":"SearchAction","target":{"@type":"EntryPoint","urlTemplate":"https:\/\/www.noticiasradioreflejos.com.ar\/2021\/?s={search_term_string}"},"query-input":{"@type":"PropertyValueSpecification","valueRequired":true,"valueName":"search_term_string"}}],"inLanguage":"es"},{"@type":"Person","@id":"https:\/\/www.noticiasradioreflejos.com.ar\/2021\/#\/schema\/person\/ad82545263dcc5ec0996818884fd5fb1","name":"Arnaldo Botto","image":{"@type":"ImageObject","inLanguage":"es","@id":"https:\/\/www.noticiasradioreflejos.com.ar\/2021\/#\/schema\/person\/image\/","url":"https:\/\/secure.gravatar.com\/avatar\/55cb5e37c1efa326397366e6974cb338056df65cb50e7d64d1cf314e87504837?s=96&d=mm&r=g","contentUrl":"https:\/\/secure.gravatar.com\/avatar\/55cb5e37c1efa326397366e6974cb338056df65cb50e7d64d1cf314e87504837?s=96&d=mm&r=g","caption":"Arnaldo Botto"},"url":"https:\/\/www.noticiasradioreflejos.com.ar\/2021\/author\/arnaldo\/"}]}},"_links":{"self":[{"href":"https:\/\/www.noticiasradioreflejos.com.ar\/2021\/wp-json\/wp\/v2\/posts\/97824","targetHints":{"allow":["GET"]}}],"collection":[{"href":"https:\/\/www.noticiasradioreflejos.com.ar\/2021\/wp-json\/wp\/v2\/posts"}],"about":[{"href":"https:\/\/www.noticiasradioreflejos.com.ar\/2021\/wp-json\/wp\/v2\/types\/post"}],"author":[{"embeddable":true,"href":"https:\/\/www.noticiasradioreflejos.com.ar\/2021\/wp-json\/wp\/v2\/users\/3"}],"replies":[{"embeddable":true,"href":"https:\/\/www.noticiasradioreflejos.com.ar\/2021\/wp-json\/wp\/v2\/comments?post=97824"}],"version-history":[{"count":2,"href":"https:\/\/www.noticiasradioreflejos.com.ar\/2021\/wp-json\/wp\/v2\/posts\/97824\/revisions"}],"predecessor-version":[{"id":97843,"href":"https:\/\/www.noticiasradioreflejos.com.ar\/2021\/wp-json\/wp\/v2\/posts\/97824\/revisions\/97843"}],"wp:attachment":[{"href":"https:\/\/www.noticiasradioreflejos.com.ar\/2021\/wp-json\/wp\/v2\/media?parent=97824"}],"wp:term":[{"taxonomy":"category","embeddable":true,"href":"https:\/\/www.noticiasradioreflejos.com.ar\/2021\/wp-json\/wp\/v2\/categories?post=97824"},{"taxonomy":"post_tag","embeddable":true,"href":"https:\/\/www.noticiasradioreflejos.com.ar\/2021\/wp-json\/wp\/v2\/tags?post=97824"}],"curies":[{"name":"wp","href":"https:\/\/api.w.org\/{rel}","templated":true}]}}