{"id":97812,"date":"2024-01-17T13:51:32","date_gmt":"2024-01-17T16:51:32","guid":{"rendered":"https:\/\/www.noticiasradioreflejos.com.ar\/2021\/?p=97812"},"modified":"2024-01-18T14:29:27","modified_gmt":"2024-01-18T17:29:27","slug":"sigamos-trabajando-todos-unidos-para-que-sierra-de-la-ventana-siga-creciendo","status":"publish","type":"post","link":"https:\/\/www.noticiasradioreflejos.com.ar\/2021\/sigamos-trabajando-todos-unidos-para-que-sierra-de-la-ventana-siga-creciendo\/","title":{"rendered":"\u201cSigamos trabajando todos unidos para que Sierra de la Ventana siga creciendo\u201d"},"content":{"rendered":"<p>Frente al m\u00e1stil de Av. Malvinas, este mi\u00e9rcoles por la ma\u00f1ana tuvo lugar el acto protocolar por el 116\u00ba de la fundaci\u00f3n de Sierra de la Ventana, concretada el 17 de enero de 1908.<!--more--><\/p>\n<p>Encabezado por la intendenta interina Estefan\u00eda Bordoni, en la jornada estuvieron presentes la delegada municipal, Susana Dos Santos, integrantes del Departamento Ejecutivo comunal, representantes de instituciones y vecinos.<\/p>\n<p>\u201cEn este momento que est\u00e1 atravesando la Argentina, con desaf\u00edos y cambios, es fundamental que nos encuentre a todos unidos, mostrando nuestra capacidad de resiliencia ante las adversidades. Les pido que trabajemos todos unidos, con la base de la solidaridad y del apoyo mutuo para lograr que Sierra siga creciendo\u201d, sostuvo Estefania Bordoni durante el acto, que cont\u00f3 el izamiento del pabell\u00f3n nacional y una bendici\u00f3n.<\/p>\n<p><a title=\"NIK_8111\" href=\"https:\/\/www.flickr.com\/photos\/182279889@N02\/53470352079\/in\/dateposted-public\/\" data-flickr-embed=\"true\"><img loading=\"lazy\" decoding=\"async\" class=\"aligncenter\" src=\"https:\/\/live.staticflickr.com\/65535\/53470352079_397dd23bef.jpg\" alt=\"NIK_8111\" width=\"888\" height=\"666\" \/><\/a><\/p>\n<p>\u201cTenemos hoy un enorme desaf\u00edo por delante -dijo a su turno Dos Santos-, en el que la iniciativa y el deseo de prosperidad que fueron el motor de nuestros inicios, nos inspiren para el desarrollo y posicionamiento de Sierra de la Ventana, cabecera del corredor tur\u00edstico\u201d.<\/p>\n<p>&nbsp;<\/p>\n<p><a title=\"NIK_8108\" href=\"https:\/\/www.flickr.com\/photos\/182279889@N02\/53470033271\/in\/dateposted-public\/\" data-flickr-embed=\"true\"><img loading=\"lazy\" decoding=\"async\" class=\"aligncenter\" src=\"https:\/\/live.staticflickr.com\/65535\/53470033271_5f8986f23d.jpg\" alt=\"NIK_8108\" width=\"840\" height=\"630\" \/><\/a><script async src=\"\/\/embedr.flickr.com\/assets\/client-code.js\" charset=\"utf-8\"><\/script><\/p>\n<p>\u201cSeguir fortaleciendo una alianza entre los sectores publico y privado es nuestro mayor deseo, porque as\u00ed se construye progreso. Unidos, con todas las voces, todas las ideas. en la pluralidad y en la diversidad. Sigamos haciendo de nuestra querida localidad una tierra de oportunidades para todos\u201d, a\u00f1adi\u00f3 la delegada.<\/p>\n<p>Las actividades por el aniversario de Sierra continuar\u00e1n hasta el viernes de acuerdo al siguiente cronograma:<\/p>\n<p>Mi\u00e9rcoles: 18.30 a 20.30 hs: el Paseo Hist\u00f3rico Patrimonial en el Museo de la Estaci\u00f3n y Museo de la Trochita;<\/p>\n<p>Jueves, 21 hs: Proyecci\u00f3n de la pel\u00edcula \u201cAmigas en un camino de campo\u201d en el Centro Cultural (CC);<\/p>\n<p>Viernes, 21 hs: shows en vivo en el Centro Cultural con la presentaci\u00f3n de Ruido Gaucho y los talleres folcl\u00f3ricos municipales.<\/p>\n","protected":false},"excerpt":{"rendered":"<p>Frente al m\u00e1stil de Av. Malvinas, este mi\u00e9rcoles por la ma\u00f1ana tuvo lugar el acto protocolar por el 116\u00ba de la fundaci\u00f3n de Sierra de la Ventana, concretada el 17 de enero de 1908.<\/p>\n","protected":false},"author":3,"featured_media":97813,"comment_status":"closed","ping_status":"closed","sticky":false,"template":"","format":"standard","meta":{"footnotes":""},"categories":[28],"tags":[],"class_list":["post-97812","post","type-post","status-publish","format-standard","has-post-thumbnail","hentry","category-municipales"],"yoast_head":"<!-- This site is optimized with the Yoast SEO plugin v25.9 - https:\/\/yoast.com\/wordpress\/plugins\/seo\/ -->\n<title>\u201cSigamos trabajando todos unidos para que Sierra de la Ventana siga creciendo\u201d - Noticias Radio Reflejos<\/title>\n<meta name=\"robots\" content=\"index, follow, max-snippet:-1, max-image-preview:large, max-video-preview:-1\" \/>\n<link rel=\"canonical\" href=\"https:\/\/www.noticiasradioreflejos.com.ar\/2021\/sigamos-trabajando-todos-unidos-para-que-sierra-de-la-ventana-siga-creciendo\/\" \/>\n<meta property=\"og:locale\" content=\"es_ES\" \/>\n<meta property=\"og:type\" content=\"article\" \/>\n<meta property=\"og:title\" content=\"\u201cSigamos trabajando todos unidos para que Sierra de la Ventana siga creciendo\u201d - Noticias Radio Reflejos\" \/>\n<meta property=\"og:description\" content=\"Frente al m\u00e1stil de Av. Malvinas, este mi\u00e9rcoles por la ma\u00f1ana tuvo lugar el acto protocolar por el 116\u00ba de la fundaci\u00f3n de Sierra de la Ventana, concretada el 17 de enero de 1908.\" \/>\n<meta property=\"og:url\" content=\"https:\/\/www.noticiasradioreflejos.com.ar\/2021\/sigamos-trabajando-todos-unidos-para-que-sierra-de-la-ventana-siga-creciendo\/\" \/>\n<meta property=\"og:site_name\" content=\"Noticias Radio Reflejos\" \/>\n<meta property=\"article:published_time\" content=\"2024-01-17T16:51:32+00:00\" \/>\n<meta property=\"article:modified_time\" content=\"2024-01-18T17:29:27+00:00\" \/>\n<meta property=\"og:image\" content=\"https:\/\/www.noticiasradioreflejos.com.ar\/2021\/wp-content\/uploads\/2024\/01\/NIK_8069.jpg\" \/>\n\t<meta property=\"og:image:width\" content=\"1172\" \/>\n\t<meta property=\"og:image:height\" content=\"879\" \/>\n\t<meta property=\"og:image:type\" content=\"image\/jpeg\" \/>\n<meta name=\"author\" content=\"Arnaldo Botto\" \/>\n<meta name=\"twitter:card\" content=\"summary_large_image\" \/>\n<script type=\"application\/ld+json\" class=\"yoast-schema-graph\">{\"@context\":\"https:\/\/schema.org\",\"@graph\":[{\"@type\":\"WebPage\",\"@id\":\"https:\/\/www.noticiasradioreflejos.com.ar\/2021\/sigamos-trabajando-todos-unidos-para-que-sierra-de-la-ventana-siga-creciendo\/\",\"url\":\"https:\/\/www.noticiasradioreflejos.com.ar\/2021\/sigamos-trabajando-todos-unidos-para-que-sierra-de-la-ventana-siga-creciendo\/\",\"name\":\"\u201cSigamos trabajando todos unidos para que Sierra de la Ventana siga creciendo\u201d - Noticias Radio Reflejos\",\"isPartOf\":{\"@id\":\"https:\/\/www.noticiasradioreflejos.com.ar\/2021\/#website\"},\"primaryImageOfPage\":{\"@id\":\"https:\/\/www.noticiasradioreflejos.com.ar\/2021\/sigamos-trabajando-todos-unidos-para-que-sierra-de-la-ventana-siga-creciendo\/#primaryimage\"},\"image\":{\"@id\":\"https:\/\/www.noticiasradioreflejos.com.ar\/2021\/sigamos-trabajando-todos-unidos-para-que-sierra-de-la-ventana-siga-creciendo\/#primaryimage\"},\"thumbnailUrl\":\"https:\/\/www.noticiasradioreflejos.com.ar\/2021\/wp-content\/uploads\/2024\/01\/NIK_8069.jpg\",\"datePublished\":\"2024-01-17T16:51:32+00:00\",\"dateModified\":\"2024-01-18T17:29:27+00:00\",\"author\":{\"@id\":\"https:\/\/www.noticiasradioreflejos.com.ar\/2021\/#\/schema\/person\/ad82545263dcc5ec0996818884fd5fb1\"},\"breadcrumb\":{\"@id\":\"https:\/\/www.noticiasradioreflejos.com.ar\/2021\/sigamos-trabajando-todos-unidos-para-que-sierra-de-la-ventana-siga-creciendo\/#breadcrumb\"},\"inLanguage\":\"es\",\"potentialAction\":[{\"@type\":\"ReadAction\",\"target\":[\"https:\/\/www.noticiasradioreflejos.com.ar\/2021\/sigamos-trabajando-todos-unidos-para-que-sierra-de-la-ventana-siga-creciendo\/\"]}]},{\"@type\":\"ImageObject\",\"inLanguage\":\"es\",\"@id\":\"https:\/\/www.noticiasradioreflejos.com.ar\/2021\/sigamos-trabajando-todos-unidos-para-que-sierra-de-la-ventana-siga-creciendo\/#primaryimage\",\"url\":\"https:\/\/www.noticiasradioreflejos.com.ar\/2021\/wp-content\/uploads\/2024\/01\/NIK_8069.jpg\",\"contentUrl\":\"https:\/\/www.noticiasradioreflejos.com.ar\/2021\/wp-content\/uploads\/2024\/01\/NIK_8069.jpg\",\"width\":1172,\"height\":879},{\"@type\":\"BreadcrumbList\",\"@id\":\"https:\/\/www.noticiasradioreflejos.com.ar\/2021\/sigamos-trabajando-todos-unidos-para-que-sierra-de-la-ventana-siga-creciendo\/#breadcrumb\",\"itemListElement\":[{\"@type\":\"ListItem\",\"position\":1,\"name\":\"Portada\",\"item\":\"https:\/\/www.noticiasradioreflejos.com.ar\/2021\/\"},{\"@type\":\"ListItem\",\"position\":2,\"name\":\"\u201cSigamos trabajando todos unidos para que Sierra de la Ventana siga creciendo\u201d\"}]},{\"@type\":\"WebSite\",\"@id\":\"https:\/\/www.noticiasradioreflejos.com.ar\/2021\/#website\",\"url\":\"https:\/\/www.noticiasradioreflejos.com.ar\/2021\/\",\"name\":\"Noticias Radio Reflejos\",\"description\":\"Las noticias de mi comarca\",\"potentialAction\":[{\"@type\":\"SearchAction\",\"target\":{\"@type\":\"EntryPoint\",\"urlTemplate\":\"https:\/\/www.noticiasradioreflejos.com.ar\/2021\/?s={search_term_string}\"},\"query-input\":{\"@type\":\"PropertyValueSpecification\",\"valueRequired\":true,\"valueName\":\"search_term_string\"}}],\"inLanguage\":\"es\"},{\"@type\":\"Person\",\"@id\":\"https:\/\/www.noticiasradioreflejos.com.ar\/2021\/#\/schema\/person\/ad82545263dcc5ec0996818884fd5fb1\",\"name\":\"Arnaldo Botto\",\"image\":{\"@type\":\"ImageObject\",\"inLanguage\":\"es\",\"@id\":\"https:\/\/www.noticiasradioreflejos.com.ar\/2021\/#\/schema\/person\/image\/\",\"url\":\"https:\/\/secure.gravatar.com\/avatar\/55cb5e37c1efa326397366e6974cb338056df65cb50e7d64d1cf314e87504837?s=96&d=mm&r=g\",\"contentUrl\":\"https:\/\/secure.gravatar.com\/avatar\/55cb5e37c1efa326397366e6974cb338056df65cb50e7d64d1cf314e87504837?s=96&d=mm&r=g\",\"caption\":\"Arnaldo Botto\"},\"url\":\"https:\/\/www.noticiasradioreflejos.com.ar\/2021\/author\/arnaldo\/\"}]}<\/script>\n<!-- \/ Yoast SEO plugin. -->","yoast_head_json":{"title":"\u201cSigamos trabajando todos unidos para que Sierra de la Ventana siga creciendo\u201d - Noticias Radio Reflejos","robots":{"index":"index","follow":"follow","max-snippet":"max-snippet:-1","max-image-preview":"max-image-preview:large","max-video-preview":"max-video-preview:-1"},"canonical":"https:\/\/www.noticiasradioreflejos.com.ar\/2021\/sigamos-trabajando-todos-unidos-para-que-sierra-de-la-ventana-siga-creciendo\/","og_locale":"es_ES","og_type":"article","og_title":"\u201cSigamos trabajando todos unidos para que Sierra de la Ventana siga creciendo\u201d - Noticias Radio Reflejos","og_description":"Frente al m\u00e1stil de Av. Malvinas, este mi\u00e9rcoles por la ma\u00f1ana tuvo lugar el acto protocolar por el 116\u00ba de la fundaci\u00f3n de Sierra de la Ventana, concretada el 17 de enero de 1908.","og_url":"https:\/\/www.noticiasradioreflejos.com.ar\/2021\/sigamos-trabajando-todos-unidos-para-que-sierra-de-la-ventana-siga-creciendo\/","og_site_name":"Noticias Radio Reflejos","article_published_time":"2024-01-17T16:51:32+00:00","article_modified_time":"2024-01-18T17:29:27+00:00","og_image":[{"width":1172,"height":879,"url":"https:\/\/www.noticiasradioreflejos.com.ar\/2021\/wp-content\/uploads\/2024\/01\/NIK_8069.jpg","type":"image\/jpeg"}],"author":"Arnaldo Botto","twitter_card":"summary_large_image","schema":{"@context":"https:\/\/schema.org","@graph":[{"@type":"WebPage","@id":"https:\/\/www.noticiasradioreflejos.com.ar\/2021\/sigamos-trabajando-todos-unidos-para-que-sierra-de-la-ventana-siga-creciendo\/","url":"https:\/\/www.noticiasradioreflejos.com.ar\/2021\/sigamos-trabajando-todos-unidos-para-que-sierra-de-la-ventana-siga-creciendo\/","name":"\u201cSigamos trabajando todos unidos para que Sierra de la Ventana siga creciendo\u201d - Noticias Radio Reflejos","isPartOf":{"@id":"https:\/\/www.noticiasradioreflejos.com.ar\/2021\/#website"},"primaryImageOfPage":{"@id":"https:\/\/www.noticiasradioreflejos.com.ar\/2021\/sigamos-trabajando-todos-unidos-para-que-sierra-de-la-ventana-siga-creciendo\/#primaryimage"},"image":{"@id":"https:\/\/www.noticiasradioreflejos.com.ar\/2021\/sigamos-trabajando-todos-unidos-para-que-sierra-de-la-ventana-siga-creciendo\/#primaryimage"},"thumbnailUrl":"https:\/\/www.noticiasradioreflejos.com.ar\/2021\/wp-content\/uploads\/2024\/01\/NIK_8069.jpg","datePublished":"2024-01-17T16:51:32+00:00","dateModified":"2024-01-18T17:29:27+00:00","author":{"@id":"https:\/\/www.noticiasradioreflejos.com.ar\/2021\/#\/schema\/person\/ad82545263dcc5ec0996818884fd5fb1"},"breadcrumb":{"@id":"https:\/\/www.noticiasradioreflejos.com.ar\/2021\/sigamos-trabajando-todos-unidos-para-que-sierra-de-la-ventana-siga-creciendo\/#breadcrumb"},"inLanguage":"es","potentialAction":[{"@type":"ReadAction","target":["https:\/\/www.noticiasradioreflejos.com.ar\/2021\/sigamos-trabajando-todos-unidos-para-que-sierra-de-la-ventana-siga-creciendo\/"]}]},{"@type":"ImageObject","inLanguage":"es","@id":"https:\/\/www.noticiasradioreflejos.com.ar\/2021\/sigamos-trabajando-todos-unidos-para-que-sierra-de-la-ventana-siga-creciendo\/#primaryimage","url":"https:\/\/www.noticiasradioreflejos.com.ar\/2021\/wp-content\/uploads\/2024\/01\/NIK_8069.jpg","contentUrl":"https:\/\/www.noticiasradioreflejos.com.ar\/2021\/wp-content\/uploads\/2024\/01\/NIK_8069.jpg","width":1172,"height":879},{"@type":"BreadcrumbList","@id":"https:\/\/www.noticiasradioreflejos.com.ar\/2021\/sigamos-trabajando-todos-unidos-para-que-sierra-de-la-ventana-siga-creciendo\/#breadcrumb","itemListElement":[{"@type":"ListItem","position":1,"name":"Portada","item":"https:\/\/www.noticiasradioreflejos.com.ar\/2021\/"},{"@type":"ListItem","position":2,"name":"\u201cSigamos trabajando todos unidos para que Sierra de la Ventana siga creciendo\u201d"}]},{"@type":"WebSite","@id":"https:\/\/www.noticiasradioreflejos.com.ar\/2021\/#website","url":"https:\/\/www.noticiasradioreflejos.com.ar\/2021\/","name":"Noticias Radio Reflejos","description":"Las noticias de mi comarca","potentialAction":[{"@type":"SearchAction","target":{"@type":"EntryPoint","urlTemplate":"https:\/\/www.noticiasradioreflejos.com.ar\/2021\/?s={search_term_string}"},"query-input":{"@type":"PropertyValueSpecification","valueRequired":true,"valueName":"search_term_string"}}],"inLanguage":"es"},{"@type":"Person","@id":"https:\/\/www.noticiasradioreflejos.com.ar\/2021\/#\/schema\/person\/ad82545263dcc5ec0996818884fd5fb1","name":"Arnaldo Botto","image":{"@type":"ImageObject","inLanguage":"es","@id":"https:\/\/www.noticiasradioreflejos.com.ar\/2021\/#\/schema\/person\/image\/","url":"https:\/\/secure.gravatar.com\/avatar\/55cb5e37c1efa326397366e6974cb338056df65cb50e7d64d1cf314e87504837?s=96&d=mm&r=g","contentUrl":"https:\/\/secure.gravatar.com\/avatar\/55cb5e37c1efa326397366e6974cb338056df65cb50e7d64d1cf314e87504837?s=96&d=mm&r=g","caption":"Arnaldo Botto"},"url":"https:\/\/www.noticiasradioreflejos.com.ar\/2021\/author\/arnaldo\/"}]}},"_links":{"self":[{"href":"https:\/\/www.noticiasradioreflejos.com.ar\/2021\/wp-json\/wp\/v2\/posts\/97812","targetHints":{"allow":["GET"]}}],"collection":[{"href":"https:\/\/www.noticiasradioreflejos.com.ar\/2021\/wp-json\/wp\/v2\/posts"}],"about":[{"href":"https:\/\/www.noticiasradioreflejos.com.ar\/2021\/wp-json\/wp\/v2\/types\/post"}],"author":[{"embeddable":true,"href":"https:\/\/www.noticiasradioreflejos.com.ar\/2021\/wp-json\/wp\/v2\/users\/3"}],"replies":[{"embeddable":true,"href":"https:\/\/www.noticiasradioreflejos.com.ar\/2021\/wp-json\/wp\/v2\/comments?post=97812"}],"version-history":[{"count":2,"href":"https:\/\/www.noticiasradioreflejos.com.ar\/2021\/wp-json\/wp\/v2\/posts\/97812\/revisions"}],"predecessor-version":[{"id":97871,"href":"https:\/\/www.noticiasradioreflejos.com.ar\/2021\/wp-json\/wp\/v2\/posts\/97812\/revisions\/97871"}],"wp:featuredmedia":[{"embeddable":true,"href":"https:\/\/www.noticiasradioreflejos.com.ar\/2021\/wp-json\/wp\/v2\/media\/97813"}],"wp:attachment":[{"href":"https:\/\/www.noticiasradioreflejos.com.ar\/2021\/wp-json\/wp\/v2\/media?parent=97812"}],"wp:term":[{"taxonomy":"category","embeddable":true,"href":"https:\/\/www.noticiasradioreflejos.com.ar\/2021\/wp-json\/wp\/v2\/categories?post=97812"},{"taxonomy":"post_tag","embeddable":true,"href":"https:\/\/www.noticiasradioreflejos.com.ar\/2021\/wp-json\/wp\/v2\/tags?post=97812"}],"curies":[{"name":"wp","href":"https:\/\/api.w.org\/{rel}","templated":true}]}}