{"id":97793,"date":"2024-01-17T07:27:12","date_gmt":"2024-01-17T10:27:12","guid":{"rendered":"https:\/\/www.noticiasradioreflejos.com.ar\/2021\/?p=97793"},"modified":"2024-01-17T07:27:12","modified_gmt":"2024-01-17T10:27:12","slug":"para-valorar-los-activos-del-fondo-de-garantia-de-sustentabilidad-se-tomara-al-dolar-ccl","status":"publish","type":"post","link":"https:\/\/www.noticiasradioreflejos.com.ar\/2021\/para-valorar-los-activos-del-fondo-de-garantia-de-sustentabilidad-se-tomara-al-dolar-ccl\/","title":{"rendered":"Para valorar los activos del Fondo de Garant\u00eda de Sustentabilidad se tomar\u00e1 al d\u00f3lar CCL"},"content":{"rendered":"<div class=\"wrapper-header\">\n<div class=\"container-xl\">\n<div class=\"row\">\n<div class=\"col-12\">\n<div class=\"head-content mb-4\">\n<div class=\"my-3\">\n<div class=\"social mt-3\">De esta manera, qued\u00f3 sin efecto el criterio anterior de medici\u00f3n, que tomaba como referencia la cotizaci\u00f3n del d\u00f3lar al cambio oficial del tipo comprador del Banco Naci\u00f3n. De acuerdo a los datos oficiales, al 30 de noviembre del a\u00f1o pasado, la cartera en manos del FGS ten\u00eda un valor de US$32.658 millones, tomando como referencia un CCL de $836,84<\/div>\n<\/div>\n<\/div>\n<\/div>\n<\/div>\n<\/div>\n<\/div>\n<p><!--more--><\/p>\n<div class=\"wrapper-editable-content\">\n<div class=\"wrapper-editable-content\">\n<div class=\"container-md\">\n<div class=\"row\">\n<div class=\"col-md-12 speak\">\n<div class=\"paragraph\">\n<figure class=\"mb-3\"><img decoding=\"async\" class=\" lazy \" src=\"https:\/\/www.telam.com.ar\/thumbs\/bluesteel\/advf\/imagenes\/2022\/11\/638744b96b0f8_1200.jpg\" alt=\"El Fondo de Garanta de Sustentabilidad fue creado en 2007 para atender las necesidades de la ANSeS en caso de que una crisis impida pagar a los beneficiarios del organismo Foto Archivo\" width=\"100%\" height=\"100%\" \/><\/p>\n<div class=\"media-icons\"><em>El Fondo de Garant\u00eda de Sustentabilidad fue creado en 2007 para atender las necesidades de la ANSeS en caso de que una crisis impida pagar a los beneficiarios del organismo. (Foto Archivo)<\/em><\/div>\n<\/figure>\n<p>La Administraci\u00f3n Nacional de la Seguridad Social (Anses) anunci\u00f3 este martes la implementaci\u00f3n de una nueva metodolog\u00eda regida por \u00abvalores t\u00e9cnicos de mercado\u00bb para valuar los activos del\u00a0<strong>Fondo de Garant\u00eda de Sustentabilidad<\/strong>\u00a0(FGS).<\/p>\n<p>En los hechos,\u00a0<strong>se tomar\u00e1 como referencia la cotizaci\u00f3n del d\u00f3lar financiero contado con liquidaci\u00f3n\u00a0<\/strong>(CCL) para estimar el valor en d\u00f3lares de la cartera de activos del FGS, que pasar\u00e1 a realizarse en forma mensual y no trimestralmente como se hacia con anterioridad.<\/p>\n<p>De esta manera, qued\u00f3 sin efecto el criterio anterior de medici\u00f3n, que tomaba como referencia la cotizaci\u00f3n del d\u00f3lar al cambio oficial del tipo comprador del\u00a0<strong>Banco de la Naci\u00f3n Argentina.<\/strong><\/p>\n<p>Fuentes del organismo previsional explicaron que el cambio se vio motivado, fundamentalmente, porque la brecha cambiaria existente en los \u00faltimos a\u00f1os tornaba poco representativa la valuaci\u00f3n al tipo de cambio oficial.\u00a0<strong>El CCL \u00abes una cotizaci\u00f3n menos regulada y m\u00e1s libre\u00bb<\/strong>, se\u00f1alaron desde el organismo.<\/p>\n<p>Anses ya public\u00f3 con la nueva metodolog\u00eda los informes correspondientes a los \u00faltimos cuatro meses de la gesti\u00f3n anterior, es decir\u00a0<strong>agosto, septiembre, octubre y noviembre de 2023.<\/strong><\/p>\n<blockquote class=\"\"><p>De acuerdo a los datos oficiales, al 30 de noviembre del a\u00f1o pasado, la cartera en manos del FGS ten\u00eda un valor de US$32.658 millones, tomando como referencia un CCL de $836,84<\/p><\/blockquote>\n<p>En cambio,\u00a0<strong>con la medici\u00f3n anterior, la cartera del FGS hubiese alcanzado en esa misma fecha unos US$75.803 millones, como resultado de la conversi\u00f3n a un tipo de cambio de $360,53.<\/strong><\/p>\n<p>En los informes nuevos, para la medici\u00f3n de activos en moneda estadounidense se utiliz\u00f3 el d\u00f3lar oficial mayorista seg\u00fan la cotizaci\u00f3n del Banco Central (BCRA) para los per\u00edodos sin cepo (diciembre de 2015 hasta agosto 2019), y la cotizaci\u00f3n del CCL para aquellos per\u00edodos con cepo y mayor brecha entre tipos de cambio.<\/p>\n<p>En un comunicado, la Anses se\u00f1al\u00f3 que la medida persigue el objetivo de\u00a0<strong>\u00abotorgar mayor transparencia y facilitar el acceso a la informaci\u00f3n p\u00fablica de todos los ciudadanos\u00bb.<\/strong><\/p>\n<p>\u00abDurante la gesti\u00f3n anterior (2019-2023) se defini\u00f3 informar el valor del fondo de inversi\u00f3n tomando como referencia la cotizaci\u00f3n del d\u00f3lar al cambio oficial del tipo comprador del Banco de la Naci\u00f3n Argentina\u00bb, precis\u00f3 la dependencia previsional.<\/p>\n<p>\u00abLos datos eran publicados en informes trimestrales que, dada la particular situaci\u00f3n de la econom\u00eda del pa\u00eds y con la intensificaci\u00f3n del cepo cambiario,<strong>\u00a0el d\u00f3lar oficial perdi\u00f3 representatividad\u00a0<\/strong>e impidi\u00f3 mostrar con veracidad el valor real del fondo toda vez que, por momentos, existi\u00f3 una brecha de m\u00e1s del 200% del monto respecto de otras cotizaciones\u00bb, complet\u00f3 la Anses en el comunicado.<\/p>\n<p>Los informes mensuales con el nuevo criterio est\u00e1n disponibles a trav\u00e9s del sitio\u00a0<a href=\"https:\/\/fgs.anses.gob.ar\/subseccion\/informes-3\" target=\"_blank\" rel=\"noopener\">https:\/\/fgs.anses.gob.ar\/subseccion\/informes-3<\/a>.<\/p>\n<p>Desde Anses recordaron que los criterios y metodolog\u00edas de valuaci\u00f3n de los activos los define el Comit\u00e9 Ejecutivo del FGS.<\/p>\n<p>El FGS est\u00e1 sujeto a los siguientes organismos de control internos y externos del Sector P\u00fablico Nacional: un \u00e1rea de control interna propia; el Consejo del FGS; la Comisi\u00f3n Bicameral de Control de los Fondos de Seguridad Social; la Sindicatura General de la Naci\u00f3n; la Auditor\u00eda General de la Naci\u00f3n; la Defensor\u00eda del Pueblo de la Naci\u00f3n.<\/p>\n<blockquote class=\"\"><p>El Fondo de Garant\u00eda de Sustentabilidad fue creado el 12 de julio de 2007 por el entonces presidente N\u00e9stor Kirchner a trav\u00e9s del Decreto 897<\/p><\/blockquote>\n<p>En 2008, con la estatizaci\u00f3n de las Administradoras de Fondos de Jubilaciones y Pensiones (AFJP) y la creaci\u00f3n del Sistema Integrado Previsional Argentino (SIPA), los fondos administrados por las AFJP fueron transferidos en forma de activos financieros al FGS.<\/p><\/div>\n<\/div>\n<\/div>\n<\/div>\n<\/div>\n<\/div>\n","protected":false},"excerpt":{"rendered":"<p>De esta manera, qued\u00f3 sin efecto el criterio anterior de medici\u00f3n, que tomaba como referencia la cotizaci\u00f3n del d\u00f3lar al cambio oficial del tipo comprador del Banco Naci\u00f3n. De acuerdo a los datos oficiales, al 30 de noviembre del a\u00f1o pasado, la cartera en manos del FGS ten\u00eda un valor de US$32.658 millones, tomando como [&hellip;]<\/p>\n","protected":false},"author":3,"featured_media":97794,"comment_status":"closed","ping_status":"closed","sticky":false,"template":"","format":"standard","meta":{"footnotes":""},"categories":[36],"tags":[],"class_list":["post-97793","post","type-post","status-publish","format-standard","has-post-thumbnail","hentry","category-economia"],"yoast_head":"<!-- This site is optimized with the Yoast SEO plugin v25.9 - https:\/\/yoast.com\/wordpress\/plugins\/seo\/ -->\n<title>Para valorar los activos del Fondo de Garant\u00eda de Sustentabilidad se tomar\u00e1 al d\u00f3lar CCL - Noticias Radio Reflejos<\/title>\n<meta name=\"robots\" content=\"index, follow, max-snippet:-1, max-image-preview:large, max-video-preview:-1\" \/>\n<link rel=\"canonical\" href=\"https:\/\/www.noticiasradioreflejos.com.ar\/2021\/para-valorar-los-activos-del-fondo-de-garantia-de-sustentabilidad-se-tomara-al-dolar-ccl\/\" \/>\n<meta property=\"og:locale\" content=\"es_ES\" \/>\n<meta property=\"og:type\" content=\"article\" \/>\n<meta property=\"og:title\" content=\"Para valorar los activos del Fondo de Garant\u00eda de Sustentabilidad se tomar\u00e1 al d\u00f3lar CCL - Noticias Radio Reflejos\" \/>\n<meta property=\"og:description\" content=\"De esta manera, qued\u00f3 sin efecto el criterio anterior de medici\u00f3n, que tomaba como referencia la cotizaci\u00f3n del d\u00f3lar al cambio oficial del tipo comprador del Banco Naci\u00f3n. De acuerdo a los datos oficiales, al 30 de noviembre del a\u00f1o pasado, la cartera en manos del FGS ten\u00eda un valor de US$32.658 millones, tomando como [&hellip;]\" \/>\n<meta property=\"og:url\" content=\"https:\/\/www.noticiasradioreflejos.com.ar\/2021\/para-valorar-los-activos-del-fondo-de-garantia-de-sustentabilidad-se-tomara-al-dolar-ccl\/\" \/>\n<meta property=\"og:site_name\" content=\"Noticias Radio Reflejos\" \/>\n<meta property=\"article:published_time\" content=\"2024-01-17T10:27:12+00:00\" \/>\n<meta property=\"og:image\" content=\"https:\/\/www.noticiasradioreflejos.com.ar\/2021\/wp-content\/uploads\/2024\/01\/jubilados.jpg\" \/>\n\t<meta property=\"og:image:width\" content=\"1200\" \/>\n\t<meta property=\"og:image:height\" content=\"675\" \/>\n\t<meta property=\"og:image:type\" content=\"image\/jpeg\" \/>\n<meta name=\"author\" content=\"Arnaldo Botto\" \/>\n<meta name=\"twitter:card\" content=\"summary_large_image\" \/>\n<script type=\"application\/ld+json\" class=\"yoast-schema-graph\">{\"@context\":\"https:\/\/schema.org\",\"@graph\":[{\"@type\":\"WebPage\",\"@id\":\"https:\/\/www.noticiasradioreflejos.com.ar\/2021\/para-valorar-los-activos-del-fondo-de-garantia-de-sustentabilidad-se-tomara-al-dolar-ccl\/\",\"url\":\"https:\/\/www.noticiasradioreflejos.com.ar\/2021\/para-valorar-los-activos-del-fondo-de-garantia-de-sustentabilidad-se-tomara-al-dolar-ccl\/\",\"name\":\"Para valorar los activos del Fondo de Garant\u00eda de Sustentabilidad se tomar\u00e1 al d\u00f3lar CCL - Noticias Radio Reflejos\",\"isPartOf\":{\"@id\":\"https:\/\/www.noticiasradioreflejos.com.ar\/2021\/#website\"},\"primaryImageOfPage\":{\"@id\":\"https:\/\/www.noticiasradioreflejos.com.ar\/2021\/para-valorar-los-activos-del-fondo-de-garantia-de-sustentabilidad-se-tomara-al-dolar-ccl\/#primaryimage\"},\"image\":{\"@id\":\"https:\/\/www.noticiasradioreflejos.com.ar\/2021\/para-valorar-los-activos-del-fondo-de-garantia-de-sustentabilidad-se-tomara-al-dolar-ccl\/#primaryimage\"},\"thumbnailUrl\":\"https:\/\/www.noticiasradioreflejos.com.ar\/2021\/wp-content\/uploads\/2024\/01\/jubilados.jpg\",\"datePublished\":\"2024-01-17T10:27:12+00:00\",\"author\":{\"@id\":\"https:\/\/www.noticiasradioreflejos.com.ar\/2021\/#\/schema\/person\/ad82545263dcc5ec0996818884fd5fb1\"},\"breadcrumb\":{\"@id\":\"https:\/\/www.noticiasradioreflejos.com.ar\/2021\/para-valorar-los-activos-del-fondo-de-garantia-de-sustentabilidad-se-tomara-al-dolar-ccl\/#breadcrumb\"},\"inLanguage\":\"es\",\"potentialAction\":[{\"@type\":\"ReadAction\",\"target\":[\"https:\/\/www.noticiasradioreflejos.com.ar\/2021\/para-valorar-los-activos-del-fondo-de-garantia-de-sustentabilidad-se-tomara-al-dolar-ccl\/\"]}]},{\"@type\":\"ImageObject\",\"inLanguage\":\"es\",\"@id\":\"https:\/\/www.noticiasradioreflejos.com.ar\/2021\/para-valorar-los-activos-del-fondo-de-garantia-de-sustentabilidad-se-tomara-al-dolar-ccl\/#primaryimage\",\"url\":\"https:\/\/www.noticiasradioreflejos.com.ar\/2021\/wp-content\/uploads\/2024\/01\/jubilados.jpg\",\"contentUrl\":\"https:\/\/www.noticiasradioreflejos.com.ar\/2021\/wp-content\/uploads\/2024\/01\/jubilados.jpg\",\"width\":1200,\"height\":675},{\"@type\":\"BreadcrumbList\",\"@id\":\"https:\/\/www.noticiasradioreflejos.com.ar\/2021\/para-valorar-los-activos-del-fondo-de-garantia-de-sustentabilidad-se-tomara-al-dolar-ccl\/#breadcrumb\",\"itemListElement\":[{\"@type\":\"ListItem\",\"position\":1,\"name\":\"Portada\",\"item\":\"https:\/\/www.noticiasradioreflejos.com.ar\/2021\/\"},{\"@type\":\"ListItem\",\"position\":2,\"name\":\"Para valorar los activos del Fondo de Garant\u00eda de Sustentabilidad se tomar\u00e1 al d\u00f3lar CCL\"}]},{\"@type\":\"WebSite\",\"@id\":\"https:\/\/www.noticiasradioreflejos.com.ar\/2021\/#website\",\"url\":\"https:\/\/www.noticiasradioreflejos.com.ar\/2021\/\",\"name\":\"Noticias Radio Reflejos\",\"description\":\"Las noticias de mi comarca\",\"potentialAction\":[{\"@type\":\"SearchAction\",\"target\":{\"@type\":\"EntryPoint\",\"urlTemplate\":\"https:\/\/www.noticiasradioreflejos.com.ar\/2021\/?s={search_term_string}\"},\"query-input\":{\"@type\":\"PropertyValueSpecification\",\"valueRequired\":true,\"valueName\":\"search_term_string\"}}],\"inLanguage\":\"es\"},{\"@type\":\"Person\",\"@id\":\"https:\/\/www.noticiasradioreflejos.com.ar\/2021\/#\/schema\/person\/ad82545263dcc5ec0996818884fd5fb1\",\"name\":\"Arnaldo Botto\",\"image\":{\"@type\":\"ImageObject\",\"inLanguage\":\"es\",\"@id\":\"https:\/\/www.noticiasradioreflejos.com.ar\/2021\/#\/schema\/person\/image\/\",\"url\":\"https:\/\/secure.gravatar.com\/avatar\/55cb5e37c1efa326397366e6974cb338056df65cb50e7d64d1cf314e87504837?s=96&d=mm&r=g\",\"contentUrl\":\"https:\/\/secure.gravatar.com\/avatar\/55cb5e37c1efa326397366e6974cb338056df65cb50e7d64d1cf314e87504837?s=96&d=mm&r=g\",\"caption\":\"Arnaldo Botto\"},\"url\":\"https:\/\/www.noticiasradioreflejos.com.ar\/2021\/author\/arnaldo\/\"}]}<\/script>\n<!-- \/ Yoast SEO plugin. -->","yoast_head_json":{"title":"Para valorar los activos del Fondo de Garant\u00eda de Sustentabilidad se tomar\u00e1 al d\u00f3lar CCL - Noticias Radio Reflejos","robots":{"index":"index","follow":"follow","max-snippet":"max-snippet:-1","max-image-preview":"max-image-preview:large","max-video-preview":"max-video-preview:-1"},"canonical":"https:\/\/www.noticiasradioreflejos.com.ar\/2021\/para-valorar-los-activos-del-fondo-de-garantia-de-sustentabilidad-se-tomara-al-dolar-ccl\/","og_locale":"es_ES","og_type":"article","og_title":"Para valorar los activos del Fondo de Garant\u00eda de Sustentabilidad se tomar\u00e1 al d\u00f3lar CCL - Noticias Radio Reflejos","og_description":"De esta manera, qued\u00f3 sin efecto el criterio anterior de medici\u00f3n, que tomaba como referencia la cotizaci\u00f3n del d\u00f3lar al cambio oficial del tipo comprador del Banco Naci\u00f3n. De acuerdo a los datos oficiales, al 30 de noviembre del a\u00f1o pasado, la cartera en manos del FGS ten\u00eda un valor de US$32.658 millones, tomando como [&hellip;]","og_url":"https:\/\/www.noticiasradioreflejos.com.ar\/2021\/para-valorar-los-activos-del-fondo-de-garantia-de-sustentabilidad-se-tomara-al-dolar-ccl\/","og_site_name":"Noticias Radio Reflejos","article_published_time":"2024-01-17T10:27:12+00:00","og_image":[{"width":1200,"height":675,"url":"https:\/\/www.noticiasradioreflejos.com.ar\/2021\/wp-content\/uploads\/2024\/01\/jubilados.jpg","type":"image\/jpeg"}],"author":"Arnaldo Botto","twitter_card":"summary_large_image","schema":{"@context":"https:\/\/schema.org","@graph":[{"@type":"WebPage","@id":"https:\/\/www.noticiasradioreflejos.com.ar\/2021\/para-valorar-los-activos-del-fondo-de-garantia-de-sustentabilidad-se-tomara-al-dolar-ccl\/","url":"https:\/\/www.noticiasradioreflejos.com.ar\/2021\/para-valorar-los-activos-del-fondo-de-garantia-de-sustentabilidad-se-tomara-al-dolar-ccl\/","name":"Para valorar los activos del Fondo de Garant\u00eda de Sustentabilidad se tomar\u00e1 al d\u00f3lar CCL - Noticias Radio Reflejos","isPartOf":{"@id":"https:\/\/www.noticiasradioreflejos.com.ar\/2021\/#website"},"primaryImageOfPage":{"@id":"https:\/\/www.noticiasradioreflejos.com.ar\/2021\/para-valorar-los-activos-del-fondo-de-garantia-de-sustentabilidad-se-tomara-al-dolar-ccl\/#primaryimage"},"image":{"@id":"https:\/\/www.noticiasradioreflejos.com.ar\/2021\/para-valorar-los-activos-del-fondo-de-garantia-de-sustentabilidad-se-tomara-al-dolar-ccl\/#primaryimage"},"thumbnailUrl":"https:\/\/www.noticiasradioreflejos.com.ar\/2021\/wp-content\/uploads\/2024\/01\/jubilados.jpg","datePublished":"2024-01-17T10:27:12+00:00","author":{"@id":"https:\/\/www.noticiasradioreflejos.com.ar\/2021\/#\/schema\/person\/ad82545263dcc5ec0996818884fd5fb1"},"breadcrumb":{"@id":"https:\/\/www.noticiasradioreflejos.com.ar\/2021\/para-valorar-los-activos-del-fondo-de-garantia-de-sustentabilidad-se-tomara-al-dolar-ccl\/#breadcrumb"},"inLanguage":"es","potentialAction":[{"@type":"ReadAction","target":["https:\/\/www.noticiasradioreflejos.com.ar\/2021\/para-valorar-los-activos-del-fondo-de-garantia-de-sustentabilidad-se-tomara-al-dolar-ccl\/"]}]},{"@type":"ImageObject","inLanguage":"es","@id":"https:\/\/www.noticiasradioreflejos.com.ar\/2021\/para-valorar-los-activos-del-fondo-de-garantia-de-sustentabilidad-se-tomara-al-dolar-ccl\/#primaryimage","url":"https:\/\/www.noticiasradioreflejos.com.ar\/2021\/wp-content\/uploads\/2024\/01\/jubilados.jpg","contentUrl":"https:\/\/www.noticiasradioreflejos.com.ar\/2021\/wp-content\/uploads\/2024\/01\/jubilados.jpg","width":1200,"height":675},{"@type":"BreadcrumbList","@id":"https:\/\/www.noticiasradioreflejos.com.ar\/2021\/para-valorar-los-activos-del-fondo-de-garantia-de-sustentabilidad-se-tomara-al-dolar-ccl\/#breadcrumb","itemListElement":[{"@type":"ListItem","position":1,"name":"Portada","item":"https:\/\/www.noticiasradioreflejos.com.ar\/2021\/"},{"@type":"ListItem","position":2,"name":"Para valorar los activos del Fondo de Garant\u00eda de Sustentabilidad se tomar\u00e1 al d\u00f3lar CCL"}]},{"@type":"WebSite","@id":"https:\/\/www.noticiasradioreflejos.com.ar\/2021\/#website","url":"https:\/\/www.noticiasradioreflejos.com.ar\/2021\/","name":"Noticias Radio Reflejos","description":"Las noticias de mi comarca","potentialAction":[{"@type":"SearchAction","target":{"@type":"EntryPoint","urlTemplate":"https:\/\/www.noticiasradioreflejos.com.ar\/2021\/?s={search_term_string}"},"query-input":{"@type":"PropertyValueSpecification","valueRequired":true,"valueName":"search_term_string"}}],"inLanguage":"es"},{"@type":"Person","@id":"https:\/\/www.noticiasradioreflejos.com.ar\/2021\/#\/schema\/person\/ad82545263dcc5ec0996818884fd5fb1","name":"Arnaldo Botto","image":{"@type":"ImageObject","inLanguage":"es","@id":"https:\/\/www.noticiasradioreflejos.com.ar\/2021\/#\/schema\/person\/image\/","url":"https:\/\/secure.gravatar.com\/avatar\/55cb5e37c1efa326397366e6974cb338056df65cb50e7d64d1cf314e87504837?s=96&d=mm&r=g","contentUrl":"https:\/\/secure.gravatar.com\/avatar\/55cb5e37c1efa326397366e6974cb338056df65cb50e7d64d1cf314e87504837?s=96&d=mm&r=g","caption":"Arnaldo Botto"},"url":"https:\/\/www.noticiasradioreflejos.com.ar\/2021\/author\/arnaldo\/"}]}},"_links":{"self":[{"href":"https:\/\/www.noticiasradioreflejos.com.ar\/2021\/wp-json\/wp\/v2\/posts\/97793","targetHints":{"allow":["GET"]}}],"collection":[{"href":"https:\/\/www.noticiasradioreflejos.com.ar\/2021\/wp-json\/wp\/v2\/posts"}],"about":[{"href":"https:\/\/www.noticiasradioreflejos.com.ar\/2021\/wp-json\/wp\/v2\/types\/post"}],"author":[{"embeddable":true,"href":"https:\/\/www.noticiasradioreflejos.com.ar\/2021\/wp-json\/wp\/v2\/users\/3"}],"replies":[{"embeddable":true,"href":"https:\/\/www.noticiasradioreflejos.com.ar\/2021\/wp-json\/wp\/v2\/comments?post=97793"}],"version-history":[{"count":1,"href":"https:\/\/www.noticiasradioreflejos.com.ar\/2021\/wp-json\/wp\/v2\/posts\/97793\/revisions"}],"predecessor-version":[{"id":97795,"href":"https:\/\/www.noticiasradioreflejos.com.ar\/2021\/wp-json\/wp\/v2\/posts\/97793\/revisions\/97795"}],"wp:featuredmedia":[{"embeddable":true,"href":"https:\/\/www.noticiasradioreflejos.com.ar\/2021\/wp-json\/wp\/v2\/media\/97794"}],"wp:attachment":[{"href":"https:\/\/www.noticiasradioreflejos.com.ar\/2021\/wp-json\/wp\/v2\/media?parent=97793"}],"wp:term":[{"taxonomy":"category","embeddable":true,"href":"https:\/\/www.noticiasradioreflejos.com.ar\/2021\/wp-json\/wp\/v2\/categories?post=97793"},{"taxonomy":"post_tag","embeddable":true,"href":"https:\/\/www.noticiasradioreflejos.com.ar\/2021\/wp-json\/wp\/v2\/tags?post=97793"}],"curies":[{"name":"wp","href":"https:\/\/api.w.org\/{rel}","templated":true}]}}