{"id":97783,"date":"2024-01-16T16:56:18","date_gmt":"2024-01-16T19:56:18","guid":{"rendered":"https:\/\/www.noticiasradioreflejos.com.ar\/2021\/?p=97783"},"modified":"2024-01-16T16:57:28","modified_gmt":"2024-01-16T19:57:28","slug":"cuidados-esenciales-de-la-piel-correcto-uso-de-protector-solar-lentes-de-sol-y-sombra","status":"publish","type":"post","link":"https:\/\/www.noticiasradioreflejos.com.ar\/2021\/cuidados-esenciales-de-la-piel-correcto-uso-de-protector-solar-lentes-de-sol-y-sombra\/","title":{"rendered":"Cuidados esenciales de la piel: correcto uso de protector solar, lentes de sol y sombra"},"content":{"rendered":"<div class=\"wrapper-header\">\n<div class=\"container-xl\">\n<div class=\"row\">\n<div class=\"col-12\">\n<div class=\"head-content mb-4\">\n<div class=\"my-3\">\n<div class=\"social mt-3\">La exposici\u00f3n a la radiaci\u00f3n UV sigue siendo \u00abel factor de riesgo m\u00e1s importante para el c\u00e1ncer de piel y factores relacionados con el cambio clim\u00e1tico pueden contribuir al aumento de casos\u00bb, inform\u00f3 el Hospital de Cl\u00ednicas.<\/div>\n<\/div>\n<\/div>\n<\/div>\n<\/div>\n<\/div>\n<\/div>\n<p><!--more--><\/p>\n<div class=\"wrapper-editable-content\">\n<div>\n<div class=\"wrapper-editable-content\">\n<div class=\"container-md\">\n<div class=\"row\">\n<div class=\"col-md-12 speak\">\n<div class=\"paragraph\">\n<figure class=\"mb-3\"><img decoding=\"async\" class=\" lazy \" src=\"https:\/\/www.telam.com.ar\/thumbs\/bluesteel\/advf\/imagenes\/2020\/01\/5e1da973581d2_1200.jpg\" alt=\"Se estima que un factor de proteccin solar FPS mayor a 50 es necesario para disminuir la tasa de carcinognesis en la piel blanca\" width=\"100%\" height=\"100%\" \/><\/p>\n<div class=\"media-icons\"><em>Se estima que un factor de protecci\u00f3n solar (FPS) mayor a 50 es necesario para disminuir la tasa de carcinog\u00e9nesis en la piel blanca.<\/em><\/div>\n<\/figure>\n<p>El uso correcto de protector solar diariamente como as\u00ed tambi\u00e9n la protecci\u00f3n con ropa adecuada, sombreros y lentes de sol son algunas de las recomendaciones que realizaron dermat\u00f3logos del Hospital de Cl\u00ednicas para el cuidado esencial de la piel durante el verano.<\/p>\n<p><strong>\u201cLo primero que hay que tener en cuenta a la hora de tomar sol es hacerlo en horas adecuadas, cuando la exposici\u00f3n a los rayos UV no sea nociva para nuestra piel\u00bb<\/strong>, explic\u00f3 Graciela Manzur, jefa de la Divisi\u00f3n Dermatolog\u00eda del Hospital de Cl\u00ednicas.<\/p>\n<p>La especialista recomend\u00f3 \u00abreducir el tiempo total de permanencia bajo el sol, y sobre todo evitar la exposici\u00f3n entre las 11 y las 16, que es cuando el sol est\u00e1 m\u00e1s fuerte\u00bb.<\/p>\n<p>Asimismo, a\u00fan en casos de exposici\u00f3n al sol existen muchas maneras de regularla y proteger la piel a trav\u00e9s de la fotoprotecci\u00f3n, que incluye medidas f\u00edsicas, t\u00f3picas y sist\u00e9micas.<\/p>\n<p>Seg\u00fan un comunicado difundido este lunes por Hospital de Cl\u00ednicas, la exposici\u00f3n a la radiaci\u00f3n UV sigue siendo\u00a0<strong>\u00abel factor de riesgo m\u00e1s importante para el c\u00e1ncer de piel y factores relacionados con el cambio clim\u00e1tico pueden contribuir al aumento de casos\u00bb.<\/strong><\/p>\n<p>Las mujeres tienen una ligera prevalencia antes de los 50 a\u00f1os, pero despu\u00e9s de esa edad, los hombres son m\u00e1s afectados.<\/p>\n<p>Diariamente se protegen del sol s\u00f3lo el 20% de los hombres y el 33% de las mujeres y, seg\u00fan un estudio de la Sociedad Argentina de Dermatolog\u00eda,\u00a0<strong>el 72% de las mujeres y el 53% de los hombres usan protector solar, mientras que s\u00f3lo aproximadamente la mitad de estos lo reaplica.<\/strong><\/p>\n<h2 class=\"\">Uso correcto del protector solar<\/h2>\n<p>Los especialistas advirtieron que, si bien los protectores solares son ampliamente utilizados, su aplicaci\u00f3n adecuada y frecuente \u00abpuede ser costosa\u00bb.<\/p>\n<p>\u201cPara un uso correcto de un protector solar, debemos aplicarlo media hora antes de salir al sol, y preferentemente en la casa, antes de ir a la playa o la pileta. La piel debe estar seca y se debe usar cantidades generosas del producto, y reaplicar cada dos horas como m\u00ednimo\u00bb, explic\u00f3 Manzur.<\/p>\n<p>\u00abAunque el protector solar diga que es &#8216;a prueba de agua&#8217;, con el uso de las toallas para secarse y el correr de las horas va perdiendo capacidad para protegernos del sol, por eso lo ideal es ponerse cada dos horas\u201d, precis\u00f3.<\/p>\n<p>Asimismo, la especialista indic\u00f3 que existen tambi\u00e9n sustancias con capacidad fotoprotectora que se pueden administrar por v\u00eda oral, que \u00abdeben ser contempladas y recomendadas por especialistas en dermatolog\u00eda\u201d.<\/p>\n<p><strong>Se estima que un factor de protecci\u00f3n solar (FPS) mayor a 50 es necesario para disminuir la tasa de carcinog\u00e9nesis en la piel blanca.<\/strong><\/p>\n<p>Con respecto a los autobronceantes, la especialista sostuvo que son \u00abuna alternativa segura al bronceado solar o artificial, pero no ofrecen protecci\u00f3n contra la radiaci\u00f3n ultravioleta\u00bb.<\/p>\n<p><strong>En tanto, la ropa, los sombreros, los lentes de sol (que deben bloquear el 99% de la radiaci\u00f3n UVA y B) y las sombras son tambi\u00e9n esenciales como m\u00e9todos de protecci\u00f3n f\u00edsica.<\/strong><\/p>\n<p>Los especialistas destacaron la importancia del examen peri\u00f3dico para detectar lesiones sospechosas y mejorar la calidad de vida de los pacientes.<\/p>\n<p>\u201cLa prevenci\u00f3n del c\u00e1ncer de piel es una tarea colectiva que requiere la participaci\u00f3n activa de la sociedad y medidas integrales de cuidado y concientizaci\u00f3n\u201d, apunt\u00f3 la m\u00e9dica.<\/p>\n<\/div>\n<\/div>\n<\/div>\n<\/div>\n<\/div>\n<\/div>\n<\/div>\n","protected":false},"excerpt":{"rendered":"<p>La exposici\u00f3n a la radiaci\u00f3n UV sigue siendo \u00abel factor de riesgo m\u00e1s importante para el c\u00e1ncer de piel y factores relacionados con el cambio clim\u00e1tico pueden contribuir al aumento de casos\u00bb, inform\u00f3 el Hospital de Cl\u00ednicas.<\/p>\n","protected":false},"author":3,"featured_media":97784,"comment_status":"closed","ping_status":"closed","sticky":false,"template":"","format":"standard","meta":{"footnotes":""},"categories":[30,26,33],"tags":[],"class_list":["post-97783","post","type-post","status-publish","format-standard","has-post-thumbnail","hentry","category-salud","category-sociedad","category-turismo"],"yoast_head":"<!-- This site is optimized with the Yoast SEO plugin v25.9 - https:\/\/yoast.com\/wordpress\/plugins\/seo\/ -->\n<title>Cuidados esenciales de la piel: correcto uso de protector solar, lentes de sol y sombra - Noticias Radio Reflejos<\/title>\n<meta name=\"robots\" content=\"index, follow, max-snippet:-1, max-image-preview:large, max-video-preview:-1\" \/>\n<link rel=\"canonical\" href=\"https:\/\/www.noticiasradioreflejos.com.ar\/2021\/cuidados-esenciales-de-la-piel-correcto-uso-de-protector-solar-lentes-de-sol-y-sombra\/\" \/>\n<meta property=\"og:locale\" content=\"es_ES\" \/>\n<meta property=\"og:type\" content=\"article\" \/>\n<meta property=\"og:title\" content=\"Cuidados esenciales de la piel: correcto uso de protector solar, lentes de sol y sombra - Noticias Radio Reflejos\" \/>\n<meta property=\"og:description\" content=\"La exposici\u00f3n a la radiaci\u00f3n UV sigue siendo \u00abel factor de riesgo m\u00e1s importante para el c\u00e1ncer de piel y factores relacionados con el cambio clim\u00e1tico pueden contribuir al aumento de casos\u00bb, inform\u00f3 el Hospital de Cl\u00ednicas.\" \/>\n<meta property=\"og:url\" content=\"https:\/\/www.noticiasradioreflejos.com.ar\/2021\/cuidados-esenciales-de-la-piel-correcto-uso-de-protector-solar-lentes-de-sol-y-sombra\/\" \/>\n<meta property=\"og:site_name\" content=\"Noticias Radio Reflejos\" \/>\n<meta property=\"article:published_time\" content=\"2024-01-16T19:56:18+00:00\" \/>\n<meta property=\"article:modified_time\" content=\"2024-01-16T19:57:28+00:00\" \/>\n<meta property=\"og:image\" content=\"https:\/\/www.noticiasradioreflejos.com.ar\/2021\/wp-content\/uploads\/2024\/01\/prote-solar.jpg\" \/>\n\t<meta property=\"og:image:width\" content=\"1004\" \/>\n\t<meta property=\"og:image:height\" content=\"565\" \/>\n\t<meta property=\"og:image:type\" content=\"image\/jpeg\" \/>\n<meta name=\"author\" content=\"Arnaldo Botto\" \/>\n<meta name=\"twitter:card\" content=\"summary_large_image\" \/>\n<script type=\"application\/ld+json\" class=\"yoast-schema-graph\">{\"@context\":\"https:\/\/schema.org\",\"@graph\":[{\"@type\":\"WebPage\",\"@id\":\"https:\/\/www.noticiasradioreflejos.com.ar\/2021\/cuidados-esenciales-de-la-piel-correcto-uso-de-protector-solar-lentes-de-sol-y-sombra\/\",\"url\":\"https:\/\/www.noticiasradioreflejos.com.ar\/2021\/cuidados-esenciales-de-la-piel-correcto-uso-de-protector-solar-lentes-de-sol-y-sombra\/\",\"name\":\"Cuidados esenciales de la piel: correcto uso de protector solar, lentes de sol y sombra - Noticias Radio Reflejos\",\"isPartOf\":{\"@id\":\"https:\/\/www.noticiasradioreflejos.com.ar\/2021\/#website\"},\"primaryImageOfPage\":{\"@id\":\"https:\/\/www.noticiasradioreflejos.com.ar\/2021\/cuidados-esenciales-de-la-piel-correcto-uso-de-protector-solar-lentes-de-sol-y-sombra\/#primaryimage\"},\"image\":{\"@id\":\"https:\/\/www.noticiasradioreflejos.com.ar\/2021\/cuidados-esenciales-de-la-piel-correcto-uso-de-protector-solar-lentes-de-sol-y-sombra\/#primaryimage\"},\"thumbnailUrl\":\"https:\/\/www.noticiasradioreflejos.com.ar\/2021\/wp-content\/uploads\/2024\/01\/prote-solar.jpg\",\"datePublished\":\"2024-01-16T19:56:18+00:00\",\"dateModified\":\"2024-01-16T19:57:28+00:00\",\"author\":{\"@id\":\"https:\/\/www.noticiasradioreflejos.com.ar\/2021\/#\/schema\/person\/ad82545263dcc5ec0996818884fd5fb1\"},\"breadcrumb\":{\"@id\":\"https:\/\/www.noticiasradioreflejos.com.ar\/2021\/cuidados-esenciales-de-la-piel-correcto-uso-de-protector-solar-lentes-de-sol-y-sombra\/#breadcrumb\"},\"inLanguage\":\"es\",\"potentialAction\":[{\"@type\":\"ReadAction\",\"target\":[\"https:\/\/www.noticiasradioreflejos.com.ar\/2021\/cuidados-esenciales-de-la-piel-correcto-uso-de-protector-solar-lentes-de-sol-y-sombra\/\"]}]},{\"@type\":\"ImageObject\",\"inLanguage\":\"es\",\"@id\":\"https:\/\/www.noticiasradioreflejos.com.ar\/2021\/cuidados-esenciales-de-la-piel-correcto-uso-de-protector-solar-lentes-de-sol-y-sombra\/#primaryimage\",\"url\":\"https:\/\/www.noticiasradioreflejos.com.ar\/2021\/wp-content\/uploads\/2024\/01\/prote-solar.jpg\",\"contentUrl\":\"https:\/\/www.noticiasradioreflejos.com.ar\/2021\/wp-content\/uploads\/2024\/01\/prote-solar.jpg\",\"width\":1004,\"height\":565},{\"@type\":\"BreadcrumbList\",\"@id\":\"https:\/\/www.noticiasradioreflejos.com.ar\/2021\/cuidados-esenciales-de-la-piel-correcto-uso-de-protector-solar-lentes-de-sol-y-sombra\/#breadcrumb\",\"itemListElement\":[{\"@type\":\"ListItem\",\"position\":1,\"name\":\"Portada\",\"item\":\"https:\/\/www.noticiasradioreflejos.com.ar\/2021\/\"},{\"@type\":\"ListItem\",\"position\":2,\"name\":\"Cuidados esenciales de la piel: correcto uso de protector solar, lentes de sol y sombra\"}]},{\"@type\":\"WebSite\",\"@id\":\"https:\/\/www.noticiasradioreflejos.com.ar\/2021\/#website\",\"url\":\"https:\/\/www.noticiasradioreflejos.com.ar\/2021\/\",\"name\":\"Noticias Radio Reflejos\",\"description\":\"Las noticias de mi comarca\",\"potentialAction\":[{\"@type\":\"SearchAction\",\"target\":{\"@type\":\"EntryPoint\",\"urlTemplate\":\"https:\/\/www.noticiasradioreflejos.com.ar\/2021\/?s={search_term_string}\"},\"query-input\":{\"@type\":\"PropertyValueSpecification\",\"valueRequired\":true,\"valueName\":\"search_term_string\"}}],\"inLanguage\":\"es\"},{\"@type\":\"Person\",\"@id\":\"https:\/\/www.noticiasradioreflejos.com.ar\/2021\/#\/schema\/person\/ad82545263dcc5ec0996818884fd5fb1\",\"name\":\"Arnaldo Botto\",\"image\":{\"@type\":\"ImageObject\",\"inLanguage\":\"es\",\"@id\":\"https:\/\/www.noticiasradioreflejos.com.ar\/2021\/#\/schema\/person\/image\/\",\"url\":\"https:\/\/secure.gravatar.com\/avatar\/55cb5e37c1efa326397366e6974cb338056df65cb50e7d64d1cf314e87504837?s=96&d=mm&r=g\",\"contentUrl\":\"https:\/\/secure.gravatar.com\/avatar\/55cb5e37c1efa326397366e6974cb338056df65cb50e7d64d1cf314e87504837?s=96&d=mm&r=g\",\"caption\":\"Arnaldo Botto\"},\"url\":\"https:\/\/www.noticiasradioreflejos.com.ar\/2021\/author\/arnaldo\/\"}]}<\/script>\n<!-- \/ Yoast SEO plugin. -->","yoast_head_json":{"title":"Cuidados esenciales de la piel: correcto uso de protector solar, lentes de sol y sombra - Noticias Radio Reflejos","robots":{"index":"index","follow":"follow","max-snippet":"max-snippet:-1","max-image-preview":"max-image-preview:large","max-video-preview":"max-video-preview:-1"},"canonical":"https:\/\/www.noticiasradioreflejos.com.ar\/2021\/cuidados-esenciales-de-la-piel-correcto-uso-de-protector-solar-lentes-de-sol-y-sombra\/","og_locale":"es_ES","og_type":"article","og_title":"Cuidados esenciales de la piel: correcto uso de protector solar, lentes de sol y sombra - Noticias Radio Reflejos","og_description":"La exposici\u00f3n a la radiaci\u00f3n UV sigue siendo \u00abel factor de riesgo m\u00e1s importante para el c\u00e1ncer de piel y factores relacionados con el cambio clim\u00e1tico pueden contribuir al aumento de casos\u00bb, inform\u00f3 el Hospital de Cl\u00ednicas.","og_url":"https:\/\/www.noticiasradioreflejos.com.ar\/2021\/cuidados-esenciales-de-la-piel-correcto-uso-de-protector-solar-lentes-de-sol-y-sombra\/","og_site_name":"Noticias Radio Reflejos","article_published_time":"2024-01-16T19:56:18+00:00","article_modified_time":"2024-01-16T19:57:28+00:00","og_image":[{"width":1004,"height":565,"url":"https:\/\/www.noticiasradioreflejos.com.ar\/2021\/wp-content\/uploads\/2024\/01\/prote-solar.jpg","type":"image\/jpeg"}],"author":"Arnaldo Botto","twitter_card":"summary_large_image","schema":{"@context":"https:\/\/schema.org","@graph":[{"@type":"WebPage","@id":"https:\/\/www.noticiasradioreflejos.com.ar\/2021\/cuidados-esenciales-de-la-piel-correcto-uso-de-protector-solar-lentes-de-sol-y-sombra\/","url":"https:\/\/www.noticiasradioreflejos.com.ar\/2021\/cuidados-esenciales-de-la-piel-correcto-uso-de-protector-solar-lentes-de-sol-y-sombra\/","name":"Cuidados esenciales de la piel: correcto uso de protector solar, lentes de sol y sombra - Noticias Radio Reflejos","isPartOf":{"@id":"https:\/\/www.noticiasradioreflejos.com.ar\/2021\/#website"},"primaryImageOfPage":{"@id":"https:\/\/www.noticiasradioreflejos.com.ar\/2021\/cuidados-esenciales-de-la-piel-correcto-uso-de-protector-solar-lentes-de-sol-y-sombra\/#primaryimage"},"image":{"@id":"https:\/\/www.noticiasradioreflejos.com.ar\/2021\/cuidados-esenciales-de-la-piel-correcto-uso-de-protector-solar-lentes-de-sol-y-sombra\/#primaryimage"},"thumbnailUrl":"https:\/\/www.noticiasradioreflejos.com.ar\/2021\/wp-content\/uploads\/2024\/01\/prote-solar.jpg","datePublished":"2024-01-16T19:56:18+00:00","dateModified":"2024-01-16T19:57:28+00:00","author":{"@id":"https:\/\/www.noticiasradioreflejos.com.ar\/2021\/#\/schema\/person\/ad82545263dcc5ec0996818884fd5fb1"},"breadcrumb":{"@id":"https:\/\/www.noticiasradioreflejos.com.ar\/2021\/cuidados-esenciales-de-la-piel-correcto-uso-de-protector-solar-lentes-de-sol-y-sombra\/#breadcrumb"},"inLanguage":"es","potentialAction":[{"@type":"ReadAction","target":["https:\/\/www.noticiasradioreflejos.com.ar\/2021\/cuidados-esenciales-de-la-piel-correcto-uso-de-protector-solar-lentes-de-sol-y-sombra\/"]}]},{"@type":"ImageObject","inLanguage":"es","@id":"https:\/\/www.noticiasradioreflejos.com.ar\/2021\/cuidados-esenciales-de-la-piel-correcto-uso-de-protector-solar-lentes-de-sol-y-sombra\/#primaryimage","url":"https:\/\/www.noticiasradioreflejos.com.ar\/2021\/wp-content\/uploads\/2024\/01\/prote-solar.jpg","contentUrl":"https:\/\/www.noticiasradioreflejos.com.ar\/2021\/wp-content\/uploads\/2024\/01\/prote-solar.jpg","width":1004,"height":565},{"@type":"BreadcrumbList","@id":"https:\/\/www.noticiasradioreflejos.com.ar\/2021\/cuidados-esenciales-de-la-piel-correcto-uso-de-protector-solar-lentes-de-sol-y-sombra\/#breadcrumb","itemListElement":[{"@type":"ListItem","position":1,"name":"Portada","item":"https:\/\/www.noticiasradioreflejos.com.ar\/2021\/"},{"@type":"ListItem","position":2,"name":"Cuidados esenciales de la piel: correcto uso de protector solar, lentes de sol y sombra"}]},{"@type":"WebSite","@id":"https:\/\/www.noticiasradioreflejos.com.ar\/2021\/#website","url":"https:\/\/www.noticiasradioreflejos.com.ar\/2021\/","name":"Noticias Radio Reflejos","description":"Las noticias de mi comarca","potentialAction":[{"@type":"SearchAction","target":{"@type":"EntryPoint","urlTemplate":"https:\/\/www.noticiasradioreflejos.com.ar\/2021\/?s={search_term_string}"},"query-input":{"@type":"PropertyValueSpecification","valueRequired":true,"valueName":"search_term_string"}}],"inLanguage":"es"},{"@type":"Person","@id":"https:\/\/www.noticiasradioreflejos.com.ar\/2021\/#\/schema\/person\/ad82545263dcc5ec0996818884fd5fb1","name":"Arnaldo Botto","image":{"@type":"ImageObject","inLanguage":"es","@id":"https:\/\/www.noticiasradioreflejos.com.ar\/2021\/#\/schema\/person\/image\/","url":"https:\/\/secure.gravatar.com\/avatar\/55cb5e37c1efa326397366e6974cb338056df65cb50e7d64d1cf314e87504837?s=96&d=mm&r=g","contentUrl":"https:\/\/secure.gravatar.com\/avatar\/55cb5e37c1efa326397366e6974cb338056df65cb50e7d64d1cf314e87504837?s=96&d=mm&r=g","caption":"Arnaldo Botto"},"url":"https:\/\/www.noticiasradioreflejos.com.ar\/2021\/author\/arnaldo\/"}]}},"_links":{"self":[{"href":"https:\/\/www.noticiasradioreflejos.com.ar\/2021\/wp-json\/wp\/v2\/posts\/97783","targetHints":{"allow":["GET"]}}],"collection":[{"href":"https:\/\/www.noticiasradioreflejos.com.ar\/2021\/wp-json\/wp\/v2\/posts"}],"about":[{"href":"https:\/\/www.noticiasradioreflejos.com.ar\/2021\/wp-json\/wp\/v2\/types\/post"}],"author":[{"embeddable":true,"href":"https:\/\/www.noticiasradioreflejos.com.ar\/2021\/wp-json\/wp\/v2\/users\/3"}],"replies":[{"embeddable":true,"href":"https:\/\/www.noticiasradioreflejos.com.ar\/2021\/wp-json\/wp\/v2\/comments?post=97783"}],"version-history":[{"count":2,"href":"https:\/\/www.noticiasradioreflejos.com.ar\/2021\/wp-json\/wp\/v2\/posts\/97783\/revisions"}],"predecessor-version":[{"id":97786,"href":"https:\/\/www.noticiasradioreflejos.com.ar\/2021\/wp-json\/wp\/v2\/posts\/97783\/revisions\/97786"}],"wp:featuredmedia":[{"embeddable":true,"href":"https:\/\/www.noticiasradioreflejos.com.ar\/2021\/wp-json\/wp\/v2\/media\/97784"}],"wp:attachment":[{"href":"https:\/\/www.noticiasradioreflejos.com.ar\/2021\/wp-json\/wp\/v2\/media?parent=97783"}],"wp:term":[{"taxonomy":"category","embeddable":true,"href":"https:\/\/www.noticiasradioreflejos.com.ar\/2021\/wp-json\/wp\/v2\/categories?post=97783"},{"taxonomy":"post_tag","embeddable":true,"href":"https:\/\/www.noticiasradioreflejos.com.ar\/2021\/wp-json\/wp\/v2\/tags?post=97783"}],"curies":[{"name":"wp","href":"https:\/\/api.w.org\/{rel}","templated":true}]}}