{"id":97773,"date":"2024-01-16T16:43:43","date_gmt":"2024-01-16T19:43:43","guid":{"rendered":"https:\/\/www.noticiasradioreflejos.com.ar\/2021\/?p=97773"},"modified":"2024-01-16T16:43:43","modified_gmt":"2024-01-16T19:43:43","slug":"anses-nueva-metodologia-de-valuacion-del-fgs-e-informes-mensuales","status":"publish","type":"post","link":"https:\/\/www.noticiasradioreflejos.com.ar\/2021\/anses-nueva-metodologia-de-valuacion-del-fgs-e-informes-mensuales\/","title":{"rendered":"ANSES: Nueva metodolog\u00eda de valuaci\u00f3n del FGS e informes mensuales"},"content":{"rendered":"<p>Con el objetivo de otorgar mayor transparencia y facilitar el acceso a la informaci\u00f3n p\u00fablica de todos los ciudadanos, a partir de enero la ANSES informa la valuaci\u00f3n de los activos del Fondo de Garant\u00eda de Sustentabilidad (FGS) de manera mensual y con una nueva metodolog\u00eda de valuaci\u00f3n regida por valores t\u00e9cnicos de mercado, lo que otorga mayor transparencia.<\/p>\n<p>Los informes mensuales con el nuevo criterio est\u00e1n disponibles para todas las personas y son de f\u00e1cil acceso a trav\u00e9s del sitio <a href=\"https:\/\/fgs.anses.gob.ar\/subseccion\/informes-3\" rel=\"noopener\" target=\"_blank\">https:\/\/fgs.anses.gob.ar\/subseccion\/informes-3<\/a>.<\/p>\n<p>Durante la gesti\u00f3n anterior (2019-2023) se defini\u00f3 informar el valor del fondo de inversi\u00f3n tomando como referencia la cotizaci\u00f3n del d\u00f3lar al cambio oficial del tipo comprador del Banco de la Naci\u00f3n Argentina.<\/p>\n<p>Los datos eran publicados en informes trimestrales que, dada la particular situaci\u00f3n de la econom\u00eda del pa\u00eds y con la intensificaci\u00f3n del cepo cambiario, el d\u00f3lar oficial perdi\u00f3 representatividad e impidi\u00f3 mostrar con veracidad el valor real del fondo, toda vez que, por momentos existi\u00f3 una brecha de m\u00e1s del 200 por ciento del monto respecto de otras cotizaciones.<\/p>\n<p>Es importante tener en cuenta que los criterios y metodolog\u00edas de valuaci\u00f3n de los activos los define el Comit\u00e9 Ejecutivo del FGS, as\u00ed como tambi\u00e9n el cambio en la metodolog\u00eda; y que el Fondo est\u00e1 sujeto a los siguientes organismos de control internos y externos del Sector P\u00fablico Nacional:<\/p>\n<p>&#8211;      Un \u00e1rea de control interna propia<\/p>\n<p>&#8211;      El Consejo del FGS<\/p>\n<p>&#8211;      La Comisi\u00f3n Bicameral de Control de los Fondos de Seguridad Social<\/p>\n<p>&#8211;      La Sindicatura General de la Naci\u00f3n<\/p>\n<p>&#8211;      La Auditor\u00eda General de la Naci\u00f3n<\/p>\n<p>&#8211;      La Defensor\u00eda del Pueblo de la Naci\u00f3n<\/p>\n","protected":false},"excerpt":{"rendered":"<p>Con el objetivo de otorgar mayor transparencia y facilitar el acceso a la informaci\u00f3n p\u00fablica de todos los ciudadanos, a partir de enero la ANSES informa la valuaci\u00f3n de los activos del Fondo de Garant\u00eda de Sustentabilidad (FGS) de manera mensual y con una nueva metodolog\u00eda de valuaci\u00f3n regida por valores t\u00e9cnicos de mercado, lo [&hellip;]<\/p>\n","protected":false},"author":3,"featured_media":97776,"comment_status":"closed","ping_status":"closed","sticky":false,"template":"","format":"standard","meta":{"footnotes":""},"categories":[36],"tags":[],"class_list":["post-97773","post","type-post","status-publish","format-standard","has-post-thumbnail","hentry","category-economia"],"yoast_head":"<!-- This site is optimized with the Yoast SEO plugin v25.9 - https:\/\/yoast.com\/wordpress\/plugins\/seo\/ -->\n<title>ANSES: Nueva metodolog\u00eda de valuaci\u00f3n del FGS e informes mensuales - Noticias Radio Reflejos<\/title>\n<meta name=\"robots\" content=\"index, follow, max-snippet:-1, max-image-preview:large, max-video-preview:-1\" \/>\n<link rel=\"canonical\" href=\"https:\/\/www.noticiasradioreflejos.com.ar\/2021\/anses-nueva-metodologia-de-valuacion-del-fgs-e-informes-mensuales\/\" \/>\n<meta property=\"og:locale\" content=\"es_ES\" \/>\n<meta property=\"og:type\" content=\"article\" \/>\n<meta property=\"og:title\" content=\"ANSES: Nueva metodolog\u00eda de valuaci\u00f3n del FGS e informes mensuales - Noticias Radio Reflejos\" \/>\n<meta property=\"og:description\" content=\"Con el objetivo de otorgar mayor transparencia y facilitar el acceso a la informaci\u00f3n p\u00fablica de todos los ciudadanos, a partir de enero la ANSES informa la valuaci\u00f3n de los activos del Fondo de Garant\u00eda de Sustentabilidad (FGS) de manera mensual y con una nueva metodolog\u00eda de valuaci\u00f3n regida por valores t\u00e9cnicos de mercado, lo [&hellip;]\" \/>\n<meta property=\"og:url\" content=\"https:\/\/www.noticiasradioreflejos.com.ar\/2021\/anses-nueva-metodologia-de-valuacion-del-fgs-e-informes-mensuales\/\" \/>\n<meta property=\"og:site_name\" content=\"Noticias Radio Reflejos\" \/>\n<meta property=\"article:published_time\" content=\"2024-01-16T19:43:43+00:00\" \/>\n<meta property=\"og:image\" content=\"https:\/\/www.noticiasradioreflejos.com.ar\/2021\/wp-content\/uploads\/2024\/01\/edificio_fgs.jpeg\" \/>\n\t<meta property=\"og:image:width\" content=\"1600\" \/>\n\t<meta property=\"og:image:height\" content=\"1066\" \/>\n\t<meta property=\"og:image:type\" content=\"image\/jpeg\" \/>\n<meta name=\"author\" content=\"Arnaldo Botto\" \/>\n<meta name=\"twitter:card\" content=\"summary_large_image\" \/>\n<script type=\"application\/ld+json\" class=\"yoast-schema-graph\">{\"@context\":\"https:\/\/schema.org\",\"@graph\":[{\"@type\":\"WebPage\",\"@id\":\"https:\/\/www.noticiasradioreflejos.com.ar\/2021\/anses-nueva-metodologia-de-valuacion-del-fgs-e-informes-mensuales\/\",\"url\":\"https:\/\/www.noticiasradioreflejos.com.ar\/2021\/anses-nueva-metodologia-de-valuacion-del-fgs-e-informes-mensuales\/\",\"name\":\"ANSES: Nueva metodolog\u00eda de valuaci\u00f3n del FGS e informes mensuales - Noticias Radio Reflejos\",\"isPartOf\":{\"@id\":\"https:\/\/www.noticiasradioreflejos.com.ar\/2021\/#website\"},\"primaryImageOfPage\":{\"@id\":\"https:\/\/www.noticiasradioreflejos.com.ar\/2021\/anses-nueva-metodologia-de-valuacion-del-fgs-e-informes-mensuales\/#primaryimage\"},\"image\":{\"@id\":\"https:\/\/www.noticiasradioreflejos.com.ar\/2021\/anses-nueva-metodologia-de-valuacion-del-fgs-e-informes-mensuales\/#primaryimage\"},\"thumbnailUrl\":\"https:\/\/www.noticiasradioreflejos.com.ar\/2021\/wp-content\/uploads\/2024\/01\/edificio_fgs.jpeg\",\"datePublished\":\"2024-01-16T19:43:43+00:00\",\"author\":{\"@id\":\"https:\/\/www.noticiasradioreflejos.com.ar\/2021\/#\/schema\/person\/ad82545263dcc5ec0996818884fd5fb1\"},\"breadcrumb\":{\"@id\":\"https:\/\/www.noticiasradioreflejos.com.ar\/2021\/anses-nueva-metodologia-de-valuacion-del-fgs-e-informes-mensuales\/#breadcrumb\"},\"inLanguage\":\"es\",\"potentialAction\":[{\"@type\":\"ReadAction\",\"target\":[\"https:\/\/www.noticiasradioreflejos.com.ar\/2021\/anses-nueva-metodologia-de-valuacion-del-fgs-e-informes-mensuales\/\"]}]},{\"@type\":\"ImageObject\",\"inLanguage\":\"es\",\"@id\":\"https:\/\/www.noticiasradioreflejos.com.ar\/2021\/anses-nueva-metodologia-de-valuacion-del-fgs-e-informes-mensuales\/#primaryimage\",\"url\":\"https:\/\/www.noticiasradioreflejos.com.ar\/2021\/wp-content\/uploads\/2024\/01\/edificio_fgs.jpeg\",\"contentUrl\":\"https:\/\/www.noticiasradioreflejos.com.ar\/2021\/wp-content\/uploads\/2024\/01\/edificio_fgs.jpeg\",\"width\":1600,\"height\":1066},{\"@type\":\"BreadcrumbList\",\"@id\":\"https:\/\/www.noticiasradioreflejos.com.ar\/2021\/anses-nueva-metodologia-de-valuacion-del-fgs-e-informes-mensuales\/#breadcrumb\",\"itemListElement\":[{\"@type\":\"ListItem\",\"position\":1,\"name\":\"Portada\",\"item\":\"https:\/\/www.noticiasradioreflejos.com.ar\/2021\/\"},{\"@type\":\"ListItem\",\"position\":2,\"name\":\"ANSES: Nueva metodolog\u00eda de valuaci\u00f3n del FGS e informes mensuales\"}]},{\"@type\":\"WebSite\",\"@id\":\"https:\/\/www.noticiasradioreflejos.com.ar\/2021\/#website\",\"url\":\"https:\/\/www.noticiasradioreflejos.com.ar\/2021\/\",\"name\":\"Noticias Radio Reflejos\",\"description\":\"Las noticias de mi comarca\",\"potentialAction\":[{\"@type\":\"SearchAction\",\"target\":{\"@type\":\"EntryPoint\",\"urlTemplate\":\"https:\/\/www.noticiasradioreflejos.com.ar\/2021\/?s={search_term_string}\"},\"query-input\":{\"@type\":\"PropertyValueSpecification\",\"valueRequired\":true,\"valueName\":\"search_term_string\"}}],\"inLanguage\":\"es\"},{\"@type\":\"Person\",\"@id\":\"https:\/\/www.noticiasradioreflejos.com.ar\/2021\/#\/schema\/person\/ad82545263dcc5ec0996818884fd5fb1\",\"name\":\"Arnaldo Botto\",\"image\":{\"@type\":\"ImageObject\",\"inLanguage\":\"es\",\"@id\":\"https:\/\/www.noticiasradioreflejos.com.ar\/2021\/#\/schema\/person\/image\/\",\"url\":\"https:\/\/secure.gravatar.com\/avatar\/55cb5e37c1efa326397366e6974cb338056df65cb50e7d64d1cf314e87504837?s=96&d=mm&r=g\",\"contentUrl\":\"https:\/\/secure.gravatar.com\/avatar\/55cb5e37c1efa326397366e6974cb338056df65cb50e7d64d1cf314e87504837?s=96&d=mm&r=g\",\"caption\":\"Arnaldo Botto\"},\"url\":\"https:\/\/www.noticiasradioreflejos.com.ar\/2021\/author\/arnaldo\/\"}]}<\/script>\n<!-- \/ Yoast SEO plugin. -->","yoast_head_json":{"title":"ANSES: Nueva metodolog\u00eda de valuaci\u00f3n del FGS e informes mensuales - Noticias Radio Reflejos","robots":{"index":"index","follow":"follow","max-snippet":"max-snippet:-1","max-image-preview":"max-image-preview:large","max-video-preview":"max-video-preview:-1"},"canonical":"https:\/\/www.noticiasradioreflejos.com.ar\/2021\/anses-nueva-metodologia-de-valuacion-del-fgs-e-informes-mensuales\/","og_locale":"es_ES","og_type":"article","og_title":"ANSES: Nueva metodolog\u00eda de valuaci\u00f3n del FGS e informes mensuales - Noticias Radio Reflejos","og_description":"Con el objetivo de otorgar mayor transparencia y facilitar el acceso a la informaci\u00f3n p\u00fablica de todos los ciudadanos, a partir de enero la ANSES informa la valuaci\u00f3n de los activos del Fondo de Garant\u00eda de Sustentabilidad (FGS) de manera mensual y con una nueva metodolog\u00eda de valuaci\u00f3n regida por valores t\u00e9cnicos de mercado, lo [&hellip;]","og_url":"https:\/\/www.noticiasradioreflejos.com.ar\/2021\/anses-nueva-metodologia-de-valuacion-del-fgs-e-informes-mensuales\/","og_site_name":"Noticias Radio Reflejos","article_published_time":"2024-01-16T19:43:43+00:00","og_image":[{"width":1600,"height":1066,"url":"https:\/\/www.noticiasradioreflejos.com.ar\/2021\/wp-content\/uploads\/2024\/01\/edificio_fgs.jpeg","type":"image\/jpeg"}],"author":"Arnaldo Botto","twitter_card":"summary_large_image","schema":{"@context":"https:\/\/schema.org","@graph":[{"@type":"WebPage","@id":"https:\/\/www.noticiasradioreflejos.com.ar\/2021\/anses-nueva-metodologia-de-valuacion-del-fgs-e-informes-mensuales\/","url":"https:\/\/www.noticiasradioreflejos.com.ar\/2021\/anses-nueva-metodologia-de-valuacion-del-fgs-e-informes-mensuales\/","name":"ANSES: Nueva metodolog\u00eda de valuaci\u00f3n del FGS e informes mensuales - Noticias Radio Reflejos","isPartOf":{"@id":"https:\/\/www.noticiasradioreflejos.com.ar\/2021\/#website"},"primaryImageOfPage":{"@id":"https:\/\/www.noticiasradioreflejos.com.ar\/2021\/anses-nueva-metodologia-de-valuacion-del-fgs-e-informes-mensuales\/#primaryimage"},"image":{"@id":"https:\/\/www.noticiasradioreflejos.com.ar\/2021\/anses-nueva-metodologia-de-valuacion-del-fgs-e-informes-mensuales\/#primaryimage"},"thumbnailUrl":"https:\/\/www.noticiasradioreflejos.com.ar\/2021\/wp-content\/uploads\/2024\/01\/edificio_fgs.jpeg","datePublished":"2024-01-16T19:43:43+00:00","author":{"@id":"https:\/\/www.noticiasradioreflejos.com.ar\/2021\/#\/schema\/person\/ad82545263dcc5ec0996818884fd5fb1"},"breadcrumb":{"@id":"https:\/\/www.noticiasradioreflejos.com.ar\/2021\/anses-nueva-metodologia-de-valuacion-del-fgs-e-informes-mensuales\/#breadcrumb"},"inLanguage":"es","potentialAction":[{"@type":"ReadAction","target":["https:\/\/www.noticiasradioreflejos.com.ar\/2021\/anses-nueva-metodologia-de-valuacion-del-fgs-e-informes-mensuales\/"]}]},{"@type":"ImageObject","inLanguage":"es","@id":"https:\/\/www.noticiasradioreflejos.com.ar\/2021\/anses-nueva-metodologia-de-valuacion-del-fgs-e-informes-mensuales\/#primaryimage","url":"https:\/\/www.noticiasradioreflejos.com.ar\/2021\/wp-content\/uploads\/2024\/01\/edificio_fgs.jpeg","contentUrl":"https:\/\/www.noticiasradioreflejos.com.ar\/2021\/wp-content\/uploads\/2024\/01\/edificio_fgs.jpeg","width":1600,"height":1066},{"@type":"BreadcrumbList","@id":"https:\/\/www.noticiasradioreflejos.com.ar\/2021\/anses-nueva-metodologia-de-valuacion-del-fgs-e-informes-mensuales\/#breadcrumb","itemListElement":[{"@type":"ListItem","position":1,"name":"Portada","item":"https:\/\/www.noticiasradioreflejos.com.ar\/2021\/"},{"@type":"ListItem","position":2,"name":"ANSES: Nueva metodolog\u00eda de valuaci\u00f3n del FGS e informes mensuales"}]},{"@type":"WebSite","@id":"https:\/\/www.noticiasradioreflejos.com.ar\/2021\/#website","url":"https:\/\/www.noticiasradioreflejos.com.ar\/2021\/","name":"Noticias Radio Reflejos","description":"Las noticias de mi comarca","potentialAction":[{"@type":"SearchAction","target":{"@type":"EntryPoint","urlTemplate":"https:\/\/www.noticiasradioreflejos.com.ar\/2021\/?s={search_term_string}"},"query-input":{"@type":"PropertyValueSpecification","valueRequired":true,"valueName":"search_term_string"}}],"inLanguage":"es"},{"@type":"Person","@id":"https:\/\/www.noticiasradioreflejos.com.ar\/2021\/#\/schema\/person\/ad82545263dcc5ec0996818884fd5fb1","name":"Arnaldo Botto","image":{"@type":"ImageObject","inLanguage":"es","@id":"https:\/\/www.noticiasradioreflejos.com.ar\/2021\/#\/schema\/person\/image\/","url":"https:\/\/secure.gravatar.com\/avatar\/55cb5e37c1efa326397366e6974cb338056df65cb50e7d64d1cf314e87504837?s=96&d=mm&r=g","contentUrl":"https:\/\/secure.gravatar.com\/avatar\/55cb5e37c1efa326397366e6974cb338056df65cb50e7d64d1cf314e87504837?s=96&d=mm&r=g","caption":"Arnaldo Botto"},"url":"https:\/\/www.noticiasradioreflejos.com.ar\/2021\/author\/arnaldo\/"}]}},"_links":{"self":[{"href":"https:\/\/www.noticiasradioreflejos.com.ar\/2021\/wp-json\/wp\/v2\/posts\/97773","targetHints":{"allow":["GET"]}}],"collection":[{"href":"https:\/\/www.noticiasradioreflejos.com.ar\/2021\/wp-json\/wp\/v2\/posts"}],"about":[{"href":"https:\/\/www.noticiasradioreflejos.com.ar\/2021\/wp-json\/wp\/v2\/types\/post"}],"author":[{"embeddable":true,"href":"https:\/\/www.noticiasradioreflejos.com.ar\/2021\/wp-json\/wp\/v2\/users\/3"}],"replies":[{"embeddable":true,"href":"https:\/\/www.noticiasradioreflejos.com.ar\/2021\/wp-json\/wp\/v2\/comments?post=97773"}],"version-history":[{"count":1,"href":"https:\/\/www.noticiasradioreflejos.com.ar\/2021\/wp-json\/wp\/v2\/posts\/97773\/revisions"}],"predecessor-version":[{"id":97778,"href":"https:\/\/www.noticiasradioreflejos.com.ar\/2021\/wp-json\/wp\/v2\/posts\/97773\/revisions\/97778"}],"wp:featuredmedia":[{"embeddable":true,"href":"https:\/\/www.noticiasradioreflejos.com.ar\/2021\/wp-json\/wp\/v2\/media\/97776"}],"wp:attachment":[{"href":"https:\/\/www.noticiasradioreflejos.com.ar\/2021\/wp-json\/wp\/v2\/media?parent=97773"}],"wp:term":[{"taxonomy":"category","embeddable":true,"href":"https:\/\/www.noticiasradioreflejos.com.ar\/2021\/wp-json\/wp\/v2\/categories?post=97773"},{"taxonomy":"post_tag","embeddable":true,"href":"https:\/\/www.noticiasradioreflejos.com.ar\/2021\/wp-json\/wp\/v2\/tags?post=97773"}],"curies":[{"name":"wp","href":"https:\/\/api.w.org\/{rel}","templated":true}]}}