{"id":97648,"date":"2024-01-15T14:23:28","date_gmt":"2024-01-15T17:23:28","guid":{"rendered":"https:\/\/www.noticiasradioreflejos.com.ar\/2021\/?p=97648"},"modified":"2024-01-15T14:23:28","modified_gmt":"2024-01-15T17:23:28","slug":"la-afip-vigila-tus-compras-en-el-supermercado-hasta-que-monto-se-podra-gastar-sin-controles","status":"publish","type":"post","link":"https:\/\/www.noticiasradioreflejos.com.ar\/2021\/la-afip-vigila-tus-compras-en-el-supermercado-hasta-que-monto-se-podra-gastar-sin-controles\/","title":{"rendered":"La AFIP vigila tus compras en el supermercado: hasta qu\u00e9 monto se podr\u00e1 gastar sin controles"},"content":{"rendered":"<p>El organismo tributario modific\u00f3 las cifras para exigir documentaci\u00f3n a los contribuyentes; c\u00f3mo son los m\u00ednimos seg\u00fan la explicaci\u00f3n de los contadores.<!--more--><\/p>\n<div class=\"body-article\">\n<div class=\"visual__image\"><img loading=\"lazy\" decoding=\"async\" class=\" lazyload\" src=\"https:\/\/www.infobae.com\/new-resizer\/X2SldOEpldp5fP1Kuj_vQQLeouU=\/420x236\/filters:format(webp):quality(85)\/cloudfront-us-east-1.images.arcpublishing.com\/infobae\/X4H3HQY6CNA5XBY5YCYWWECXZI.jpg%20420w\" sizes=\"auto, (min-width: 1560px) 856px, (min-width: 1000px) calc(74.63vw - 293px), (min-width: 780px) calc(100vw - 376px), (min-width: 580px) calc(100vw - 32px), 100vw\" srcset=\"https:\/\/www.infobae.com\/new-resizer\/X2SldOEpldp5fP1Kuj_vQQLeouU=\/420x236\/filters:format(webp):quality(85)\/cloudfront-us-east-1.images.arcpublishing.com\/infobae\/X4H3HQY6CNA5XBY5YCYWWECXZI.jpg 420w,https:\/\/www.infobae.com\/new-resizer\/c_4CaKSjwInBqS7QiJ5eF1DbZ5E=\/768x432\/filters:format(webp):quality(85)\/cloudfront-us-east-1.images.arcpublishing.com\/infobae\/X4H3HQY6CNA5XBY5YCYWWECXZI.jpg 768w,https:\/\/www.infobae.com\/new-resizer\/0oO7nSObRYa6QsimknZPHl4oeww=\/992x558\/filters:format(webp):quality(85)\/cloudfront-us-east-1.images.arcpublishing.com\/infobae\/X4H3HQY6CNA5XBY5YCYWWECXZI.jpg 992w,https:\/\/www.infobae.com\/new-resizer\/weH4h_eire6x9zwuCxqUo4CwTOE=\/1200x675\/filters:format(webp):quality(85)\/cloudfront-us-east-1.images.arcpublishing.com\/infobae\/X4H3HQY6CNA5XBY5YCYWWECXZI.jpg 1200w,https:\/\/www.infobae.com\/new-resizer\/s8lREHkOM-4zm_2MfTayXtuUnmg=\/1440x810\/filters:format(webp):quality(85)\/cloudfront-us-east-1.images.arcpublishing.com\/infobae\/X4H3HQY6CNA5XBY5YCYWWECXZI.jpg 1440w\" alt=\"La AFIP vigila tus compras en el supermercado: hasta qu\u00e9 monto se podr\u00e1 gastar sin controles\" width=\"1920\" height=\"1080\" data-src=\"https:\/\/www.infobae.com\/new-resizer\/X2SldOEpldp5fP1Kuj_vQQLeouU=\/420x236\/filters:format(webp):quality(85)\/cloudfront-us-east-1.images.arcpublishing.com\/infobae\/X4H3HQY6CNA5XBY5YCYWWECXZI.jpg 420w\" \/><em>La AFIP vigila tus compras en el supermercado: hasta qu\u00e9 monto se podr\u00e1 gastar sin controles<\/em><\/div>\n<p data-mrf-recirculation=\"Links inline\">\n<p class=\"paragraph\" data-mrf-recirculation=\"Links inline\">La Administraci\u00f3n Federal de Ingresos P\u00fablicos (AFIP) actualiz\u00f3 los montos a partir de los cuales se exigir\u00e1 una identificaci\u00f3n a los compradores de bienes.<\/p>\n<p class=\"paragraph\" data-mrf-recirculation=\"Links inline\">Seg\u00fan explic\u00f3 el Blog del Contador, el organismo que conduce\u00a0<b>Florencia Misrahi<\/b>\u00a0\u201cactualiza el importe a partir del cual se deben identificar a los consumidores finales cuando se emitan tickets o facturas\u201d.<\/p>\n<p class=\"paragraph\" data-mrf-recirculation=\"Links inline\">\u201cDicho monto pasa de $92.720.- a $191.624.- cuando se trate de pagos a trav\u00e9s de medios electr\u00f3nicos. Cuando sea mediante pagos en efectivo o por otros medios de pago no electr\u00f3nicos, el monto a partir del cual se debe identificar al consumidor final ser\u00e1 $95.812.- (antes $46.360.-)\u201d, detall\u00f3.<\/p>\n<p class=\"paragraph\" data-mrf-recirculation=\"Links inline\">En tanto, el blog Contadores en Red indic\u00f3 que \u201cse actualiz\u00f3 a partir del 15 de enero de 2024 el importe de facturaci\u00f3n a consumidor final para identificar en las facturas por aplicaci\u00f3n de la actualizaci\u00f3n establecida en el<b>\u00a0RG 4444\/19\u2033<\/b>.<\/p>\n<p class=\"paragraph\" data-mrf-recirculation=\"Links inline\">\u201cCuando el receptor de la factura sea un consumidor final deber\u00e1n detallarse los siguientes datos, siempre que el importe de la operaci\u00f3n sea\u00a0<b>igual o superior a $ 191.624\u00a0<\/b>el importe se increment\u00f3 un 106,67%<b> (antes $\u00a092.720)\u201d, indic\u00f3.<\/b><\/p>\n<p class=\"paragraph\" data-mrf-recirculation=\"Links inline\"><b>Los datos a pedir son: A<\/b>pellido y nombre, Domicilio, CUIT \/ CUIL \/ CDI, en su caso, n\u00famero de documento de identidad (LE, LC, DNI o, en el supuesto de extranjeros, Pasaporte o CI).<\/p>\n<p class=\"paragraph\" data-mrf-recirculation=\"Links inline\">\u201cEl sistema \u201cComprobantes en L\u00ednea\u201d considera que la operaci\u00f3n fue realizada trav\u00e9s de medios electr\u00f3nicos cuando se marca en condiciones de venta, una de las siguientes opciones: Tarjeta de D\u00e9bito, Tarjeta de Cr\u00e9dito, Cuenta Corriente, Cheque y Tiquet.<\/p>\n<p class=\"paragraph\" data-mrf-recirculation=\"Links inline\">Adem\u00e1s, indic\u00f3 que \u201cla identificaci\u00f3n tambi\u00e9n se realizar\u00e1 cuando el importe de la operaci\u00f3n sea<b>\u00a0igual o superior a $ 95.812 (antes $ 46.360)\u00a0 y no se haya efectuado por alguno de los medios de pago electr\u00f3nicos autorizados<\/b>\u00a0(tarjetas de cr\u00e9dito, transferencias de pago instrumentadas mediante tarjetas de d\u00e9bito, tarjetas prepagas no bancarias u otros medios de pago equivalentes conforme normativa del Banco Central de la Rep\u00fablica Argentina)\u201d.<\/p>\n<p class=\"paragraph\" data-mrf-recirculation=\"Links inline\">\u201cEl sistema \u201cComprobantes en L\u00ednea\u201d considera que la operaci\u00f3n no fue realizada trav\u00e9s de medios electr\u00f3nicos cuando se marca en condiciones de venta, una de las siguientes opciones: Contado u Otra.<\/p>\n<p class=\"paragraph\" data-mrf-recirculation=\"Links inline\">\u201cEn el caso de operaciones efectuadas por responsables inscriptos frente al impuesto al valor agregado, cuya actividad principal corresponda a la comercializaci\u00f3n mayorista (industria manufacturera; comercio al por mayor y al por menor; reparaci\u00f3n de veh\u00edculos automotores y motocicletas), se exceptuar\u00e1 de identificar al cliente cuando la operaci\u00f3n sea igual o menor a<b>\u00a0$ 95.812<\/b>\u00a0 y el pago se efect\u00fae por alg\u00fan medio electr\u00f3nico autorizado\u201d, expres\u00f3.<\/p>\n<\/div>\n","protected":false},"excerpt":{"rendered":"<p>El organismo tributario modific\u00f3 las cifras para exigir documentaci\u00f3n a los contribuyentes; c\u00f3mo son los m\u00ednimos seg\u00fan la explicaci\u00f3n de los contadores.<\/p>\n","protected":false},"author":3,"featured_media":94186,"comment_status":"closed","ping_status":"closed","sticky":false,"template":"","format":"standard","meta":{"footnotes":""},"categories":[36],"tags":[],"class_list":["post-97648","post","type-post","status-publish","format-standard","has-post-thumbnail","hentry","category-economia"],"yoast_head":"<!-- This site is optimized with the Yoast SEO plugin v25.9 - https:\/\/yoast.com\/wordpress\/plugins\/seo\/ -->\n<title>La AFIP vigila tus compras en el supermercado: hasta qu\u00e9 monto se podr\u00e1 gastar sin controles - Noticias Radio Reflejos<\/title>\n<meta name=\"robots\" content=\"index, follow, max-snippet:-1, max-image-preview:large, max-video-preview:-1\" \/>\n<link rel=\"canonical\" href=\"https:\/\/www.noticiasradioreflejos.com.ar\/2021\/la-afip-vigila-tus-compras-en-el-supermercado-hasta-que-monto-se-podra-gastar-sin-controles\/\" \/>\n<meta property=\"og:locale\" content=\"es_ES\" \/>\n<meta property=\"og:type\" content=\"article\" \/>\n<meta property=\"og:title\" content=\"La AFIP vigila tus compras en el supermercado: hasta qu\u00e9 monto se podr\u00e1 gastar sin controles - Noticias Radio Reflejos\" \/>\n<meta property=\"og:description\" content=\"El organismo tributario modific\u00f3 las cifras para exigir documentaci\u00f3n a los contribuyentes; c\u00f3mo son los m\u00ednimos seg\u00fan la explicaci\u00f3n de los contadores.\" \/>\n<meta property=\"og:url\" content=\"https:\/\/www.noticiasradioreflejos.com.ar\/2021\/la-afip-vigila-tus-compras-en-el-supermercado-hasta-que-monto-se-podra-gastar-sin-controles\/\" \/>\n<meta property=\"og:site_name\" content=\"Noticias Radio Reflejos\" \/>\n<meta property=\"article:published_time\" content=\"2024-01-15T17:23:28+00:00\" \/>\n<meta property=\"og:image\" content=\"https:\/\/www.noticiasradioreflejos.com.ar\/2021\/wp-content\/uploads\/2023\/10\/afip-aduana.jpeg\" \/>\n\t<meta property=\"og:image:width\" content=\"1200\" \/>\n\t<meta property=\"og:image:height\" content=\"675\" \/>\n\t<meta property=\"og:image:type\" content=\"image\/jpeg\" \/>\n<meta name=\"author\" content=\"Arnaldo Botto\" \/>\n<meta name=\"twitter:card\" content=\"summary_large_image\" \/>\n<script type=\"application\/ld+json\" class=\"yoast-schema-graph\">{\"@context\":\"https:\/\/schema.org\",\"@graph\":[{\"@type\":\"WebPage\",\"@id\":\"https:\/\/www.noticiasradioreflejos.com.ar\/2021\/la-afip-vigila-tus-compras-en-el-supermercado-hasta-que-monto-se-podra-gastar-sin-controles\/\",\"url\":\"https:\/\/www.noticiasradioreflejos.com.ar\/2021\/la-afip-vigila-tus-compras-en-el-supermercado-hasta-que-monto-se-podra-gastar-sin-controles\/\",\"name\":\"La AFIP vigila tus compras en el supermercado: hasta qu\u00e9 monto se podr\u00e1 gastar sin controles - Noticias Radio Reflejos\",\"isPartOf\":{\"@id\":\"https:\/\/www.noticiasradioreflejos.com.ar\/2021\/#website\"},\"primaryImageOfPage\":{\"@id\":\"https:\/\/www.noticiasradioreflejos.com.ar\/2021\/la-afip-vigila-tus-compras-en-el-supermercado-hasta-que-monto-se-podra-gastar-sin-controles\/#primaryimage\"},\"image\":{\"@id\":\"https:\/\/www.noticiasradioreflejos.com.ar\/2021\/la-afip-vigila-tus-compras-en-el-supermercado-hasta-que-monto-se-podra-gastar-sin-controles\/#primaryimage\"},\"thumbnailUrl\":\"https:\/\/www.noticiasradioreflejos.com.ar\/2021\/wp-content\/uploads\/2023\/10\/afip-aduana.jpeg\",\"datePublished\":\"2024-01-15T17:23:28+00:00\",\"author\":{\"@id\":\"https:\/\/www.noticiasradioreflejos.com.ar\/2021\/#\/schema\/person\/ad82545263dcc5ec0996818884fd5fb1\"},\"breadcrumb\":{\"@id\":\"https:\/\/www.noticiasradioreflejos.com.ar\/2021\/la-afip-vigila-tus-compras-en-el-supermercado-hasta-que-monto-se-podra-gastar-sin-controles\/#breadcrumb\"},\"inLanguage\":\"es\",\"potentialAction\":[{\"@type\":\"ReadAction\",\"target\":[\"https:\/\/www.noticiasradioreflejos.com.ar\/2021\/la-afip-vigila-tus-compras-en-el-supermercado-hasta-que-monto-se-podra-gastar-sin-controles\/\"]}]},{\"@type\":\"ImageObject\",\"inLanguage\":\"es\",\"@id\":\"https:\/\/www.noticiasradioreflejos.com.ar\/2021\/la-afip-vigila-tus-compras-en-el-supermercado-hasta-que-monto-se-podra-gastar-sin-controles\/#primaryimage\",\"url\":\"https:\/\/www.noticiasradioreflejos.com.ar\/2021\/wp-content\/uploads\/2023\/10\/afip-aduana.jpeg\",\"contentUrl\":\"https:\/\/www.noticiasradioreflejos.com.ar\/2021\/wp-content\/uploads\/2023\/10\/afip-aduana.jpeg\",\"width\":1200,\"height\":675},{\"@type\":\"BreadcrumbList\",\"@id\":\"https:\/\/www.noticiasradioreflejos.com.ar\/2021\/la-afip-vigila-tus-compras-en-el-supermercado-hasta-que-monto-se-podra-gastar-sin-controles\/#breadcrumb\",\"itemListElement\":[{\"@type\":\"ListItem\",\"position\":1,\"name\":\"Portada\",\"item\":\"https:\/\/www.noticiasradioreflejos.com.ar\/2021\/\"},{\"@type\":\"ListItem\",\"position\":2,\"name\":\"La AFIP vigila tus compras en el supermercado: hasta qu\u00e9 monto se podr\u00e1 gastar sin controles\"}]},{\"@type\":\"WebSite\",\"@id\":\"https:\/\/www.noticiasradioreflejos.com.ar\/2021\/#website\",\"url\":\"https:\/\/www.noticiasradioreflejos.com.ar\/2021\/\",\"name\":\"Noticias Radio Reflejos\",\"description\":\"Las noticias de mi comarca\",\"potentialAction\":[{\"@type\":\"SearchAction\",\"target\":{\"@type\":\"EntryPoint\",\"urlTemplate\":\"https:\/\/www.noticiasradioreflejos.com.ar\/2021\/?s={search_term_string}\"},\"query-input\":{\"@type\":\"PropertyValueSpecification\",\"valueRequired\":true,\"valueName\":\"search_term_string\"}}],\"inLanguage\":\"es\"},{\"@type\":\"Person\",\"@id\":\"https:\/\/www.noticiasradioreflejos.com.ar\/2021\/#\/schema\/person\/ad82545263dcc5ec0996818884fd5fb1\",\"name\":\"Arnaldo Botto\",\"image\":{\"@type\":\"ImageObject\",\"inLanguage\":\"es\",\"@id\":\"https:\/\/www.noticiasradioreflejos.com.ar\/2021\/#\/schema\/person\/image\/\",\"url\":\"https:\/\/secure.gravatar.com\/avatar\/55cb5e37c1efa326397366e6974cb338056df65cb50e7d64d1cf314e87504837?s=96&d=mm&r=g\",\"contentUrl\":\"https:\/\/secure.gravatar.com\/avatar\/55cb5e37c1efa326397366e6974cb338056df65cb50e7d64d1cf314e87504837?s=96&d=mm&r=g\",\"caption\":\"Arnaldo Botto\"},\"url\":\"https:\/\/www.noticiasradioreflejos.com.ar\/2021\/author\/arnaldo\/\"}]}<\/script>\n<!-- \/ Yoast SEO plugin. -->","yoast_head_json":{"title":"La AFIP vigila tus compras en el supermercado: hasta qu\u00e9 monto se podr\u00e1 gastar sin controles - Noticias Radio Reflejos","robots":{"index":"index","follow":"follow","max-snippet":"max-snippet:-1","max-image-preview":"max-image-preview:large","max-video-preview":"max-video-preview:-1"},"canonical":"https:\/\/www.noticiasradioreflejos.com.ar\/2021\/la-afip-vigila-tus-compras-en-el-supermercado-hasta-que-monto-se-podra-gastar-sin-controles\/","og_locale":"es_ES","og_type":"article","og_title":"La AFIP vigila tus compras en el supermercado: hasta qu\u00e9 monto se podr\u00e1 gastar sin controles - Noticias Radio Reflejos","og_description":"El organismo tributario modific\u00f3 las cifras para exigir documentaci\u00f3n a los contribuyentes; c\u00f3mo son los m\u00ednimos seg\u00fan la explicaci\u00f3n de los contadores.","og_url":"https:\/\/www.noticiasradioreflejos.com.ar\/2021\/la-afip-vigila-tus-compras-en-el-supermercado-hasta-que-monto-se-podra-gastar-sin-controles\/","og_site_name":"Noticias Radio Reflejos","article_published_time":"2024-01-15T17:23:28+00:00","og_image":[{"width":1200,"height":675,"url":"https:\/\/www.noticiasradioreflejos.com.ar\/2021\/wp-content\/uploads\/2023\/10\/afip-aduana.jpeg","type":"image\/jpeg"}],"author":"Arnaldo Botto","twitter_card":"summary_large_image","schema":{"@context":"https:\/\/schema.org","@graph":[{"@type":"WebPage","@id":"https:\/\/www.noticiasradioreflejos.com.ar\/2021\/la-afip-vigila-tus-compras-en-el-supermercado-hasta-que-monto-se-podra-gastar-sin-controles\/","url":"https:\/\/www.noticiasradioreflejos.com.ar\/2021\/la-afip-vigila-tus-compras-en-el-supermercado-hasta-que-monto-se-podra-gastar-sin-controles\/","name":"La AFIP vigila tus compras en el supermercado: hasta qu\u00e9 monto se podr\u00e1 gastar sin controles - Noticias Radio Reflejos","isPartOf":{"@id":"https:\/\/www.noticiasradioreflejos.com.ar\/2021\/#website"},"primaryImageOfPage":{"@id":"https:\/\/www.noticiasradioreflejos.com.ar\/2021\/la-afip-vigila-tus-compras-en-el-supermercado-hasta-que-monto-se-podra-gastar-sin-controles\/#primaryimage"},"image":{"@id":"https:\/\/www.noticiasradioreflejos.com.ar\/2021\/la-afip-vigila-tus-compras-en-el-supermercado-hasta-que-monto-se-podra-gastar-sin-controles\/#primaryimage"},"thumbnailUrl":"https:\/\/www.noticiasradioreflejos.com.ar\/2021\/wp-content\/uploads\/2023\/10\/afip-aduana.jpeg","datePublished":"2024-01-15T17:23:28+00:00","author":{"@id":"https:\/\/www.noticiasradioreflejos.com.ar\/2021\/#\/schema\/person\/ad82545263dcc5ec0996818884fd5fb1"},"breadcrumb":{"@id":"https:\/\/www.noticiasradioreflejos.com.ar\/2021\/la-afip-vigila-tus-compras-en-el-supermercado-hasta-que-monto-se-podra-gastar-sin-controles\/#breadcrumb"},"inLanguage":"es","potentialAction":[{"@type":"ReadAction","target":["https:\/\/www.noticiasradioreflejos.com.ar\/2021\/la-afip-vigila-tus-compras-en-el-supermercado-hasta-que-monto-se-podra-gastar-sin-controles\/"]}]},{"@type":"ImageObject","inLanguage":"es","@id":"https:\/\/www.noticiasradioreflejos.com.ar\/2021\/la-afip-vigila-tus-compras-en-el-supermercado-hasta-que-monto-se-podra-gastar-sin-controles\/#primaryimage","url":"https:\/\/www.noticiasradioreflejos.com.ar\/2021\/wp-content\/uploads\/2023\/10\/afip-aduana.jpeg","contentUrl":"https:\/\/www.noticiasradioreflejos.com.ar\/2021\/wp-content\/uploads\/2023\/10\/afip-aduana.jpeg","width":1200,"height":675},{"@type":"BreadcrumbList","@id":"https:\/\/www.noticiasradioreflejos.com.ar\/2021\/la-afip-vigila-tus-compras-en-el-supermercado-hasta-que-monto-se-podra-gastar-sin-controles\/#breadcrumb","itemListElement":[{"@type":"ListItem","position":1,"name":"Portada","item":"https:\/\/www.noticiasradioreflejos.com.ar\/2021\/"},{"@type":"ListItem","position":2,"name":"La AFIP vigila tus compras en el supermercado: hasta qu\u00e9 monto se podr\u00e1 gastar sin controles"}]},{"@type":"WebSite","@id":"https:\/\/www.noticiasradioreflejos.com.ar\/2021\/#website","url":"https:\/\/www.noticiasradioreflejos.com.ar\/2021\/","name":"Noticias Radio Reflejos","description":"Las noticias de mi comarca","potentialAction":[{"@type":"SearchAction","target":{"@type":"EntryPoint","urlTemplate":"https:\/\/www.noticiasradioreflejos.com.ar\/2021\/?s={search_term_string}"},"query-input":{"@type":"PropertyValueSpecification","valueRequired":true,"valueName":"search_term_string"}}],"inLanguage":"es"},{"@type":"Person","@id":"https:\/\/www.noticiasradioreflejos.com.ar\/2021\/#\/schema\/person\/ad82545263dcc5ec0996818884fd5fb1","name":"Arnaldo Botto","image":{"@type":"ImageObject","inLanguage":"es","@id":"https:\/\/www.noticiasradioreflejos.com.ar\/2021\/#\/schema\/person\/image\/","url":"https:\/\/secure.gravatar.com\/avatar\/55cb5e37c1efa326397366e6974cb338056df65cb50e7d64d1cf314e87504837?s=96&d=mm&r=g","contentUrl":"https:\/\/secure.gravatar.com\/avatar\/55cb5e37c1efa326397366e6974cb338056df65cb50e7d64d1cf314e87504837?s=96&d=mm&r=g","caption":"Arnaldo Botto"},"url":"https:\/\/www.noticiasradioreflejos.com.ar\/2021\/author\/arnaldo\/"}]}},"_links":{"self":[{"href":"https:\/\/www.noticiasradioreflejos.com.ar\/2021\/wp-json\/wp\/v2\/posts\/97648","targetHints":{"allow":["GET"]}}],"collection":[{"href":"https:\/\/www.noticiasradioreflejos.com.ar\/2021\/wp-json\/wp\/v2\/posts"}],"about":[{"href":"https:\/\/www.noticiasradioreflejos.com.ar\/2021\/wp-json\/wp\/v2\/types\/post"}],"author":[{"embeddable":true,"href":"https:\/\/www.noticiasradioreflejos.com.ar\/2021\/wp-json\/wp\/v2\/users\/3"}],"replies":[{"embeddable":true,"href":"https:\/\/www.noticiasradioreflejos.com.ar\/2021\/wp-json\/wp\/v2\/comments?post=97648"}],"version-history":[{"count":1,"href":"https:\/\/www.noticiasradioreflejos.com.ar\/2021\/wp-json\/wp\/v2\/posts\/97648\/revisions"}],"predecessor-version":[{"id":97649,"href":"https:\/\/www.noticiasradioreflejos.com.ar\/2021\/wp-json\/wp\/v2\/posts\/97648\/revisions\/97649"}],"wp:featuredmedia":[{"embeddable":true,"href":"https:\/\/www.noticiasradioreflejos.com.ar\/2021\/wp-json\/wp\/v2\/media\/94186"}],"wp:attachment":[{"href":"https:\/\/www.noticiasradioreflejos.com.ar\/2021\/wp-json\/wp\/v2\/media?parent=97648"}],"wp:term":[{"taxonomy":"category","embeddable":true,"href":"https:\/\/www.noticiasradioreflejos.com.ar\/2021\/wp-json\/wp\/v2\/categories?post=97648"},{"taxonomy":"post_tag","embeddable":true,"href":"https:\/\/www.noticiasradioreflejos.com.ar\/2021\/wp-json\/wp\/v2\/tags?post=97648"}],"curies":[{"name":"wp","href":"https:\/\/api.w.org\/{rel}","templated":true}]}}