{"id":97645,"date":"2024-01-15T13:47:09","date_gmt":"2024-01-15T16:47:09","guid":{"rendered":"https:\/\/www.noticiasradioreflejos.com.ar\/2021\/?p=97645"},"modified":"2024-01-15T13:47:09","modified_gmt":"2024-01-15T16:47:09","slug":"confirman-que-milei-se-reunira-con-la-directora-del-fmi-en-el-foro-de-davos","status":"publish","type":"post","link":"https:\/\/www.noticiasradioreflejos.com.ar\/2021\/confirman-que-milei-se-reunira-con-la-directora-del-fmi-en-el-foro-de-davos\/","title":{"rendered":"Confirman que Milei se reunir\u00e1 con la directora del FMI en el Foro de Davos"},"content":{"rendered":"<p>El encuentro del presidente con Kristalina Georgieva se realizar\u00e1 este mi\u00e9rcoles. El vocero aclar\u00f3 que en las gestiones realizadas con el organismo \u00abno se habl\u00f3 de fondos adicionales\u00bb sino de \u00abretomar el acuerdo que estaba ca\u00eddo\u00bb.<!--more--><\/p>\n<div>\n<div class=\"wrapper-editable-content\">\n<div>\n<div class=\"container-md\">\n<div class=\"row\">\n<div class=\"col-md-12 speak\">\n<div class=\"paragraph\">\n<figure class=\"mb-3\"><img decoding=\"async\" class=\" lazy \" src=\"https:\/\/www.telam.com.ar\/thumbs\/bluesteel\/advf\/imagenes\/2023\/08\/64df9145babe5_1200.jpg\" alt=\"Telam SE\" width=\"100%\" height=\"100%\" \/><em>El presidente Javier Milei mantendr\u00e1 un encuentro con la directora gerente del Fondo Monetario Internacional (FMI), Kristalina Georgieva, durante el desarrollo de una nueva edici\u00f3n del Foro Econ\u00f3mico Mundial que se desarrolla en la ciudad suiza de Davos.<\/em><\/figure>\n<\/div>\n<\/div>\n<\/div>\n<\/div>\n<\/div>\n<\/div>\n<\/div>\n<p>&nbsp;<\/p>\n<p>As\u00ed lo confirm\u00f3 este lunes\u00a0 el vocero presidencial,<strong>\u00a0Manuel Adorni,<\/strong>\u00a0quien adem\u00e1s aclar\u00f3 que en las gestiones realizadas con el organismo multilateral de cr\u00e9dito\u00a0<strong>\u00abno se ha hablado de fondos adicionales\u00bb<\/strong>\u00a0sino de\u00a0<strong>\u00abretomar el acuerdo que estaba ca\u00eddo\u00bb.<\/strong><\/p>\n<div class=\"twitter-tweet twitter-tweet-rendered\"><iframe id=\"twitter-widget-0\" class=\"\" title=\"X Post\" src=\"https:\/\/platform.twitter.com\/embed\/Tweet.html?creatorScreenName=agenciatelam&amp;dnt=false&amp;embedId=twitter-widget-0&amp;features=eyJ0ZndfdGltZWxpbmVfbGlzdCI6eyJidWNrZXQiOltdLCJ2ZXJzaW9uIjpudWxsfSwidGZ3X2ZvbGxvd2VyX2NvdW50X3N1bnNldCI6eyJidWNrZXQiOnRydWUsInZlcnNpb24iOm51bGx9LCJ0ZndfdHdlZXRfZWRpdF9iYWNrZW5kIjp7ImJ1Y2tldCI6Im9uIiwidmVyc2lvbiI6bnVsbH0sInRmd19yZWZzcmNfc2Vzc2lvbiI6eyJidWNrZXQiOiJvbiIsInZlcnNpb24iOm51bGx9LCJ0ZndfZm9zbnJfc29mdF9pbnRlcnZlbnRpb25zX2VuYWJsZWQiOnsiYnVja2V0Ijoib24iLCJ2ZXJzaW9uIjpudWxsfSwidGZ3X21peGVkX21lZGlhXzE1ODk3Ijp7ImJ1Y2tldCI6InRyZWF0bWVudCIsInZlcnNpb24iOm51bGx9LCJ0ZndfZXhwZXJpbWVudHNfY29va2llX2V4cGlyYXRpb24iOnsiYnVja2V0IjoxMjA5NjAwLCJ2ZXJzaW9uIjpudWxsfSwidGZ3X3Nob3dfYmlyZHdhdGNoX3Bpdm90c19lbmFibGVkIjp7ImJ1Y2tldCI6Im9uIiwidmVyc2lvbiI6bnVsbH0sInRmd19kdXBsaWNhdGVfc2NyaWJlc190b19zZXR0aW5ncyI6eyJidWNrZXQiOiJvbiIsInZlcnNpb24iOm51bGx9LCJ0ZndfdXNlX3Byb2ZpbGVfaW1hZ2Vfc2hhcGVfZW5hYmxlZCI6eyJidWNrZXQiOiJvbiIsInZlcnNpb24iOm51bGx9LCJ0ZndfdmlkZW9faGxzX2R5bmFtaWNfbWFuaWZlc3RzXzE1MDgyIjp7ImJ1Y2tldCI6InRydWVfYml0cmF0ZSIsInZlcnNpb24iOm51bGx9LCJ0ZndfbGVnYWN5X3RpbWVsaW5lX3N1bnNldCI6eyJidWNrZXQiOnRydWUsInZlcnNpb24iOm51bGx9LCJ0ZndfdHdlZXRfZWRpdF9mcm9udGVuZCI6eyJidWNrZXQiOiJvbiIsInZlcnNpb24iOm51bGx9fQ%3D%3D&amp;frame=false&amp;hideCard=false&amp;hideThread=true&amp;id=1746908057068524025&amp;lang=es&amp;origin=https%3A%2F%2Fwww.telam.com.ar%2Fnotas%2F202401%2F652542-milei-georgieva-fmi-adorni.html&amp;sessionId=3ff810d993de6ba13af07a1058c864b834a7b035&amp;siteScreenName=agenciatelam&amp;theme=light&amp;widgetsVersion=2615f7e52b7e0%3A1702314776716&amp;width=550px\" frameborder=\"0\" scrolling=\"no\" allowfullscreen=\"allowfullscreen\" data-tweet-id=\"1746908057068524025\" data-mce-fragment=\"1\"><\/iframe><\/div>\n<p>El encuentro entre Milei y Georgieva se llevar\u00e1 a cabo \u00abdespu\u00e9s de la exposici\u00f3n\u00bb que el primer mandatario tiene previsto ofrecer en el Foro el mi\u00e9rcoles 17 de enero.<\/p>\n<p>En su habitual conferencia de prensa matutina en la Casa Rosada, Adorni se\u00f1al\u00f3 que \u00abest\u00e1 confirmada la audiencia con Kristalina Georgieva\u00bb, al tiempo que celebr\u00f3\u00a0<strong>\u00abel inter\u00e9s que est\u00e1 generando en las potencias del mundo este gobierno argentino\u00bb.<\/strong><\/p>\n<p><strong>\u00abEntienden que volvimos a abrazar las ideas de la libertad y el capitalismo\u00bb<\/strong>, expres\u00f3.<\/p>\n<figure class=\"mb-3\"><img decoding=\"async\" class=\" lazy \" src=\"https:\/\/www.telam.com.ar\/thumbs\/bluesteel\/advf\/imagenes\/2024\/01\/65a161043c19f_1200.jpg\" alt=\"Telam SE\" width=\"100%\" height=\"100%\" \/><\/p>\n<div class=\"media-icons\"><\/div><figcaption><\/figcaption><\/figure>\n<p>El presidente y su comitiva partir\u00e1 rumbo al Foro Econ\u00f3mico Mundial este lunes del Aeropuerto de Ezeiza \u00aben vuelo de l\u00ednea\u00bb, confirm\u00f3 el portavoz presidencial.<\/p>\n<p>Al requer\u00edrsele precisiones sobre los alcances de las deliberaciones con la reciente misi\u00f3n del FMI en Buenos Aires, Adorni remarc\u00f3 que \u00abno se ha hablado de fondos adicionales; hasta aqu\u00ed no se ha hablado de ninguna suma adicional sino de retomar el acuerdo que estaba ca\u00eddo por el incumplimiento del (anterior) gobierno argentino de diferentes metas\u00bb.<\/p>\n","protected":false},"excerpt":{"rendered":"<p>El encuentro del presidente con Kristalina Georgieva se realizar\u00e1 este mi\u00e9rcoles. El vocero aclar\u00f3 que en las gestiones realizadas con el organismo \u00abno se habl\u00f3 de fondos adicionales\u00bb sino de \u00abretomar el acuerdo que estaba ca\u00eddo\u00bb.<\/p>\n","protected":false},"author":3,"featured_media":0,"comment_status":"closed","ping_status":"closed","sticky":false,"template":"","format":"standard","meta":{"footnotes":""},"categories":[1],"tags":[],"class_list":["post-97645","post","type-post","status-publish","format-standard","hentry","category-sin-categoria"],"yoast_head":"<!-- This site is optimized with the Yoast SEO plugin v25.9 - https:\/\/yoast.com\/wordpress\/plugins\/seo\/ -->\n<title>Confirman que Milei se reunir\u00e1 con la directora del FMI en el Foro de Davos - Noticias Radio Reflejos<\/title>\n<meta name=\"robots\" content=\"index, follow, max-snippet:-1, max-image-preview:large, max-video-preview:-1\" \/>\n<link rel=\"canonical\" href=\"https:\/\/www.noticiasradioreflejos.com.ar\/2021\/confirman-que-milei-se-reunira-con-la-directora-del-fmi-en-el-foro-de-davos\/\" \/>\n<meta property=\"og:locale\" content=\"es_ES\" \/>\n<meta property=\"og:type\" content=\"article\" \/>\n<meta property=\"og:title\" content=\"Confirman que Milei se reunir\u00e1 con la directora del FMI en el Foro de Davos - Noticias Radio Reflejos\" \/>\n<meta property=\"og:description\" content=\"El encuentro del presidente con Kristalina Georgieva se realizar\u00e1 este mi\u00e9rcoles. El vocero aclar\u00f3 que en las gestiones realizadas con el organismo \u00abno se habl\u00f3 de fondos adicionales\u00bb sino de \u00abretomar el acuerdo que estaba ca\u00eddo\u00bb.\" \/>\n<meta property=\"og:url\" content=\"https:\/\/www.noticiasradioreflejos.com.ar\/2021\/confirman-que-milei-se-reunira-con-la-directora-del-fmi-en-el-foro-de-davos\/\" \/>\n<meta property=\"og:site_name\" content=\"Noticias Radio Reflejos\" \/>\n<meta property=\"article:published_time\" content=\"2024-01-15T16:47:09+00:00\" \/>\n<meta property=\"og:image\" content=\"https:\/\/www.telam.com.ar\/thumbs\/bluesteel\/advf\/imagenes\/2023\/08\/64df9145babe5_1200.jpg\" \/>\n<meta name=\"author\" content=\"Arnaldo Botto\" \/>\n<meta name=\"twitter:card\" content=\"summary_large_image\" \/>\n<script type=\"application\/ld+json\" class=\"yoast-schema-graph\">{\"@context\":\"https:\/\/schema.org\",\"@graph\":[{\"@type\":\"WebPage\",\"@id\":\"https:\/\/www.noticiasradioreflejos.com.ar\/2021\/confirman-que-milei-se-reunira-con-la-directora-del-fmi-en-el-foro-de-davos\/\",\"url\":\"https:\/\/www.noticiasradioreflejos.com.ar\/2021\/confirman-que-milei-se-reunira-con-la-directora-del-fmi-en-el-foro-de-davos\/\",\"name\":\"Confirman que Milei se reunir\u00e1 con la directora del FMI en el Foro de Davos - Noticias Radio Reflejos\",\"isPartOf\":{\"@id\":\"https:\/\/www.noticiasradioreflejos.com.ar\/2021\/#website\"},\"primaryImageOfPage\":{\"@id\":\"https:\/\/www.noticiasradioreflejos.com.ar\/2021\/confirman-que-milei-se-reunira-con-la-directora-del-fmi-en-el-foro-de-davos\/#primaryimage\"},\"image\":{\"@id\":\"https:\/\/www.noticiasradioreflejos.com.ar\/2021\/confirman-que-milei-se-reunira-con-la-directora-del-fmi-en-el-foro-de-davos\/#primaryimage\"},\"thumbnailUrl\":\"https:\/\/www.telam.com.ar\/thumbs\/bluesteel\/advf\/imagenes\/2023\/08\/64df9145babe5_1200.jpg\",\"datePublished\":\"2024-01-15T16:47:09+00:00\",\"author\":{\"@id\":\"https:\/\/www.noticiasradioreflejos.com.ar\/2021\/#\/schema\/person\/ad82545263dcc5ec0996818884fd5fb1\"},\"breadcrumb\":{\"@id\":\"https:\/\/www.noticiasradioreflejos.com.ar\/2021\/confirman-que-milei-se-reunira-con-la-directora-del-fmi-en-el-foro-de-davos\/#breadcrumb\"},\"inLanguage\":\"es\",\"potentialAction\":[{\"@type\":\"ReadAction\",\"target\":[\"https:\/\/www.noticiasradioreflejos.com.ar\/2021\/confirman-que-milei-se-reunira-con-la-directora-del-fmi-en-el-foro-de-davos\/\"]}]},{\"@type\":\"ImageObject\",\"inLanguage\":\"es\",\"@id\":\"https:\/\/www.noticiasradioreflejos.com.ar\/2021\/confirman-que-milei-se-reunira-con-la-directora-del-fmi-en-el-foro-de-davos\/#primaryimage\",\"url\":\"https:\/\/www.telam.com.ar\/thumbs\/bluesteel\/advf\/imagenes\/2023\/08\/64df9145babe5_1200.jpg\",\"contentUrl\":\"https:\/\/www.telam.com.ar\/thumbs\/bluesteel\/advf\/imagenes\/2023\/08\/64df9145babe5_1200.jpg\"},{\"@type\":\"BreadcrumbList\",\"@id\":\"https:\/\/www.noticiasradioreflejos.com.ar\/2021\/confirman-que-milei-se-reunira-con-la-directora-del-fmi-en-el-foro-de-davos\/#breadcrumb\",\"itemListElement\":[{\"@type\":\"ListItem\",\"position\":1,\"name\":\"Portada\",\"item\":\"https:\/\/www.noticiasradioreflejos.com.ar\/2021\/\"},{\"@type\":\"ListItem\",\"position\":2,\"name\":\"Confirman que Milei se reunir\u00e1 con la directora del FMI en el Foro de Davos\"}]},{\"@type\":\"WebSite\",\"@id\":\"https:\/\/www.noticiasradioreflejos.com.ar\/2021\/#website\",\"url\":\"https:\/\/www.noticiasradioreflejos.com.ar\/2021\/\",\"name\":\"Noticias Radio Reflejos\",\"description\":\"Las noticias de mi comarca\",\"potentialAction\":[{\"@type\":\"SearchAction\",\"target\":{\"@type\":\"EntryPoint\",\"urlTemplate\":\"https:\/\/www.noticiasradioreflejos.com.ar\/2021\/?s={search_term_string}\"},\"query-input\":{\"@type\":\"PropertyValueSpecification\",\"valueRequired\":true,\"valueName\":\"search_term_string\"}}],\"inLanguage\":\"es\"},{\"@type\":\"Person\",\"@id\":\"https:\/\/www.noticiasradioreflejos.com.ar\/2021\/#\/schema\/person\/ad82545263dcc5ec0996818884fd5fb1\",\"name\":\"Arnaldo Botto\",\"image\":{\"@type\":\"ImageObject\",\"inLanguage\":\"es\",\"@id\":\"https:\/\/www.noticiasradioreflejos.com.ar\/2021\/#\/schema\/person\/image\/\",\"url\":\"https:\/\/secure.gravatar.com\/avatar\/55cb5e37c1efa326397366e6974cb338056df65cb50e7d64d1cf314e87504837?s=96&d=mm&r=g\",\"contentUrl\":\"https:\/\/secure.gravatar.com\/avatar\/55cb5e37c1efa326397366e6974cb338056df65cb50e7d64d1cf314e87504837?s=96&d=mm&r=g\",\"caption\":\"Arnaldo Botto\"},\"url\":\"https:\/\/www.noticiasradioreflejos.com.ar\/2021\/author\/arnaldo\/\"}]}<\/script>\n<!-- \/ Yoast SEO plugin. -->","yoast_head_json":{"title":"Confirman que Milei se reunir\u00e1 con la directora del FMI en el Foro de Davos - Noticias Radio Reflejos","robots":{"index":"index","follow":"follow","max-snippet":"max-snippet:-1","max-image-preview":"max-image-preview:large","max-video-preview":"max-video-preview:-1"},"canonical":"https:\/\/www.noticiasradioreflejos.com.ar\/2021\/confirman-que-milei-se-reunira-con-la-directora-del-fmi-en-el-foro-de-davos\/","og_locale":"es_ES","og_type":"article","og_title":"Confirman que Milei se reunir\u00e1 con la directora del FMI en el Foro de Davos - Noticias Radio Reflejos","og_description":"El encuentro del presidente con Kristalina Georgieva se realizar\u00e1 este mi\u00e9rcoles. El vocero aclar\u00f3 que en las gestiones realizadas con el organismo \u00abno se habl\u00f3 de fondos adicionales\u00bb sino de \u00abretomar el acuerdo que estaba ca\u00eddo\u00bb.","og_url":"https:\/\/www.noticiasradioreflejos.com.ar\/2021\/confirman-que-milei-se-reunira-con-la-directora-del-fmi-en-el-foro-de-davos\/","og_site_name":"Noticias Radio Reflejos","article_published_time":"2024-01-15T16:47:09+00:00","og_image":[{"url":"https:\/\/www.telam.com.ar\/thumbs\/bluesteel\/advf\/imagenes\/2023\/08\/64df9145babe5_1200.jpg","type":"","width":"","height":""}],"author":"Arnaldo Botto","twitter_card":"summary_large_image","schema":{"@context":"https:\/\/schema.org","@graph":[{"@type":"WebPage","@id":"https:\/\/www.noticiasradioreflejos.com.ar\/2021\/confirman-que-milei-se-reunira-con-la-directora-del-fmi-en-el-foro-de-davos\/","url":"https:\/\/www.noticiasradioreflejos.com.ar\/2021\/confirman-que-milei-se-reunira-con-la-directora-del-fmi-en-el-foro-de-davos\/","name":"Confirman que Milei se reunir\u00e1 con la directora del FMI en el Foro de Davos - Noticias Radio Reflejos","isPartOf":{"@id":"https:\/\/www.noticiasradioreflejos.com.ar\/2021\/#website"},"primaryImageOfPage":{"@id":"https:\/\/www.noticiasradioreflejos.com.ar\/2021\/confirman-que-milei-se-reunira-con-la-directora-del-fmi-en-el-foro-de-davos\/#primaryimage"},"image":{"@id":"https:\/\/www.noticiasradioreflejos.com.ar\/2021\/confirman-que-milei-se-reunira-con-la-directora-del-fmi-en-el-foro-de-davos\/#primaryimage"},"thumbnailUrl":"https:\/\/www.telam.com.ar\/thumbs\/bluesteel\/advf\/imagenes\/2023\/08\/64df9145babe5_1200.jpg","datePublished":"2024-01-15T16:47:09+00:00","author":{"@id":"https:\/\/www.noticiasradioreflejos.com.ar\/2021\/#\/schema\/person\/ad82545263dcc5ec0996818884fd5fb1"},"breadcrumb":{"@id":"https:\/\/www.noticiasradioreflejos.com.ar\/2021\/confirman-que-milei-se-reunira-con-la-directora-del-fmi-en-el-foro-de-davos\/#breadcrumb"},"inLanguage":"es","potentialAction":[{"@type":"ReadAction","target":["https:\/\/www.noticiasradioreflejos.com.ar\/2021\/confirman-que-milei-se-reunira-con-la-directora-del-fmi-en-el-foro-de-davos\/"]}]},{"@type":"ImageObject","inLanguage":"es","@id":"https:\/\/www.noticiasradioreflejos.com.ar\/2021\/confirman-que-milei-se-reunira-con-la-directora-del-fmi-en-el-foro-de-davos\/#primaryimage","url":"https:\/\/www.telam.com.ar\/thumbs\/bluesteel\/advf\/imagenes\/2023\/08\/64df9145babe5_1200.jpg","contentUrl":"https:\/\/www.telam.com.ar\/thumbs\/bluesteel\/advf\/imagenes\/2023\/08\/64df9145babe5_1200.jpg"},{"@type":"BreadcrumbList","@id":"https:\/\/www.noticiasradioreflejos.com.ar\/2021\/confirman-que-milei-se-reunira-con-la-directora-del-fmi-en-el-foro-de-davos\/#breadcrumb","itemListElement":[{"@type":"ListItem","position":1,"name":"Portada","item":"https:\/\/www.noticiasradioreflejos.com.ar\/2021\/"},{"@type":"ListItem","position":2,"name":"Confirman que Milei se reunir\u00e1 con la directora del FMI en el Foro de Davos"}]},{"@type":"WebSite","@id":"https:\/\/www.noticiasradioreflejos.com.ar\/2021\/#website","url":"https:\/\/www.noticiasradioreflejos.com.ar\/2021\/","name":"Noticias Radio Reflejos","description":"Las noticias de mi comarca","potentialAction":[{"@type":"SearchAction","target":{"@type":"EntryPoint","urlTemplate":"https:\/\/www.noticiasradioreflejos.com.ar\/2021\/?s={search_term_string}"},"query-input":{"@type":"PropertyValueSpecification","valueRequired":true,"valueName":"search_term_string"}}],"inLanguage":"es"},{"@type":"Person","@id":"https:\/\/www.noticiasradioreflejos.com.ar\/2021\/#\/schema\/person\/ad82545263dcc5ec0996818884fd5fb1","name":"Arnaldo Botto","image":{"@type":"ImageObject","inLanguage":"es","@id":"https:\/\/www.noticiasradioreflejos.com.ar\/2021\/#\/schema\/person\/image\/","url":"https:\/\/secure.gravatar.com\/avatar\/55cb5e37c1efa326397366e6974cb338056df65cb50e7d64d1cf314e87504837?s=96&d=mm&r=g","contentUrl":"https:\/\/secure.gravatar.com\/avatar\/55cb5e37c1efa326397366e6974cb338056df65cb50e7d64d1cf314e87504837?s=96&d=mm&r=g","caption":"Arnaldo Botto"},"url":"https:\/\/www.noticiasradioreflejos.com.ar\/2021\/author\/arnaldo\/"}]}},"_links":{"self":[{"href":"https:\/\/www.noticiasradioreflejos.com.ar\/2021\/wp-json\/wp\/v2\/posts\/97645","targetHints":{"allow":["GET"]}}],"collection":[{"href":"https:\/\/www.noticiasradioreflejos.com.ar\/2021\/wp-json\/wp\/v2\/posts"}],"about":[{"href":"https:\/\/www.noticiasradioreflejos.com.ar\/2021\/wp-json\/wp\/v2\/types\/post"}],"author":[{"embeddable":true,"href":"https:\/\/www.noticiasradioreflejos.com.ar\/2021\/wp-json\/wp\/v2\/users\/3"}],"replies":[{"embeddable":true,"href":"https:\/\/www.noticiasradioreflejos.com.ar\/2021\/wp-json\/wp\/v2\/comments?post=97645"}],"version-history":[{"count":1,"href":"https:\/\/www.noticiasradioreflejos.com.ar\/2021\/wp-json\/wp\/v2\/posts\/97645\/revisions"}],"predecessor-version":[{"id":97647,"href":"https:\/\/www.noticiasradioreflejos.com.ar\/2021\/wp-json\/wp\/v2\/posts\/97645\/revisions\/97647"}],"wp:attachment":[{"href":"https:\/\/www.noticiasradioreflejos.com.ar\/2021\/wp-json\/wp\/v2\/media?parent=97645"}],"wp:term":[{"taxonomy":"category","embeddable":true,"href":"https:\/\/www.noticiasradioreflejos.com.ar\/2021\/wp-json\/wp\/v2\/categories?post=97645"},{"taxonomy":"post_tag","embeddable":true,"href":"https:\/\/www.noticiasradioreflejos.com.ar\/2021\/wp-json\/wp\/v2\/tags?post=97645"}],"curies":[{"name":"wp","href":"https:\/\/api.w.org\/{rel}","templated":true}]}}