{"id":97635,"date":"2024-01-15T09:02:02","date_gmt":"2024-01-15T12:02:02","guid":{"rendered":"https:\/\/www.noticiasradioreflejos.com.ar\/2021\/?p=97635"},"modified":"2024-01-15T09:02:02","modified_gmt":"2024-01-15T12:02:02","slug":"programa-escuelas-abiertas-en-verano","status":"publish","type":"post","link":"https:\/\/www.noticiasradioreflejos.com.ar\/2021\/programa-escuelas-abiertas-en-verano\/","title":{"rendered":"Programa Escuelas Abiertas en Verano."},"content":{"rendered":"<p>En la provincia de Buenos Aires dio inicio el Programa Escuelas Abiertas en Verano. Este es un programa que se implementa desde el a\u00f1o 2000, a partir de la articulaci\u00f3n entre el Ministerio de Salud, el Ministerio de Desarrollo de la Comunidad y la Direcci\u00f3n General de Cultura y Educaci\u00f3n, organismos de la Provincia de Buenos Aires.<!--more--><\/p>\n<p style=\"margin: 12px auto 6px auto; font-family: Helvetica,Arial,Sans-serif; font-style: normal; font-variant: normal; font-weight: normal; font-size: 14px; line-height: normal; font-size-adjust: none; font-stretch: normal; -x-system-font: none; display: block;\"><a style=\"text-decoration: underline;\" title=\"View EAV 2024 Tornquist on Scribd\" href=\"https:\/\/www.scribd.com\/document\/699019033\/EAV-2024-Tornquist#from_embed\">EAV 2024 Tornquist<\/a> by <a style=\"text-decoration: underline;\" title=\"View FM Reflejos Sierra de la Ventana's profile on Scribd\" href=\"https:\/\/es.scribd.com\/user\/128459674\/FM-Reflejos-Sierra-de-la-Ventana#from_embed\">FM Reflejos Sierra de la Ventana<\/a> on Scribd<\/p>\n<p><iframe loading=\"lazy\" id=\"doc_29633\" class=\"scribd_iframe_embed\" title=\"EAV 2024 Tornquist\" src=\"https:\/\/es.scribd.com\/embeds\/699019033\/content?start_page=1&amp;view_mode=scroll&amp;access_key=key-p2cUCmNrt4didSzwzbTI\" width=\"100%\" height=\"600\" frameborder=\"0\" scrolling=\"no\" data-auto-height=\"true\" data-aspect-ratio=\"0.75\"><\/iframe><script type=\"text\/javascript\">(function() { var scribd = document.createElement(\"script\"); scribd.type = \"text\/javascript\"; scribd.async = true; scribd.src = \"https:\/\/es.scribd.com\/javascripts\/embed_code\/inject.js\"; var s = document.getElementsByTagName(\"script\")[0]; s.parentNode.insertBefore(scribd, s); })();<\/script><\/p>\n","protected":false},"excerpt":{"rendered":"<p>En la provincia de Buenos Aires dio inicio el Programa Escuelas Abiertas en Verano. Este es un programa que se implementa desde el a\u00f1o 2000, a partir de la articulaci\u00f3n entre el Ministerio de Salud, el Ministerio de Desarrollo de la Comunidad y la Direcci\u00f3n General de Cultura y Educaci\u00f3n, organismos de la Provincia de [&hellip;]<\/p>\n","protected":false},"author":3,"featured_media":0,"comment_status":"closed","ping_status":"closed","sticky":false,"template":"","format":"standard","meta":{"footnotes":""},"categories":[35,34],"tags":[],"class_list":["post-97635","post","type-post","status-publish","format-standard","hentry","category-cultura","category-educacion"],"yoast_head":"<!-- This site is optimized with the Yoast SEO plugin v25.9 - https:\/\/yoast.com\/wordpress\/plugins\/seo\/ -->\n<title>Programa Escuelas Abiertas en Verano. - Noticias Radio Reflejos<\/title>\n<meta name=\"robots\" content=\"index, follow, max-snippet:-1, max-image-preview:large, max-video-preview:-1\" \/>\n<link rel=\"canonical\" href=\"https:\/\/www.noticiasradioreflejos.com.ar\/2021\/programa-escuelas-abiertas-en-verano\/\" \/>\n<meta property=\"og:locale\" content=\"es_ES\" \/>\n<meta property=\"og:type\" content=\"article\" \/>\n<meta property=\"og:title\" content=\"Programa Escuelas Abiertas en Verano. - Noticias Radio Reflejos\" \/>\n<meta property=\"og:description\" content=\"En la provincia de Buenos Aires dio inicio el Programa Escuelas Abiertas en Verano. Este es un programa que se implementa desde el a\u00f1o 2000, a partir de la articulaci\u00f3n entre el Ministerio de Salud, el Ministerio de Desarrollo de la Comunidad y la Direcci\u00f3n General de Cultura y Educaci\u00f3n, organismos de la Provincia de [&hellip;]\" \/>\n<meta property=\"og:url\" content=\"https:\/\/www.noticiasradioreflejos.com.ar\/2021\/programa-escuelas-abiertas-en-verano\/\" \/>\n<meta property=\"og:site_name\" content=\"Noticias Radio Reflejos\" \/>\n<meta property=\"article:published_time\" content=\"2024-01-15T12:02:02+00:00\" \/>\n<meta property=\"og:image\" content=\"https:\/\/www.noticiasradioreflejos.com.ar\/2021\/wp-content\/uploads\/2023\/01\/Charlas-Ambiente-EAV-1.jpg\" \/>\n\t<meta property=\"og:image:width\" content=\"2000\" \/>\n\t<meta property=\"og:image:height\" content=\"1500\" \/>\n\t<meta property=\"og:image:type\" content=\"image\/jpeg\" \/>\n<meta name=\"author\" content=\"Arnaldo Botto\" \/>\n<meta name=\"twitter:card\" content=\"summary_large_image\" \/>\n<script type=\"application\/ld+json\" class=\"yoast-schema-graph\">{\"@context\":\"https:\/\/schema.org\",\"@graph\":[{\"@type\":\"WebPage\",\"@id\":\"https:\/\/www.noticiasradioreflejos.com.ar\/2021\/programa-escuelas-abiertas-en-verano\/\",\"url\":\"https:\/\/www.noticiasradioreflejos.com.ar\/2021\/programa-escuelas-abiertas-en-verano\/\",\"name\":\"Programa Escuelas Abiertas en Verano. - Noticias Radio Reflejos\",\"isPartOf\":{\"@id\":\"https:\/\/www.noticiasradioreflejos.com.ar\/2021\/#website\"},\"datePublished\":\"2024-01-15T12:02:02+00:00\",\"author\":{\"@id\":\"https:\/\/www.noticiasradioreflejos.com.ar\/2021\/#\/schema\/person\/ad82545263dcc5ec0996818884fd5fb1\"},\"breadcrumb\":{\"@id\":\"https:\/\/www.noticiasradioreflejos.com.ar\/2021\/programa-escuelas-abiertas-en-verano\/#breadcrumb\"},\"inLanguage\":\"es\",\"potentialAction\":[{\"@type\":\"ReadAction\",\"target\":[\"https:\/\/www.noticiasradioreflejos.com.ar\/2021\/programa-escuelas-abiertas-en-verano\/\"]}]},{\"@type\":\"BreadcrumbList\",\"@id\":\"https:\/\/www.noticiasradioreflejos.com.ar\/2021\/programa-escuelas-abiertas-en-verano\/#breadcrumb\",\"itemListElement\":[{\"@type\":\"ListItem\",\"position\":1,\"name\":\"Portada\",\"item\":\"https:\/\/www.noticiasradioreflejos.com.ar\/2021\/\"},{\"@type\":\"ListItem\",\"position\":2,\"name\":\"Programa Escuelas Abiertas en Verano.\"}]},{\"@type\":\"WebSite\",\"@id\":\"https:\/\/www.noticiasradioreflejos.com.ar\/2021\/#website\",\"url\":\"https:\/\/www.noticiasradioreflejos.com.ar\/2021\/\",\"name\":\"Noticias Radio Reflejos\",\"description\":\"Las noticias de mi comarca\",\"potentialAction\":[{\"@type\":\"SearchAction\",\"target\":{\"@type\":\"EntryPoint\",\"urlTemplate\":\"https:\/\/www.noticiasradioreflejos.com.ar\/2021\/?s={search_term_string}\"},\"query-input\":{\"@type\":\"PropertyValueSpecification\",\"valueRequired\":true,\"valueName\":\"search_term_string\"}}],\"inLanguage\":\"es\"},{\"@type\":\"Person\",\"@id\":\"https:\/\/www.noticiasradioreflejos.com.ar\/2021\/#\/schema\/person\/ad82545263dcc5ec0996818884fd5fb1\",\"name\":\"Arnaldo Botto\",\"image\":{\"@type\":\"ImageObject\",\"inLanguage\":\"es\",\"@id\":\"https:\/\/www.noticiasradioreflejos.com.ar\/2021\/#\/schema\/person\/image\/\",\"url\":\"https:\/\/secure.gravatar.com\/avatar\/55cb5e37c1efa326397366e6974cb338056df65cb50e7d64d1cf314e87504837?s=96&d=mm&r=g\",\"contentUrl\":\"https:\/\/secure.gravatar.com\/avatar\/55cb5e37c1efa326397366e6974cb338056df65cb50e7d64d1cf314e87504837?s=96&d=mm&r=g\",\"caption\":\"Arnaldo Botto\"},\"url\":\"https:\/\/www.noticiasradioreflejos.com.ar\/2021\/author\/arnaldo\/\"}]}<\/script>\n<!-- \/ Yoast SEO plugin. -->","yoast_head_json":{"title":"Programa Escuelas Abiertas en Verano. - Noticias Radio Reflejos","robots":{"index":"index","follow":"follow","max-snippet":"max-snippet:-1","max-image-preview":"max-image-preview:large","max-video-preview":"max-video-preview:-1"},"canonical":"https:\/\/www.noticiasradioreflejos.com.ar\/2021\/programa-escuelas-abiertas-en-verano\/","og_locale":"es_ES","og_type":"article","og_title":"Programa Escuelas Abiertas en Verano. - Noticias Radio Reflejos","og_description":"En la provincia de Buenos Aires dio inicio el Programa Escuelas Abiertas en Verano. Este es un programa que se implementa desde el a\u00f1o 2000, a partir de la articulaci\u00f3n entre el Ministerio de Salud, el Ministerio de Desarrollo de la Comunidad y la Direcci\u00f3n General de Cultura y Educaci\u00f3n, organismos de la Provincia de [&hellip;]","og_url":"https:\/\/www.noticiasradioreflejos.com.ar\/2021\/programa-escuelas-abiertas-en-verano\/","og_site_name":"Noticias Radio Reflejos","article_published_time":"2024-01-15T12:02:02+00:00","og_image":[{"width":2000,"height":1500,"url":"https:\/\/www.noticiasradioreflejos.com.ar\/2021\/wp-content\/uploads\/2023\/01\/Charlas-Ambiente-EAV-1.jpg","type":"image\/jpeg"}],"author":"Arnaldo Botto","twitter_card":"summary_large_image","schema":{"@context":"https:\/\/schema.org","@graph":[{"@type":"WebPage","@id":"https:\/\/www.noticiasradioreflejos.com.ar\/2021\/programa-escuelas-abiertas-en-verano\/","url":"https:\/\/www.noticiasradioreflejos.com.ar\/2021\/programa-escuelas-abiertas-en-verano\/","name":"Programa Escuelas Abiertas en Verano. - Noticias Radio Reflejos","isPartOf":{"@id":"https:\/\/www.noticiasradioreflejos.com.ar\/2021\/#website"},"datePublished":"2024-01-15T12:02:02+00:00","author":{"@id":"https:\/\/www.noticiasradioreflejos.com.ar\/2021\/#\/schema\/person\/ad82545263dcc5ec0996818884fd5fb1"},"breadcrumb":{"@id":"https:\/\/www.noticiasradioreflejos.com.ar\/2021\/programa-escuelas-abiertas-en-verano\/#breadcrumb"},"inLanguage":"es","potentialAction":[{"@type":"ReadAction","target":["https:\/\/www.noticiasradioreflejos.com.ar\/2021\/programa-escuelas-abiertas-en-verano\/"]}]},{"@type":"BreadcrumbList","@id":"https:\/\/www.noticiasradioreflejos.com.ar\/2021\/programa-escuelas-abiertas-en-verano\/#breadcrumb","itemListElement":[{"@type":"ListItem","position":1,"name":"Portada","item":"https:\/\/www.noticiasradioreflejos.com.ar\/2021\/"},{"@type":"ListItem","position":2,"name":"Programa Escuelas Abiertas en Verano."}]},{"@type":"WebSite","@id":"https:\/\/www.noticiasradioreflejos.com.ar\/2021\/#website","url":"https:\/\/www.noticiasradioreflejos.com.ar\/2021\/","name":"Noticias Radio Reflejos","description":"Las noticias de mi comarca","potentialAction":[{"@type":"SearchAction","target":{"@type":"EntryPoint","urlTemplate":"https:\/\/www.noticiasradioreflejos.com.ar\/2021\/?s={search_term_string}"},"query-input":{"@type":"PropertyValueSpecification","valueRequired":true,"valueName":"search_term_string"}}],"inLanguage":"es"},{"@type":"Person","@id":"https:\/\/www.noticiasradioreflejos.com.ar\/2021\/#\/schema\/person\/ad82545263dcc5ec0996818884fd5fb1","name":"Arnaldo Botto","image":{"@type":"ImageObject","inLanguage":"es","@id":"https:\/\/www.noticiasradioreflejos.com.ar\/2021\/#\/schema\/person\/image\/","url":"https:\/\/secure.gravatar.com\/avatar\/55cb5e37c1efa326397366e6974cb338056df65cb50e7d64d1cf314e87504837?s=96&d=mm&r=g","contentUrl":"https:\/\/secure.gravatar.com\/avatar\/55cb5e37c1efa326397366e6974cb338056df65cb50e7d64d1cf314e87504837?s=96&d=mm&r=g","caption":"Arnaldo Botto"},"url":"https:\/\/www.noticiasradioreflejos.com.ar\/2021\/author\/arnaldo\/"}]}},"_links":{"self":[{"href":"https:\/\/www.noticiasradioreflejos.com.ar\/2021\/wp-json\/wp\/v2\/posts\/97635","targetHints":{"allow":["GET"]}}],"collection":[{"href":"https:\/\/www.noticiasradioreflejos.com.ar\/2021\/wp-json\/wp\/v2\/posts"}],"about":[{"href":"https:\/\/www.noticiasradioreflejos.com.ar\/2021\/wp-json\/wp\/v2\/types\/post"}],"author":[{"embeddable":true,"href":"https:\/\/www.noticiasradioreflejos.com.ar\/2021\/wp-json\/wp\/v2\/users\/3"}],"replies":[{"embeddable":true,"href":"https:\/\/www.noticiasradioreflejos.com.ar\/2021\/wp-json\/wp\/v2\/comments?post=97635"}],"version-history":[{"count":1,"href":"https:\/\/www.noticiasradioreflejos.com.ar\/2021\/wp-json\/wp\/v2\/posts\/97635\/revisions"}],"predecessor-version":[{"id":97636,"href":"https:\/\/www.noticiasradioreflejos.com.ar\/2021\/wp-json\/wp\/v2\/posts\/97635\/revisions\/97636"}],"wp:attachment":[{"href":"https:\/\/www.noticiasradioreflejos.com.ar\/2021\/wp-json\/wp\/v2\/media?parent=97635"}],"wp:term":[{"taxonomy":"category","embeddable":true,"href":"https:\/\/www.noticiasradioreflejos.com.ar\/2021\/wp-json\/wp\/v2\/categories?post=97635"},{"taxonomy":"post_tag","embeddable":true,"href":"https:\/\/www.noticiasradioreflejos.com.ar\/2021\/wp-json\/wp\/v2\/tags?post=97635"}],"curies":[{"name":"wp","href":"https:\/\/api.w.org\/{rel}","templated":true}]}}