{"id":97632,"date":"2024-01-14T10:09:02","date_gmt":"2024-01-14T13:09:02","guid":{"rendered":"https:\/\/www.noticiasradioreflejos.com.ar\/2021\/?p=97632"},"modified":"2024-01-14T10:09:02","modified_gmt":"2024-01-14T13:09:02","slug":"el-monotema-entre-las-estrategias-y-los-memes-la-inflacion-coloniza-la-conversacion-publica","status":"publish","type":"post","link":"https:\/\/www.noticiasradioreflejos.com.ar\/2021\/el-monotema-entre-las-estrategias-y-los-memes-la-inflacion-coloniza-la-conversacion-publica\/","title":{"rendered":"El monotema: entre las estrategias y los memes, la inflaci\u00f3n coloniza la conversaci\u00f3n p\u00fablica"},"content":{"rendered":"<p>Los temas de conversaci\u00f3n en la fila del banco, en las charlas de caf\u00e9 o en las redes sociales est\u00e1n influenciadas por el contexto pol\u00edtico, social y econ\u00f3mico, que lleva a nuevas estrategias de consumo como por ejemplo cargar nafta los d\u00edas que hay descuento con cierta tarjeta en particular o contarle a un familiar en qu\u00e9 supermercado todav\u00eda quedan latas de at\u00fan.<!--more--><\/p>\n<div>\n<div class=\"wrapper-editable-content\">\n<div class=\"container-md\">\n<div class=\"row\">\n<div class=\"col-md-12 speak\">\n<div class=\"paragraph\">\n<p>En un contexto social signado por la inflaci\u00f3n, la conversaci\u00f3n p\u00fablica -en las calles, pero tambi\u00e9n en las redes, entre familiares pero tambi\u00e9n entre desconocidos- hizo un giro repentino que, seg\u00fan soci\u00f3logos y especialistas en comunicaci\u00f3n, permite identificar un nuevo discurso de coyuntura signado por las estrategias de consumo, la experiencia de ir al supermercado y las quejas.<\/p>\n<p>Que el\u00a0<strong>INDEC\u00a0<\/strong>diera a conocer esta semana que el<strong>\u00a0\u00cdndice de Precios al Consumidor de diciembre trep\u00f3 a 25,5%\u00a0<\/strong>y cerr\u00f3 el\u00a0<strong>a\u00f1o 2023 en 211,4%<\/strong>\u00a0s\u00f3lo confirm\u00f3 en n\u00fameros algo que los argentinos tienen muy presente en la experiencia diaria y en la conversaci\u00f3n cotidiana alrededor de lo que pareciera ser el monotema del momento:\u00a0<strong>todo est\u00e1 muy caro.<\/strong><\/p>\n<p>El supermercado del barrio que todav\u00eda tiene\u00a0<strong>caf\u00e9 a un precio razonable<\/strong>, cargar\u00a0<strong>nafta\u00a0<\/strong>con la tarjeta el fin de semana para conseguir un\u00a0<strong>descuento<\/strong>, encontrar una\u00a0<strong>lata de at\u00fan<\/strong>, hacer\u00a0<strong>compras comunitarias en el Mercado Central\u00a0<\/strong>o llamar al servicio de cable para amenazar con cortar el servicio para conseguir un plan m\u00e1s barato son algunas de las estrategias y desaf\u00edos que ahora protagonizan la charla de sobremesa, los intercambios durante los cumplea\u00f1os o los di\u00e1logos en la oficina.<\/p>\n<blockquote class=\"instagram-media\" data-instgrm-permalink=\"https:\/\/www.instagram.com\/p\/C1x2D3HRUYf\/?utm_source=ig_embed&amp;utm_campaign=loading\" data-instgrm-version=\"14\">\n<div>\n<div>\n<div><\/div>\n<div>\n<div><\/div>\n<div><\/div>\n<\/div>\n<\/div>\n<div><\/div>\n<div><\/div>\n<div>\n<div>Ver esta publicaci\u00f3n en Instagram<\/div>\n<\/div>\n<div><\/div>\n<div>\n<div>\n<div><\/div>\n<div><\/div>\n<div><\/div>\n<\/div>\n<div>\n<div><\/div>\n<div><\/div>\n<\/div>\n<div>\n<div><\/div>\n<div><\/div>\n<div><\/div>\n<\/div>\n<\/div>\n<div>\n<div><\/div>\n<div><\/div>\n<\/div>\n<p><a href=\"https:\/\/www.instagram.com\/p\/C1x2D3HRUYf\/?utm_source=ig_embed&amp;utm_campaign=loading\" target=\"_blank\" rel=\"noopener\">Una publicaci\u00f3n compartida de memestoimeando \ud83d\udc21 (@memestoimeando)<\/a><\/p>\n<\/div>\n<\/blockquote>\n<p>El impacto de la inflaci\u00f3n en la vida de los argentinos se nota en lo m\u00e1s material y, adem\u00e1s, se advierte en el escenario m\u00e1s \u00edntimo de lo familiar y cotidiano, pero tambi\u00e9n en la conversaci\u00f3n en las redes sociales con memes o la circulaci\u00f3n de estrategias de consumo; como si verdaderamente se hubiera operado un cambio en la subjetividad de la \u00e9poca.<\/p>\n<p>La\u00a0<strong>periodista y escritora Carolina Esses\u00a0<\/strong>lo resumi\u00f3 en un tuit con lucidez: \u00abEmpobrecieron hasta nuestras charlas: que si la nalga 6 mil, que el caf\u00e9 una locura, y as\u00ed\u00bb.<\/p>\n<p>Para\u00a0<strong>Ingrid Sarchman, licenciada en Comunicaci\u00f3n, docente, investigadora y escritora<\/strong>, el esp\u00edritu cat\u00e1rtico tom\u00f3 las redes sociales. \u00abLas personas de la cultura o las ciencias sociales tienen una voz en las redes que no necesariamente est\u00e1 vinculada a su \u00e1mbito de trabajo o investigaci\u00f3n pero que s\u00ed abonan la conversaci\u00f3n p\u00fablica. Y s\u00ed, hoy estos intercambios aparecen colonizados por la realidad m\u00e1s inmediata; esos perfiles hoy \u00b4se dan permiso\u00b4 para referirse al impacto de la inflaci\u00f3n. Las redes son un lugar de catarsis donde las personas arman comunidades y, en ese marco, estos discursos se potencian\u00bb, reflexiona.<\/p>\n<p><strong>Eugenia Mitchelstein, profesora asociada del departamento de Ciencias Sociales de la Universidad de San Andr\u00e9s<\/strong>, repara en que, m\u00e1s all\u00e1 de la novedad de la intensidad y del clima que genera que parte de esa conversaci\u00f3n se de en las redes, en Argentina estamos acostumbrados a hablar de inflaci\u00f3n: \u00abEl salto de diciembre por ahora parece de grado pero no de tipo: las conversaciones sobre precios existen hace varios a\u00f1os, lo que tal vez cambi\u00f3 ahora es la frecuencia de esas conversaciones y la sensaci\u00f3n de que todos nuestros consumos de productos y servicios est\u00e1n sujetos a esta incertidumbre: no solo aumenta el pan o la carne: aumenta la nafta y las prepagas, van a aumentar las tarifas de gas y luz y las cuotas de las escuelas privadas. La pregunta no es entonces si va a haber inflaci\u00f3n, si no hasta d\u00f3nde van a llegar los precios, y si nuestros ingresos van a acompa\u00f1ar. No es nada sorprendente que frente a la incertidumbre tratemos de protegernos pas\u00e1ndonos datos sobre c\u00f3mo intentar gastar menos\u00bb.<\/p>\n<figure class=\"mb-3\"><img decoding=\"async\" class=\" lazy \" src=\"https:\/\/www.telam.com.ar\/thumbs\/bluesteel\/advf\/imagenes\/2024\/01\/65a2e52d36614_1200.jpg\" alt=\"Foto Gustavo Amarelle\" width=\"100%\" height=\"100%\" \/><\/p>\n<div class=\"media-icons\"><\/div><figcaption>Foto: Gustavo Amarelle.<\/figcaption><\/figure>\n<p><strong>\u00bfY qu\u00e9 efectos tiene estar tan atados a lo b\u00e1sico y coyuntural respecto de \u00ablos grandes temas\u00bb?<\/strong>\u00a0\u00abLos precios son una se\u00f1al s\u00faper importante de la econom\u00eda, y a veces, la ventana m\u00e1s directa que tenemos los ciudadanos a las decisiones de los gobiernos. No creo que nos impidan pensar en \u00b4los grandes temas\u00b4, primero porque \u00b4llegar a fin de mes\u00b4 es un gran tema en s\u00ed mismo y segundo porque los precios nos dan informaci\u00f3n \u00fatil como ciudadanos y consumidores respecto a las pol\u00edticas p\u00fablicas implementadas\u00bb, advierte Mitchelstein sobre los efectos del corrimiento de la conversaci\u00f3n p\u00fablica.<\/p>\n<p>\u00abPuede que alguien no mire noticias, no siga la actualidad en redes, pero esa persona viaja en transporte p\u00fablico, o paga peajes, y compra leche, pan, carne, etc. Esa informaci\u00f3n le permite evaluar al gobierno con datos. \u00bfEstoy mejor o peor que antes?\u00bb, analiza.<\/p>\n<blockquote class=\"\"><p>\u00abPuede que alguien no mire noticias, no siga la actualidad en redes, pero esa persona viaja en transporte p\u00fablico, o paga peajes, y compra leche, pan, carne, etc. Esa informaci\u00f3n le permite evaluar al gobierno con datos. \u00bfEstoy mejor o peor que antes?\u00bb<cite class=\"author\">Eugenia Mitchelstein<\/cite><\/p><\/blockquote>\n<p>Claro este tipo de conversaciones que ahora est\u00e1n tan presentes en el d\u00eda a d\u00eda de la clase media no son tan nuevas para los sectores populares, para los cuales la inflaci\u00f3n y el precio de los alimentos es ya desde hace a\u00f1os determinante para sus ingresos.<\/p>\n<p><strong>\u00abEste a\u00f1o no hubo lech\u00f3n en las fiestas, simplemente era privativo\u00bb<\/strong>, apunta, entre el dato de color y la percepci\u00f3n m\u00e1s profunda de que algo cambi\u00f3, la\u00a0<strong>antrop\u00f3loga Sof\u00eda Servi\u00e1n, quien junto al soci\u00f3logo Javier Auyero public\u00f3 \u00abC\u00f3mo hacen los pobres para sobrevivir\u00bb (Siglo XXI)<\/strong>, un trabajo que apuntaba a \u00abcomprender e interpretar las maneras en que las personas, solas o en grupo, les dan sentido y lidian con la desigualdad y la destituci\u00f3n\u00bb.<\/p>\n<p>Servi\u00e1n naci\u00f3 a finales de los &#8217;90 y toda su vida vivi\u00f3 en la localidad bonaerense de Quilmes Oeste, un dato biogr\u00e1fico que le permite comprender con cierta cercan\u00eda la realidad de los sectores populares.<\/p>\n<figure class=\"mb-3\"><img decoding=\"async\" class=\" lazy \" src=\"https:\/\/www.telam.com.ar\/thumbs\/bluesteel\/advf\/imagenes\/2024\/01\/65a2e52d7c4ce_1200.jpg\" alt=\"Foto Gustavo Amarelle\" width=\"100%\" height=\"100%\" \/><\/p>\n<div class=\"media-icons\">Foto: Gustavo Amarelle.<\/div>\n<\/figure>\n<p>&nbsp;<\/p>\n<p>\u00abEn el per\u00edodo que se abri\u00f3 en las fiestas y lo que va del a\u00f1o, la conversaci\u00f3n comenz\u00f3 a estar casi exclusivamente tomada por el aumento de precios. Es como si el debate sobre los grandes ejes y personajes de la pol\u00edtica nacional hubiera dejado lugar a lo m\u00e1s inmediato de los alimentos:\u00a0<strong>en los barrios, todo es stockearse porque se sabe que ma\u00f1ana va a ser peor<\/strong>\u00ab, cuenta Servi\u00e1n y da cuenta de algunas de esas estrategias: endeudarse para comprar carne y acopiar, compras de papel higi\u00e9nico al por mayor o excursiones al Mercado Central.<\/p>\n<p>La antrop\u00f3loga cree que el reinicio escolar abarcar\u00e1 una nueva instancia en la percepci\u00f3n m\u00e1s cercana de la inflaci\u00f3n: \u00abUn cuaderno siempre sale 5 mil pesos\u00a0<strong>\u00bfC\u00f3mo har\u00e1n las familias que tengan que mandar dos o tres hijos a la escuela para afrontarlo?<\/strong>\u00ab. A pesar de este panorama, Servi\u00e1n advierte que entre quienes apoyaron a Javier Milei en su camino a la presidencia, todav\u00eda hay cierta percepci\u00f3n de que este camino lleno de espinas es necesario: \u00abHay cierta idea de que para salir tenemos que pasar por ciertos sacrificios, de que esto es un mal trago y de que despu\u00e9s vendr\u00e1 la redenci\u00f3n. Solo creer en esa promesa hace diferible la situaci\u00f3n actual\u00bb.<\/p>\n<\/div>\n<p>&nbsp;<\/p>\n<p><strong>POR ANA CLARA P\u00c9REZ COTTEN . T\u00e9lam<\/strong><\/p>\n<\/div>\n<\/div>\n<\/div>\n<\/div>\n<\/div>\n","protected":false},"excerpt":{"rendered":"<p>Los temas de conversaci\u00f3n en la fila del banco, en las charlas de caf\u00e9 o en las redes sociales est\u00e1n influenciadas por el contexto pol\u00edtico, social y econ\u00f3mico, que lleva a nuevas estrategias de consumo como por ejemplo cargar nafta los d\u00edas que hay descuento con cierta tarjeta en particular o contarle a un familiar [&hellip;]<\/p>\n","protected":false},"author":3,"featured_media":97633,"comment_status":"closed","ping_status":"closed","sticky":false,"template":"","format":"standard","meta":{"footnotes":""},"categories":[36,26],"tags":[48],"class_list":["post-97632","post","type-post","status-publish","format-standard","has-post-thumbnail","hentry","category-economia","category-sociedad","tag-destacada"],"yoast_head":"<!-- This site is optimized with the Yoast SEO plugin v25.9 - https:\/\/yoast.com\/wordpress\/plugins\/seo\/ -->\n<title>El monotema: entre las estrategias y los memes, la inflaci\u00f3n coloniza la conversaci\u00f3n p\u00fablica - Noticias Radio Reflejos<\/title>\n<meta name=\"robots\" content=\"index, follow, max-snippet:-1, max-image-preview:large, max-video-preview:-1\" \/>\n<link rel=\"canonical\" href=\"https:\/\/www.noticiasradioreflejos.com.ar\/2021\/el-monotema-entre-las-estrategias-y-los-memes-la-inflacion-coloniza-la-conversacion-publica\/\" \/>\n<meta property=\"og:locale\" content=\"es_ES\" \/>\n<meta property=\"og:type\" content=\"article\" \/>\n<meta property=\"og:title\" content=\"El monotema: entre las estrategias y los memes, la inflaci\u00f3n coloniza la conversaci\u00f3n p\u00fablica - Noticias Radio Reflejos\" \/>\n<meta property=\"og:description\" content=\"Los temas de conversaci\u00f3n en la fila del banco, en las charlas de caf\u00e9 o en las redes sociales est\u00e1n influenciadas por el contexto pol\u00edtico, social y econ\u00f3mico, que lleva a nuevas estrategias de consumo como por ejemplo cargar nafta los d\u00edas que hay descuento con cierta tarjeta en particular o contarle a un familiar [&hellip;]\" \/>\n<meta property=\"og:url\" content=\"https:\/\/www.noticiasradioreflejos.com.ar\/2021\/el-monotema-entre-las-estrategias-y-los-memes-la-inflacion-coloniza-la-conversacion-publica\/\" \/>\n<meta property=\"og:site_name\" content=\"Noticias Radio Reflejos\" \/>\n<meta property=\"article:published_time\" content=\"2024-01-14T13:09:02+00:00\" \/>\n<meta property=\"og:image\" content=\"https:\/\/www.noticiasradioreflejos.com.ar\/2021\/wp-content\/uploads\/2024\/01\/65a2e52d0df4d_1200.jpg\" \/>\n\t<meta property=\"og:image:width\" content=\"1200\" \/>\n\t<meta property=\"og:image:height\" content=\"675\" \/>\n\t<meta property=\"og:image:type\" content=\"image\/jpeg\" \/>\n<meta name=\"author\" content=\"Arnaldo Botto\" \/>\n<meta name=\"twitter:card\" content=\"summary_large_image\" \/>\n<script type=\"application\/ld+json\" class=\"yoast-schema-graph\">{\"@context\":\"https:\/\/schema.org\",\"@graph\":[{\"@type\":\"WebPage\",\"@id\":\"https:\/\/www.noticiasradioreflejos.com.ar\/2021\/el-monotema-entre-las-estrategias-y-los-memes-la-inflacion-coloniza-la-conversacion-publica\/\",\"url\":\"https:\/\/www.noticiasradioreflejos.com.ar\/2021\/el-monotema-entre-las-estrategias-y-los-memes-la-inflacion-coloniza-la-conversacion-publica\/\",\"name\":\"El monotema: entre las estrategias y los memes, la inflaci\u00f3n coloniza la conversaci\u00f3n p\u00fablica - Noticias Radio Reflejos\",\"isPartOf\":{\"@id\":\"https:\/\/www.noticiasradioreflejos.com.ar\/2021\/#website\"},\"primaryImageOfPage\":{\"@id\":\"https:\/\/www.noticiasradioreflejos.com.ar\/2021\/el-monotema-entre-las-estrategias-y-los-memes-la-inflacion-coloniza-la-conversacion-publica\/#primaryimage\"},\"image\":{\"@id\":\"https:\/\/www.noticiasradioreflejos.com.ar\/2021\/el-monotema-entre-las-estrategias-y-los-memes-la-inflacion-coloniza-la-conversacion-publica\/#primaryimage\"},\"thumbnailUrl\":\"https:\/\/www.noticiasradioreflejos.com.ar\/2021\/wp-content\/uploads\/2024\/01\/65a2e52d0df4d_1200.jpg\",\"datePublished\":\"2024-01-14T13:09:02+00:00\",\"author\":{\"@id\":\"https:\/\/www.noticiasradioreflejos.com.ar\/2021\/#\/schema\/person\/ad82545263dcc5ec0996818884fd5fb1\"},\"breadcrumb\":{\"@id\":\"https:\/\/www.noticiasradioreflejos.com.ar\/2021\/el-monotema-entre-las-estrategias-y-los-memes-la-inflacion-coloniza-la-conversacion-publica\/#breadcrumb\"},\"inLanguage\":\"es\",\"potentialAction\":[{\"@type\":\"ReadAction\",\"target\":[\"https:\/\/www.noticiasradioreflejos.com.ar\/2021\/el-monotema-entre-las-estrategias-y-los-memes-la-inflacion-coloniza-la-conversacion-publica\/\"]}]},{\"@type\":\"ImageObject\",\"inLanguage\":\"es\",\"@id\":\"https:\/\/www.noticiasradioreflejos.com.ar\/2021\/el-monotema-entre-las-estrategias-y-los-memes-la-inflacion-coloniza-la-conversacion-publica\/#primaryimage\",\"url\":\"https:\/\/www.noticiasradioreflejos.com.ar\/2021\/wp-content\/uploads\/2024\/01\/65a2e52d0df4d_1200.jpg\",\"contentUrl\":\"https:\/\/www.noticiasradioreflejos.com.ar\/2021\/wp-content\/uploads\/2024\/01\/65a2e52d0df4d_1200.jpg\",\"width\":1200,\"height\":675},{\"@type\":\"BreadcrumbList\",\"@id\":\"https:\/\/www.noticiasradioreflejos.com.ar\/2021\/el-monotema-entre-las-estrategias-y-los-memes-la-inflacion-coloniza-la-conversacion-publica\/#breadcrumb\",\"itemListElement\":[{\"@type\":\"ListItem\",\"position\":1,\"name\":\"Portada\",\"item\":\"https:\/\/www.noticiasradioreflejos.com.ar\/2021\/\"},{\"@type\":\"ListItem\",\"position\":2,\"name\":\"El monotema: entre las estrategias y los memes, la inflaci\u00f3n coloniza la conversaci\u00f3n p\u00fablica\"}]},{\"@type\":\"WebSite\",\"@id\":\"https:\/\/www.noticiasradioreflejos.com.ar\/2021\/#website\",\"url\":\"https:\/\/www.noticiasradioreflejos.com.ar\/2021\/\",\"name\":\"Noticias Radio Reflejos\",\"description\":\"Las noticias de mi comarca\",\"potentialAction\":[{\"@type\":\"SearchAction\",\"target\":{\"@type\":\"EntryPoint\",\"urlTemplate\":\"https:\/\/www.noticiasradioreflejos.com.ar\/2021\/?s={search_term_string}\"},\"query-input\":{\"@type\":\"PropertyValueSpecification\",\"valueRequired\":true,\"valueName\":\"search_term_string\"}}],\"inLanguage\":\"es\"},{\"@type\":\"Person\",\"@id\":\"https:\/\/www.noticiasradioreflejos.com.ar\/2021\/#\/schema\/person\/ad82545263dcc5ec0996818884fd5fb1\",\"name\":\"Arnaldo Botto\",\"image\":{\"@type\":\"ImageObject\",\"inLanguage\":\"es\",\"@id\":\"https:\/\/www.noticiasradioreflejos.com.ar\/2021\/#\/schema\/person\/image\/\",\"url\":\"https:\/\/secure.gravatar.com\/avatar\/55cb5e37c1efa326397366e6974cb338056df65cb50e7d64d1cf314e87504837?s=96&d=mm&r=g\",\"contentUrl\":\"https:\/\/secure.gravatar.com\/avatar\/55cb5e37c1efa326397366e6974cb338056df65cb50e7d64d1cf314e87504837?s=96&d=mm&r=g\",\"caption\":\"Arnaldo Botto\"},\"url\":\"https:\/\/www.noticiasradioreflejos.com.ar\/2021\/author\/arnaldo\/\"}]}<\/script>\n<!-- \/ Yoast SEO plugin. -->","yoast_head_json":{"title":"El monotema: entre las estrategias y los memes, la inflaci\u00f3n coloniza la conversaci\u00f3n p\u00fablica - Noticias Radio Reflejos","robots":{"index":"index","follow":"follow","max-snippet":"max-snippet:-1","max-image-preview":"max-image-preview:large","max-video-preview":"max-video-preview:-1"},"canonical":"https:\/\/www.noticiasradioreflejos.com.ar\/2021\/el-monotema-entre-las-estrategias-y-los-memes-la-inflacion-coloniza-la-conversacion-publica\/","og_locale":"es_ES","og_type":"article","og_title":"El monotema: entre las estrategias y los memes, la inflaci\u00f3n coloniza la conversaci\u00f3n p\u00fablica - Noticias Radio Reflejos","og_description":"Los temas de conversaci\u00f3n en la fila del banco, en las charlas de caf\u00e9 o en las redes sociales est\u00e1n influenciadas por el contexto pol\u00edtico, social y econ\u00f3mico, que lleva a nuevas estrategias de consumo como por ejemplo cargar nafta los d\u00edas que hay descuento con cierta tarjeta en particular o contarle a un familiar [&hellip;]","og_url":"https:\/\/www.noticiasradioreflejos.com.ar\/2021\/el-monotema-entre-las-estrategias-y-los-memes-la-inflacion-coloniza-la-conversacion-publica\/","og_site_name":"Noticias Radio Reflejos","article_published_time":"2024-01-14T13:09:02+00:00","og_image":[{"width":1200,"height":675,"url":"https:\/\/www.noticiasradioreflejos.com.ar\/2021\/wp-content\/uploads\/2024\/01\/65a2e52d0df4d_1200.jpg","type":"image\/jpeg"}],"author":"Arnaldo Botto","twitter_card":"summary_large_image","schema":{"@context":"https:\/\/schema.org","@graph":[{"@type":"WebPage","@id":"https:\/\/www.noticiasradioreflejos.com.ar\/2021\/el-monotema-entre-las-estrategias-y-los-memes-la-inflacion-coloniza-la-conversacion-publica\/","url":"https:\/\/www.noticiasradioreflejos.com.ar\/2021\/el-monotema-entre-las-estrategias-y-los-memes-la-inflacion-coloniza-la-conversacion-publica\/","name":"El monotema: entre las estrategias y los memes, la inflaci\u00f3n coloniza la conversaci\u00f3n p\u00fablica - Noticias Radio Reflejos","isPartOf":{"@id":"https:\/\/www.noticiasradioreflejos.com.ar\/2021\/#website"},"primaryImageOfPage":{"@id":"https:\/\/www.noticiasradioreflejos.com.ar\/2021\/el-monotema-entre-las-estrategias-y-los-memes-la-inflacion-coloniza-la-conversacion-publica\/#primaryimage"},"image":{"@id":"https:\/\/www.noticiasradioreflejos.com.ar\/2021\/el-monotema-entre-las-estrategias-y-los-memes-la-inflacion-coloniza-la-conversacion-publica\/#primaryimage"},"thumbnailUrl":"https:\/\/www.noticiasradioreflejos.com.ar\/2021\/wp-content\/uploads\/2024\/01\/65a2e52d0df4d_1200.jpg","datePublished":"2024-01-14T13:09:02+00:00","author":{"@id":"https:\/\/www.noticiasradioreflejos.com.ar\/2021\/#\/schema\/person\/ad82545263dcc5ec0996818884fd5fb1"},"breadcrumb":{"@id":"https:\/\/www.noticiasradioreflejos.com.ar\/2021\/el-monotema-entre-las-estrategias-y-los-memes-la-inflacion-coloniza-la-conversacion-publica\/#breadcrumb"},"inLanguage":"es","potentialAction":[{"@type":"ReadAction","target":["https:\/\/www.noticiasradioreflejos.com.ar\/2021\/el-monotema-entre-las-estrategias-y-los-memes-la-inflacion-coloniza-la-conversacion-publica\/"]}]},{"@type":"ImageObject","inLanguage":"es","@id":"https:\/\/www.noticiasradioreflejos.com.ar\/2021\/el-monotema-entre-las-estrategias-y-los-memes-la-inflacion-coloniza-la-conversacion-publica\/#primaryimage","url":"https:\/\/www.noticiasradioreflejos.com.ar\/2021\/wp-content\/uploads\/2024\/01\/65a2e52d0df4d_1200.jpg","contentUrl":"https:\/\/www.noticiasradioreflejos.com.ar\/2021\/wp-content\/uploads\/2024\/01\/65a2e52d0df4d_1200.jpg","width":1200,"height":675},{"@type":"BreadcrumbList","@id":"https:\/\/www.noticiasradioreflejos.com.ar\/2021\/el-monotema-entre-las-estrategias-y-los-memes-la-inflacion-coloniza-la-conversacion-publica\/#breadcrumb","itemListElement":[{"@type":"ListItem","position":1,"name":"Portada","item":"https:\/\/www.noticiasradioreflejos.com.ar\/2021\/"},{"@type":"ListItem","position":2,"name":"El monotema: entre las estrategias y los memes, la inflaci\u00f3n coloniza la conversaci\u00f3n p\u00fablica"}]},{"@type":"WebSite","@id":"https:\/\/www.noticiasradioreflejos.com.ar\/2021\/#website","url":"https:\/\/www.noticiasradioreflejos.com.ar\/2021\/","name":"Noticias Radio Reflejos","description":"Las noticias de mi comarca","potentialAction":[{"@type":"SearchAction","target":{"@type":"EntryPoint","urlTemplate":"https:\/\/www.noticiasradioreflejos.com.ar\/2021\/?s={search_term_string}"},"query-input":{"@type":"PropertyValueSpecification","valueRequired":true,"valueName":"search_term_string"}}],"inLanguage":"es"},{"@type":"Person","@id":"https:\/\/www.noticiasradioreflejos.com.ar\/2021\/#\/schema\/person\/ad82545263dcc5ec0996818884fd5fb1","name":"Arnaldo Botto","image":{"@type":"ImageObject","inLanguage":"es","@id":"https:\/\/www.noticiasradioreflejos.com.ar\/2021\/#\/schema\/person\/image\/","url":"https:\/\/secure.gravatar.com\/avatar\/55cb5e37c1efa326397366e6974cb338056df65cb50e7d64d1cf314e87504837?s=96&d=mm&r=g","contentUrl":"https:\/\/secure.gravatar.com\/avatar\/55cb5e37c1efa326397366e6974cb338056df65cb50e7d64d1cf314e87504837?s=96&d=mm&r=g","caption":"Arnaldo Botto"},"url":"https:\/\/www.noticiasradioreflejos.com.ar\/2021\/author\/arnaldo\/"}]}},"_links":{"self":[{"href":"https:\/\/www.noticiasradioreflejos.com.ar\/2021\/wp-json\/wp\/v2\/posts\/97632","targetHints":{"allow":["GET"]}}],"collection":[{"href":"https:\/\/www.noticiasradioreflejos.com.ar\/2021\/wp-json\/wp\/v2\/posts"}],"about":[{"href":"https:\/\/www.noticiasradioreflejos.com.ar\/2021\/wp-json\/wp\/v2\/types\/post"}],"author":[{"embeddable":true,"href":"https:\/\/www.noticiasradioreflejos.com.ar\/2021\/wp-json\/wp\/v2\/users\/3"}],"replies":[{"embeddable":true,"href":"https:\/\/www.noticiasradioreflejos.com.ar\/2021\/wp-json\/wp\/v2\/comments?post=97632"}],"version-history":[{"count":1,"href":"https:\/\/www.noticiasradioreflejos.com.ar\/2021\/wp-json\/wp\/v2\/posts\/97632\/revisions"}],"predecessor-version":[{"id":97634,"href":"https:\/\/www.noticiasradioreflejos.com.ar\/2021\/wp-json\/wp\/v2\/posts\/97632\/revisions\/97634"}],"wp:featuredmedia":[{"embeddable":true,"href":"https:\/\/www.noticiasradioreflejos.com.ar\/2021\/wp-json\/wp\/v2\/media\/97633"}],"wp:attachment":[{"href":"https:\/\/www.noticiasradioreflejos.com.ar\/2021\/wp-json\/wp\/v2\/media?parent=97632"}],"wp:term":[{"taxonomy":"category","embeddable":true,"href":"https:\/\/www.noticiasradioreflejos.com.ar\/2021\/wp-json\/wp\/v2\/categories?post=97632"},{"taxonomy":"post_tag","embeddable":true,"href":"https:\/\/www.noticiasradioreflejos.com.ar\/2021\/wp-json\/wp\/v2\/tags?post=97632"}],"curies":[{"name":"wp","href":"https:\/\/api.w.org\/{rel}","templated":true}]}}