{"id":97629,"date":"2024-01-14T10:04:13","date_gmt":"2024-01-14T13:04:13","guid":{"rendered":"https:\/\/www.noticiasradioreflejos.com.ar\/2021\/?p=97629"},"modified":"2024-01-14T10:04:13","modified_gmt":"2024-01-14T13:04:13","slug":"restringiran-desde-manana-el-transito-de-camiones-en-rutas-bonaerenses-por-recambio-turistico","status":"publish","type":"post","link":"https:\/\/www.noticiasradioreflejos.com.ar\/2021\/restringiran-desde-manana-el-transito-de-camiones-en-rutas-bonaerenses-por-recambio-turistico\/","title":{"rendered":"Restringir\u00e1n desde ma\u00f1ana el tr\u00e1nsito de camiones en rutas bonaerenses por recambio tur\u00edstico"},"content":{"rendered":"<p>La circulaci\u00f3n de los veh\u00edculos de gran porte estar\u00e1 restringida desde ma\u00f1ana y el martes a partir de las 14 y hasta la medianoche en la autopista Buenos Aires-La Plata, la Autov\u00eda 2 y otras cinco rutas bonaerenses para \u00abfacilitar el desplazamiento vehicular y prevenir accidentes\u00bb en rutas tur\u00edsticas, inform\u00f3 hoy la Direcci\u00f3n de Vialidad bonaerense.<!--more--><\/p>\n<p>La restricci\u00f3n para circular camiones de 7 toneladas de porte alcanza a la autov\u00eda 2, rutas provinciales 11, 36, 56, 63, 74, y autopista Buenos Aires-La Plata, detall\u00f3 el comunicado.<\/p>\n<p>En sentido a la Costa Atl\u00e1ntica, la restricci\u00f3n comenzar\u00e1 el lunes 15 desde las 14 a las 23:59 horas, en ambos sentidos, y el martes 16 de enero, de 6 a 14, precis\u00f3 Vialidad.<\/p>\n<p>En tanto, sentido a la Ciudad Aut\u00f3noma de Buenos Aires, la restricci\u00f3n para veh\u00edculos de gran porte estar\u00e1 restringida este lunes 15 de enero de 14 a 23:59 horas.<\/p>\n<p>La medida alcanza a la Autopista Buenos Aires-La Plata, desde Ciudad Aut\u00f3noma de Buenos Aires (CABA) hasta la ciudad de La Plata, la ruta provincial (RP) 2 (Autov\u00eda 2), y desde el kil\u00f3metro 40,5 del ramal Buenos Aires-Mar del Plata hasta el kil\u00f3metro 400 (Camet) de la autopista Buenos Aires-La Plata y en la ruta provincial 11, desde intersecci\u00f3n con ruta provincial 36 (Pipinas) hasta el kil\u00f3metro 537 (Chapadmalal) detall\u00f3 Vialidad.<\/p>\n<p>De igual modo regir\u00e1 la restricci\u00f3n en la RP 56, desde su intersecci\u00f3n con la RP 11 (General Conesa) hasta el cruce con la RP 74 (General Madariaga); la RP 63, desde distribuidor de tr\u00e1nsito con RP 2 (Dolores) hasta la intersecci\u00f3n con la RP 11 (Esquina de Crotto), y la RP 74, desde su intersecci\u00f3n con la RP 56 (Maip\u00fa) hasta el cruce con la RP 11 (Pinamar).<\/p>\n<p>En tanto, precis\u00f3 que quedan exceptuados de esta prohibici\u00f3n los veh\u00edculos de transporte de leche cruda, sus productos derivados y envases asociados; transporte de animales vivos, de pescado y mariscos, adem\u00e1s de productos frutihort\u00edcolas.<\/p>\n<p>Asimismo, la excepci\u00f3n comprende a los veh\u00edculos de emergencias; el transporte exclusivo de prensa y unidades m\u00f3viles de televisi\u00f3n; gr\u00faas\/asistencia a veh\u00edculos averiados o accidentados; transporte de combustible, de medicinas o de residuos s\u00f3lidos urbanos y\/o patog\u00e9nicos.<\/p>\n<p>Vialidad Provincial record\u00f3 a los conductores que deben circular con las luces bajas encendidas; con la V.T.V. actualizada; respetar las velocidades m\u00e1ximas y m\u00ednimas; colocarse el cintur\u00f3n de seguridad; no sobrepasar a otro veh\u00edculo con presencia de doble l\u00ednea amarilla.<\/p>\n<p>Asimismo, indic\u00f3 que los ni\u00f1os menores de 12 a\u00f1os deben viajar en el asiento trasero correctamente sujetados; haber dormido y descansado antes de emprender un viaje y no beber alcohol.<\/p><\/div>\n","protected":false},"excerpt":{"rendered":"<p>La circulaci\u00f3n de los veh\u00edculos de gran porte estar\u00e1 restringida desde ma\u00f1ana y el martes a partir de las 14 y hasta la medianoche en la autopista Buenos Aires-La Plata, la Autov\u00eda 2 y otras cinco rutas bonaerenses para \u00abfacilitar el desplazamiento vehicular y prevenir accidentes\u00bb en rutas tur\u00edsticas, inform\u00f3 hoy la Direcci\u00f3n de Vialidad [&hellip;]<\/p>\n","protected":false},"author":3,"featured_media":97630,"comment_status":"closed","ping_status":"closed","sticky":false,"template":"","format":"standard","meta":{"footnotes":""},"categories":[29,26,33],"tags":[],"class_list":["post-97629","post","type-post","status-publish","format-standard","has-post-thumbnail","hentry","category-policiales","category-sociedad","category-turismo"],"yoast_head":"<!-- This site is optimized with the Yoast SEO plugin v25.9 - https:\/\/yoast.com\/wordpress\/plugins\/seo\/ -->\n<title>Restringir\u00e1n desde ma\u00f1ana el tr\u00e1nsito de camiones en rutas bonaerenses por recambio tur\u00edstico - Noticias Radio Reflejos<\/title>\n<meta name=\"robots\" content=\"index, follow, max-snippet:-1, max-image-preview:large, max-video-preview:-1\" \/>\n<link rel=\"canonical\" href=\"https:\/\/www.noticiasradioreflejos.com.ar\/2021\/restringiran-desde-manana-el-transito-de-camiones-en-rutas-bonaerenses-por-recambio-turistico\/\" \/>\n<meta property=\"og:locale\" content=\"es_ES\" \/>\n<meta property=\"og:type\" content=\"article\" \/>\n<meta property=\"og:title\" content=\"Restringir\u00e1n desde ma\u00f1ana el tr\u00e1nsito de camiones en rutas bonaerenses por recambio tur\u00edstico - Noticias Radio Reflejos\" \/>\n<meta property=\"og:description\" content=\"La circulaci\u00f3n de los veh\u00edculos de gran porte estar\u00e1 restringida desde ma\u00f1ana y el martes a partir de las 14 y hasta la medianoche en la autopista Buenos Aires-La Plata, la Autov\u00eda 2 y otras cinco rutas bonaerenses para \u00abfacilitar el desplazamiento vehicular y prevenir accidentes\u00bb en rutas tur\u00edsticas, inform\u00f3 hoy la Direcci\u00f3n de Vialidad [&hellip;]\" \/>\n<meta property=\"og:url\" content=\"https:\/\/www.noticiasradioreflejos.com.ar\/2021\/restringiran-desde-manana-el-transito-de-camiones-en-rutas-bonaerenses-por-recambio-turistico\/\" \/>\n<meta property=\"og:site_name\" content=\"Noticias Radio Reflejos\" \/>\n<meta property=\"article:published_time\" content=\"2024-01-14T13:04:13+00:00\" \/>\n<meta property=\"og:image\" content=\"https:\/\/www.noticiasradioreflejos.com.ar\/2021\/wp-content\/uploads\/2024\/01\/Rutas-camiones.jpg\" \/>\n\t<meta property=\"og:image:width\" content=\"600\" \/>\n\t<meta property=\"og:image:height\" content=\"400\" \/>\n\t<meta property=\"og:image:type\" content=\"image\/jpeg\" \/>\n<meta name=\"author\" content=\"Arnaldo Botto\" \/>\n<meta name=\"twitter:card\" content=\"summary_large_image\" \/>\n<script type=\"application\/ld+json\" class=\"yoast-schema-graph\">{\"@context\":\"https:\/\/schema.org\",\"@graph\":[{\"@type\":\"WebPage\",\"@id\":\"https:\/\/www.noticiasradioreflejos.com.ar\/2021\/restringiran-desde-manana-el-transito-de-camiones-en-rutas-bonaerenses-por-recambio-turistico\/\",\"url\":\"https:\/\/www.noticiasradioreflejos.com.ar\/2021\/restringiran-desde-manana-el-transito-de-camiones-en-rutas-bonaerenses-por-recambio-turistico\/\",\"name\":\"Restringir\u00e1n desde ma\u00f1ana el tr\u00e1nsito de camiones en rutas bonaerenses por recambio tur\u00edstico - Noticias Radio Reflejos\",\"isPartOf\":{\"@id\":\"https:\/\/www.noticiasradioreflejos.com.ar\/2021\/#website\"},\"primaryImageOfPage\":{\"@id\":\"https:\/\/www.noticiasradioreflejos.com.ar\/2021\/restringiran-desde-manana-el-transito-de-camiones-en-rutas-bonaerenses-por-recambio-turistico\/#primaryimage\"},\"image\":{\"@id\":\"https:\/\/www.noticiasradioreflejos.com.ar\/2021\/restringiran-desde-manana-el-transito-de-camiones-en-rutas-bonaerenses-por-recambio-turistico\/#primaryimage\"},\"thumbnailUrl\":\"https:\/\/www.noticiasradioreflejos.com.ar\/2021\/wp-content\/uploads\/2024\/01\/Rutas-camiones.jpg\",\"datePublished\":\"2024-01-14T13:04:13+00:00\",\"author\":{\"@id\":\"https:\/\/www.noticiasradioreflejos.com.ar\/2021\/#\/schema\/person\/ad82545263dcc5ec0996818884fd5fb1\"},\"breadcrumb\":{\"@id\":\"https:\/\/www.noticiasradioreflejos.com.ar\/2021\/restringiran-desde-manana-el-transito-de-camiones-en-rutas-bonaerenses-por-recambio-turistico\/#breadcrumb\"},\"inLanguage\":\"es\",\"potentialAction\":[{\"@type\":\"ReadAction\",\"target\":[\"https:\/\/www.noticiasradioreflejos.com.ar\/2021\/restringiran-desde-manana-el-transito-de-camiones-en-rutas-bonaerenses-por-recambio-turistico\/\"]}]},{\"@type\":\"ImageObject\",\"inLanguage\":\"es\",\"@id\":\"https:\/\/www.noticiasradioreflejos.com.ar\/2021\/restringiran-desde-manana-el-transito-de-camiones-en-rutas-bonaerenses-por-recambio-turistico\/#primaryimage\",\"url\":\"https:\/\/www.noticiasradioreflejos.com.ar\/2021\/wp-content\/uploads\/2024\/01\/Rutas-camiones.jpg\",\"contentUrl\":\"https:\/\/www.noticiasradioreflejos.com.ar\/2021\/wp-content\/uploads\/2024\/01\/Rutas-camiones.jpg\",\"width\":600,\"height\":400},{\"@type\":\"BreadcrumbList\",\"@id\":\"https:\/\/www.noticiasradioreflejos.com.ar\/2021\/restringiran-desde-manana-el-transito-de-camiones-en-rutas-bonaerenses-por-recambio-turistico\/#breadcrumb\",\"itemListElement\":[{\"@type\":\"ListItem\",\"position\":1,\"name\":\"Portada\",\"item\":\"https:\/\/www.noticiasradioreflejos.com.ar\/2021\/\"},{\"@type\":\"ListItem\",\"position\":2,\"name\":\"Restringir\u00e1n desde ma\u00f1ana el tr\u00e1nsito de camiones en rutas bonaerenses por recambio tur\u00edstico\"}]},{\"@type\":\"WebSite\",\"@id\":\"https:\/\/www.noticiasradioreflejos.com.ar\/2021\/#website\",\"url\":\"https:\/\/www.noticiasradioreflejos.com.ar\/2021\/\",\"name\":\"Noticias Radio Reflejos\",\"description\":\"Las noticias de mi comarca\",\"potentialAction\":[{\"@type\":\"SearchAction\",\"target\":{\"@type\":\"EntryPoint\",\"urlTemplate\":\"https:\/\/www.noticiasradioreflejos.com.ar\/2021\/?s={search_term_string}\"},\"query-input\":{\"@type\":\"PropertyValueSpecification\",\"valueRequired\":true,\"valueName\":\"search_term_string\"}}],\"inLanguage\":\"es\"},{\"@type\":\"Person\",\"@id\":\"https:\/\/www.noticiasradioreflejos.com.ar\/2021\/#\/schema\/person\/ad82545263dcc5ec0996818884fd5fb1\",\"name\":\"Arnaldo Botto\",\"image\":{\"@type\":\"ImageObject\",\"inLanguage\":\"es\",\"@id\":\"https:\/\/www.noticiasradioreflejos.com.ar\/2021\/#\/schema\/person\/image\/\",\"url\":\"https:\/\/secure.gravatar.com\/avatar\/55cb5e37c1efa326397366e6974cb338056df65cb50e7d64d1cf314e87504837?s=96&d=mm&r=g\",\"contentUrl\":\"https:\/\/secure.gravatar.com\/avatar\/55cb5e37c1efa326397366e6974cb338056df65cb50e7d64d1cf314e87504837?s=96&d=mm&r=g\",\"caption\":\"Arnaldo Botto\"},\"url\":\"https:\/\/www.noticiasradioreflejos.com.ar\/2021\/author\/arnaldo\/\"}]}<\/script>\n<!-- \/ Yoast SEO plugin. -->","yoast_head_json":{"title":"Restringir\u00e1n desde ma\u00f1ana el tr\u00e1nsito de camiones en rutas bonaerenses por recambio tur\u00edstico - Noticias Radio Reflejos","robots":{"index":"index","follow":"follow","max-snippet":"max-snippet:-1","max-image-preview":"max-image-preview:large","max-video-preview":"max-video-preview:-1"},"canonical":"https:\/\/www.noticiasradioreflejos.com.ar\/2021\/restringiran-desde-manana-el-transito-de-camiones-en-rutas-bonaerenses-por-recambio-turistico\/","og_locale":"es_ES","og_type":"article","og_title":"Restringir\u00e1n desde ma\u00f1ana el tr\u00e1nsito de camiones en rutas bonaerenses por recambio tur\u00edstico - Noticias Radio Reflejos","og_description":"La circulaci\u00f3n de los veh\u00edculos de gran porte estar\u00e1 restringida desde ma\u00f1ana y el martes a partir de las 14 y hasta la medianoche en la autopista Buenos Aires-La Plata, la Autov\u00eda 2 y otras cinco rutas bonaerenses para \u00abfacilitar el desplazamiento vehicular y prevenir accidentes\u00bb en rutas tur\u00edsticas, inform\u00f3 hoy la Direcci\u00f3n de Vialidad [&hellip;]","og_url":"https:\/\/www.noticiasradioreflejos.com.ar\/2021\/restringiran-desde-manana-el-transito-de-camiones-en-rutas-bonaerenses-por-recambio-turistico\/","og_site_name":"Noticias Radio Reflejos","article_published_time":"2024-01-14T13:04:13+00:00","og_image":[{"width":600,"height":400,"url":"https:\/\/www.noticiasradioreflejos.com.ar\/2021\/wp-content\/uploads\/2024\/01\/Rutas-camiones.jpg","type":"image\/jpeg"}],"author":"Arnaldo Botto","twitter_card":"summary_large_image","schema":{"@context":"https:\/\/schema.org","@graph":[{"@type":"WebPage","@id":"https:\/\/www.noticiasradioreflejos.com.ar\/2021\/restringiran-desde-manana-el-transito-de-camiones-en-rutas-bonaerenses-por-recambio-turistico\/","url":"https:\/\/www.noticiasradioreflejos.com.ar\/2021\/restringiran-desde-manana-el-transito-de-camiones-en-rutas-bonaerenses-por-recambio-turistico\/","name":"Restringir\u00e1n desde ma\u00f1ana el tr\u00e1nsito de camiones en rutas bonaerenses por recambio tur\u00edstico - Noticias Radio Reflejos","isPartOf":{"@id":"https:\/\/www.noticiasradioreflejos.com.ar\/2021\/#website"},"primaryImageOfPage":{"@id":"https:\/\/www.noticiasradioreflejos.com.ar\/2021\/restringiran-desde-manana-el-transito-de-camiones-en-rutas-bonaerenses-por-recambio-turistico\/#primaryimage"},"image":{"@id":"https:\/\/www.noticiasradioreflejos.com.ar\/2021\/restringiran-desde-manana-el-transito-de-camiones-en-rutas-bonaerenses-por-recambio-turistico\/#primaryimage"},"thumbnailUrl":"https:\/\/www.noticiasradioreflejos.com.ar\/2021\/wp-content\/uploads\/2024\/01\/Rutas-camiones.jpg","datePublished":"2024-01-14T13:04:13+00:00","author":{"@id":"https:\/\/www.noticiasradioreflejos.com.ar\/2021\/#\/schema\/person\/ad82545263dcc5ec0996818884fd5fb1"},"breadcrumb":{"@id":"https:\/\/www.noticiasradioreflejos.com.ar\/2021\/restringiran-desde-manana-el-transito-de-camiones-en-rutas-bonaerenses-por-recambio-turistico\/#breadcrumb"},"inLanguage":"es","potentialAction":[{"@type":"ReadAction","target":["https:\/\/www.noticiasradioreflejos.com.ar\/2021\/restringiran-desde-manana-el-transito-de-camiones-en-rutas-bonaerenses-por-recambio-turistico\/"]}]},{"@type":"ImageObject","inLanguage":"es","@id":"https:\/\/www.noticiasradioreflejos.com.ar\/2021\/restringiran-desde-manana-el-transito-de-camiones-en-rutas-bonaerenses-por-recambio-turistico\/#primaryimage","url":"https:\/\/www.noticiasradioreflejos.com.ar\/2021\/wp-content\/uploads\/2024\/01\/Rutas-camiones.jpg","contentUrl":"https:\/\/www.noticiasradioreflejos.com.ar\/2021\/wp-content\/uploads\/2024\/01\/Rutas-camiones.jpg","width":600,"height":400},{"@type":"BreadcrumbList","@id":"https:\/\/www.noticiasradioreflejos.com.ar\/2021\/restringiran-desde-manana-el-transito-de-camiones-en-rutas-bonaerenses-por-recambio-turistico\/#breadcrumb","itemListElement":[{"@type":"ListItem","position":1,"name":"Portada","item":"https:\/\/www.noticiasradioreflejos.com.ar\/2021\/"},{"@type":"ListItem","position":2,"name":"Restringir\u00e1n desde ma\u00f1ana el tr\u00e1nsito de camiones en rutas bonaerenses por recambio tur\u00edstico"}]},{"@type":"WebSite","@id":"https:\/\/www.noticiasradioreflejos.com.ar\/2021\/#website","url":"https:\/\/www.noticiasradioreflejos.com.ar\/2021\/","name":"Noticias Radio Reflejos","description":"Las noticias de mi comarca","potentialAction":[{"@type":"SearchAction","target":{"@type":"EntryPoint","urlTemplate":"https:\/\/www.noticiasradioreflejos.com.ar\/2021\/?s={search_term_string}"},"query-input":{"@type":"PropertyValueSpecification","valueRequired":true,"valueName":"search_term_string"}}],"inLanguage":"es"},{"@type":"Person","@id":"https:\/\/www.noticiasradioreflejos.com.ar\/2021\/#\/schema\/person\/ad82545263dcc5ec0996818884fd5fb1","name":"Arnaldo Botto","image":{"@type":"ImageObject","inLanguage":"es","@id":"https:\/\/www.noticiasradioreflejos.com.ar\/2021\/#\/schema\/person\/image\/","url":"https:\/\/secure.gravatar.com\/avatar\/55cb5e37c1efa326397366e6974cb338056df65cb50e7d64d1cf314e87504837?s=96&d=mm&r=g","contentUrl":"https:\/\/secure.gravatar.com\/avatar\/55cb5e37c1efa326397366e6974cb338056df65cb50e7d64d1cf314e87504837?s=96&d=mm&r=g","caption":"Arnaldo Botto"},"url":"https:\/\/www.noticiasradioreflejos.com.ar\/2021\/author\/arnaldo\/"}]}},"_links":{"self":[{"href":"https:\/\/www.noticiasradioreflejos.com.ar\/2021\/wp-json\/wp\/v2\/posts\/97629","targetHints":{"allow":["GET"]}}],"collection":[{"href":"https:\/\/www.noticiasradioreflejos.com.ar\/2021\/wp-json\/wp\/v2\/posts"}],"about":[{"href":"https:\/\/www.noticiasradioreflejos.com.ar\/2021\/wp-json\/wp\/v2\/types\/post"}],"author":[{"embeddable":true,"href":"https:\/\/www.noticiasradioreflejos.com.ar\/2021\/wp-json\/wp\/v2\/users\/3"}],"replies":[{"embeddable":true,"href":"https:\/\/www.noticiasradioreflejos.com.ar\/2021\/wp-json\/wp\/v2\/comments?post=97629"}],"version-history":[{"count":1,"href":"https:\/\/www.noticiasradioreflejos.com.ar\/2021\/wp-json\/wp\/v2\/posts\/97629\/revisions"}],"predecessor-version":[{"id":97631,"href":"https:\/\/www.noticiasradioreflejos.com.ar\/2021\/wp-json\/wp\/v2\/posts\/97629\/revisions\/97631"}],"wp:featuredmedia":[{"embeddable":true,"href":"https:\/\/www.noticiasradioreflejos.com.ar\/2021\/wp-json\/wp\/v2\/media\/97630"}],"wp:attachment":[{"href":"https:\/\/www.noticiasradioreflejos.com.ar\/2021\/wp-json\/wp\/v2\/media?parent=97629"}],"wp:term":[{"taxonomy":"category","embeddable":true,"href":"https:\/\/www.noticiasradioreflejos.com.ar\/2021\/wp-json\/wp\/v2\/categories?post=97629"},{"taxonomy":"post_tag","embeddable":true,"href":"https:\/\/www.noticiasradioreflejos.com.ar\/2021\/wp-json\/wp\/v2\/tags?post=97629"}],"curies":[{"name":"wp","href":"https:\/\/api.w.org\/{rel}","templated":true}]}}