{"id":97626,"date":"2024-01-14T09:57:31","date_gmt":"2024-01-14T12:57:31","guid":{"rendered":"https:\/\/www.noticiasradioreflejos.com.ar\/2021\/?p=97626"},"modified":"2024-01-14T09:57:31","modified_gmt":"2024-01-14T12:57:31","slug":"a-80-anos-del-tragico-terremoto-de-san-juan-un-sobreviviente-recordo-que-se-salvo-por-30-segundos","status":"publish","type":"post","link":"https:\/\/www.noticiasradioreflejos.com.ar\/2021\/a-80-anos-del-tragico-terremoto-de-san-juan-un-sobreviviente-recordo-que-se-salvo-por-30-segundos\/","title":{"rendered":"A 80 a\u00f1os del tr\u00e1gico terremoto de San Juan, un sobreviviente record\u00f3 que se salv\u00f3 por \u00ab30 segundos\u00bb"},"content":{"rendered":"<p>Un sobreviviente del hist\u00f3rico terremoto de San Juan que se produjo hace 80 a\u00f1os y provoc\u00f3 la mayor cat\u00e1strofe de la Argentina con 10.000 muertos, record\u00f3 c\u00f3mo \u00abla tierra se hund\u00eda y se levantaba\u00bb, asegur\u00f3 que se salv\u00f3 \u00abpor 30 segundos\u00bb de morir aplastado y especialistas indicaron hoy que este fen\u00f3meno tan destructivo fue un \u00abpunto de inflexi\u00f3n\u00bb para el desarrollo de construcciones sismorresistentes en el pa\u00eds.<\/p>\n<p>(Por Milagros Alonso) &#8211; Vicente Canto tiene 92 a\u00f1os y todav\u00eda recuerda lo que vivi\u00f3 la noche del 15 de enero de 1944 cuando estaba con sus padres y hermanos en su casa, en la ciudad de San Juan.<\/p>\n<p>\u00abCuando empez\u00f3 el sismo, corrimos todos al medio de la calle. Era un temblor muy, muy fuerte. Yo corr\u00eda y a veces retroced\u00eda porque la tierra se mov\u00eda lateral y verticalmente. O sea que uno a veces estaba en el mismo lugar\u00bb, relat\u00f3 Vicente.<\/p>\n<p><a title=\"14-01-2024_vicente_canto_sobreviviente_del_historico\" href=\"https:\/\/www.flickr.com\/photos\/182279889@N02\/53463393109\/in\/dateposted-public\/\" data-flickr-embed=\"true\" data-footer=\"true\"><img loading=\"lazy\" decoding=\"async\" src=\"https:\/\/live.staticflickr.com\/65535\/53463393109_450b5625f9_c.jpg\" alt=\"14-01-2024_vicente_canto_sobreviviente_del_historico\" width=\"800\" height=\"533\" \/><\/a><\/p>\n<p>Dispuesto a contar la tragedia que vivi\u00f3 a sus 12 a\u00f1os, Vicente se hizo un lugar entre las horas de trabajo en la bulonera que tiene con su hijo y dialog\u00f3 con T\u00e9lam desde la ciudad rionegrina de Cipolletti, donde vive actualmente.<\/p>\n<p>\u00abSe mov\u00eda todo abajo de los pies. Uno sent\u00eda que la tierra se hund\u00eda, se levantaba y despu\u00e9s se mov\u00eda horizontalmente. Fue solo una cuesti\u00f3n de segundos, aunque parec\u00eda que no se terminaba nunca\u00bb, advirti\u00f3.<\/p>\n<p>Especialistas estimaron que menos de veinte segundos bastaron para destruir el 80% de las construcciones de la ciudad de San Juan.<\/p>\n<p>\u00abSe puede definir al terremoto del 44 como el punto de inflexi\u00f3n en la historia s\u00edsmica de la Argentina. A partir de ah\u00ed, se comenz\u00f3 a estudiar con rigor cient\u00edfico este fen\u00f3meno natural y se empez\u00f3 a desarrollar la ingenier\u00eda s\u00edsmica estructural\u00bb, asegur\u00f3 a T\u00e9lam el director del Instituto Nacional de Prevenci\u00f3n S\u00edsmica (Inpres), Rodolfo Garc\u00eda.<\/p>\n<p>Y explic\u00f3 que \u00aben ese entonces, las construcciones eran principalmente de adobe y no ten\u00edan ning\u00fan tipo de prescripci\u00f3n sismorresistente\u00bb.<\/p>\n<p>El ingeniero se\u00f1al\u00f3 que, debido a la alta vulnerabilidad edilicia, el terremoto del 44 fue el evento que \u00abgener\u00f3 la mayor cat\u00e1strofe natural del pa\u00eds\u00bb.<\/p>\n<p><a title=\"14-01-2024_un_sobreviviente_del_historico_terremoto (1)\" href=\"https:\/\/www.flickr.com\/photos\/182279889@N02\/53463073761\/in\/dateposted-public\/\" data-flickr-embed=\"true\" data-footer=\"true\"><img loading=\"lazy\" decoding=\"async\" src=\"https:\/\/live.staticflickr.com\/65535\/53463073761_40baf6b016_c.jpg\" alt=\"14-01-2024_un_sobreviviente_del_historico_terremoto (1)\" width=\"800\" height=\"581\" \/><\/a><br \/>\nDe las horas previas al terremoto, Vicente Canto record\u00f3 como se\u00f1ales que anticiparon la tragedia que ten\u00edan \u00abun perrito blanco y ese d\u00eda, pocos minutos antes del sismo, lo ve\u00edamos muy nervioso. Ladraba y lloraba, algo totalmente anormal\u00bb.<\/p>\n<p>Adem\u00e1s, cont\u00f3 que otra cosa extraordinaria fue el clima, dado que \u00abun d\u00eda antes se empez\u00f3 a nublar todo el cielo. Despu\u00e9s, el 15 hubo una llovizna muy fina fuera de lo com\u00fan. Y la temperatura baj\u00f3 mucho para el mes de enero\u00bb.<\/p>\n<p>La tierra finalmente se sacudi\u00f3 el 15 de enero a las 20:52 y tuvo su epicentro a unos 20 kil\u00f3metros al norte de la ciudad de San Juan, en las proximidades de la localidad de La Laja, causando alrededor de 10.000 muertos sobre una poblaci\u00f3n de 90.000 habitantes en el Gran San Juan.<\/p>\n<p>La intensidad m\u00e1xima del terremoto fue de 9 grados en la escala Mercalli Modificada y la magnitud del momento s\u00edsmico fue calculada a\u00f1os m\u00e1s tarde en 7, a una profundidad entre 11 y 16 kil\u00f3metros.<\/p>\n<p>\u00abEl terremoto es como una explosi\u00f3n at\u00f3mica adentro del suelo. Hay dos grandes masas de roca que est\u00e1n presionando una contra la otra y, en un momento, se rompe la roca y se mueve. La liberaci\u00f3n de energ\u00eda es alt\u00edsima porque son masas de roca muy grandes\u00bb, explic\u00f3 a T\u00e9lam Juan Pablo Milana, doctor en Ciencias Geol\u00f3gicas e investigador principal del Conicet.<\/p>\n<p>\u00abEl terremoto del 44 fue el m\u00e1s destructivo, pero hubo un importante aprendizaje y se generaron normas de construcci\u00f3n antis\u00edsmica. Hoy San Juan es de las zonas m\u00e1s seguras para los sismos\u00bb, agreg\u00f3 el investigador del Instituto de Geolog\u00eda de la Universidad Nacional de San Juan (UNSJ).<\/p>\n<p>Del momento en que se produjo la vibraci\u00f3n de la tierra por el paso de las ondas s\u00edsmicas, el testigo Vicente Canto todav\u00eda tiene grabado en sus o\u00eddos el estruendo de las casas que ca\u00edan y la polvareda que se levant\u00f3.<\/p>\n<p>\u00abFue una gran desesperaci\u00f3n porque nunca hab\u00eda sentido un temblor. Opt\u00e9 por correr hacia la calle y detr\u00e1s m\u00edo cay\u00f3 una cornisa. Solamente un ladrillo me peg\u00f3 en el pie\u00bb, rememor\u00f3.<\/p>\n<p>Tampoco puede olvidar los gritos de una mujer que repet\u00eda sin parar \u00abAh\u00ed est\u00e1n mis hijos\u00bb y se\u00f1alaba una pila de escombros en donde \u00e9l hab\u00eda estado jugando apenas unos instantes atr\u00e1s.<\/p>\n<p>&nbsp;<\/p>\n<p>\u00abEra un patio y est\u00e1bamos sentados sobre un tabl\u00f3n apoyado en cajones de soda. Yo ten\u00eda 12 a\u00f1os y nos junt\u00e1bamos a contar cuentos, tonteras. Y como mi madre dec\u00eda &#8216;Apenas oscurezca, todos a casa&#8217;, yo me fui y en ese \u00ednterin se produce el terremoto. Entonces cae la pared y mata a estos cuatro chicos que estaban conmigo\u00bb, narr\u00f3.<\/p>\n<p>\u00abPor 30 segundos m\u00e1s o menos me salv\u00e9\u00bb, remarc\u00f3 Vicente, quien luego se recibi\u00f3 de tornero, fue docente en escuelas t\u00e9cnicas en diferentes provincias y ahora tiene cuatro hijos, doce nietos y tres bisnietos.<\/p>\n<p>Como toda su familia sali\u00f3 ilesa del terremoto, su padre ayud\u00f3 a los vecinos que gritaban auxilio. Entre las historias de rescate, a Vicente le sigue impresionando el caso de una mujer que corr\u00eda con su beba en brazos cuando le cay\u00f3 encima el travesa\u00f1o de un techo.<\/p>\n<p>\u00abLa se\u00f1ora muri\u00f3 en el acto pero mi padre fue a ayudar y vio a la beba toda llena de sangre. Pens\u00f3 que estaba muerta, pero era sangre de la madre. Se la sac\u00f3 de los brazos, la lav\u00f3 en las acequias con agua y se dio cuenta de que no ten\u00eda absolutamente nada la criatura\u00bb, narr\u00f3.<\/p>\n<p>Vicente pas\u00f3 esa noche en una carpa que tendi\u00f3 su padre para protegerse de la llovizna en lo que quedaba del patio de la casa.<\/p>\n<p>\u00abDormimos tirados en el piso y toda la noche hubo r\u00e9plicas del terremoto. Si uno pon\u00eda el o\u00eddo en la tierra se escuchaba un peque\u00f1o zumbido\u00bb explic\u00f3 y subray\u00f3: \u00abEscuch\u00e1bamos un ruido y ya tembl\u00e1bamos de miedo porque pens\u00e1bamos que iba a haber otro terremoto\u00bb.<\/p>\n<p><a title=\"14-01-2024_un_sobreviviente_del_historico_terremoto (2)\" href=\"https:\/\/www.flickr.com\/photos\/182279889@N02\/53463215498\/in\/dateposted-public\/\" data-flickr-embed=\"true\" data-footer=\"true\"><img loading=\"lazy\" decoding=\"async\" src=\"https:\/\/live.staticflickr.com\/65535\/53463215498_871a309a1b_c.jpg\" alt=\"14-01-2024_un_sobreviviente_del_historico_terremoto (2)\" width=\"800\" height=\"590\" \/><\/a><br \/>\nAl d\u00eda siguiente, acompa\u00f1\u00f3 a su padre a recorrer el centro de la ciudad y vieron c\u00f3mo los cad\u00e1veres eran llevados a los jardines del Hospital Rawson.<\/p>\n<p>\u00abLos apilaban como bolsas de papas hasta que los llevaban a la fosa com\u00fan para la cremaci\u00f3n. Y lo que m\u00e1s me llam\u00f3 la atenci\u00f3n era que algunos ten\u00edan las orejas y dedos cortados. Los delincuentes los cortaban con pinzas para sacarles las alhajas y los anillos\u00bb, asegur\u00f3.<\/p>\n<p>Esas, remarc\u00f3, \u00abson visiones que mientras viva no las puedo olvidar. Eso me impact\u00f3 much\u00edsimo y a veces no quiero ni recordarlo porque me duele\u00bb.<\/p>\n<p>Luego del terremoto, Vicente emigr\u00f3 con su familia a la ciudad de Caucete, a unos 26 kil\u00f3metros, donde los aloj\u00f3 un pariente. \u00abA nuestra casa nunca m\u00e1s volvimos porque se perdi\u00f3 todo\u00bb, lament\u00f3.<\/p>\n<p>El colapso estructural de la ciudad llev\u00f3 al Gobierno nacional a crear el Consejo de Reconstrucci\u00f3n de San Juan, que elabor\u00f3 un C\u00f3digo de Edificaci\u00f3n para toda obra p\u00fablica o privada a construir dentro de la provincia.<\/p>\n<p>La capital de San Juan se redise\u00f1\u00f3 por completo y hoy es definida como una ciudad moderna con calles y veredas anchas, lo que \u00abresponde a una planificaci\u00f3n urban\u00edstica en una cuadr\u00edcula perfecta\u00bb, explic\u00f3 el director del Inpres.<\/p>\n<p>En 1977 sobrevino un nuevo terremoto del mismo potencial destructivo con epicentro en Caucete pero esta vez no hubo un colapso ni v\u00edctimas mortales en la ciudad, sino que se registraron 65 muertos en departamentos alejados de la capital.<\/p>\n<p>\u00abArgentina tiene un reglamento de primer nivel mundial en t\u00e9rminos s\u00edsmicos. Pero tiene que ser aplicado correctamente para que cuando se produzca de nuevo este fen\u00f3meno natural que es impredecible, nos encuentre lo suficientemente bien preparados para evitar cat\u00e1strofes como la de 1944\u00bb, concluy\u00f3 Garc\u00eda.<\/p>\n<p><strong><br \/>\nT\u00e9lam<\/strong><\/p>\n","protected":false},"excerpt":{"rendered":"<p>Un sobreviviente del hist\u00f3rico terremoto de San Juan que se produjo hace 80 a\u00f1os y provoc\u00f3 la mayor cat\u00e1strofe de la Argentina con 10.000 muertos, record\u00f3 c\u00f3mo \u00abla tierra se hund\u00eda y se levantaba\u00bb, asegur\u00f3 que se salv\u00f3 \u00abpor 30 segundos\u00bb de morir aplastado y especialistas indicaron hoy que este fen\u00f3meno tan destructivo fue un [&hellip;]<\/p>\n","protected":false},"author":3,"featured_media":0,"comment_status":"closed","ping_status":"closed","sticky":false,"template":"","format":"standard","meta":{"footnotes":""},"categories":[35,26],"tags":[48],"class_list":["post-97626","post","type-post","status-publish","format-standard","hentry","category-cultura","category-sociedad","tag-destacada"],"yoast_head":"<!-- This site is optimized with the Yoast SEO plugin v25.9 - https:\/\/yoast.com\/wordpress\/plugins\/seo\/ -->\n<title>A 80 a\u00f1os del tr\u00e1gico terremoto de San Juan, un sobreviviente record\u00f3 que se salv\u00f3 por &quot;30 segundos&quot; - Noticias Radio Reflejos<\/title>\n<meta name=\"robots\" content=\"index, follow, max-snippet:-1, max-image-preview:large, max-video-preview:-1\" \/>\n<link rel=\"canonical\" href=\"https:\/\/www.noticiasradioreflejos.com.ar\/2021\/a-80-anos-del-tragico-terremoto-de-san-juan-un-sobreviviente-recordo-que-se-salvo-por-30-segundos\/\" \/>\n<meta property=\"og:locale\" content=\"es_ES\" \/>\n<meta property=\"og:type\" content=\"article\" \/>\n<meta property=\"og:title\" content=\"A 80 a\u00f1os del tr\u00e1gico terremoto de San Juan, un sobreviviente record\u00f3 que se salv\u00f3 por &quot;30 segundos&quot; - Noticias Radio Reflejos\" \/>\n<meta property=\"og:description\" content=\"Un sobreviviente del hist\u00f3rico terremoto de San Juan que se produjo hace 80 a\u00f1os y provoc\u00f3 la mayor cat\u00e1strofe de la Argentina con 10.000 muertos, record\u00f3 c\u00f3mo \u00abla tierra se hund\u00eda y se levantaba\u00bb, asegur\u00f3 que se salv\u00f3 \u00abpor 30 segundos\u00bb de morir aplastado y especialistas indicaron hoy que este fen\u00f3meno tan destructivo fue un [&hellip;]\" \/>\n<meta property=\"og:url\" content=\"https:\/\/www.noticiasradioreflejos.com.ar\/2021\/a-80-anos-del-tragico-terremoto-de-san-juan-un-sobreviviente-recordo-que-se-salvo-por-30-segundos\/\" \/>\n<meta property=\"og:site_name\" content=\"Noticias Radio Reflejos\" \/>\n<meta property=\"article:published_time\" content=\"2024-01-14T12:57:31+00:00\" \/>\n<meta property=\"og:image\" content=\"https:\/\/www.noticiasradioreflejos.com.ar\/2021\/wp-content\/uploads\/2024\/01\/14-01-2024_un_sobreviviente_del_historico_terremoto-scaled.jpg\" \/>\n\t<meta property=\"og:image:width\" content=\"2560\" \/>\n\t<meta property=\"og:image:height\" content=\"1791\" \/>\n\t<meta property=\"og:image:type\" content=\"image\/jpeg\" \/>\n<meta name=\"author\" content=\"Arnaldo Botto\" \/>\n<meta name=\"twitter:card\" content=\"summary_large_image\" \/>\n<script type=\"application\/ld+json\" class=\"yoast-schema-graph\">{\"@context\":\"https:\/\/schema.org\",\"@graph\":[{\"@type\":\"WebPage\",\"@id\":\"https:\/\/www.noticiasradioreflejos.com.ar\/2021\/a-80-anos-del-tragico-terremoto-de-san-juan-un-sobreviviente-recordo-que-se-salvo-por-30-segundos\/\",\"url\":\"https:\/\/www.noticiasradioreflejos.com.ar\/2021\/a-80-anos-del-tragico-terremoto-de-san-juan-un-sobreviviente-recordo-que-se-salvo-por-30-segundos\/\",\"name\":\"A 80 a\u00f1os del tr\u00e1gico terremoto de San Juan, un sobreviviente record\u00f3 que se salv\u00f3 por \\\"30 segundos\\\" - Noticias Radio Reflejos\",\"isPartOf\":{\"@id\":\"https:\/\/www.noticiasradioreflejos.com.ar\/2021\/#website\"},\"primaryImageOfPage\":{\"@id\":\"https:\/\/www.noticiasradioreflejos.com.ar\/2021\/a-80-anos-del-tragico-terremoto-de-san-juan-un-sobreviviente-recordo-que-se-salvo-por-30-segundos\/#primaryimage\"},\"image\":{\"@id\":\"https:\/\/www.noticiasradioreflejos.com.ar\/2021\/a-80-anos-del-tragico-terremoto-de-san-juan-un-sobreviviente-recordo-que-se-salvo-por-30-segundos\/#primaryimage\"},\"thumbnailUrl\":\"https:\/\/live.staticflickr.com\/65535\/53463393109_450b5625f9_c.jpg\",\"datePublished\":\"2024-01-14T12:57:31+00:00\",\"author\":{\"@id\":\"https:\/\/www.noticiasradioreflejos.com.ar\/2021\/#\/schema\/person\/ad82545263dcc5ec0996818884fd5fb1\"},\"breadcrumb\":{\"@id\":\"https:\/\/www.noticiasradioreflejos.com.ar\/2021\/a-80-anos-del-tragico-terremoto-de-san-juan-un-sobreviviente-recordo-que-se-salvo-por-30-segundos\/#breadcrumb\"},\"inLanguage\":\"es\",\"potentialAction\":[{\"@type\":\"ReadAction\",\"target\":[\"https:\/\/www.noticiasradioreflejos.com.ar\/2021\/a-80-anos-del-tragico-terremoto-de-san-juan-un-sobreviviente-recordo-que-se-salvo-por-30-segundos\/\"]}]},{\"@type\":\"ImageObject\",\"inLanguage\":\"es\",\"@id\":\"https:\/\/www.noticiasradioreflejos.com.ar\/2021\/a-80-anos-del-tragico-terremoto-de-san-juan-un-sobreviviente-recordo-que-se-salvo-por-30-segundos\/#primaryimage\",\"url\":\"https:\/\/live.staticflickr.com\/65535\/53463393109_450b5625f9_c.jpg\",\"contentUrl\":\"https:\/\/live.staticflickr.com\/65535\/53463393109_450b5625f9_c.jpg\"},{\"@type\":\"BreadcrumbList\",\"@id\":\"https:\/\/www.noticiasradioreflejos.com.ar\/2021\/a-80-anos-del-tragico-terremoto-de-san-juan-un-sobreviviente-recordo-que-se-salvo-por-30-segundos\/#breadcrumb\",\"itemListElement\":[{\"@type\":\"ListItem\",\"position\":1,\"name\":\"Portada\",\"item\":\"https:\/\/www.noticiasradioreflejos.com.ar\/2021\/\"},{\"@type\":\"ListItem\",\"position\":2,\"name\":\"A 80 a\u00f1os del tr\u00e1gico terremoto de San Juan, un sobreviviente record\u00f3 que se salv\u00f3 por \u00ab30 segundos\u00bb\"}]},{\"@type\":\"WebSite\",\"@id\":\"https:\/\/www.noticiasradioreflejos.com.ar\/2021\/#website\",\"url\":\"https:\/\/www.noticiasradioreflejos.com.ar\/2021\/\",\"name\":\"Noticias Radio Reflejos\",\"description\":\"Las noticias de mi comarca\",\"potentialAction\":[{\"@type\":\"SearchAction\",\"target\":{\"@type\":\"EntryPoint\",\"urlTemplate\":\"https:\/\/www.noticiasradioreflejos.com.ar\/2021\/?s={search_term_string}\"},\"query-input\":{\"@type\":\"PropertyValueSpecification\",\"valueRequired\":true,\"valueName\":\"search_term_string\"}}],\"inLanguage\":\"es\"},{\"@type\":\"Person\",\"@id\":\"https:\/\/www.noticiasradioreflejos.com.ar\/2021\/#\/schema\/person\/ad82545263dcc5ec0996818884fd5fb1\",\"name\":\"Arnaldo Botto\",\"image\":{\"@type\":\"ImageObject\",\"inLanguage\":\"es\",\"@id\":\"https:\/\/www.noticiasradioreflejos.com.ar\/2021\/#\/schema\/person\/image\/\",\"url\":\"https:\/\/secure.gravatar.com\/avatar\/55cb5e37c1efa326397366e6974cb338056df65cb50e7d64d1cf314e87504837?s=96&d=mm&r=g\",\"contentUrl\":\"https:\/\/secure.gravatar.com\/avatar\/55cb5e37c1efa326397366e6974cb338056df65cb50e7d64d1cf314e87504837?s=96&d=mm&r=g\",\"caption\":\"Arnaldo Botto\"},\"url\":\"https:\/\/www.noticiasradioreflejos.com.ar\/2021\/author\/arnaldo\/\"}]}<\/script>\n<!-- \/ Yoast SEO plugin. -->","yoast_head_json":{"title":"A 80 a\u00f1os del tr\u00e1gico terremoto de San Juan, un sobreviviente record\u00f3 que se salv\u00f3 por \"30 segundos\" - Noticias Radio Reflejos","robots":{"index":"index","follow":"follow","max-snippet":"max-snippet:-1","max-image-preview":"max-image-preview:large","max-video-preview":"max-video-preview:-1"},"canonical":"https:\/\/www.noticiasradioreflejos.com.ar\/2021\/a-80-anos-del-tragico-terremoto-de-san-juan-un-sobreviviente-recordo-que-se-salvo-por-30-segundos\/","og_locale":"es_ES","og_type":"article","og_title":"A 80 a\u00f1os del tr\u00e1gico terremoto de San Juan, un sobreviviente record\u00f3 que se salv\u00f3 por \"30 segundos\" - Noticias Radio Reflejos","og_description":"Un sobreviviente del hist\u00f3rico terremoto de San Juan que se produjo hace 80 a\u00f1os y provoc\u00f3 la mayor cat\u00e1strofe de la Argentina con 10.000 muertos, record\u00f3 c\u00f3mo \u00abla tierra se hund\u00eda y se levantaba\u00bb, asegur\u00f3 que se salv\u00f3 \u00abpor 30 segundos\u00bb de morir aplastado y especialistas indicaron hoy que este fen\u00f3meno tan destructivo fue un [&hellip;]","og_url":"https:\/\/www.noticiasradioreflejos.com.ar\/2021\/a-80-anos-del-tragico-terremoto-de-san-juan-un-sobreviviente-recordo-que-se-salvo-por-30-segundos\/","og_site_name":"Noticias Radio Reflejos","article_published_time":"2024-01-14T12:57:31+00:00","og_image":[{"width":2560,"height":1791,"url":"https:\/\/www.noticiasradioreflejos.com.ar\/2021\/wp-content\/uploads\/2024\/01\/14-01-2024_un_sobreviviente_del_historico_terremoto-scaled.jpg","type":"image\/jpeg"}],"author":"Arnaldo Botto","twitter_card":"summary_large_image","schema":{"@context":"https:\/\/schema.org","@graph":[{"@type":"WebPage","@id":"https:\/\/www.noticiasradioreflejos.com.ar\/2021\/a-80-anos-del-tragico-terremoto-de-san-juan-un-sobreviviente-recordo-que-se-salvo-por-30-segundos\/","url":"https:\/\/www.noticiasradioreflejos.com.ar\/2021\/a-80-anos-del-tragico-terremoto-de-san-juan-un-sobreviviente-recordo-que-se-salvo-por-30-segundos\/","name":"A 80 a\u00f1os del tr\u00e1gico terremoto de San Juan, un sobreviviente record\u00f3 que se salv\u00f3 por \"30 segundos\" - Noticias Radio Reflejos","isPartOf":{"@id":"https:\/\/www.noticiasradioreflejos.com.ar\/2021\/#website"},"primaryImageOfPage":{"@id":"https:\/\/www.noticiasradioreflejos.com.ar\/2021\/a-80-anos-del-tragico-terremoto-de-san-juan-un-sobreviviente-recordo-que-se-salvo-por-30-segundos\/#primaryimage"},"image":{"@id":"https:\/\/www.noticiasradioreflejos.com.ar\/2021\/a-80-anos-del-tragico-terremoto-de-san-juan-un-sobreviviente-recordo-que-se-salvo-por-30-segundos\/#primaryimage"},"thumbnailUrl":"https:\/\/live.staticflickr.com\/65535\/53463393109_450b5625f9_c.jpg","datePublished":"2024-01-14T12:57:31+00:00","author":{"@id":"https:\/\/www.noticiasradioreflejos.com.ar\/2021\/#\/schema\/person\/ad82545263dcc5ec0996818884fd5fb1"},"breadcrumb":{"@id":"https:\/\/www.noticiasradioreflejos.com.ar\/2021\/a-80-anos-del-tragico-terremoto-de-san-juan-un-sobreviviente-recordo-que-se-salvo-por-30-segundos\/#breadcrumb"},"inLanguage":"es","potentialAction":[{"@type":"ReadAction","target":["https:\/\/www.noticiasradioreflejos.com.ar\/2021\/a-80-anos-del-tragico-terremoto-de-san-juan-un-sobreviviente-recordo-que-se-salvo-por-30-segundos\/"]}]},{"@type":"ImageObject","inLanguage":"es","@id":"https:\/\/www.noticiasradioreflejos.com.ar\/2021\/a-80-anos-del-tragico-terremoto-de-san-juan-un-sobreviviente-recordo-que-se-salvo-por-30-segundos\/#primaryimage","url":"https:\/\/live.staticflickr.com\/65535\/53463393109_450b5625f9_c.jpg","contentUrl":"https:\/\/live.staticflickr.com\/65535\/53463393109_450b5625f9_c.jpg"},{"@type":"BreadcrumbList","@id":"https:\/\/www.noticiasradioreflejos.com.ar\/2021\/a-80-anos-del-tragico-terremoto-de-san-juan-un-sobreviviente-recordo-que-se-salvo-por-30-segundos\/#breadcrumb","itemListElement":[{"@type":"ListItem","position":1,"name":"Portada","item":"https:\/\/www.noticiasradioreflejos.com.ar\/2021\/"},{"@type":"ListItem","position":2,"name":"A 80 a\u00f1os del tr\u00e1gico terremoto de San Juan, un sobreviviente record\u00f3 que se salv\u00f3 por \u00ab30 segundos\u00bb"}]},{"@type":"WebSite","@id":"https:\/\/www.noticiasradioreflejos.com.ar\/2021\/#website","url":"https:\/\/www.noticiasradioreflejos.com.ar\/2021\/","name":"Noticias Radio Reflejos","description":"Las noticias de mi comarca","potentialAction":[{"@type":"SearchAction","target":{"@type":"EntryPoint","urlTemplate":"https:\/\/www.noticiasradioreflejos.com.ar\/2021\/?s={search_term_string}"},"query-input":{"@type":"PropertyValueSpecification","valueRequired":true,"valueName":"search_term_string"}}],"inLanguage":"es"},{"@type":"Person","@id":"https:\/\/www.noticiasradioreflejos.com.ar\/2021\/#\/schema\/person\/ad82545263dcc5ec0996818884fd5fb1","name":"Arnaldo Botto","image":{"@type":"ImageObject","inLanguage":"es","@id":"https:\/\/www.noticiasradioreflejos.com.ar\/2021\/#\/schema\/person\/image\/","url":"https:\/\/secure.gravatar.com\/avatar\/55cb5e37c1efa326397366e6974cb338056df65cb50e7d64d1cf314e87504837?s=96&d=mm&r=g","contentUrl":"https:\/\/secure.gravatar.com\/avatar\/55cb5e37c1efa326397366e6974cb338056df65cb50e7d64d1cf314e87504837?s=96&d=mm&r=g","caption":"Arnaldo Botto"},"url":"https:\/\/www.noticiasradioreflejos.com.ar\/2021\/author\/arnaldo\/"}]}},"_links":{"self":[{"href":"https:\/\/www.noticiasradioreflejos.com.ar\/2021\/wp-json\/wp\/v2\/posts\/97626","targetHints":{"allow":["GET"]}}],"collection":[{"href":"https:\/\/www.noticiasradioreflejos.com.ar\/2021\/wp-json\/wp\/v2\/posts"}],"about":[{"href":"https:\/\/www.noticiasradioreflejos.com.ar\/2021\/wp-json\/wp\/v2\/types\/post"}],"author":[{"embeddable":true,"href":"https:\/\/www.noticiasradioreflejos.com.ar\/2021\/wp-json\/wp\/v2\/users\/3"}],"replies":[{"embeddable":true,"href":"https:\/\/www.noticiasradioreflejos.com.ar\/2021\/wp-json\/wp\/v2\/comments?post=97626"}],"version-history":[{"count":1,"href":"https:\/\/www.noticiasradioreflejos.com.ar\/2021\/wp-json\/wp\/v2\/posts\/97626\/revisions"}],"predecessor-version":[{"id":97628,"href":"https:\/\/www.noticiasradioreflejos.com.ar\/2021\/wp-json\/wp\/v2\/posts\/97626\/revisions\/97628"}],"wp:attachment":[{"href":"https:\/\/www.noticiasradioreflejos.com.ar\/2021\/wp-json\/wp\/v2\/media?parent=97626"}],"wp:term":[{"taxonomy":"category","embeddable":true,"href":"https:\/\/www.noticiasradioreflejos.com.ar\/2021\/wp-json\/wp\/v2\/categories?post=97626"},{"taxonomy":"post_tag","embeddable":true,"href":"https:\/\/www.noticiasradioreflejos.com.ar\/2021\/wp-json\/wp\/v2\/tags?post=97626"}],"curies":[{"name":"wp","href":"https:\/\/api.w.org\/{rel}","templated":true}]}}