{"id":97624,"date":"2024-01-14T09:51:27","date_gmt":"2024-01-14T12:51:27","guid":{"rendered":"https:\/\/www.noticiasradioreflejos.com.ar\/2021\/?p=97624"},"modified":"2024-01-14T09:51:27","modified_gmt":"2024-01-14T12:51:27","slug":"precios-de-soja-y-maiz-cayeron-8-en-un-mes-y-se-ubicaron-en-valores-minimos-para-ultimos-dos-anos","status":"publish","type":"post","link":"https:\/\/www.noticiasradioreflejos.com.ar\/2021\/precios-de-soja-y-maiz-cayeron-8-en-un-mes-y-se-ubicaron-en-valores-minimos-para-ultimos-dos-anos\/","title":{"rendered":"Precios de soja y ma\u00edz cayeron 8% en un mes y se ubicaron en valores m\u00ednimos para \u00faltimos dos a\u00f1os"},"content":{"rendered":"<div id=\"div_cuerpo\" class=\"content cable-content\">\n<p>Los precios internacionales de la soja y el ma\u00edz cayeron entre 8% y 9% durante el \u00faltimo mes en el mercado de Chicago, hasta alcanzar valores m\u00ednimos en m\u00e1s de dos y tres a\u00f1os respectivamente, presionados por la abundante existencia de granos en Estados Unidos tras la gran cosecha de la campa\u00f1a pasada y por la previsi\u00f3n de una producci\u00f3n sudamericana superior a la del ciclo pasado.<\/p>\n<p>Esta tendencia bajista tom\u00f3 mayor impulso tras conocerse el viernes el informe mensual sobre oferta y demanda mundial de granos del Departamento de Agricultura de Estados Unidos (USDA, por su sigla en ingl\u00e9s), que dio cuenta una mejora proyectada en la cosecha argentina de soja -de 48 a 50 millones de toneladas- y realiz\u00f3 recortes menores a los esperados en la estimaci\u00f3n del volumen a obtenerse en Brasil para los dos granos, entre otras cuestiones.<\/p>\n<p>De esta manera, en el transcurso de un mes el contrato de enero perdi\u00f3 US$ 43 (-8,85%) al pasar de US$ 486 la tonelada -a comienzos de diciembre pasado- a US$ 443 en Chicago.<\/p>\n<p>El contrato de marzo, por su parte, cay\u00f3 US$ 45 (-9,1%), hasta posicionarse al cierre de la semana a US$ 449 la tonelada.<\/p>\n<p>En el caso del ma\u00edz, la merma fue del 8% al perder US$ 15 hasta los US$ 175 la tonelada en el mismo lapso.<\/p>\n<p>En di\u00e1logo con T\u00e9lam, la analista del mercado de granos de la consultora FyO, Mariela Brandolin, dijo que la atenci\u00f3n de los operadores hace dos meses que est\u00e1 centrada en la cuesti\u00f3n clim\u00e1tica de Sudam\u00e9rica, en especial en Brasil, donde si bien esperaban falta de lluvias en el norte del pa\u00eds afectando a la soja, eso se ver\u00eda contrarrestado por buenas condiciones clim\u00e1tica en el sur.<\/p>\n<p>Es por eso que Brandolin consider\u00f3 que \u00abel problema comenz\u00f3 cuando la seca se expandi\u00f3 cada vez m\u00e1s en gran parte de la zona productiva, incluyendo Mato Grosso, que representa el 26% de la soja que se produce en dicho pa\u00eds. Pero el precio no subi\u00f3 sino que baj\u00f3\u00bb.<\/p>\n<p>\u00abAll\u00ed se empez\u00f3 a hablar de demora en la siembra, pero r\u00e1pidamente los locales aseguraban que eso no era un problema, y al contrario, eso iba a permitir que el per\u00edodo critico coincida con las lluvias que se iban a normalizar hacia fin de diciembre, principio de enero. Hoy d\u00eda, est\u00e1 muy discutido si efectivamente esas lluvias han llegado a tiempo o no. Hay de todos los n\u00fameros: desde 130 millones de toneladas hasta quienes sostienen que habr\u00e1 m\u00e1s de 150 millones de toneladas en Brasil\u00bb, agreg\u00f3 la especialista.<\/p>\n<p>Brandolin advirti\u00f3 que el \u00faltimo informe del USDA arroj\u00f3 \u00abn\u00fameros muy negativos para los precios, ya que no s\u00f3lo el recorte para Brasil fue escaso, sino que adem\u00e1s aument\u00f3 la producci\u00f3n para Argentina e incluso para Estados Unidos\u00bb.<\/p>\n<p>\u00abComo resultado tenemos una producci\u00f3n de 217 millones de toneladas en Sudam\u00e9rica versus 194,7 millones del a\u00f1o anterior y stocks globales que se mantienen holgados\u00bb, complet\u00f3.<\/p>\n<p>\u00abCon estos n\u00fameros, Chicago sigui\u00f3 afirmando la visi\u00f3n bajista. Sin embargo, a\u00fan queda una cuota de optimismo, ya que puede haber m\u00e1s recortes en Brasil y seg\u00fan el pasado, \u00e9stos suelen ser lentos y progresivos\u00bb, enfatiz\u00f3 Brandolin.<\/p>\n<p>Por su parte, el analista de la consultora AZ Group, Carlos Pouiller, dijo que la ca\u00edda de precios de ma\u00edz y soja \u00abtienen su origen en factores internacionales y locales. Por un lado, juega en contra la buena cosecha de soja de Estados Unidos, que se exporta de manera normal, y adem\u00e1s empalma con una gran producci\u00f3n de Brasil en la campa\u00f1a 2022\/23, que mantiene remanentes embarcables\u00bb<\/p>\n<p>\u00abPor el lado de la demanda, China viene comprando soja, pero hay dudas sobre la evoluci\u00f3n de su econom\u00eda, que se viene desacelerando, y la continuidad de una demanda firme del producto\u00bb, acot\u00f3.<\/p>\n<p>En lo que respecta a la Argentina, Pouiler remarc\u00f3 las buenas condiciones clim\u00e1ticas en las que se desarrolla la campa\u00f1a sojera, que \u00abelevar\u00edan la producci\u00f3n por encima de los 50 millones de toneladas\u00bb, mientras que \u00aben Brasil, las \u00faltimas estimaciones de producci\u00f3n 2023\/24 se ubicar\u00edan en 155 millones de toneladas, que son menores a las hechas al momento de siembra, pero son cercanas al r\u00e9cord\u00bb.<\/p>\n<p>\u00abEs decir, la suma de estas ofertas abundantes determina una presi\u00f3n bajista sobre los precios, por lo menos en el corto plazo\u00bb, analiz\u00f3 el especialista.<\/p>\n<p>Por el lado del ma\u00edz, Poulier consider\u00f3 que en este producto \u00abinfluye negativamente la muy buena cosecha de Estados Unidos de 358 millones de toneladas que est\u00e1 entrando al mercado internacional desde hace dos meses y mantiene muy vendidos a los fondos especulativos\u00bb.<\/p>\n<p>\u00abA esa oferta se le suma un remanente importante de producci\u00f3n brasile\u00f1a 2022\/23, que fue r\u00e9cord, y expectativas de una producci\u00f3n argentina m\u00e1s cercana a los 60 que a las 50 millones de toneladas, que generar\u00e1 un gran saldo exportable\u00bb, agreg\u00f3.<\/p>\n<p>En base a estas estimaciones y a los precios de exportaci\u00f3n de ambos productos, el director de RIA Consultores, Javier Preciado Pati\u00f1o, \u00abes esperable embarques en el orden de los 40 millones de toneladas de ma\u00edz, entre 6 y 7 millones de poroto de soja, y exportaciones de aceite de soja por encima de los 5 millones de toneladas, y de harina de soja por encima de los 23 millones\u00bb.<\/p>\n<p>\u00abConsiderando los precios FOB esperados actuales para estos cuatro productos, la generaci\u00f3n de divisas se ubicar\u00eda por encima de los US$ 24.000 millones. De todas maneras hay que mencionar que los precios FOB de estos productos han ca\u00eddo en el orden del 20% respecto del a\u00f1o pasado y no se espera un repunte de los valores para la nueva campa\u00f1a. El caso m\u00e1s significativo es el del aceite de soja, que hoy tiene un FOB de US$ 832 por tonelada, cuando a la misma fecha de 2023 el valor proyectado era de US$ 1.259\u00bb, dijo Preciado Pati\u00f1o.<\/p>\n<p>Por \u00faltimo, marc\u00f3 que \u00abun aspecto colateral, pero no menos importante para la generaci\u00f3n de reservas es que deber\u00eda caer la importaci\u00f3n de soja desde el Mercosur, que en 2023 represent\u00f3 unos US$5.300 millones entre enero y noviembre\u00bb.<\/p>\n<\/div>\n<p><em><strong>(Por Juan Manuel Colombo) T\u00e9lam<\/strong><\/em><\/p>\n","protected":false},"excerpt":{"rendered":"<p>Los precios internacionales de la soja y el ma\u00edz cayeron entre 8% y 9% durante el \u00faltimo mes en el mercado de Chicago, hasta alcanzar valores m\u00ednimos en m\u00e1s de dos y tres a\u00f1os respectivamente, presionados por la abundante existencia de granos en Estados Unidos tras la gran cosecha de la campa\u00f1a pasada y por [&hellip;]<\/p>\n","protected":false},"author":3,"featured_media":89675,"comment_status":"closed","ping_status":"closed","sticky":false,"template":"","format":"standard","meta":{"footnotes":""},"categories":[36],"tags":[],"class_list":["post-97624","post","type-post","status-publish","format-standard","has-post-thumbnail","hentry","category-economia"],"yoast_head":"<!-- This site is optimized with the Yoast SEO plugin v25.9 - https:\/\/yoast.com\/wordpress\/plugins\/seo\/ -->\n<title>Precios de soja y ma\u00edz cayeron 8% en un mes y se ubicaron en valores m\u00ednimos para \u00faltimos dos a\u00f1os - Noticias Radio Reflejos<\/title>\n<meta name=\"robots\" content=\"index, follow, max-snippet:-1, max-image-preview:large, max-video-preview:-1\" \/>\n<link rel=\"canonical\" href=\"https:\/\/www.noticiasradioreflejos.com.ar\/2021\/precios-de-soja-y-maiz-cayeron-8-en-un-mes-y-se-ubicaron-en-valores-minimos-para-ultimos-dos-anos\/\" \/>\n<meta property=\"og:locale\" content=\"es_ES\" \/>\n<meta property=\"og:type\" content=\"article\" \/>\n<meta property=\"og:title\" content=\"Precios de soja y ma\u00edz cayeron 8% en un mes y se ubicaron en valores m\u00ednimos para \u00faltimos dos a\u00f1os - Noticias Radio Reflejos\" \/>\n<meta property=\"og:description\" content=\"Los precios internacionales de la soja y el ma\u00edz cayeron entre 8% y 9% durante el \u00faltimo mes en el mercado de Chicago, hasta alcanzar valores m\u00ednimos en m\u00e1s de dos y tres a\u00f1os respectivamente, presionados por la abundante existencia de granos en Estados Unidos tras la gran cosecha de la campa\u00f1a pasada y por [&hellip;]\" \/>\n<meta property=\"og:url\" content=\"https:\/\/www.noticiasradioreflejos.com.ar\/2021\/precios-de-soja-y-maiz-cayeron-8-en-un-mes-y-se-ubicaron-en-valores-minimos-para-ultimos-dos-anos\/\" \/>\n<meta property=\"og:site_name\" content=\"Noticias Radio Reflejos\" \/>\n<meta property=\"article:published_time\" content=\"2024-01-14T12:51:27+00:00\" \/>\n<meta property=\"og:image\" content=\"https:\/\/www.noticiasradioreflejos.com.ar\/2021\/wp-content\/uploads\/2023\/06\/Maiz.jpg\" \/>\n\t<meta property=\"og:image:width\" content=\"1351\" \/>\n\t<meta property=\"og:image:height\" content=\"741\" \/>\n\t<meta property=\"og:image:type\" content=\"image\/jpeg\" \/>\n<meta name=\"author\" content=\"Arnaldo Botto\" \/>\n<meta name=\"twitter:card\" content=\"summary_large_image\" \/>\n<script type=\"application\/ld+json\" class=\"yoast-schema-graph\">{\"@context\":\"https:\/\/schema.org\",\"@graph\":[{\"@type\":\"WebPage\",\"@id\":\"https:\/\/www.noticiasradioreflejos.com.ar\/2021\/precios-de-soja-y-maiz-cayeron-8-en-un-mes-y-se-ubicaron-en-valores-minimos-para-ultimos-dos-anos\/\",\"url\":\"https:\/\/www.noticiasradioreflejos.com.ar\/2021\/precios-de-soja-y-maiz-cayeron-8-en-un-mes-y-se-ubicaron-en-valores-minimos-para-ultimos-dos-anos\/\",\"name\":\"Precios de soja y ma\u00edz cayeron 8% en un mes y se ubicaron en valores m\u00ednimos para \u00faltimos dos a\u00f1os - Noticias Radio Reflejos\",\"isPartOf\":{\"@id\":\"https:\/\/www.noticiasradioreflejos.com.ar\/2021\/#website\"},\"primaryImageOfPage\":{\"@id\":\"https:\/\/www.noticiasradioreflejos.com.ar\/2021\/precios-de-soja-y-maiz-cayeron-8-en-un-mes-y-se-ubicaron-en-valores-minimos-para-ultimos-dos-anos\/#primaryimage\"},\"image\":{\"@id\":\"https:\/\/www.noticiasradioreflejos.com.ar\/2021\/precios-de-soja-y-maiz-cayeron-8-en-un-mes-y-se-ubicaron-en-valores-minimos-para-ultimos-dos-anos\/#primaryimage\"},\"thumbnailUrl\":\"https:\/\/www.noticiasradioreflejos.com.ar\/2021\/wp-content\/uploads\/2023\/06\/Maiz.jpg\",\"datePublished\":\"2024-01-14T12:51:27+00:00\",\"author\":{\"@id\":\"https:\/\/www.noticiasradioreflejos.com.ar\/2021\/#\/schema\/person\/ad82545263dcc5ec0996818884fd5fb1\"},\"breadcrumb\":{\"@id\":\"https:\/\/www.noticiasradioreflejos.com.ar\/2021\/precios-de-soja-y-maiz-cayeron-8-en-un-mes-y-se-ubicaron-en-valores-minimos-para-ultimos-dos-anos\/#breadcrumb\"},\"inLanguage\":\"es\",\"potentialAction\":[{\"@type\":\"ReadAction\",\"target\":[\"https:\/\/www.noticiasradioreflejos.com.ar\/2021\/precios-de-soja-y-maiz-cayeron-8-en-un-mes-y-se-ubicaron-en-valores-minimos-para-ultimos-dos-anos\/\"]}]},{\"@type\":\"ImageObject\",\"inLanguage\":\"es\",\"@id\":\"https:\/\/www.noticiasradioreflejos.com.ar\/2021\/precios-de-soja-y-maiz-cayeron-8-en-un-mes-y-se-ubicaron-en-valores-minimos-para-ultimos-dos-anos\/#primaryimage\",\"url\":\"https:\/\/www.noticiasradioreflejos.com.ar\/2021\/wp-content\/uploads\/2023\/06\/Maiz.jpg\",\"contentUrl\":\"https:\/\/www.noticiasradioreflejos.com.ar\/2021\/wp-content\/uploads\/2023\/06\/Maiz.jpg\",\"width\":1351,\"height\":741},{\"@type\":\"BreadcrumbList\",\"@id\":\"https:\/\/www.noticiasradioreflejos.com.ar\/2021\/precios-de-soja-y-maiz-cayeron-8-en-un-mes-y-se-ubicaron-en-valores-minimos-para-ultimos-dos-anos\/#breadcrumb\",\"itemListElement\":[{\"@type\":\"ListItem\",\"position\":1,\"name\":\"Portada\",\"item\":\"https:\/\/www.noticiasradioreflejos.com.ar\/2021\/\"},{\"@type\":\"ListItem\",\"position\":2,\"name\":\"Precios de soja y ma\u00edz cayeron 8% en un mes y se ubicaron en valores m\u00ednimos para \u00faltimos dos a\u00f1os\"}]},{\"@type\":\"WebSite\",\"@id\":\"https:\/\/www.noticiasradioreflejos.com.ar\/2021\/#website\",\"url\":\"https:\/\/www.noticiasradioreflejos.com.ar\/2021\/\",\"name\":\"Noticias Radio Reflejos\",\"description\":\"Las noticias de mi comarca\",\"potentialAction\":[{\"@type\":\"SearchAction\",\"target\":{\"@type\":\"EntryPoint\",\"urlTemplate\":\"https:\/\/www.noticiasradioreflejos.com.ar\/2021\/?s={search_term_string}\"},\"query-input\":{\"@type\":\"PropertyValueSpecification\",\"valueRequired\":true,\"valueName\":\"search_term_string\"}}],\"inLanguage\":\"es\"},{\"@type\":\"Person\",\"@id\":\"https:\/\/www.noticiasradioreflejos.com.ar\/2021\/#\/schema\/person\/ad82545263dcc5ec0996818884fd5fb1\",\"name\":\"Arnaldo Botto\",\"image\":{\"@type\":\"ImageObject\",\"inLanguage\":\"es\",\"@id\":\"https:\/\/www.noticiasradioreflejos.com.ar\/2021\/#\/schema\/person\/image\/\",\"url\":\"https:\/\/secure.gravatar.com\/avatar\/55cb5e37c1efa326397366e6974cb338056df65cb50e7d64d1cf314e87504837?s=96&d=mm&r=g\",\"contentUrl\":\"https:\/\/secure.gravatar.com\/avatar\/55cb5e37c1efa326397366e6974cb338056df65cb50e7d64d1cf314e87504837?s=96&d=mm&r=g\",\"caption\":\"Arnaldo Botto\"},\"url\":\"https:\/\/www.noticiasradioreflejos.com.ar\/2021\/author\/arnaldo\/\"}]}<\/script>\n<!-- \/ Yoast SEO plugin. -->","yoast_head_json":{"title":"Precios de soja y ma\u00edz cayeron 8% en un mes y se ubicaron en valores m\u00ednimos para \u00faltimos dos a\u00f1os - Noticias Radio Reflejos","robots":{"index":"index","follow":"follow","max-snippet":"max-snippet:-1","max-image-preview":"max-image-preview:large","max-video-preview":"max-video-preview:-1"},"canonical":"https:\/\/www.noticiasradioreflejos.com.ar\/2021\/precios-de-soja-y-maiz-cayeron-8-en-un-mes-y-se-ubicaron-en-valores-minimos-para-ultimos-dos-anos\/","og_locale":"es_ES","og_type":"article","og_title":"Precios de soja y ma\u00edz cayeron 8% en un mes y se ubicaron en valores m\u00ednimos para \u00faltimos dos a\u00f1os - Noticias Radio Reflejos","og_description":"Los precios internacionales de la soja y el ma\u00edz cayeron entre 8% y 9% durante el \u00faltimo mes en el mercado de Chicago, hasta alcanzar valores m\u00ednimos en m\u00e1s de dos y tres a\u00f1os respectivamente, presionados por la abundante existencia de granos en Estados Unidos tras la gran cosecha de la campa\u00f1a pasada y por [&hellip;]","og_url":"https:\/\/www.noticiasradioreflejos.com.ar\/2021\/precios-de-soja-y-maiz-cayeron-8-en-un-mes-y-se-ubicaron-en-valores-minimos-para-ultimos-dos-anos\/","og_site_name":"Noticias Radio Reflejos","article_published_time":"2024-01-14T12:51:27+00:00","og_image":[{"width":1351,"height":741,"url":"https:\/\/www.noticiasradioreflejos.com.ar\/2021\/wp-content\/uploads\/2023\/06\/Maiz.jpg","type":"image\/jpeg"}],"author":"Arnaldo Botto","twitter_card":"summary_large_image","schema":{"@context":"https:\/\/schema.org","@graph":[{"@type":"WebPage","@id":"https:\/\/www.noticiasradioreflejos.com.ar\/2021\/precios-de-soja-y-maiz-cayeron-8-en-un-mes-y-se-ubicaron-en-valores-minimos-para-ultimos-dos-anos\/","url":"https:\/\/www.noticiasradioreflejos.com.ar\/2021\/precios-de-soja-y-maiz-cayeron-8-en-un-mes-y-se-ubicaron-en-valores-minimos-para-ultimos-dos-anos\/","name":"Precios de soja y ma\u00edz cayeron 8% en un mes y se ubicaron en valores m\u00ednimos para \u00faltimos dos a\u00f1os - Noticias Radio Reflejos","isPartOf":{"@id":"https:\/\/www.noticiasradioreflejos.com.ar\/2021\/#website"},"primaryImageOfPage":{"@id":"https:\/\/www.noticiasradioreflejos.com.ar\/2021\/precios-de-soja-y-maiz-cayeron-8-en-un-mes-y-se-ubicaron-en-valores-minimos-para-ultimos-dos-anos\/#primaryimage"},"image":{"@id":"https:\/\/www.noticiasradioreflejos.com.ar\/2021\/precios-de-soja-y-maiz-cayeron-8-en-un-mes-y-se-ubicaron-en-valores-minimos-para-ultimos-dos-anos\/#primaryimage"},"thumbnailUrl":"https:\/\/www.noticiasradioreflejos.com.ar\/2021\/wp-content\/uploads\/2023\/06\/Maiz.jpg","datePublished":"2024-01-14T12:51:27+00:00","author":{"@id":"https:\/\/www.noticiasradioreflejos.com.ar\/2021\/#\/schema\/person\/ad82545263dcc5ec0996818884fd5fb1"},"breadcrumb":{"@id":"https:\/\/www.noticiasradioreflejos.com.ar\/2021\/precios-de-soja-y-maiz-cayeron-8-en-un-mes-y-se-ubicaron-en-valores-minimos-para-ultimos-dos-anos\/#breadcrumb"},"inLanguage":"es","potentialAction":[{"@type":"ReadAction","target":["https:\/\/www.noticiasradioreflejos.com.ar\/2021\/precios-de-soja-y-maiz-cayeron-8-en-un-mes-y-se-ubicaron-en-valores-minimos-para-ultimos-dos-anos\/"]}]},{"@type":"ImageObject","inLanguage":"es","@id":"https:\/\/www.noticiasradioreflejos.com.ar\/2021\/precios-de-soja-y-maiz-cayeron-8-en-un-mes-y-se-ubicaron-en-valores-minimos-para-ultimos-dos-anos\/#primaryimage","url":"https:\/\/www.noticiasradioreflejos.com.ar\/2021\/wp-content\/uploads\/2023\/06\/Maiz.jpg","contentUrl":"https:\/\/www.noticiasradioreflejos.com.ar\/2021\/wp-content\/uploads\/2023\/06\/Maiz.jpg","width":1351,"height":741},{"@type":"BreadcrumbList","@id":"https:\/\/www.noticiasradioreflejos.com.ar\/2021\/precios-de-soja-y-maiz-cayeron-8-en-un-mes-y-se-ubicaron-en-valores-minimos-para-ultimos-dos-anos\/#breadcrumb","itemListElement":[{"@type":"ListItem","position":1,"name":"Portada","item":"https:\/\/www.noticiasradioreflejos.com.ar\/2021\/"},{"@type":"ListItem","position":2,"name":"Precios de soja y ma\u00edz cayeron 8% en un mes y se ubicaron en valores m\u00ednimos para \u00faltimos dos a\u00f1os"}]},{"@type":"WebSite","@id":"https:\/\/www.noticiasradioreflejos.com.ar\/2021\/#website","url":"https:\/\/www.noticiasradioreflejos.com.ar\/2021\/","name":"Noticias Radio Reflejos","description":"Las noticias de mi comarca","potentialAction":[{"@type":"SearchAction","target":{"@type":"EntryPoint","urlTemplate":"https:\/\/www.noticiasradioreflejos.com.ar\/2021\/?s={search_term_string}"},"query-input":{"@type":"PropertyValueSpecification","valueRequired":true,"valueName":"search_term_string"}}],"inLanguage":"es"},{"@type":"Person","@id":"https:\/\/www.noticiasradioreflejos.com.ar\/2021\/#\/schema\/person\/ad82545263dcc5ec0996818884fd5fb1","name":"Arnaldo Botto","image":{"@type":"ImageObject","inLanguage":"es","@id":"https:\/\/www.noticiasradioreflejos.com.ar\/2021\/#\/schema\/person\/image\/","url":"https:\/\/secure.gravatar.com\/avatar\/55cb5e37c1efa326397366e6974cb338056df65cb50e7d64d1cf314e87504837?s=96&d=mm&r=g","contentUrl":"https:\/\/secure.gravatar.com\/avatar\/55cb5e37c1efa326397366e6974cb338056df65cb50e7d64d1cf314e87504837?s=96&d=mm&r=g","caption":"Arnaldo Botto"},"url":"https:\/\/www.noticiasradioreflejos.com.ar\/2021\/author\/arnaldo\/"}]}},"_links":{"self":[{"href":"https:\/\/www.noticiasradioreflejos.com.ar\/2021\/wp-json\/wp\/v2\/posts\/97624","targetHints":{"allow":["GET"]}}],"collection":[{"href":"https:\/\/www.noticiasradioreflejos.com.ar\/2021\/wp-json\/wp\/v2\/posts"}],"about":[{"href":"https:\/\/www.noticiasradioreflejos.com.ar\/2021\/wp-json\/wp\/v2\/types\/post"}],"author":[{"embeddable":true,"href":"https:\/\/www.noticiasradioreflejos.com.ar\/2021\/wp-json\/wp\/v2\/users\/3"}],"replies":[{"embeddable":true,"href":"https:\/\/www.noticiasradioreflejos.com.ar\/2021\/wp-json\/wp\/v2\/comments?post=97624"}],"version-history":[{"count":1,"href":"https:\/\/www.noticiasradioreflejos.com.ar\/2021\/wp-json\/wp\/v2\/posts\/97624\/revisions"}],"predecessor-version":[{"id":97625,"href":"https:\/\/www.noticiasradioreflejos.com.ar\/2021\/wp-json\/wp\/v2\/posts\/97624\/revisions\/97625"}],"wp:featuredmedia":[{"embeddable":true,"href":"https:\/\/www.noticiasradioreflejos.com.ar\/2021\/wp-json\/wp\/v2\/media\/89675"}],"wp:attachment":[{"href":"https:\/\/www.noticiasradioreflejos.com.ar\/2021\/wp-json\/wp\/v2\/media?parent=97624"}],"wp:term":[{"taxonomy":"category","embeddable":true,"href":"https:\/\/www.noticiasradioreflejos.com.ar\/2021\/wp-json\/wp\/v2\/categories?post=97624"},{"taxonomy":"post_tag","embeddable":true,"href":"https:\/\/www.noticiasradioreflejos.com.ar\/2021\/wp-json\/wp\/v2\/tags?post=97624"}],"curies":[{"name":"wp","href":"https:\/\/api.w.org\/{rel}","templated":true}]}}