{"id":97621,"date":"2024-01-14T09:47:34","date_gmt":"2024-01-14T12:47:34","guid":{"rendered":"https:\/\/www.noticiasradioreflejos.com.ar\/2021\/?p=97621"},"modified":"2024-01-14T09:47:34","modified_gmt":"2024-01-14T12:47:34","slug":"del-productor-al-consumidor-los-precios-de-los-agroalimentos-se-multiplicaron-por-35-veces-en-diciembre","status":"publish","type":"post","link":"https:\/\/www.noticiasradioreflejos.com.ar\/2021\/del-productor-al-consumidor-los-precios-de-los-agroalimentos-se-multiplicaron-por-35-veces-en-diciembre\/","title":{"rendered":"Del productor al consumidor, los precios de los agroalimentos se multiplicaron por 3,5 veces en diciembre"},"content":{"rendered":"<p>Seg\u00fan el\u00a0<strong><span lang=\"ES-AR\">\u00cdndice de Precios en Origen y Destino (IPOD) elaborado por el sector de Econom\u00edas Regionales de la Confederaci\u00f3n Argentina de la Mediana Empresa (CAME)<\/span><\/strong><span lang=\"ES-AR\">, en diciembre los precios de los agroalimentos se multiplicaron por 3,5 veces del campo (origen) a la g\u00f3ndola (destino). Es decir, el consumidor pag\u00f3 $ 3,5 por cada $ 1 que recibi\u00f3 el productor.<\/span><!--more--><\/p>\n<p><span lang=\"ES-AR\">En promedio, la participaci\u00f3n del productor explic\u00f3 el 26,3% de los precios de venta final. La mayor participaci\u00f3n la tuvieron los productores de\u00a0<\/span><strong><span lang=\"ES-AR\">frutilla<\/span><\/strong>\u00a0<span lang=\"ES-AR\">(52%), mientras que la menor fue para los de\u00a0<\/span><strong><span lang=\"ES-AR\">manzana roja<\/span><\/strong><span lang=\"ES-AR\">\u00a0(11%).<\/span><\/p>\n<p><img loading=\"lazy\" decoding=\"async\" class=\"CToWUd a6T\" tabindex=\"0\" src=\"https:\/\/ci3.googleusercontent.com\/meips\/ADKq_NbObtPiFh1BsS9quC0-FriMVvOTrS3iAgbz5cMRm3zn2cA7O_8S4eIdFKGFyRAVPLEhghmbz9VJw9zoPGbtJT6AesDmG9615p3ZtNWave3_KjYmaGXe1c5BS6S8z2B8u76bjyeM3bgnzj9tCRSoZMRmX0nkbKS0UUD-D1Mmcx146s_1SlE=s0-d-e1-ft#https:\/\/mailprensa.came.org.ar\/data\/1899c60d3e88c767f20949a98d5003460b14bf85\/media_files\/665\/original\/image.png\" width=\"600\" height=\"338\" data-bit=\"iit\" \/><\/p>\n<p><strong><span lang=\"ES-AR\">La brecha en los productos frutihort\u00edcolas y en los ganaderos<\/span><\/strong><\/p>\n<p>&nbsp;<\/p>\n<p><strong><span lang=\"ES-AR\">IPOD frutihort\u00edcola:<\/span><\/strong>\u00a0<span lang=\"ES-AR\">del campo a la g\u00f3ndola, los precios de las 19 frutas y hortalizas que integran la canasta IPOD se multiplicaron por\u00a0<strong>4,7 veces en diciembre.<\/strong><\/span><\/p>\n<p><strong><span lang=\"ES-AR\">IPOD ganadero:<\/span><\/strong>\u00a0<span lang=\"ES-AR\">por los cinco productos y subproductos ganaderos que componen la canasta IPOD el consumidor abon\u00f3\u00a0<strong>3,1 veces<\/strong>\u00a0<strong>m\u00e1s<\/strong>\u00a0de lo que recibi\u00f3 el productor.<\/span><\/p>\n<p>&nbsp;<\/p>\n<p align=\"center\"><strong><span lang=\"ES-AR\">Mayores y menores brechas IPOD de diciembre<\/span><\/strong><\/p>\n<p><strong><span lang=\"ES-AR\">1. Productos con mayores brechas IPOD mensuales.<\/span><\/strong><\/p>\n<p><span lang=\"ES-AR\">La\u00a0<\/span><strong><span lang=\"ES-AR\">manzana roja<\/span><\/strong>\u00a0<span lang=\"ES-AR\">(9 veces), la\u00a0<\/span><strong><span lang=\"ES-AR\">pera<\/span><\/strong>\u00a0<span lang=\"ES-AR\">(7,2), la\u00a0<\/span><strong><span lang=\"ES-AR\">cebolla<\/span><\/strong>\u00a0<span lang=\"ES-AR\">(6,8), el\u00a0<\/span><strong><span lang=\"ES-AR\">zapallito<\/span><\/strong>\u00a0<span lang=\"ES-AR\">(6,5) y el\u00a0<\/span><strong><span lang=\"ES-AR\">lim\u00f3n<\/span><\/strong>\u00a0<span lang=\"ES-AR\">(6,4) fueron los cinco productos que presentaron mayores diferencias entre los precios de origen y de destino.<\/span><\/p>\n<p><span lang=\"ES-AR\">La\u00a0<\/span><strong><span lang=\"ES-AR\">manzana roja<\/span><\/strong>\u00a0<span lang=\"ES-AR\">fue el alimento con mayor brecha entre el productor y el consumidor. S<\/span><span lang=\"ES-AR\">us precios subieron tanto en origen (1,5%) como en destino (20%).<\/span><\/p>\n<p><span lang=\"ES-AR\">En el caso de la\u00a0<\/span><strong><span lang=\"ES-AR\">pera<\/span><\/strong><span lang=\"ES-AR\">\u00a0se registr\u00f3 una suba del 55,1% en los precios al productor, mientras que al consumidor se incrementaron un 45%. El aumento en origen se debi\u00f3 a una actualizaci\u00f3n\u00a0<\/span><span lang=\"ES-AR\">por suba de costos en las c\u00e1maras de fr\u00edo<\/span><span lang=\"ES-AR\">, acopio y log\u00edstica.<\/span><\/p>\n<p><span lang=\"ES-AR\">La\u00a0<\/span><strong><span lang=\"ES-AR\">cebolla<\/span><\/strong>\u00a0<span lang=\"ES-AR\">present\u00f3 subas en los dos extremos de la cadena de valor: 41,2% en origen, mientras que en destino se increment\u00f3 un 16%. Esta suba de origen se dio por una disminuci\u00f3n en la oferta, en parte por lluvias en pa\u00edses exportadores como Brasil.<\/span><\/p>\n<p><span lang=\"ES-AR\">Otro fue el caso del\u00a0<\/span><strong><span lang=\"ES-AR\">zapallito<\/span><\/strong><span lang=\"ES-AR\">, donde se observ\u00f3 una suba mensual del 16,7% en origen, mientras que en g\u00f3ndola tuvo una disminuci\u00f3n del 2% por la no convalidaci\u00f3n de los precios por parte de los consumidores.<\/span><\/p>\n<p><span lang=\"ES-AR\">Por \u00faltimo, el\u00a0<\/span><strong><span lang=\"ES-AR\">lim\u00f3n<\/span><\/strong><span lang=\"ES-AR\">\u00a0tuvo un aumento del 114,8% al productor\u00a0<\/span><span lang=\"ES-AR\">\u2212<\/span><span lang=\"ES-AR\">por disminuci\u00f3n de oferta, fin de zafra<\/span><span lang=\"ES-AR\">\u2212<\/span><span lang=\"ES-AR\">\u00a0y un 80% en g\u00f3ndola por mayores costos de fletes y, sobre todo, por un reacomodamiento de precios en el comercio minorista.<\/span><\/p>\n<p><img loading=\"lazy\" decoding=\"async\" class=\"CToWUd a6T\" tabindex=\"0\" src=\"https:\/\/ci3.googleusercontent.com\/meips\/ADKq_NYMS1QdJxhPdRLXym2b0ZNJ46uHJ2XgLF6RiMinUFKnoySrkf4F1sHdsgSmd8LXbYvgJMDS27B_aDP4LZZuUR_TzYLcZNCJ5GDoz43XiBLe3xEJTpOmcc22aZPXiIj9JnsXWJg6Ae3-debrmM1lY_huKz4DYUnzJZSDKessEA9w7wyhTno=s0-d-e1-ft#https:\/\/mailprensa.came.org.ar\/data\/1899c60d3e88c767f20949a98d5003460b14bf85\/media_files\/666\/original\/image.png\" width=\"600\" height=\"338\" data-bit=\"iit\" \/><\/p>\n<p><strong><span lang=\"ES-AR\">2. Productos con menores brechas IPOD mensuales.<\/span><\/strong><\/p>\n<p><span lang=\"ES-AR\">Entre los productos que presentaron menor diferencia entre el precio que recibi\u00f3 el productor y el que pag\u00f3 el consumidor se encuentran cuatro frutihort\u00edcolas y uno de origen animal.<\/span><\/p>\n<p><span lang=\"ES-AR\">Cabe destacar que los\u00a0<\/span><strong><span lang=\"ES-AR\">huevos<\/span><\/strong>\u00a0<span lang=\"ES-AR\">(2 veces) y el\u00a0<\/span><strong><span lang=\"ES-AR\">pollo\u00a0<\/span><\/strong><span lang=\"ES-AR\">(2,6) tienen, en general, sistemas de producci\u00f3n integrados<strong>. Eso<\/strong><strong>\u00a0<\/strong>significa que todos los actores de sus respectivas cadenas de valor son parte del riesgo del negocio. Ambos productos subieron sus precios tanto al productor (27,3% y 50,9%, respectivamente) como al consumidor (18% y 33%, respectivamente).<\/span><\/p>\n<p><span lang=\"ES-AR\">Por su parte, el\u00a0<\/span><strong><span lang=\"ES-AR\">tomate<\/span><\/strong>\u00a0<span lang=\"ES-AR\">y la<strong>\u00a0<\/strong><\/span><strong><span lang=\"ES-AR\">lechuga<\/span><\/strong><span lang=\"ES-AR\">, los dos con una brecha campo-g\u00f3ndola de 2,8 veces, tuvieron distintos comportamientos. El primero aument\u00f3 su precio en origen (5,9%), mientras que en destino disminuyo 29%. El segundo<\/span>\u00a0<span lang=\"ES-AR\">present\u00f3 subas en los dos extremos de la cadena de valor: 11,4% (origen),\u00a0<\/span><span lang=\"ES-AR\">\u2212<\/span><span lang=\"ES-AR\">los temporales ocurridos en Santa Fe generaron p\u00e9rdidas en la producci\u00f3n que impactaron en una baja de la oferta<\/span><span lang=\"ES-AR\">\u2212<\/span><span lang=\"ES-AR\">\u00a0mientras que en destino se increment\u00f3 un 34%.<\/span><\/p>\n<p><span lang=\"ES-AR\">Para finalizar, la\u00a0<\/span><strong><span lang=\"ES-AR\">frutilla<\/span><\/strong>\u00a0<span lang=\"ES-AR\">(1,9 veces) subi\u00f3 51,7% en origen y 9% en destino, por m\u00e1xima oferta. Se ubic\u00f3 dentro de los productos con menor brecha IPOD mensual.<\/span><\/p>\n<p><img loading=\"lazy\" decoding=\"async\" class=\"CToWUd a6T\" tabindex=\"0\" src=\"https:\/\/ci3.googleusercontent.com\/meips\/ADKq_NZcLmQJGIJFrsQ_Q4EXaQqJz_5KqmqgpCZlHeTiocfnJWtLk7T1farZn3SPJ87Bocvyv3BcEMe6UfFYvLdEgNRqflYTqLeX7GSExG3z85Kc4_IRsdf7sRSsMj_3yE7FqjPWtJRpu0kJkK8seyRxlDgy4A1m_FFLy096PIqZZGo2-yYfGCk=s0-d-e1-ft#https:\/\/mailprensa.came.org.ar\/data\/1899c60d3e88c767f20949a98d5003460b14bf85\/media_files\/667\/original\/image.png\" width=\"600\" height=\"338\" data-bit=\"iit\" \/><\/p>\n<p><img loading=\"lazy\" decoding=\"async\" class=\"CToWUd a6T\" tabindex=\"0\" src=\"https:\/\/ci3.googleusercontent.com\/meips\/ADKq_NaGBR1ffSYKRudlE5b7rboI1h1D02HSq8m3yaALuj3KmA8YY3XF-RFQmnCV_1JsxRykuze6NGIJK_L3OAUOE8943kesiN4OquebLQIBtUEFVc7wAmFbxa-MudAGdA9DiJ02bdr56zOi-VZDc0cW9HbKcPjXlfcessmcUqTxXhkqsGz2j4Y=s0-d-e1-ft#https:\/\/mailprensa.came.org.ar\/data\/1899c60d3e88c767f20949a98d5003460b14bf85\/media_files\/668\/original\/image.png\" width=\"600\" height=\"568\" data-bit=\"iit\" \/><\/p>\n<p><strong><span lang=\"ES-AR\">Links a informes y cuadros<\/span><\/strong><\/p>\n<p><span lang=\"ES-AR\">Para acceder al\u00a0informe t\u00e9cnico\u00a0y la\u00a0metodolog\u00eda,\u00a0clic\u00a0<\/span><span lang=\"ES-AR\"><a href=\"https:\/\/mailprensa.came.org.ar\/c\/7rq48m\/norvk5ub\/9gtqtzaob7o\" target=\"_blank\" rel=\"noopener\" data-saferedirecturl=\"https:\/\/www.google.com\/url?q=https:\/\/mailprensa.came.org.ar\/c\/7rq48m\/norvk5ub\/9gtqtzaob7o&amp;source=gmail&amp;ust=1705322118223000&amp;usg=AOvVaw3jWjkviSOevCyrBU6VMQR4\">aqu\u00ed<\/a><\/span><span lang=\"ES-AR\">.<\/span><\/p>\n<p><span lang=\"ES-AR\">Tabla con la brecha IPOD de los 24 agroalimentos,\u00a0clic\u00a0<\/span><span lang=\"ES-AR\"><a href=\"https:\/\/mailprensa.came.org.ar\/c\/7rq48m\/norvk5ub\/xv-y_uyxpmu\" target=\"_blank\" rel=\"noopener\" data-saferedirecturl=\"https:\/\/www.google.com\/url?q=https:\/\/mailprensa.came.org.ar\/c\/7rq48m\/norvk5ub\/xv-y_uyxpmu&amp;source=gmail&amp;ust=1705322118223000&amp;usg=AOvVaw0AYqRC2xZrmSs1PMyvxNRk\">aqu\u00ed<\/a><\/span><span lang=\"ES-AR\">.<\/span><\/p>\n<p><span lang=\"ES-AR\">Cuadro mayores brechas,\u00a0clic\u00a0<\/span><span lang=\"ES-AR\"><a href=\"https:\/\/mailprensa.came.org.ar\/c\/7rq48m\/norvk5ub\/ubscsmii8k0\" target=\"_blank\" rel=\"noopener\" data-saferedirecturl=\"https:\/\/www.google.com\/url?q=https:\/\/mailprensa.came.org.ar\/c\/7rq48m\/norvk5ub\/ubscsmii8k0&amp;source=gmail&amp;ust=1705322118223000&amp;usg=AOvVaw0Gvv9MuA_6dIfy07cG3Lcb\">aqu\u00ed<\/a><\/span><span lang=\"ES-AR\">.<\/span><\/p>\n<p><span lang=\"ES-AR\">Cuadro menores brechas,\u00a0clic\u00a0<\/span><span lang=\"ES-AR\"><a href=\"https:\/\/mailprensa.came.org.ar\/c\/7rq48m\/norvk5ub\/7ucsfkmvy-w\" target=\"_blank\" rel=\"noopener\" data-saferedirecturl=\"https:\/\/www.google.com\/url?q=https:\/\/mailprensa.came.org.ar\/c\/7rq48m\/norvk5ub\/7ucsfkmvy-w&amp;source=gmail&amp;ust=1705322118223000&amp;usg=AOvVaw39T-ziOVzMlDqmQGb4IYbz\">aqu\u00ed<\/a><\/span><span lang=\"ES-AR\">.<\/span><\/p>\n<p><span lang=\"ES-AR\">Participaci\u00f3n del productor, clic\u00a0<\/span><span lang=\"ES-AR\"><a href=\"https:\/\/mailprensa.came.org.ar\/c\/7rq48m\/norvk5ub\/sqir-pkx-84\" target=\"_blank\" rel=\"noopener\" data-saferedirecturl=\"https:\/\/www.google.com\/url?q=https:\/\/mailprensa.came.org.ar\/c\/7rq48m\/norvk5ub\/sqir-pkx-84&amp;source=gmail&amp;ust=1705322118223000&amp;usg=AOvVaw3Y82z4cO25qgJ07LmvEron\">aqu\u00ed<\/a><\/span><span lang=\"ES-AR\">.<\/span><\/p>\n","protected":false},"excerpt":{"rendered":"<p>Seg\u00fan el\u00a0\u00cdndice de Precios en Origen y Destino (IPOD) elaborado por el sector de Econom\u00edas Regionales de la Confederaci\u00f3n Argentina de la Mediana Empresa (CAME), en diciembre los precios de los agroalimentos se multiplicaron por 3,5 veces del campo (origen) a la g\u00f3ndola (destino). Es decir, el consumidor pag\u00f3 $ 3,5 por cada $ 1 [&hellip;]<\/p>\n","protected":false},"author":3,"featured_media":0,"comment_status":"closed","ping_status":"closed","sticky":false,"template":"","format":"standard","meta":{"footnotes":""},"categories":[36],"tags":[],"class_list":["post-97621","post","type-post","status-publish","format-standard","hentry","category-economia"],"yoast_head":"<!-- This site is optimized with the Yoast SEO plugin v25.9 - https:\/\/yoast.com\/wordpress\/plugins\/seo\/ -->\n<title>Del productor al consumidor, los precios de los agroalimentos se multiplicaron por 3,5 veces en diciembre - Noticias Radio Reflejos<\/title>\n<meta name=\"robots\" content=\"index, follow, max-snippet:-1, max-image-preview:large, max-video-preview:-1\" \/>\n<link rel=\"canonical\" href=\"https:\/\/www.noticiasradioreflejos.com.ar\/2021\/del-productor-al-consumidor-los-precios-de-los-agroalimentos-se-multiplicaron-por-35-veces-en-diciembre\/\" \/>\n<meta property=\"og:locale\" content=\"es_ES\" \/>\n<meta property=\"og:type\" content=\"article\" \/>\n<meta property=\"og:title\" content=\"Del productor al consumidor, los precios de los agroalimentos se multiplicaron por 3,5 veces en diciembre - Noticias Radio Reflejos\" \/>\n<meta property=\"og:description\" content=\"Seg\u00fan el\u00a0\u00cdndice de Precios en Origen y Destino (IPOD) elaborado por el sector de Econom\u00edas Regionales de la Confederaci\u00f3n Argentina de la Mediana Empresa (CAME), en diciembre los precios de los agroalimentos se multiplicaron por 3,5 veces del campo (origen) a la g\u00f3ndola (destino). Es decir, el consumidor pag\u00f3 $ 3,5 por cada $ 1 [&hellip;]\" \/>\n<meta property=\"og:url\" content=\"https:\/\/www.noticiasradioreflejos.com.ar\/2021\/del-productor-al-consumidor-los-precios-de-los-agroalimentos-se-multiplicaron-por-35-veces-en-diciembre\/\" \/>\n<meta property=\"og:site_name\" content=\"Noticias Radio Reflejos\" \/>\n<meta property=\"article:published_time\" content=\"2024-01-14T12:47:34+00:00\" \/>\n<meta property=\"og:image\" content=\"https:\/\/ci3.googleusercontent.com\/meips\/ADKq_NbObtPiFh1BsS9quC0-FriMVvOTrS3iAgbz5cMRm3zn2cA7O_8S4eIdFKGFyRAVPLEhghmbz9VJw9zoPGbtJT6AesDmG9615p3ZtNWave3_KjYmaGXe1c5BS6S8z2B8u76bjyeM3bgnzj9tCRSoZMRmX0nkbKS0UUD-D1Mmcx146s_1SlE=s0-d-e1-ft#https:\/\/mailprensa.came.org.ar\/data\/1899c60d3e88c767f20949a98d5003460b14bf85\/media_files\/665\/original\/image.png\" \/>\n<meta name=\"author\" content=\"Arnaldo Botto\" \/>\n<meta name=\"twitter:card\" content=\"summary_large_image\" \/>\n<script type=\"application\/ld+json\" class=\"yoast-schema-graph\">{\"@context\":\"https:\/\/schema.org\",\"@graph\":[{\"@type\":\"WebPage\",\"@id\":\"https:\/\/www.noticiasradioreflejos.com.ar\/2021\/del-productor-al-consumidor-los-precios-de-los-agroalimentos-se-multiplicaron-por-35-veces-en-diciembre\/\",\"url\":\"https:\/\/www.noticiasradioreflejos.com.ar\/2021\/del-productor-al-consumidor-los-precios-de-los-agroalimentos-se-multiplicaron-por-35-veces-en-diciembre\/\",\"name\":\"Del productor al consumidor, los precios de los agroalimentos se multiplicaron por 3,5 veces en diciembre - Noticias Radio Reflejos\",\"isPartOf\":{\"@id\":\"https:\/\/www.noticiasradioreflejos.com.ar\/2021\/#website\"},\"primaryImageOfPage\":{\"@id\":\"https:\/\/www.noticiasradioreflejos.com.ar\/2021\/del-productor-al-consumidor-los-precios-de-los-agroalimentos-se-multiplicaron-por-35-veces-en-diciembre\/#primaryimage\"},\"image\":{\"@id\":\"https:\/\/www.noticiasradioreflejos.com.ar\/2021\/del-productor-al-consumidor-los-precios-de-los-agroalimentos-se-multiplicaron-por-35-veces-en-diciembre\/#primaryimage\"},\"thumbnailUrl\":\"https:\/\/ci3.googleusercontent.com\/meips\/ADKq_NbObtPiFh1BsS9quC0-FriMVvOTrS3iAgbz5cMRm3zn2cA7O_8S4eIdFKGFyRAVPLEhghmbz9VJw9zoPGbtJT6AesDmG9615p3ZtNWave3_KjYmaGXe1c5BS6S8z2B8u76bjyeM3bgnzj9tCRSoZMRmX0nkbKS0UUD-D1Mmcx146s_1SlE=s0-d-e1-ft#https:\/\/mailprensa.came.org.ar\/data\/1899c60d3e88c767f20949a98d5003460b14bf85\/media_files\/665\/original\/image.png\",\"datePublished\":\"2024-01-14T12:47:34+00:00\",\"author\":{\"@id\":\"https:\/\/www.noticiasradioreflejos.com.ar\/2021\/#\/schema\/person\/ad82545263dcc5ec0996818884fd5fb1\"},\"breadcrumb\":{\"@id\":\"https:\/\/www.noticiasradioreflejos.com.ar\/2021\/del-productor-al-consumidor-los-precios-de-los-agroalimentos-se-multiplicaron-por-35-veces-en-diciembre\/#breadcrumb\"},\"inLanguage\":\"es\",\"potentialAction\":[{\"@type\":\"ReadAction\",\"target\":[\"https:\/\/www.noticiasradioreflejos.com.ar\/2021\/del-productor-al-consumidor-los-precios-de-los-agroalimentos-se-multiplicaron-por-35-veces-en-diciembre\/\"]}]},{\"@type\":\"ImageObject\",\"inLanguage\":\"es\",\"@id\":\"https:\/\/www.noticiasradioreflejos.com.ar\/2021\/del-productor-al-consumidor-los-precios-de-los-agroalimentos-se-multiplicaron-por-35-veces-en-diciembre\/#primaryimage\",\"url\":\"https:\/\/ci3.googleusercontent.com\/meips\/ADKq_NbObtPiFh1BsS9quC0-FriMVvOTrS3iAgbz5cMRm3zn2cA7O_8S4eIdFKGFyRAVPLEhghmbz9VJw9zoPGbtJT6AesDmG9615p3ZtNWave3_KjYmaGXe1c5BS6S8z2B8u76bjyeM3bgnzj9tCRSoZMRmX0nkbKS0UUD-D1Mmcx146s_1SlE=s0-d-e1-ft#https:\/\/mailprensa.came.org.ar\/data\/1899c60d3e88c767f20949a98d5003460b14bf85\/media_files\/665\/original\/image.png\",\"contentUrl\":\"https:\/\/ci3.googleusercontent.com\/meips\/ADKq_NbObtPiFh1BsS9quC0-FriMVvOTrS3iAgbz5cMRm3zn2cA7O_8S4eIdFKGFyRAVPLEhghmbz9VJw9zoPGbtJT6AesDmG9615p3ZtNWave3_KjYmaGXe1c5BS6S8z2B8u76bjyeM3bgnzj9tCRSoZMRmX0nkbKS0UUD-D1Mmcx146s_1SlE=s0-d-e1-ft#https:\/\/mailprensa.came.org.ar\/data\/1899c60d3e88c767f20949a98d5003460b14bf85\/media_files\/665\/original\/image.png\"},{\"@type\":\"BreadcrumbList\",\"@id\":\"https:\/\/www.noticiasradioreflejos.com.ar\/2021\/del-productor-al-consumidor-los-precios-de-los-agroalimentos-se-multiplicaron-por-35-veces-en-diciembre\/#breadcrumb\",\"itemListElement\":[{\"@type\":\"ListItem\",\"position\":1,\"name\":\"Portada\",\"item\":\"https:\/\/www.noticiasradioreflejos.com.ar\/2021\/\"},{\"@type\":\"ListItem\",\"position\":2,\"name\":\"Del productor al consumidor, los precios de los agroalimentos se multiplicaron por 3,5 veces en diciembre\"}]},{\"@type\":\"WebSite\",\"@id\":\"https:\/\/www.noticiasradioreflejos.com.ar\/2021\/#website\",\"url\":\"https:\/\/www.noticiasradioreflejos.com.ar\/2021\/\",\"name\":\"Noticias Radio Reflejos\",\"description\":\"Las noticias de mi comarca\",\"potentialAction\":[{\"@type\":\"SearchAction\",\"target\":{\"@type\":\"EntryPoint\",\"urlTemplate\":\"https:\/\/www.noticiasradioreflejos.com.ar\/2021\/?s={search_term_string}\"},\"query-input\":{\"@type\":\"PropertyValueSpecification\",\"valueRequired\":true,\"valueName\":\"search_term_string\"}}],\"inLanguage\":\"es\"},{\"@type\":\"Person\",\"@id\":\"https:\/\/www.noticiasradioreflejos.com.ar\/2021\/#\/schema\/person\/ad82545263dcc5ec0996818884fd5fb1\",\"name\":\"Arnaldo Botto\",\"image\":{\"@type\":\"ImageObject\",\"inLanguage\":\"es\",\"@id\":\"https:\/\/www.noticiasradioreflejos.com.ar\/2021\/#\/schema\/person\/image\/\",\"url\":\"https:\/\/secure.gravatar.com\/avatar\/55cb5e37c1efa326397366e6974cb338056df65cb50e7d64d1cf314e87504837?s=96&d=mm&r=g\",\"contentUrl\":\"https:\/\/secure.gravatar.com\/avatar\/55cb5e37c1efa326397366e6974cb338056df65cb50e7d64d1cf314e87504837?s=96&d=mm&r=g\",\"caption\":\"Arnaldo Botto\"},\"url\":\"https:\/\/www.noticiasradioreflejos.com.ar\/2021\/author\/arnaldo\/\"}]}<\/script>\n<!-- \/ Yoast SEO plugin. -->","yoast_head_json":{"title":"Del productor al consumidor, los precios de los agroalimentos se multiplicaron por 3,5 veces en diciembre - Noticias Radio Reflejos","robots":{"index":"index","follow":"follow","max-snippet":"max-snippet:-1","max-image-preview":"max-image-preview:large","max-video-preview":"max-video-preview:-1"},"canonical":"https:\/\/www.noticiasradioreflejos.com.ar\/2021\/del-productor-al-consumidor-los-precios-de-los-agroalimentos-se-multiplicaron-por-35-veces-en-diciembre\/","og_locale":"es_ES","og_type":"article","og_title":"Del productor al consumidor, los precios de los agroalimentos se multiplicaron por 3,5 veces en diciembre - Noticias Radio Reflejos","og_description":"Seg\u00fan el\u00a0\u00cdndice de Precios en Origen y Destino (IPOD) elaborado por el sector de Econom\u00edas Regionales de la Confederaci\u00f3n Argentina de la Mediana Empresa (CAME), en diciembre los precios de los agroalimentos se multiplicaron por 3,5 veces del campo (origen) a la g\u00f3ndola (destino). Es decir, el consumidor pag\u00f3 $ 3,5 por cada $ 1 [&hellip;]","og_url":"https:\/\/www.noticiasradioreflejos.com.ar\/2021\/del-productor-al-consumidor-los-precios-de-los-agroalimentos-se-multiplicaron-por-35-veces-en-diciembre\/","og_site_name":"Noticias Radio Reflejos","article_published_time":"2024-01-14T12:47:34+00:00","og_image":[{"url":"https:\/\/ci3.googleusercontent.com\/meips\/ADKq_NbObtPiFh1BsS9quC0-FriMVvOTrS3iAgbz5cMRm3zn2cA7O_8S4eIdFKGFyRAVPLEhghmbz9VJw9zoPGbtJT6AesDmG9615p3ZtNWave3_KjYmaGXe1c5BS6S8z2B8u76bjyeM3bgnzj9tCRSoZMRmX0nkbKS0UUD-D1Mmcx146s_1SlE=s0-d-e1-ft#https:\/\/mailprensa.came.org.ar\/data\/1899c60d3e88c767f20949a98d5003460b14bf85\/media_files\/665\/original\/image.png","type":"","width":"","height":""}],"author":"Arnaldo Botto","twitter_card":"summary_large_image","schema":{"@context":"https:\/\/schema.org","@graph":[{"@type":"WebPage","@id":"https:\/\/www.noticiasradioreflejos.com.ar\/2021\/del-productor-al-consumidor-los-precios-de-los-agroalimentos-se-multiplicaron-por-35-veces-en-diciembre\/","url":"https:\/\/www.noticiasradioreflejos.com.ar\/2021\/del-productor-al-consumidor-los-precios-de-los-agroalimentos-se-multiplicaron-por-35-veces-en-diciembre\/","name":"Del productor al consumidor, los precios de los agroalimentos se multiplicaron por 3,5 veces en diciembre - Noticias Radio Reflejos","isPartOf":{"@id":"https:\/\/www.noticiasradioreflejos.com.ar\/2021\/#website"},"primaryImageOfPage":{"@id":"https:\/\/www.noticiasradioreflejos.com.ar\/2021\/del-productor-al-consumidor-los-precios-de-los-agroalimentos-se-multiplicaron-por-35-veces-en-diciembre\/#primaryimage"},"image":{"@id":"https:\/\/www.noticiasradioreflejos.com.ar\/2021\/del-productor-al-consumidor-los-precios-de-los-agroalimentos-se-multiplicaron-por-35-veces-en-diciembre\/#primaryimage"},"thumbnailUrl":"https:\/\/ci3.googleusercontent.com\/meips\/ADKq_NbObtPiFh1BsS9quC0-FriMVvOTrS3iAgbz5cMRm3zn2cA7O_8S4eIdFKGFyRAVPLEhghmbz9VJw9zoPGbtJT6AesDmG9615p3ZtNWave3_KjYmaGXe1c5BS6S8z2B8u76bjyeM3bgnzj9tCRSoZMRmX0nkbKS0UUD-D1Mmcx146s_1SlE=s0-d-e1-ft#https:\/\/mailprensa.came.org.ar\/data\/1899c60d3e88c767f20949a98d5003460b14bf85\/media_files\/665\/original\/image.png","datePublished":"2024-01-14T12:47:34+00:00","author":{"@id":"https:\/\/www.noticiasradioreflejos.com.ar\/2021\/#\/schema\/person\/ad82545263dcc5ec0996818884fd5fb1"},"breadcrumb":{"@id":"https:\/\/www.noticiasradioreflejos.com.ar\/2021\/del-productor-al-consumidor-los-precios-de-los-agroalimentos-se-multiplicaron-por-35-veces-en-diciembre\/#breadcrumb"},"inLanguage":"es","potentialAction":[{"@type":"ReadAction","target":["https:\/\/www.noticiasradioreflejos.com.ar\/2021\/del-productor-al-consumidor-los-precios-de-los-agroalimentos-se-multiplicaron-por-35-veces-en-diciembre\/"]}]},{"@type":"ImageObject","inLanguage":"es","@id":"https:\/\/www.noticiasradioreflejos.com.ar\/2021\/del-productor-al-consumidor-los-precios-de-los-agroalimentos-se-multiplicaron-por-35-veces-en-diciembre\/#primaryimage","url":"https:\/\/ci3.googleusercontent.com\/meips\/ADKq_NbObtPiFh1BsS9quC0-FriMVvOTrS3iAgbz5cMRm3zn2cA7O_8S4eIdFKGFyRAVPLEhghmbz9VJw9zoPGbtJT6AesDmG9615p3ZtNWave3_KjYmaGXe1c5BS6S8z2B8u76bjyeM3bgnzj9tCRSoZMRmX0nkbKS0UUD-D1Mmcx146s_1SlE=s0-d-e1-ft#https:\/\/mailprensa.came.org.ar\/data\/1899c60d3e88c767f20949a98d5003460b14bf85\/media_files\/665\/original\/image.png","contentUrl":"https:\/\/ci3.googleusercontent.com\/meips\/ADKq_NbObtPiFh1BsS9quC0-FriMVvOTrS3iAgbz5cMRm3zn2cA7O_8S4eIdFKGFyRAVPLEhghmbz9VJw9zoPGbtJT6AesDmG9615p3ZtNWave3_KjYmaGXe1c5BS6S8z2B8u76bjyeM3bgnzj9tCRSoZMRmX0nkbKS0UUD-D1Mmcx146s_1SlE=s0-d-e1-ft#https:\/\/mailprensa.came.org.ar\/data\/1899c60d3e88c767f20949a98d5003460b14bf85\/media_files\/665\/original\/image.png"},{"@type":"BreadcrumbList","@id":"https:\/\/www.noticiasradioreflejos.com.ar\/2021\/del-productor-al-consumidor-los-precios-de-los-agroalimentos-se-multiplicaron-por-35-veces-en-diciembre\/#breadcrumb","itemListElement":[{"@type":"ListItem","position":1,"name":"Portada","item":"https:\/\/www.noticiasradioreflejos.com.ar\/2021\/"},{"@type":"ListItem","position":2,"name":"Del productor al consumidor, los precios de los agroalimentos se multiplicaron por 3,5 veces en diciembre"}]},{"@type":"WebSite","@id":"https:\/\/www.noticiasradioreflejos.com.ar\/2021\/#website","url":"https:\/\/www.noticiasradioreflejos.com.ar\/2021\/","name":"Noticias Radio Reflejos","description":"Las noticias de mi comarca","potentialAction":[{"@type":"SearchAction","target":{"@type":"EntryPoint","urlTemplate":"https:\/\/www.noticiasradioreflejos.com.ar\/2021\/?s={search_term_string}"},"query-input":{"@type":"PropertyValueSpecification","valueRequired":true,"valueName":"search_term_string"}}],"inLanguage":"es"},{"@type":"Person","@id":"https:\/\/www.noticiasradioreflejos.com.ar\/2021\/#\/schema\/person\/ad82545263dcc5ec0996818884fd5fb1","name":"Arnaldo Botto","image":{"@type":"ImageObject","inLanguage":"es","@id":"https:\/\/www.noticiasradioreflejos.com.ar\/2021\/#\/schema\/person\/image\/","url":"https:\/\/secure.gravatar.com\/avatar\/55cb5e37c1efa326397366e6974cb338056df65cb50e7d64d1cf314e87504837?s=96&d=mm&r=g","contentUrl":"https:\/\/secure.gravatar.com\/avatar\/55cb5e37c1efa326397366e6974cb338056df65cb50e7d64d1cf314e87504837?s=96&d=mm&r=g","caption":"Arnaldo Botto"},"url":"https:\/\/www.noticiasradioreflejos.com.ar\/2021\/author\/arnaldo\/"}]}},"_links":{"self":[{"href":"https:\/\/www.noticiasradioreflejos.com.ar\/2021\/wp-json\/wp\/v2\/posts\/97621","targetHints":{"allow":["GET"]}}],"collection":[{"href":"https:\/\/www.noticiasradioreflejos.com.ar\/2021\/wp-json\/wp\/v2\/posts"}],"about":[{"href":"https:\/\/www.noticiasradioreflejos.com.ar\/2021\/wp-json\/wp\/v2\/types\/post"}],"author":[{"embeddable":true,"href":"https:\/\/www.noticiasradioreflejos.com.ar\/2021\/wp-json\/wp\/v2\/users\/3"}],"replies":[{"embeddable":true,"href":"https:\/\/www.noticiasradioreflejos.com.ar\/2021\/wp-json\/wp\/v2\/comments?post=97621"}],"version-history":[{"count":1,"href":"https:\/\/www.noticiasradioreflejos.com.ar\/2021\/wp-json\/wp\/v2\/posts\/97621\/revisions"}],"predecessor-version":[{"id":97623,"href":"https:\/\/www.noticiasradioreflejos.com.ar\/2021\/wp-json\/wp\/v2\/posts\/97621\/revisions\/97623"}],"wp:attachment":[{"href":"https:\/\/www.noticiasradioreflejos.com.ar\/2021\/wp-json\/wp\/v2\/media?parent=97621"}],"wp:term":[{"taxonomy":"category","embeddable":true,"href":"https:\/\/www.noticiasradioreflejos.com.ar\/2021\/wp-json\/wp\/v2\/categories?post=97621"},{"taxonomy":"post_tag","embeddable":true,"href":"https:\/\/www.noticiasradioreflejos.com.ar\/2021\/wp-json\/wp\/v2\/tags?post=97621"}],"curies":[{"name":"wp","href":"https:\/\/api.w.org\/{rel}","templated":true}]}}