{"id":97617,"date":"2024-01-14T09:41:08","date_gmt":"2024-01-14T12:41:08","guid":{"rendered":"https:\/\/www.noticiasradioreflejos.com.ar\/2021\/?p=97617"},"modified":"2024-01-14T09:43:30","modified_gmt":"2024-01-14T12:43:30","slug":"tres-picos-conmemoro-un-nuevo-aniversario-de-su-fundacion","status":"publish","type":"post","link":"https:\/\/www.noticiasradioreflejos.com.ar\/2021\/tres-picos-conmemoro-un-nuevo-aniversario-de-su-fundacion\/","title":{"rendered":"Tres Picos conmemor\u00f3 un nuevo aniversario de su fundaci\u00f3n"},"content":{"rendered":"<p>Esta tarde la localidad de Tres Picos celebr\u00f3 el 117\u00b0 aniversario de su fundaci\u00f3n, cumplido el pasado domingo 7.<br \/>\nLa jornada comenz\u00f3 con el acto protocolar desarrollado en el m\u00e1stil del ferrocarril, que fue presidido por el Secretario de Gobierno y Gesti\u00f3n P\u00fablica interino, Dr. Andr\u00e9s Buschi, en representaci\u00f3n del intendente municipal Sergio Bordoni.<!--more--><\/p>\n<p>Luego del izamiento de las banderas Argentina y Bonaerense y la entonaci\u00f3n del Himno Nacional Argentino, hizo uso de la palabra el delegado municipal, Ricardo Amer, quien salud\u00f3 en primera instancia al jefe comunal y le dese\u00f3 una pronta recuperaci\u00f3n.<\/p>\n<p><a title=\"Tres Picos 5\" href=\"https:\/\/www.flickr.com\/photos\/182279889@N02\/53463192733\/in\/dateposted-public\/\" data-flickr-embed=\"true\" data-footer=\"true\"><img loading=\"lazy\" decoding=\"async\" src=\"https:\/\/live.staticflickr.com\/65535\/53463192733_2362759093_z.jpg\" alt=\"Tres Picos 5\" width=\"640\" height=\"480\" \/><\/a><br \/>\nLuego, ratific\u00f3 su compromiso para con la comunidad, y afirm\u00f3 que se necesita de un pueblo unido para continuar sacando adelante a la localidad.<br \/>\nEstuvieron presentes, la Secretaria de Salud, Noelia Baier; la Secretar\u00eda de Ambiente y Desarrollo Productivo interina, Melisa Herrada; la presidenta del Honorable Concejo Deliberante, Carmen Soverchia, concejales de los distintos bloques, representantes de instituciones intermedias y veteranos de Malvinas.<br \/>\nFinalizada la parte protocolar, los festejos continuaron en la Biblioteca Popular, con un \u00e1gape para todos los vecinos.<\/p>\n<p>&nbsp;<\/p>\n<p><iframe loading=\"lazy\" src=\"https:\/\/www.facebook.com\/plugins\/post.php?href=https%3A%2F%2Fwww.facebook.com%2Fpermalink.php%3Fstory_fbid%3Dpfbid02xbHAZK8q5uAdAg7ACTePUcokeKTUWihrX2kfMtjsbQpi1iMy9c3aLXXTpZvoa6kvl%26id%3D100091327519773&#038;show_text=true&#038;width=500\" width=\"500\" height=\"646\" style=\"border:none;overflow:hidden\" scrolling=\"no\" frameborder=\"0\" allowfullscreen=\"true\" allow=\"autoplay; clipboard-write; encrypted-media; picture-in-picture; web-share\"><\/iframe><\/p>\n","protected":false},"excerpt":{"rendered":"<p>Esta tarde la localidad de Tres Picos celebr\u00f3 el 117\u00b0 aniversario de su fundaci\u00f3n, cumplido el pasado domingo 7. La jornada comenz\u00f3 con el acto protocolar desarrollado en el m\u00e1stil del ferrocarril, que fue presidido por el Secretario de Gobierno y Gesti\u00f3n P\u00fablica interino, Dr. Andr\u00e9s Buschi, en representaci\u00f3n del intendente municipal Sergio Bordoni.<\/p>\n","protected":false},"author":3,"featured_media":97618,"comment_status":"closed","ping_status":"closed","sticky":false,"template":"","format":"standard","meta":{"footnotes":""},"categories":[28],"tags":[],"class_list":["post-97617","post","type-post","status-publish","format-standard","has-post-thumbnail","hentry","category-municipales"],"yoast_head":"<!-- This site is optimized with the Yoast SEO plugin v25.9 - https:\/\/yoast.com\/wordpress\/plugins\/seo\/ -->\n<title>Tres Picos conmemor\u00f3 un nuevo aniversario de su fundaci\u00f3n - Noticias Radio Reflejos<\/title>\n<meta name=\"robots\" content=\"index, follow, max-snippet:-1, max-image-preview:large, max-video-preview:-1\" \/>\n<link rel=\"canonical\" href=\"https:\/\/www.noticiasradioreflejos.com.ar\/2021\/tres-picos-conmemoro-un-nuevo-aniversario-de-su-fundacion\/\" \/>\n<meta property=\"og:locale\" content=\"es_ES\" \/>\n<meta property=\"og:type\" content=\"article\" \/>\n<meta property=\"og:title\" content=\"Tres Picos conmemor\u00f3 un nuevo aniversario de su fundaci\u00f3n - Noticias Radio Reflejos\" \/>\n<meta property=\"og:description\" content=\"Esta tarde la localidad de Tres Picos celebr\u00f3 el 117\u00b0 aniversario de su fundaci\u00f3n, cumplido el pasado domingo 7. La jornada comenz\u00f3 con el acto protocolar desarrollado en el m\u00e1stil del ferrocarril, que fue presidido por el Secretario de Gobierno y Gesti\u00f3n P\u00fablica interino, Dr. Andr\u00e9s Buschi, en representaci\u00f3n del intendente municipal Sergio Bordoni.\" \/>\n<meta property=\"og:url\" content=\"https:\/\/www.noticiasradioreflejos.com.ar\/2021\/tres-picos-conmemoro-un-nuevo-aniversario-de-su-fundacion\/\" \/>\n<meta property=\"og:site_name\" content=\"Noticias Radio Reflejos\" \/>\n<meta property=\"article:published_time\" content=\"2024-01-14T12:41:08+00:00\" \/>\n<meta property=\"article:modified_time\" content=\"2024-01-14T12:43:30+00:00\" \/>\n<meta property=\"og:image\" content=\"https:\/\/www.noticiasradioreflejos.com.ar\/2021\/wp-content\/uploads\/2024\/01\/Tres-Picos-3.jpeg\" \/>\n\t<meta property=\"og:image:width\" content=\"1600\" \/>\n\t<meta property=\"og:image:height\" content=\"1200\" \/>\n\t<meta property=\"og:image:type\" content=\"image\/jpeg\" \/>\n<meta name=\"author\" content=\"Arnaldo Botto\" \/>\n<meta name=\"twitter:card\" content=\"summary_large_image\" \/>\n<script type=\"application\/ld+json\" class=\"yoast-schema-graph\">{\"@context\":\"https:\/\/schema.org\",\"@graph\":[{\"@type\":\"WebPage\",\"@id\":\"https:\/\/www.noticiasradioreflejos.com.ar\/2021\/tres-picos-conmemoro-un-nuevo-aniversario-de-su-fundacion\/\",\"url\":\"https:\/\/www.noticiasradioreflejos.com.ar\/2021\/tres-picos-conmemoro-un-nuevo-aniversario-de-su-fundacion\/\",\"name\":\"Tres Picos conmemor\u00f3 un nuevo aniversario de su fundaci\u00f3n - Noticias Radio Reflejos\",\"isPartOf\":{\"@id\":\"https:\/\/www.noticiasradioreflejos.com.ar\/2021\/#website\"},\"primaryImageOfPage\":{\"@id\":\"https:\/\/www.noticiasradioreflejos.com.ar\/2021\/tres-picos-conmemoro-un-nuevo-aniversario-de-su-fundacion\/#primaryimage\"},\"image\":{\"@id\":\"https:\/\/www.noticiasradioreflejos.com.ar\/2021\/tres-picos-conmemoro-un-nuevo-aniversario-de-su-fundacion\/#primaryimage\"},\"thumbnailUrl\":\"https:\/\/www.noticiasradioreflejos.com.ar\/2021\/wp-content\/uploads\/2024\/01\/Tres-Picos-3.jpeg\",\"datePublished\":\"2024-01-14T12:41:08+00:00\",\"dateModified\":\"2024-01-14T12:43:30+00:00\",\"author\":{\"@id\":\"https:\/\/www.noticiasradioreflejos.com.ar\/2021\/#\/schema\/person\/ad82545263dcc5ec0996818884fd5fb1\"},\"breadcrumb\":{\"@id\":\"https:\/\/www.noticiasradioreflejos.com.ar\/2021\/tres-picos-conmemoro-un-nuevo-aniversario-de-su-fundacion\/#breadcrumb\"},\"inLanguage\":\"es\",\"potentialAction\":[{\"@type\":\"ReadAction\",\"target\":[\"https:\/\/www.noticiasradioreflejos.com.ar\/2021\/tres-picos-conmemoro-un-nuevo-aniversario-de-su-fundacion\/\"]}]},{\"@type\":\"ImageObject\",\"inLanguage\":\"es\",\"@id\":\"https:\/\/www.noticiasradioreflejos.com.ar\/2021\/tres-picos-conmemoro-un-nuevo-aniversario-de-su-fundacion\/#primaryimage\",\"url\":\"https:\/\/www.noticiasradioreflejos.com.ar\/2021\/wp-content\/uploads\/2024\/01\/Tres-Picos-3.jpeg\",\"contentUrl\":\"https:\/\/www.noticiasradioreflejos.com.ar\/2021\/wp-content\/uploads\/2024\/01\/Tres-Picos-3.jpeg\",\"width\":1600,\"height\":1200},{\"@type\":\"BreadcrumbList\",\"@id\":\"https:\/\/www.noticiasradioreflejos.com.ar\/2021\/tres-picos-conmemoro-un-nuevo-aniversario-de-su-fundacion\/#breadcrumb\",\"itemListElement\":[{\"@type\":\"ListItem\",\"position\":1,\"name\":\"Portada\",\"item\":\"https:\/\/www.noticiasradioreflejos.com.ar\/2021\/\"},{\"@type\":\"ListItem\",\"position\":2,\"name\":\"Tres Picos conmemor\u00f3 un nuevo aniversario de su fundaci\u00f3n\"}]},{\"@type\":\"WebSite\",\"@id\":\"https:\/\/www.noticiasradioreflejos.com.ar\/2021\/#website\",\"url\":\"https:\/\/www.noticiasradioreflejos.com.ar\/2021\/\",\"name\":\"Noticias Radio Reflejos\",\"description\":\"Las noticias de mi comarca\",\"potentialAction\":[{\"@type\":\"SearchAction\",\"target\":{\"@type\":\"EntryPoint\",\"urlTemplate\":\"https:\/\/www.noticiasradioreflejos.com.ar\/2021\/?s={search_term_string}\"},\"query-input\":{\"@type\":\"PropertyValueSpecification\",\"valueRequired\":true,\"valueName\":\"search_term_string\"}}],\"inLanguage\":\"es\"},{\"@type\":\"Person\",\"@id\":\"https:\/\/www.noticiasradioreflejos.com.ar\/2021\/#\/schema\/person\/ad82545263dcc5ec0996818884fd5fb1\",\"name\":\"Arnaldo Botto\",\"image\":{\"@type\":\"ImageObject\",\"inLanguage\":\"es\",\"@id\":\"https:\/\/www.noticiasradioreflejos.com.ar\/2021\/#\/schema\/person\/image\/\",\"url\":\"https:\/\/secure.gravatar.com\/avatar\/55cb5e37c1efa326397366e6974cb338056df65cb50e7d64d1cf314e87504837?s=96&d=mm&r=g\",\"contentUrl\":\"https:\/\/secure.gravatar.com\/avatar\/55cb5e37c1efa326397366e6974cb338056df65cb50e7d64d1cf314e87504837?s=96&d=mm&r=g\",\"caption\":\"Arnaldo Botto\"},\"url\":\"https:\/\/www.noticiasradioreflejos.com.ar\/2021\/author\/arnaldo\/\"}]}<\/script>\n<!-- \/ Yoast SEO plugin. -->","yoast_head_json":{"title":"Tres Picos conmemor\u00f3 un nuevo aniversario de su fundaci\u00f3n - Noticias Radio Reflejos","robots":{"index":"index","follow":"follow","max-snippet":"max-snippet:-1","max-image-preview":"max-image-preview:large","max-video-preview":"max-video-preview:-1"},"canonical":"https:\/\/www.noticiasradioreflejos.com.ar\/2021\/tres-picos-conmemoro-un-nuevo-aniversario-de-su-fundacion\/","og_locale":"es_ES","og_type":"article","og_title":"Tres Picos conmemor\u00f3 un nuevo aniversario de su fundaci\u00f3n - Noticias Radio Reflejos","og_description":"Esta tarde la localidad de Tres Picos celebr\u00f3 el 117\u00b0 aniversario de su fundaci\u00f3n, cumplido el pasado domingo 7. La jornada comenz\u00f3 con el acto protocolar desarrollado en el m\u00e1stil del ferrocarril, que fue presidido por el Secretario de Gobierno y Gesti\u00f3n P\u00fablica interino, Dr. Andr\u00e9s Buschi, en representaci\u00f3n del intendente municipal Sergio Bordoni.","og_url":"https:\/\/www.noticiasradioreflejos.com.ar\/2021\/tres-picos-conmemoro-un-nuevo-aniversario-de-su-fundacion\/","og_site_name":"Noticias Radio Reflejos","article_published_time":"2024-01-14T12:41:08+00:00","article_modified_time":"2024-01-14T12:43:30+00:00","og_image":[{"width":1600,"height":1200,"url":"https:\/\/www.noticiasradioreflejos.com.ar\/2021\/wp-content\/uploads\/2024\/01\/Tres-Picos-3.jpeg","type":"image\/jpeg"}],"author":"Arnaldo Botto","twitter_card":"summary_large_image","schema":{"@context":"https:\/\/schema.org","@graph":[{"@type":"WebPage","@id":"https:\/\/www.noticiasradioreflejos.com.ar\/2021\/tres-picos-conmemoro-un-nuevo-aniversario-de-su-fundacion\/","url":"https:\/\/www.noticiasradioreflejos.com.ar\/2021\/tres-picos-conmemoro-un-nuevo-aniversario-de-su-fundacion\/","name":"Tres Picos conmemor\u00f3 un nuevo aniversario de su fundaci\u00f3n - Noticias Radio Reflejos","isPartOf":{"@id":"https:\/\/www.noticiasradioreflejos.com.ar\/2021\/#website"},"primaryImageOfPage":{"@id":"https:\/\/www.noticiasradioreflejos.com.ar\/2021\/tres-picos-conmemoro-un-nuevo-aniversario-de-su-fundacion\/#primaryimage"},"image":{"@id":"https:\/\/www.noticiasradioreflejos.com.ar\/2021\/tres-picos-conmemoro-un-nuevo-aniversario-de-su-fundacion\/#primaryimage"},"thumbnailUrl":"https:\/\/www.noticiasradioreflejos.com.ar\/2021\/wp-content\/uploads\/2024\/01\/Tres-Picos-3.jpeg","datePublished":"2024-01-14T12:41:08+00:00","dateModified":"2024-01-14T12:43:30+00:00","author":{"@id":"https:\/\/www.noticiasradioreflejos.com.ar\/2021\/#\/schema\/person\/ad82545263dcc5ec0996818884fd5fb1"},"breadcrumb":{"@id":"https:\/\/www.noticiasradioreflejos.com.ar\/2021\/tres-picos-conmemoro-un-nuevo-aniversario-de-su-fundacion\/#breadcrumb"},"inLanguage":"es","potentialAction":[{"@type":"ReadAction","target":["https:\/\/www.noticiasradioreflejos.com.ar\/2021\/tres-picos-conmemoro-un-nuevo-aniversario-de-su-fundacion\/"]}]},{"@type":"ImageObject","inLanguage":"es","@id":"https:\/\/www.noticiasradioreflejos.com.ar\/2021\/tres-picos-conmemoro-un-nuevo-aniversario-de-su-fundacion\/#primaryimage","url":"https:\/\/www.noticiasradioreflejos.com.ar\/2021\/wp-content\/uploads\/2024\/01\/Tres-Picos-3.jpeg","contentUrl":"https:\/\/www.noticiasradioreflejos.com.ar\/2021\/wp-content\/uploads\/2024\/01\/Tres-Picos-3.jpeg","width":1600,"height":1200},{"@type":"BreadcrumbList","@id":"https:\/\/www.noticiasradioreflejos.com.ar\/2021\/tres-picos-conmemoro-un-nuevo-aniversario-de-su-fundacion\/#breadcrumb","itemListElement":[{"@type":"ListItem","position":1,"name":"Portada","item":"https:\/\/www.noticiasradioreflejos.com.ar\/2021\/"},{"@type":"ListItem","position":2,"name":"Tres Picos conmemor\u00f3 un nuevo aniversario de su fundaci\u00f3n"}]},{"@type":"WebSite","@id":"https:\/\/www.noticiasradioreflejos.com.ar\/2021\/#website","url":"https:\/\/www.noticiasradioreflejos.com.ar\/2021\/","name":"Noticias Radio Reflejos","description":"Las noticias de mi comarca","potentialAction":[{"@type":"SearchAction","target":{"@type":"EntryPoint","urlTemplate":"https:\/\/www.noticiasradioreflejos.com.ar\/2021\/?s={search_term_string}"},"query-input":{"@type":"PropertyValueSpecification","valueRequired":true,"valueName":"search_term_string"}}],"inLanguage":"es"},{"@type":"Person","@id":"https:\/\/www.noticiasradioreflejos.com.ar\/2021\/#\/schema\/person\/ad82545263dcc5ec0996818884fd5fb1","name":"Arnaldo Botto","image":{"@type":"ImageObject","inLanguage":"es","@id":"https:\/\/www.noticiasradioreflejos.com.ar\/2021\/#\/schema\/person\/image\/","url":"https:\/\/secure.gravatar.com\/avatar\/55cb5e37c1efa326397366e6974cb338056df65cb50e7d64d1cf314e87504837?s=96&d=mm&r=g","contentUrl":"https:\/\/secure.gravatar.com\/avatar\/55cb5e37c1efa326397366e6974cb338056df65cb50e7d64d1cf314e87504837?s=96&d=mm&r=g","caption":"Arnaldo Botto"},"url":"https:\/\/www.noticiasradioreflejos.com.ar\/2021\/author\/arnaldo\/"}]}},"_links":{"self":[{"href":"https:\/\/www.noticiasradioreflejos.com.ar\/2021\/wp-json\/wp\/v2\/posts\/97617","targetHints":{"allow":["GET"]}}],"collection":[{"href":"https:\/\/www.noticiasradioreflejos.com.ar\/2021\/wp-json\/wp\/v2\/posts"}],"about":[{"href":"https:\/\/www.noticiasradioreflejos.com.ar\/2021\/wp-json\/wp\/v2\/types\/post"}],"author":[{"embeddable":true,"href":"https:\/\/www.noticiasradioreflejos.com.ar\/2021\/wp-json\/wp\/v2\/users\/3"}],"replies":[{"embeddable":true,"href":"https:\/\/www.noticiasradioreflejos.com.ar\/2021\/wp-json\/wp\/v2\/comments?post=97617"}],"version-history":[{"count":2,"href":"https:\/\/www.noticiasradioreflejos.com.ar\/2021\/wp-json\/wp\/v2\/posts\/97617\/revisions"}],"predecessor-version":[{"id":97620,"href":"https:\/\/www.noticiasradioreflejos.com.ar\/2021\/wp-json\/wp\/v2\/posts\/97617\/revisions\/97620"}],"wp:featuredmedia":[{"embeddable":true,"href":"https:\/\/www.noticiasradioreflejos.com.ar\/2021\/wp-json\/wp\/v2\/media\/97618"}],"wp:attachment":[{"href":"https:\/\/www.noticiasradioreflejos.com.ar\/2021\/wp-json\/wp\/v2\/media?parent=97617"}],"wp:term":[{"taxonomy":"category","embeddable":true,"href":"https:\/\/www.noticiasradioreflejos.com.ar\/2021\/wp-json\/wp\/v2\/categories?post=97617"},{"taxonomy":"post_tag","embeddable":true,"href":"https:\/\/www.noticiasradioreflejos.com.ar\/2021\/wp-json\/wp\/v2\/tags?post=97617"}],"curies":[{"name":"wp","href":"https:\/\/api.w.org\/{rel}","templated":true}]}}