{"id":97607,"date":"2024-01-13T09:36:07","date_gmt":"2024-01-13T12:36:07","guid":{"rendered":"https:\/\/www.noticiasradioreflejos.com.ar\/2021\/?p=97607"},"modified":"2024-01-13T09:37:20","modified_gmt":"2024-01-13T12:37:20","slug":"cuatro-heridos-en-un-vuelco-registrado-en-la-ciudad-de-tornquist","status":"publish","type":"post","link":"https:\/\/www.noticiasradioreflejos.com.ar\/2021\/cuatro-heridos-en-un-vuelco-registrado-en-la-ciudad-de-tornquist\/","title":{"rendered":"Cuatro heridos en un vuelco registrado en la ciudad de Tornquist"},"content":{"rendered":"<div class=\"adelanto\">\n<p>Un importante vuelco con cuatro personas lesionadas de diferente consideraci\u00f3n, se registr\u00f3 a las 6 hs de la ma\u00f1ana de hoy (S\u00e1bado 13), sobre la Avenida Libertad al 100 de la ciudad cabecera.<\/p>\n<\/div>\n<p><!--more--><\/p>\n<div class=\"text\">\n<p>Un Corsa dominio HNN 335, al mando de Alejandro Monachessi, el cual iba acompa\u00f1ado por Morena Solano, \u00a0Daniela Alchao y un menorde edad, termin\u00f3 volcado sobre uno de sus laterales (lado acompa\u00f1ante) a mitad de cuadra, luego de que el \u00a0rodado perdiera el control tras impactar contra el boulevard e iniciara un recorrido con varios vuelcos.<\/p>\n<p>El auto, en dicho recorrido, pas\u00f3 a cent\u00edmetros de un poste de alumbrado y arranc\u00f3 de ra\u00edz un \u00e1rbol. Este \u00faltimo permiti\u00f3 detener la marcha descontrolada del veh\u00edculo.<\/p>\n<p>Los Bomberos Voluntarios debieron sacar dentro del rodado a algunos de sus tripulantes (en algunos de los casos demand\u00f3 de varios minutos porque estaban atrapados en su interior), los cuales fueron trasladados al Hospital Municipal \u201cDr. Alberto Castro\u201d para su atenci\u00f3n.<\/p>\n<p><em><strong>Fuente: CELTV y Noticias Tornquist<\/strong><\/em><\/p>\n<\/div>\n<div>\n<p><img decoding=\"async\" src=\"https:\/\/www.noticiastornquist.com.ar\/imagen.php?imagen=2024-01\/e3f7a310c70340a9aa9aee7517cdac291140x855.jpg\" \/><\/p>\n<div><\/div>\n<hr \/>\n<p><img decoding=\"async\" src=\"https:\/\/www.noticiastornquist.com.ar\/imagen.php?imagen=2024-01\/f0bebd1695f843ef899b4c400800693f1140x570.jpg\" \/><\/p>\n<div><\/div>\n<hr \/>\n<\/div>\n","protected":false},"excerpt":{"rendered":"<p>Un importante vuelco con cuatro personas lesionadas de diferente consideraci\u00f3n, se registr\u00f3 a las 6 hs de la ma\u00f1ana de hoy (S\u00e1bado 13), sobre la Avenida Libertad al 100 de la ciudad cabecera.<\/p>\n","protected":false},"author":3,"featured_media":97608,"comment_status":"closed","ping_status":"closed","sticky":false,"template":"","format":"standard","meta":{"footnotes":""},"categories":[29],"tags":[48],"class_list":["post-97607","post","type-post","status-publish","format-standard","has-post-thumbnail","hentry","category-policiales","tag-destacada"],"yoast_head":"<!-- This site is optimized with the Yoast SEO plugin v25.9 - https:\/\/yoast.com\/wordpress\/plugins\/seo\/ -->\n<title>Cuatro heridos en un vuelco registrado en la ciudad de Tornquist - Noticias Radio Reflejos<\/title>\n<meta name=\"robots\" content=\"index, follow, max-snippet:-1, max-image-preview:large, max-video-preview:-1\" \/>\n<link rel=\"canonical\" href=\"https:\/\/www.noticiasradioreflejos.com.ar\/2021\/cuatro-heridos-en-un-vuelco-registrado-en-la-ciudad-de-tornquist\/\" \/>\n<meta property=\"og:locale\" content=\"es_ES\" \/>\n<meta property=\"og:type\" content=\"article\" \/>\n<meta property=\"og:title\" content=\"Cuatro heridos en un vuelco registrado en la ciudad de Tornquist - Noticias Radio Reflejos\" \/>\n<meta property=\"og:description\" content=\"Un importante vuelco con cuatro personas lesionadas de diferente consideraci\u00f3n, se registr\u00f3 a las 6 hs de la ma\u00f1ana de hoy (S\u00e1bado 13), sobre la Avenida Libertad al 100 de la ciudad cabecera.\" \/>\n<meta property=\"og:url\" content=\"https:\/\/www.noticiasradioreflejos.com.ar\/2021\/cuatro-heridos-en-un-vuelco-registrado-en-la-ciudad-de-tornquist\/\" \/>\n<meta property=\"og:site_name\" content=\"Noticias Radio Reflejos\" \/>\n<meta property=\"article:published_time\" content=\"2024-01-13T12:36:07+00:00\" \/>\n<meta property=\"article:modified_time\" content=\"2024-01-13T12:37:20+00:00\" \/>\n<meta property=\"og:image\" content=\"https:\/\/www.noticiasradioreflejos.com.ar\/2021\/wp-content\/uploads\/2024\/01\/e3f7a310c70340a9aa9aee7517cdac291140x855.jpg_1140.jpg\" \/>\n\t<meta property=\"og:image:width\" content=\"1140\" \/>\n\t<meta property=\"og:image:height\" content=\"855\" \/>\n\t<meta property=\"og:image:type\" content=\"image\/jpeg\" \/>\n<meta name=\"author\" content=\"Arnaldo Botto\" \/>\n<meta name=\"twitter:card\" content=\"summary_large_image\" \/>\n<script type=\"application\/ld+json\" class=\"yoast-schema-graph\">{\"@context\":\"https:\/\/schema.org\",\"@graph\":[{\"@type\":\"WebPage\",\"@id\":\"https:\/\/www.noticiasradioreflejos.com.ar\/2021\/cuatro-heridos-en-un-vuelco-registrado-en-la-ciudad-de-tornquist\/\",\"url\":\"https:\/\/www.noticiasradioreflejos.com.ar\/2021\/cuatro-heridos-en-un-vuelco-registrado-en-la-ciudad-de-tornquist\/\",\"name\":\"Cuatro heridos en un vuelco registrado en la ciudad de Tornquist - Noticias Radio Reflejos\",\"isPartOf\":{\"@id\":\"https:\/\/www.noticiasradioreflejos.com.ar\/2021\/#website\"},\"primaryImageOfPage\":{\"@id\":\"https:\/\/www.noticiasradioreflejos.com.ar\/2021\/cuatro-heridos-en-un-vuelco-registrado-en-la-ciudad-de-tornquist\/#primaryimage\"},\"image\":{\"@id\":\"https:\/\/www.noticiasradioreflejos.com.ar\/2021\/cuatro-heridos-en-un-vuelco-registrado-en-la-ciudad-de-tornquist\/#primaryimage\"},\"thumbnailUrl\":\"https:\/\/www.noticiasradioreflejos.com.ar\/2021\/wp-content\/uploads\/2024\/01\/e3f7a310c70340a9aa9aee7517cdac291140x855.jpg_1140.jpg\",\"datePublished\":\"2024-01-13T12:36:07+00:00\",\"dateModified\":\"2024-01-13T12:37:20+00:00\",\"author\":{\"@id\":\"https:\/\/www.noticiasradioreflejos.com.ar\/2021\/#\/schema\/person\/ad82545263dcc5ec0996818884fd5fb1\"},\"breadcrumb\":{\"@id\":\"https:\/\/www.noticiasradioreflejos.com.ar\/2021\/cuatro-heridos-en-un-vuelco-registrado-en-la-ciudad-de-tornquist\/#breadcrumb\"},\"inLanguage\":\"es\",\"potentialAction\":[{\"@type\":\"ReadAction\",\"target\":[\"https:\/\/www.noticiasradioreflejos.com.ar\/2021\/cuatro-heridos-en-un-vuelco-registrado-en-la-ciudad-de-tornquist\/\"]}]},{\"@type\":\"ImageObject\",\"inLanguage\":\"es\",\"@id\":\"https:\/\/www.noticiasradioreflejos.com.ar\/2021\/cuatro-heridos-en-un-vuelco-registrado-en-la-ciudad-de-tornquist\/#primaryimage\",\"url\":\"https:\/\/www.noticiasradioreflejos.com.ar\/2021\/wp-content\/uploads\/2024\/01\/e3f7a310c70340a9aa9aee7517cdac291140x855.jpg_1140.jpg\",\"contentUrl\":\"https:\/\/www.noticiasradioreflejos.com.ar\/2021\/wp-content\/uploads\/2024\/01\/e3f7a310c70340a9aa9aee7517cdac291140x855.jpg_1140.jpg\",\"width\":1140,\"height\":855},{\"@type\":\"BreadcrumbList\",\"@id\":\"https:\/\/www.noticiasradioreflejos.com.ar\/2021\/cuatro-heridos-en-un-vuelco-registrado-en-la-ciudad-de-tornquist\/#breadcrumb\",\"itemListElement\":[{\"@type\":\"ListItem\",\"position\":1,\"name\":\"Portada\",\"item\":\"https:\/\/www.noticiasradioreflejos.com.ar\/2021\/\"},{\"@type\":\"ListItem\",\"position\":2,\"name\":\"Cuatro heridos en un vuelco registrado en la ciudad de Tornquist\"}]},{\"@type\":\"WebSite\",\"@id\":\"https:\/\/www.noticiasradioreflejos.com.ar\/2021\/#website\",\"url\":\"https:\/\/www.noticiasradioreflejos.com.ar\/2021\/\",\"name\":\"Noticias Radio Reflejos\",\"description\":\"Las noticias de mi comarca\",\"potentialAction\":[{\"@type\":\"SearchAction\",\"target\":{\"@type\":\"EntryPoint\",\"urlTemplate\":\"https:\/\/www.noticiasradioreflejos.com.ar\/2021\/?s={search_term_string}\"},\"query-input\":{\"@type\":\"PropertyValueSpecification\",\"valueRequired\":true,\"valueName\":\"search_term_string\"}}],\"inLanguage\":\"es\"},{\"@type\":\"Person\",\"@id\":\"https:\/\/www.noticiasradioreflejos.com.ar\/2021\/#\/schema\/person\/ad82545263dcc5ec0996818884fd5fb1\",\"name\":\"Arnaldo Botto\",\"image\":{\"@type\":\"ImageObject\",\"inLanguage\":\"es\",\"@id\":\"https:\/\/www.noticiasradioreflejos.com.ar\/2021\/#\/schema\/person\/image\/\",\"url\":\"https:\/\/secure.gravatar.com\/avatar\/55cb5e37c1efa326397366e6974cb338056df65cb50e7d64d1cf314e87504837?s=96&d=mm&r=g\",\"contentUrl\":\"https:\/\/secure.gravatar.com\/avatar\/55cb5e37c1efa326397366e6974cb338056df65cb50e7d64d1cf314e87504837?s=96&d=mm&r=g\",\"caption\":\"Arnaldo Botto\"},\"url\":\"https:\/\/www.noticiasradioreflejos.com.ar\/2021\/author\/arnaldo\/\"}]}<\/script>\n<!-- \/ Yoast SEO plugin. -->","yoast_head_json":{"title":"Cuatro heridos en un vuelco registrado en la ciudad de Tornquist - Noticias Radio Reflejos","robots":{"index":"index","follow":"follow","max-snippet":"max-snippet:-1","max-image-preview":"max-image-preview:large","max-video-preview":"max-video-preview:-1"},"canonical":"https:\/\/www.noticiasradioreflejos.com.ar\/2021\/cuatro-heridos-en-un-vuelco-registrado-en-la-ciudad-de-tornquist\/","og_locale":"es_ES","og_type":"article","og_title":"Cuatro heridos en un vuelco registrado en la ciudad de Tornquist - Noticias Radio Reflejos","og_description":"Un importante vuelco con cuatro personas lesionadas de diferente consideraci\u00f3n, se registr\u00f3 a las 6 hs de la ma\u00f1ana de hoy (S\u00e1bado 13), sobre la Avenida Libertad al 100 de la ciudad cabecera.","og_url":"https:\/\/www.noticiasradioreflejos.com.ar\/2021\/cuatro-heridos-en-un-vuelco-registrado-en-la-ciudad-de-tornquist\/","og_site_name":"Noticias Radio Reflejos","article_published_time":"2024-01-13T12:36:07+00:00","article_modified_time":"2024-01-13T12:37:20+00:00","og_image":[{"width":1140,"height":855,"url":"https:\/\/www.noticiasradioreflejos.com.ar\/2021\/wp-content\/uploads\/2024\/01\/e3f7a310c70340a9aa9aee7517cdac291140x855.jpg_1140.jpg","type":"image\/jpeg"}],"author":"Arnaldo Botto","twitter_card":"summary_large_image","schema":{"@context":"https:\/\/schema.org","@graph":[{"@type":"WebPage","@id":"https:\/\/www.noticiasradioreflejos.com.ar\/2021\/cuatro-heridos-en-un-vuelco-registrado-en-la-ciudad-de-tornquist\/","url":"https:\/\/www.noticiasradioreflejos.com.ar\/2021\/cuatro-heridos-en-un-vuelco-registrado-en-la-ciudad-de-tornquist\/","name":"Cuatro heridos en un vuelco registrado en la ciudad de Tornquist - Noticias Radio Reflejos","isPartOf":{"@id":"https:\/\/www.noticiasradioreflejos.com.ar\/2021\/#website"},"primaryImageOfPage":{"@id":"https:\/\/www.noticiasradioreflejos.com.ar\/2021\/cuatro-heridos-en-un-vuelco-registrado-en-la-ciudad-de-tornquist\/#primaryimage"},"image":{"@id":"https:\/\/www.noticiasradioreflejos.com.ar\/2021\/cuatro-heridos-en-un-vuelco-registrado-en-la-ciudad-de-tornquist\/#primaryimage"},"thumbnailUrl":"https:\/\/www.noticiasradioreflejos.com.ar\/2021\/wp-content\/uploads\/2024\/01\/e3f7a310c70340a9aa9aee7517cdac291140x855.jpg_1140.jpg","datePublished":"2024-01-13T12:36:07+00:00","dateModified":"2024-01-13T12:37:20+00:00","author":{"@id":"https:\/\/www.noticiasradioreflejos.com.ar\/2021\/#\/schema\/person\/ad82545263dcc5ec0996818884fd5fb1"},"breadcrumb":{"@id":"https:\/\/www.noticiasradioreflejos.com.ar\/2021\/cuatro-heridos-en-un-vuelco-registrado-en-la-ciudad-de-tornquist\/#breadcrumb"},"inLanguage":"es","potentialAction":[{"@type":"ReadAction","target":["https:\/\/www.noticiasradioreflejos.com.ar\/2021\/cuatro-heridos-en-un-vuelco-registrado-en-la-ciudad-de-tornquist\/"]}]},{"@type":"ImageObject","inLanguage":"es","@id":"https:\/\/www.noticiasradioreflejos.com.ar\/2021\/cuatro-heridos-en-un-vuelco-registrado-en-la-ciudad-de-tornquist\/#primaryimage","url":"https:\/\/www.noticiasradioreflejos.com.ar\/2021\/wp-content\/uploads\/2024\/01\/e3f7a310c70340a9aa9aee7517cdac291140x855.jpg_1140.jpg","contentUrl":"https:\/\/www.noticiasradioreflejos.com.ar\/2021\/wp-content\/uploads\/2024\/01\/e3f7a310c70340a9aa9aee7517cdac291140x855.jpg_1140.jpg","width":1140,"height":855},{"@type":"BreadcrumbList","@id":"https:\/\/www.noticiasradioreflejos.com.ar\/2021\/cuatro-heridos-en-un-vuelco-registrado-en-la-ciudad-de-tornquist\/#breadcrumb","itemListElement":[{"@type":"ListItem","position":1,"name":"Portada","item":"https:\/\/www.noticiasradioreflejos.com.ar\/2021\/"},{"@type":"ListItem","position":2,"name":"Cuatro heridos en un vuelco registrado en la ciudad de Tornquist"}]},{"@type":"WebSite","@id":"https:\/\/www.noticiasradioreflejos.com.ar\/2021\/#website","url":"https:\/\/www.noticiasradioreflejos.com.ar\/2021\/","name":"Noticias Radio Reflejos","description":"Las noticias de mi comarca","potentialAction":[{"@type":"SearchAction","target":{"@type":"EntryPoint","urlTemplate":"https:\/\/www.noticiasradioreflejos.com.ar\/2021\/?s={search_term_string}"},"query-input":{"@type":"PropertyValueSpecification","valueRequired":true,"valueName":"search_term_string"}}],"inLanguage":"es"},{"@type":"Person","@id":"https:\/\/www.noticiasradioreflejos.com.ar\/2021\/#\/schema\/person\/ad82545263dcc5ec0996818884fd5fb1","name":"Arnaldo Botto","image":{"@type":"ImageObject","inLanguage":"es","@id":"https:\/\/www.noticiasradioreflejos.com.ar\/2021\/#\/schema\/person\/image\/","url":"https:\/\/secure.gravatar.com\/avatar\/55cb5e37c1efa326397366e6974cb338056df65cb50e7d64d1cf314e87504837?s=96&d=mm&r=g","contentUrl":"https:\/\/secure.gravatar.com\/avatar\/55cb5e37c1efa326397366e6974cb338056df65cb50e7d64d1cf314e87504837?s=96&d=mm&r=g","caption":"Arnaldo Botto"},"url":"https:\/\/www.noticiasradioreflejos.com.ar\/2021\/author\/arnaldo\/"}]}},"_links":{"self":[{"href":"https:\/\/www.noticiasradioreflejos.com.ar\/2021\/wp-json\/wp\/v2\/posts\/97607","targetHints":{"allow":["GET"]}}],"collection":[{"href":"https:\/\/www.noticiasradioreflejos.com.ar\/2021\/wp-json\/wp\/v2\/posts"}],"about":[{"href":"https:\/\/www.noticiasradioreflejos.com.ar\/2021\/wp-json\/wp\/v2\/types\/post"}],"author":[{"embeddable":true,"href":"https:\/\/www.noticiasradioreflejos.com.ar\/2021\/wp-json\/wp\/v2\/users\/3"}],"replies":[{"embeddable":true,"href":"https:\/\/www.noticiasradioreflejos.com.ar\/2021\/wp-json\/wp\/v2\/comments?post=97607"}],"version-history":[{"count":2,"href":"https:\/\/www.noticiasradioreflejos.com.ar\/2021\/wp-json\/wp\/v2\/posts\/97607\/revisions"}],"predecessor-version":[{"id":97610,"href":"https:\/\/www.noticiasradioreflejos.com.ar\/2021\/wp-json\/wp\/v2\/posts\/97607\/revisions\/97610"}],"wp:featuredmedia":[{"embeddable":true,"href":"https:\/\/www.noticiasradioreflejos.com.ar\/2021\/wp-json\/wp\/v2\/media\/97608"}],"wp:attachment":[{"href":"https:\/\/www.noticiasradioreflejos.com.ar\/2021\/wp-json\/wp\/v2\/media?parent=97607"}],"wp:term":[{"taxonomy":"category","embeddable":true,"href":"https:\/\/www.noticiasradioreflejos.com.ar\/2021\/wp-json\/wp\/v2\/categories?post=97607"},{"taxonomy":"post_tag","embeddable":true,"href":"https:\/\/www.noticiasradioreflejos.com.ar\/2021\/wp-json\/wp\/v2\/tags?post=97607"}],"curies":[{"name":"wp","href":"https:\/\/api.w.org\/{rel}","templated":true}]}}