{"id":97605,"date":"2024-01-13T09:31:55","date_gmt":"2024-01-13T12:31:55","guid":{"rendered":"https:\/\/www.noticiasradioreflejos.com.ar\/2021\/?p=97605"},"modified":"2024-01-13T13:12:02","modified_gmt":"2024-01-13T16:12:02","slug":"la-comarca-tuvo-tormenta-electrica-lluvias-y-mas-cortes-de-energia","status":"publish","type":"post","link":"https:\/\/www.noticiasradioreflejos.com.ar\/2021\/la-comarca-tuvo-tormenta-electrica-lluvias-y-mas-cortes-de-energia\/","title":{"rendered":"La comarca tuvo tormenta el\u00e9ctrica, lluvias y m\u00e1s cortes de energ\u00eda."},"content":{"rendered":"<p>Tras el alerta meteorol\u00f3gico, en Sierra de la Ventana cayeron 11 mm.<!--more--><\/p>\n<p><strong>\u00abEl Ni\u00f1o\u00bb<\/strong> contin\u00faa mostr\u00e1ndose en nuestra regi\u00f3n y las tormentas\u00a0 son una\u00a0 constante de los \u00faltimos tiempos; de la misma manera, y tras el hist\u00f3rico temporal del 16 de diciembre, los cortes de energ\u00eda acompa\u00f1an al fen\u00f3meno clim\u00e1tico. <b>Todo el cord\u00f3n tur\u00edstico sufri\u00f3 la falta del servicio, San Andr\u00e9s de la Sierra, Villa Serrana La Gruta, Villa Ventana, Sierra y Saldungaray y zona rural. <\/b><\/p>\n<p><strong>La cooperativa de Tornquist<\/strong> inform\u00f3\u00a0 que la falta de energ\u00eda <b>se debi\u00f3 a desperfectos en l\u00edneas de EDES SA.<\/b><\/p>\n<p>En la tarde de ayer viernes, en la zona serrana se present\u00f3 una tormenta el\u00e9ctrica con rayos rel\u00e1mpago y truenos que posteriormente\u00a0 descarg\u00f3 una lluvia suave con acumulados de mas de 10 mm en las localidades serranas.<\/p>\n<p>El primer trueno que se escuch\u00f3 lleg\u00f3 acompa\u00f1ado de un corte de energ\u00eda que se extendi\u00f3 por casi dos horas.<\/p>\n<p>El pron\u00f3stico anticipa un buen fin de semana para la zona serrana, aunque no se descarta la aparici\u00f3n de tormentas en horas de la noche de este s\u00e1bado. Para hoy, el cielo estar\u00e1 despejado con vientos de moderados a fuertes del norte rotando al sur durante la noche, la m\u00e1xima se estima en 30\u00b0.<\/p>\n<p>Ma\u00f1ana domingo se presentar\u00e1 con vientos fuertes a moderados del SO, cielos despejados y la temperatura entre 18 y 32\u00b0.<\/p>\n<p>&nbsp;<\/p>\n<p><strong>Datos de lluvias de la zona<\/strong><\/p>\n<p>11 mm en Sierra de la Ventana<br \/>\n12,5 mm en Calqu\u00edn<br \/>\n15 mm en Villa Ventana<br \/>\n12 mm en Saldungaray<br \/>\n12 mm en Tornquist<br \/>\n10.4 mm en Dufaur<br \/>\n11 mm en El pantanoso<br \/>\n23 mm en San Eloy<br \/>\n10 mm en Cura Malal<br \/>\n16 mm en Pasman<br \/>\n16 mm en Frapal<br \/>\n6,5 mm en Funke<\/p>\n","protected":false},"excerpt":{"rendered":"<p>Tras el alerta meteorol\u00f3gico, en Sierra de la Ventana cayeron 11 mm.<\/p>\n","protected":false},"author":3,"featured_media":67902,"comment_status":"closed","ping_status":"closed","sticky":false,"template":"","format":"standard","meta":{"footnotes":""},"categories":[46],"tags":[48],"class_list":["post-97605","post","type-post","status-publish","format-standard","has-post-thumbnail","hentry","category-ciencia-y-tecnologia","tag-destacada"],"yoast_head":"<!-- This site is optimized with the Yoast SEO plugin v25.9 - https:\/\/yoast.com\/wordpress\/plugins\/seo\/ -->\n<title>La comarca tuvo tormenta el\u00e9ctrica, lluvias y m\u00e1s cortes de energ\u00eda. - Noticias Radio Reflejos<\/title>\n<meta name=\"robots\" content=\"index, follow, max-snippet:-1, max-image-preview:large, max-video-preview:-1\" \/>\n<link rel=\"canonical\" href=\"https:\/\/www.noticiasradioreflejos.com.ar\/2021\/la-comarca-tuvo-tormenta-electrica-lluvias-y-mas-cortes-de-energia\/\" \/>\n<meta property=\"og:locale\" content=\"es_ES\" \/>\n<meta property=\"og:type\" content=\"article\" \/>\n<meta property=\"og:title\" content=\"La comarca tuvo tormenta el\u00e9ctrica, lluvias y m\u00e1s cortes de energ\u00eda. - Noticias Radio Reflejos\" \/>\n<meta property=\"og:description\" content=\"Tras el alerta meteorol\u00f3gico, en Sierra de la Ventana cayeron 11 mm.\" \/>\n<meta property=\"og:url\" content=\"https:\/\/www.noticiasradioreflejos.com.ar\/2021\/la-comarca-tuvo-tormenta-electrica-lluvias-y-mas-cortes-de-energia\/\" \/>\n<meta property=\"og:site_name\" content=\"Noticias Radio Reflejos\" \/>\n<meta property=\"article:published_time\" content=\"2024-01-13T12:31:55+00:00\" \/>\n<meta property=\"article:modified_time\" content=\"2024-01-13T16:12:02+00:00\" \/>\n<meta property=\"og:image\" content=\"https:\/\/www.noticiasradioreflejos.com.ar\/2021\/wp-content\/uploads\/2022\/02\/lluvia-en-sierra.jpg\" \/>\n\t<meta property=\"og:image:width\" content=\"2048\" \/>\n\t<meta property=\"og:image:height\" content=\"1365\" \/>\n\t<meta property=\"og:image:type\" content=\"image\/jpeg\" \/>\n<meta name=\"author\" content=\"Arnaldo Botto\" \/>\n<meta name=\"twitter:card\" content=\"summary_large_image\" \/>\n<script type=\"application\/ld+json\" class=\"yoast-schema-graph\">{\"@context\":\"https:\/\/schema.org\",\"@graph\":[{\"@type\":\"WebPage\",\"@id\":\"https:\/\/www.noticiasradioreflejos.com.ar\/2021\/la-comarca-tuvo-tormenta-electrica-lluvias-y-mas-cortes-de-energia\/\",\"url\":\"https:\/\/www.noticiasradioreflejos.com.ar\/2021\/la-comarca-tuvo-tormenta-electrica-lluvias-y-mas-cortes-de-energia\/\",\"name\":\"La comarca tuvo tormenta el\u00e9ctrica, lluvias y m\u00e1s cortes de energ\u00eda. - Noticias Radio Reflejos\",\"isPartOf\":{\"@id\":\"https:\/\/www.noticiasradioreflejos.com.ar\/2021\/#website\"},\"primaryImageOfPage\":{\"@id\":\"https:\/\/www.noticiasradioreflejos.com.ar\/2021\/la-comarca-tuvo-tormenta-electrica-lluvias-y-mas-cortes-de-energia\/#primaryimage\"},\"image\":{\"@id\":\"https:\/\/www.noticiasradioreflejos.com.ar\/2021\/la-comarca-tuvo-tormenta-electrica-lluvias-y-mas-cortes-de-energia\/#primaryimage\"},\"thumbnailUrl\":\"https:\/\/www.noticiasradioreflejos.com.ar\/2021\/wp-content\/uploads\/2022\/02\/lluvia-en-sierra.jpg\",\"datePublished\":\"2024-01-13T12:31:55+00:00\",\"dateModified\":\"2024-01-13T16:12:02+00:00\",\"author\":{\"@id\":\"https:\/\/www.noticiasradioreflejos.com.ar\/2021\/#\/schema\/person\/ad82545263dcc5ec0996818884fd5fb1\"},\"breadcrumb\":{\"@id\":\"https:\/\/www.noticiasradioreflejos.com.ar\/2021\/la-comarca-tuvo-tormenta-electrica-lluvias-y-mas-cortes-de-energia\/#breadcrumb\"},\"inLanguage\":\"es\",\"potentialAction\":[{\"@type\":\"ReadAction\",\"target\":[\"https:\/\/www.noticiasradioreflejos.com.ar\/2021\/la-comarca-tuvo-tormenta-electrica-lluvias-y-mas-cortes-de-energia\/\"]}]},{\"@type\":\"ImageObject\",\"inLanguage\":\"es\",\"@id\":\"https:\/\/www.noticiasradioreflejos.com.ar\/2021\/la-comarca-tuvo-tormenta-electrica-lluvias-y-mas-cortes-de-energia\/#primaryimage\",\"url\":\"https:\/\/www.noticiasradioreflejos.com.ar\/2021\/wp-content\/uploads\/2022\/02\/lluvia-en-sierra.jpg\",\"contentUrl\":\"https:\/\/www.noticiasradioreflejos.com.ar\/2021\/wp-content\/uploads\/2022\/02\/lluvia-en-sierra.jpg\",\"width\":2048,\"height\":1365},{\"@type\":\"BreadcrumbList\",\"@id\":\"https:\/\/www.noticiasradioreflejos.com.ar\/2021\/la-comarca-tuvo-tormenta-electrica-lluvias-y-mas-cortes-de-energia\/#breadcrumb\",\"itemListElement\":[{\"@type\":\"ListItem\",\"position\":1,\"name\":\"Portada\",\"item\":\"https:\/\/www.noticiasradioreflejos.com.ar\/2021\/\"},{\"@type\":\"ListItem\",\"position\":2,\"name\":\"La comarca tuvo tormenta el\u00e9ctrica, lluvias y m\u00e1s cortes de energ\u00eda.\"}]},{\"@type\":\"WebSite\",\"@id\":\"https:\/\/www.noticiasradioreflejos.com.ar\/2021\/#website\",\"url\":\"https:\/\/www.noticiasradioreflejos.com.ar\/2021\/\",\"name\":\"Noticias Radio Reflejos\",\"description\":\"Las noticias de mi comarca\",\"potentialAction\":[{\"@type\":\"SearchAction\",\"target\":{\"@type\":\"EntryPoint\",\"urlTemplate\":\"https:\/\/www.noticiasradioreflejos.com.ar\/2021\/?s={search_term_string}\"},\"query-input\":{\"@type\":\"PropertyValueSpecification\",\"valueRequired\":true,\"valueName\":\"search_term_string\"}}],\"inLanguage\":\"es\"},{\"@type\":\"Person\",\"@id\":\"https:\/\/www.noticiasradioreflejos.com.ar\/2021\/#\/schema\/person\/ad82545263dcc5ec0996818884fd5fb1\",\"name\":\"Arnaldo Botto\",\"image\":{\"@type\":\"ImageObject\",\"inLanguage\":\"es\",\"@id\":\"https:\/\/www.noticiasradioreflejos.com.ar\/2021\/#\/schema\/person\/image\/\",\"url\":\"https:\/\/secure.gravatar.com\/avatar\/55cb5e37c1efa326397366e6974cb338056df65cb50e7d64d1cf314e87504837?s=96&d=mm&r=g\",\"contentUrl\":\"https:\/\/secure.gravatar.com\/avatar\/55cb5e37c1efa326397366e6974cb338056df65cb50e7d64d1cf314e87504837?s=96&d=mm&r=g\",\"caption\":\"Arnaldo Botto\"},\"url\":\"https:\/\/www.noticiasradioreflejos.com.ar\/2021\/author\/arnaldo\/\"}]}<\/script>\n<!-- \/ Yoast SEO plugin. -->","yoast_head_json":{"title":"La comarca tuvo tormenta el\u00e9ctrica, lluvias y m\u00e1s cortes de energ\u00eda. - Noticias Radio Reflejos","robots":{"index":"index","follow":"follow","max-snippet":"max-snippet:-1","max-image-preview":"max-image-preview:large","max-video-preview":"max-video-preview:-1"},"canonical":"https:\/\/www.noticiasradioreflejos.com.ar\/2021\/la-comarca-tuvo-tormenta-electrica-lluvias-y-mas-cortes-de-energia\/","og_locale":"es_ES","og_type":"article","og_title":"La comarca tuvo tormenta el\u00e9ctrica, lluvias y m\u00e1s cortes de energ\u00eda. - Noticias Radio Reflejos","og_description":"Tras el alerta meteorol\u00f3gico, en Sierra de la Ventana cayeron 11 mm.","og_url":"https:\/\/www.noticiasradioreflejos.com.ar\/2021\/la-comarca-tuvo-tormenta-electrica-lluvias-y-mas-cortes-de-energia\/","og_site_name":"Noticias Radio Reflejos","article_published_time":"2024-01-13T12:31:55+00:00","article_modified_time":"2024-01-13T16:12:02+00:00","og_image":[{"width":2048,"height":1365,"url":"https:\/\/www.noticiasradioreflejos.com.ar\/2021\/wp-content\/uploads\/2022\/02\/lluvia-en-sierra.jpg","type":"image\/jpeg"}],"author":"Arnaldo Botto","twitter_card":"summary_large_image","schema":{"@context":"https:\/\/schema.org","@graph":[{"@type":"WebPage","@id":"https:\/\/www.noticiasradioreflejos.com.ar\/2021\/la-comarca-tuvo-tormenta-electrica-lluvias-y-mas-cortes-de-energia\/","url":"https:\/\/www.noticiasradioreflejos.com.ar\/2021\/la-comarca-tuvo-tormenta-electrica-lluvias-y-mas-cortes-de-energia\/","name":"La comarca tuvo tormenta el\u00e9ctrica, lluvias y m\u00e1s cortes de energ\u00eda. - Noticias Radio Reflejos","isPartOf":{"@id":"https:\/\/www.noticiasradioreflejos.com.ar\/2021\/#website"},"primaryImageOfPage":{"@id":"https:\/\/www.noticiasradioreflejos.com.ar\/2021\/la-comarca-tuvo-tormenta-electrica-lluvias-y-mas-cortes-de-energia\/#primaryimage"},"image":{"@id":"https:\/\/www.noticiasradioreflejos.com.ar\/2021\/la-comarca-tuvo-tormenta-electrica-lluvias-y-mas-cortes-de-energia\/#primaryimage"},"thumbnailUrl":"https:\/\/www.noticiasradioreflejos.com.ar\/2021\/wp-content\/uploads\/2022\/02\/lluvia-en-sierra.jpg","datePublished":"2024-01-13T12:31:55+00:00","dateModified":"2024-01-13T16:12:02+00:00","author":{"@id":"https:\/\/www.noticiasradioreflejos.com.ar\/2021\/#\/schema\/person\/ad82545263dcc5ec0996818884fd5fb1"},"breadcrumb":{"@id":"https:\/\/www.noticiasradioreflejos.com.ar\/2021\/la-comarca-tuvo-tormenta-electrica-lluvias-y-mas-cortes-de-energia\/#breadcrumb"},"inLanguage":"es","potentialAction":[{"@type":"ReadAction","target":["https:\/\/www.noticiasradioreflejos.com.ar\/2021\/la-comarca-tuvo-tormenta-electrica-lluvias-y-mas-cortes-de-energia\/"]}]},{"@type":"ImageObject","inLanguage":"es","@id":"https:\/\/www.noticiasradioreflejos.com.ar\/2021\/la-comarca-tuvo-tormenta-electrica-lluvias-y-mas-cortes-de-energia\/#primaryimage","url":"https:\/\/www.noticiasradioreflejos.com.ar\/2021\/wp-content\/uploads\/2022\/02\/lluvia-en-sierra.jpg","contentUrl":"https:\/\/www.noticiasradioreflejos.com.ar\/2021\/wp-content\/uploads\/2022\/02\/lluvia-en-sierra.jpg","width":2048,"height":1365},{"@type":"BreadcrumbList","@id":"https:\/\/www.noticiasradioreflejos.com.ar\/2021\/la-comarca-tuvo-tormenta-electrica-lluvias-y-mas-cortes-de-energia\/#breadcrumb","itemListElement":[{"@type":"ListItem","position":1,"name":"Portada","item":"https:\/\/www.noticiasradioreflejos.com.ar\/2021\/"},{"@type":"ListItem","position":2,"name":"La comarca tuvo tormenta el\u00e9ctrica, lluvias y m\u00e1s cortes de energ\u00eda."}]},{"@type":"WebSite","@id":"https:\/\/www.noticiasradioreflejos.com.ar\/2021\/#website","url":"https:\/\/www.noticiasradioreflejos.com.ar\/2021\/","name":"Noticias Radio Reflejos","description":"Las noticias de mi comarca","potentialAction":[{"@type":"SearchAction","target":{"@type":"EntryPoint","urlTemplate":"https:\/\/www.noticiasradioreflejos.com.ar\/2021\/?s={search_term_string}"},"query-input":{"@type":"PropertyValueSpecification","valueRequired":true,"valueName":"search_term_string"}}],"inLanguage":"es"},{"@type":"Person","@id":"https:\/\/www.noticiasradioreflejos.com.ar\/2021\/#\/schema\/person\/ad82545263dcc5ec0996818884fd5fb1","name":"Arnaldo Botto","image":{"@type":"ImageObject","inLanguage":"es","@id":"https:\/\/www.noticiasradioreflejos.com.ar\/2021\/#\/schema\/person\/image\/","url":"https:\/\/secure.gravatar.com\/avatar\/55cb5e37c1efa326397366e6974cb338056df65cb50e7d64d1cf314e87504837?s=96&d=mm&r=g","contentUrl":"https:\/\/secure.gravatar.com\/avatar\/55cb5e37c1efa326397366e6974cb338056df65cb50e7d64d1cf314e87504837?s=96&d=mm&r=g","caption":"Arnaldo Botto"},"url":"https:\/\/www.noticiasradioreflejos.com.ar\/2021\/author\/arnaldo\/"}]}},"_links":{"self":[{"href":"https:\/\/www.noticiasradioreflejos.com.ar\/2021\/wp-json\/wp\/v2\/posts\/97605","targetHints":{"allow":["GET"]}}],"collection":[{"href":"https:\/\/www.noticiasradioreflejos.com.ar\/2021\/wp-json\/wp\/v2\/posts"}],"about":[{"href":"https:\/\/www.noticiasradioreflejos.com.ar\/2021\/wp-json\/wp\/v2\/types\/post"}],"author":[{"embeddable":true,"href":"https:\/\/www.noticiasradioreflejos.com.ar\/2021\/wp-json\/wp\/v2\/users\/3"}],"replies":[{"embeddable":true,"href":"https:\/\/www.noticiasradioreflejos.com.ar\/2021\/wp-json\/wp\/v2\/comments?post=97605"}],"version-history":[{"count":3,"href":"https:\/\/www.noticiasradioreflejos.com.ar\/2021\/wp-json\/wp\/v2\/posts\/97605\/revisions"}],"predecessor-version":[{"id":97612,"href":"https:\/\/www.noticiasradioreflejos.com.ar\/2021\/wp-json\/wp\/v2\/posts\/97605\/revisions\/97612"}],"wp:featuredmedia":[{"embeddable":true,"href":"https:\/\/www.noticiasradioreflejos.com.ar\/2021\/wp-json\/wp\/v2\/media\/67902"}],"wp:attachment":[{"href":"https:\/\/www.noticiasradioreflejos.com.ar\/2021\/wp-json\/wp\/v2\/media?parent=97605"}],"wp:term":[{"taxonomy":"category","embeddable":true,"href":"https:\/\/www.noticiasradioreflejos.com.ar\/2021\/wp-json\/wp\/v2\/categories?post=97605"},{"taxonomy":"post_tag","embeddable":true,"href":"https:\/\/www.noticiasradioreflejos.com.ar\/2021\/wp-json\/wp\/v2\/tags?post=97605"}],"curies":[{"name":"wp","href":"https:\/\/api.w.org\/{rel}","templated":true}]}}