{"id":97479,"date":"2024-01-09T14:05:10","date_gmt":"2024-01-09T17:05:10","guid":{"rendered":"https:\/\/www.noticiasradioreflejos.com.ar\/2021\/?p=97479"},"modified":"2024-01-09T14:05:10","modified_gmt":"2024-01-09T17:05:10","slug":"el-banco-central-fijo-la-nueva-tasa-de-interes-que-pagan-los-usuarios-de-tarjetas-de-credito","status":"publish","type":"post","link":"https:\/\/www.noticiasradioreflejos.com.ar\/2021\/el-banco-central-fijo-la-nueva-tasa-de-interes-que-pagan-los-usuarios-de-tarjetas-de-credito\/","title":{"rendered":"El Banco Central fij\u00f3 la nueva tasa de inter\u00e9s que pagan los usuarios de tarjetas de cr\u00e9dito"},"content":{"rendered":"<p>Bajo la administraci\u00f3n de Santiago Bausili, la autoridad monetaria aument\u00f3 las tasas de inter\u00e9s para las operaciones de cr\u00e9dito.<!--more--><\/p>\n<div class=\"visual__image\"><img loading=\"lazy\" decoding=\"async\" class=\" lazyload\" src=\"https:\/\/www.infobae.com\/new-resizer\/CRxrchboRomXWFsj5VIVLRs0OOw=\/420x236\/filters:format(webp):quality(85)\/cloudfront-us-east-1.images.arcpublishing.com\/infobae\/PEJSXLSFMZCWVMUGY52M2IV5NU.jpg%20420w\" sizes=\"auto, (min-width: 1560px) 856px, (min-width: 1000px) calc(74.63vw - 293px), (min-width: 780px) calc(100vw - 376px), (min-width: 580px) calc(100vw - 32px), 100vw\" srcset=\"https:\/\/www.infobae.com\/new-resizer\/CRxrchboRomXWFsj5VIVLRs0OOw=\/420x236\/filters:format(webp):quality(85)\/cloudfront-us-east-1.images.arcpublishing.com\/infobae\/PEJSXLSFMZCWVMUGY52M2IV5NU.jpg 420w,https:\/\/www.infobae.com\/new-resizer\/ixTw-ILvGYrS-ebSVfl8jjrZNW4=\/768x432\/filters:format(webp):quality(85)\/cloudfront-us-east-1.images.arcpublishing.com\/infobae\/PEJSXLSFMZCWVMUGY52M2IV5NU.jpg 768w,https:\/\/www.infobae.com\/new-resizer\/7M9ZxQTRBI3QS1C8QqLP8o3aekw=\/992x558\/filters:format(webp):quality(85)\/cloudfront-us-east-1.images.arcpublishing.com\/infobae\/PEJSXLSFMZCWVMUGY52M2IV5NU.jpg 992w,https:\/\/www.infobae.com\/new-resizer\/3qtmT1jPEZGRyYGSO4LLO4QR4xk=\/1200x675\/filters:format(webp):quality(85)\/cloudfront-us-east-1.images.arcpublishing.com\/infobae\/PEJSXLSFMZCWVMUGY52M2IV5NU.jpg 1200w,https:\/\/www.infobae.com\/new-resizer\/ItP5cKTfVtD90pv6JFIRb7Q69kQ=\/1440x810\/filters:format(webp):quality(85)\/cloudfront-us-east-1.images.arcpublishing.com\/infobae\/PEJSXLSFMZCWVMUGY52M2IV5NU.jpg 1440w\" alt=\"Desde enero de 2024 aumentan las tasas de inter\u00e9s para las operaciones de cr\u00e9dito a m\u00e1s del 140%\" width=\"1456\" height=\"816\" data-src=\"https:\/\/www.infobae.com\/new-resizer\/CRxrchboRomXWFsj5VIVLRs0OOw=\/420x236\/filters:format(webp):quality(85)\/cloudfront-us-east-1.images.arcpublishing.com\/infobae\/PEJSXLSFMZCWVMUGY52M2IV5NU.jpg 420w\" \/>Desde enero de 2024 aumentan las tasas de inter\u00e9s para las operaciones de cr\u00e9dito a m\u00e1s del 140%<\/div>\n<p class=\"paragraph\" data-mrf-recirculation=\"Links inline\">El Banco Central oficializ\u00f3 este lunes el valor de la tasa de inter\u00e9s que se aplicar\u00e1 a las operaciones de cr\u00e9dito para enero. Esta ser\u00e1 del\u00a0<b>140,86% nominal anual.<\/b><\/p>\n<p class=\"paragraph\" data-mrf-recirculation=\"Links inline\">En la comunicaci\u00f3n B, la autoridad monetaria dispuso: \u201cEl valor de la tasa de inter\u00e9s del sistema financiero para operaciones de pr\u00e9stamos personales sin garant\u00eda real que se menciona en el punto 2.1.2. de la secci\u00f3n 2 de las normas sobre \u2018Tasas de inter\u00e9s en las operaciones de cr\u00e9dito\u2019, correspondiente a la informaci\u00f3n de diciembre 2023, ser\u00e1 aplicable para las operaciones del ciclo de facturaci\u00f3n de enero 2024\u2033.<\/p>\n<p class=\"paragraph\" data-mrf-recirculation=\"Links inline\">Dicha tasa\u00a0<b>regir\u00e1 para aquellos que no realicen el pago del monto m\u00ednimo mensual de la tarjeta de cr\u00e9dito y se aplicar\u00e1 sobre sobre el importe no cancelado exigible.<\/b> Cabe recordar que el pago m\u00ednimo es la menor cantidad requerida por los bancos para mantener la tarjeta de cr\u00e9dito y no caer en mora.<\/p>\n<p class=\"paragraph\" data-mrf-recirculation=\"Links inline\">En tanto, de acuerdo a la Comunicaci\u00f3n A 7937 del Banco Central la tasa no podr\u00e1 superar en m\u00e1s del 25% el guarismo promedio del sistema financiero para las operaciones de pr\u00e9stamos personales sin garant\u00eda real.<\/p>\n<h2 class=\"header headline-class-h2\">Claves para usar la tarjeta<\/h2>\n<p class=\"paragraph\" data-mrf-recirculation=\"Links inline\">De acuerdo al sitio web Justicia Cerca, hay algunas claves para tener en cuenta a la hora de utilizar y abonar la tarjeta de cr\u00e9dito para evitar inconvenientes y pago de intereses.<\/p>\n<p class=\"paragraph\" data-mrf-recirculation=\"Links inline\">En cuanto a las opciones de pago que existen, se encuentran el\u00a0<b>pago total<\/b>\u00a0que consiste en abonar la totalidad de las cuotas del mes y de este modo, cumplir al 100% con los t\u00e9rminos acordados entre la tarjeta y el cliente.<\/p>\n<p class=\"paragraph\" data-mrf-recirculation=\"Links inline\">Luego, est\u00e1 la alternativa del\u00a0<b>pago parcial,<\/b>\u00a0a trav\u00e9s del cual aquellos se abona un monto superior al pago m\u00ednimo pero no alcanzando el total. La diferencia entre el pago total y el pago parcial se reflejar\u00e1 como saldo pendiente. Sobre este se calcular\u00e1n intereses.<\/p>\n<p class=\"paragraph\" data-mrf-recirculation=\"Links inline\">Es importante recordar que, si se realiza \u00fanicamente el pago m\u00ednimo, se generar\u00e1n intereses adicionales por el saldo restante, ya que la tarjeta estar\u00e1 financiando los gastos.<\/p>\n<p class=\"paragraph\" data-mrf-recirculation=\"Links inline\">La tercera opci\u00f3n es el\u00a0<b>pago m\u00ednimo,\u00a0<\/b>la cual conlleva el pago de intereses adicionales que se calculan en funci\u00f3n del tiempo y el monto adeudado.<\/p>\n<p class=\"paragraph\" data-mrf-recirculation=\"Links inline\">A fin de evitar que se acumulen deudas cada vez m\u00e1s elevadas,\u00a0<b>es mejor pagar siempre que se pueda el monto total o dejar un saldo menor para el refinanciamiento.<\/b><\/p>\n<p class=\"paragraph\" data-mrf-recirculation=\"Links inline\">Por otra parte, hay que destacar que si el usuario se retrasa en el pago de su tarjeta de cr\u00e9dito, debe la entidad no puede cobrarle una multa, pero s\u00ed puede aplicar intereses. Por eso, es importante prestar atenci\u00f3n a la fecha de vencimiento indicada en el resumen.<\/p>\n<p class=\"paragraph\" data-mrf-recirculation=\"Links inline\">Si el resumen vence y no se realiza ning\u00fan pago se entrar\u00e1 t\u00e9cnicamente \u201cen mora\u201d. A partir de ese momento, se generar\u00e1n dos tipos de intereses: compensatorios y punitorios. Los primeros son aquellos que se aplican directamente para compensar la deuda sobre el monto convenido; los segundos, son los que \u201ccastigan\u201d la mora, aplicando recargos a la deuda preexistente.<\/p>\n<h2 class=\"header headline-class-h2\">Otras tasas de inter\u00e9s que modific\u00f3 el Banco Central<\/h2>\n<p class=\"paragraph\" data-mrf-recirculation=\"Links inline\">Semanas atr\u00e1s, la entidad conducida por\u00a0<b>Santiago<\/b>\u00a0<b>Bausili<\/b>\u00a0decidi\u00f3 aplicar una baja de la tasa de inter\u00e9s m\u00ednima para los dep\u00f3sitos a plazo fijos desde el 133% al 110% nominal anual, \u201cen un contexto de un excedente significativo de liquidez y de elevada inflaci\u00f3n,\u201d seg\u00fan explicaron a trav\u00e9s de un comunicado.<\/p>\n<p class=\"paragraph\" data-mrf-recirculation=\"Links inline\">Con la nueva normativa, esa ser\u00e1 la referencia para todos los plazos fijos, es decir que no habr\u00e1 distinci\u00f3n entre los\u00a0<b>minoristas<\/b>\u00a0y\u00a0<b>mayoristas<\/b>. Al primer universo de personas humanas que utilizaban este tipo de instrumentos por hasta $30 millones se les convalidaban rendimientos mayores, algo que ahora no continuar\u00e1 vigente.<\/p>\n<p class=\"paragraph\" data-mrf-recirculation=\"Links inline\">El directorio del BCRA tom\u00f3 otras decisiones con el fin de \u201cclarificar y simplificar la se\u00f1al de tasa de pol\u00edtica monetaria\u201d.<\/p>\n<p data-mrf-recirculation=\"Links inline\">\n<p data-mrf-recirculation=\"Links inline\"><em><strong>fuente Infobae<\/strong><\/em><\/p>\n","protected":false},"excerpt":{"rendered":"<p>Bajo la administraci\u00f3n de Santiago Bausili, la autoridad monetaria aument\u00f3 las tasas de inter\u00e9s para las operaciones de cr\u00e9dito.<\/p>\n","protected":false},"author":3,"featured_media":80809,"comment_status":"closed","ping_status":"closed","sticky":false,"template":"","format":"standard","meta":{"footnotes":""},"categories":[36],"tags":[48],"class_list":["post-97479","post","type-post","status-publish","format-standard","has-post-thumbnail","hentry","category-economia","tag-destacada"],"yoast_head":"<!-- This site is optimized with the Yoast SEO plugin v25.9 - https:\/\/yoast.com\/wordpress\/plugins\/seo\/ -->\n<title>El Banco Central fij\u00f3 la nueva tasa de inter\u00e9s que pagan los usuarios de tarjetas de cr\u00e9dito - Noticias Radio Reflejos<\/title>\n<meta name=\"robots\" content=\"index, follow, max-snippet:-1, max-image-preview:large, max-video-preview:-1\" \/>\n<link rel=\"canonical\" href=\"https:\/\/www.noticiasradioreflejos.com.ar\/2021\/el-banco-central-fijo-la-nueva-tasa-de-interes-que-pagan-los-usuarios-de-tarjetas-de-credito\/\" \/>\n<meta property=\"og:locale\" content=\"es_ES\" \/>\n<meta property=\"og:type\" content=\"article\" \/>\n<meta property=\"og:title\" content=\"El Banco Central fij\u00f3 la nueva tasa de inter\u00e9s que pagan los usuarios de tarjetas de cr\u00e9dito - Noticias Radio Reflejos\" \/>\n<meta property=\"og:description\" content=\"Bajo la administraci\u00f3n de Santiago Bausili, la autoridad monetaria aument\u00f3 las tasas de inter\u00e9s para las operaciones de cr\u00e9dito.\" \/>\n<meta property=\"og:url\" content=\"https:\/\/www.noticiasradioreflejos.com.ar\/2021\/el-banco-central-fijo-la-nueva-tasa-de-interes-que-pagan-los-usuarios-de-tarjetas-de-credito\/\" \/>\n<meta property=\"og:site_name\" content=\"Noticias Radio Reflejos\" \/>\n<meta property=\"article:published_time\" content=\"2024-01-09T17:05:10+00:00\" \/>\n<meta property=\"og:image\" content=\"https:\/\/www.noticiasradioreflejos.com.ar\/2021\/wp-content\/uploads\/2022\/12\/tarjetas.jpg\" \/>\n\t<meta property=\"og:image:width\" content=\"1004\" \/>\n\t<meta property=\"og:image:height\" content=\"565\" \/>\n\t<meta property=\"og:image:type\" content=\"image\/jpeg\" \/>\n<meta name=\"author\" content=\"Arnaldo Botto\" \/>\n<meta name=\"twitter:card\" content=\"summary_large_image\" \/>\n<script type=\"application\/ld+json\" class=\"yoast-schema-graph\">{\"@context\":\"https:\/\/schema.org\",\"@graph\":[{\"@type\":\"WebPage\",\"@id\":\"https:\/\/www.noticiasradioreflejos.com.ar\/2021\/el-banco-central-fijo-la-nueva-tasa-de-interes-que-pagan-los-usuarios-de-tarjetas-de-credito\/\",\"url\":\"https:\/\/www.noticiasradioreflejos.com.ar\/2021\/el-banco-central-fijo-la-nueva-tasa-de-interes-que-pagan-los-usuarios-de-tarjetas-de-credito\/\",\"name\":\"El Banco Central fij\u00f3 la nueva tasa de inter\u00e9s que pagan los usuarios de tarjetas de cr\u00e9dito - Noticias Radio Reflejos\",\"isPartOf\":{\"@id\":\"https:\/\/www.noticiasradioreflejos.com.ar\/2021\/#website\"},\"primaryImageOfPage\":{\"@id\":\"https:\/\/www.noticiasradioreflejos.com.ar\/2021\/el-banco-central-fijo-la-nueva-tasa-de-interes-que-pagan-los-usuarios-de-tarjetas-de-credito\/#primaryimage\"},\"image\":{\"@id\":\"https:\/\/www.noticiasradioreflejos.com.ar\/2021\/el-banco-central-fijo-la-nueva-tasa-de-interes-que-pagan-los-usuarios-de-tarjetas-de-credito\/#primaryimage\"},\"thumbnailUrl\":\"https:\/\/www.noticiasradioreflejos.com.ar\/2021\/wp-content\/uploads\/2022\/12\/tarjetas.jpg\",\"datePublished\":\"2024-01-09T17:05:10+00:00\",\"author\":{\"@id\":\"https:\/\/www.noticiasradioreflejos.com.ar\/2021\/#\/schema\/person\/ad82545263dcc5ec0996818884fd5fb1\"},\"breadcrumb\":{\"@id\":\"https:\/\/www.noticiasradioreflejos.com.ar\/2021\/el-banco-central-fijo-la-nueva-tasa-de-interes-que-pagan-los-usuarios-de-tarjetas-de-credito\/#breadcrumb\"},\"inLanguage\":\"es\",\"potentialAction\":[{\"@type\":\"ReadAction\",\"target\":[\"https:\/\/www.noticiasradioreflejos.com.ar\/2021\/el-banco-central-fijo-la-nueva-tasa-de-interes-que-pagan-los-usuarios-de-tarjetas-de-credito\/\"]}]},{\"@type\":\"ImageObject\",\"inLanguage\":\"es\",\"@id\":\"https:\/\/www.noticiasradioreflejos.com.ar\/2021\/el-banco-central-fijo-la-nueva-tasa-de-interes-que-pagan-los-usuarios-de-tarjetas-de-credito\/#primaryimage\",\"url\":\"https:\/\/www.noticiasradioreflejos.com.ar\/2021\/wp-content\/uploads\/2022\/12\/tarjetas.jpg\",\"contentUrl\":\"https:\/\/www.noticiasradioreflejos.com.ar\/2021\/wp-content\/uploads\/2022\/12\/tarjetas.jpg\",\"width\":1004,\"height\":565},{\"@type\":\"BreadcrumbList\",\"@id\":\"https:\/\/www.noticiasradioreflejos.com.ar\/2021\/el-banco-central-fijo-la-nueva-tasa-de-interes-que-pagan-los-usuarios-de-tarjetas-de-credito\/#breadcrumb\",\"itemListElement\":[{\"@type\":\"ListItem\",\"position\":1,\"name\":\"Portada\",\"item\":\"https:\/\/www.noticiasradioreflejos.com.ar\/2021\/\"},{\"@type\":\"ListItem\",\"position\":2,\"name\":\"El Banco Central fij\u00f3 la nueva tasa de inter\u00e9s que pagan los usuarios de tarjetas de cr\u00e9dito\"}]},{\"@type\":\"WebSite\",\"@id\":\"https:\/\/www.noticiasradioreflejos.com.ar\/2021\/#website\",\"url\":\"https:\/\/www.noticiasradioreflejos.com.ar\/2021\/\",\"name\":\"Noticias Radio Reflejos\",\"description\":\"Las noticias de mi comarca\",\"potentialAction\":[{\"@type\":\"SearchAction\",\"target\":{\"@type\":\"EntryPoint\",\"urlTemplate\":\"https:\/\/www.noticiasradioreflejos.com.ar\/2021\/?s={search_term_string}\"},\"query-input\":{\"@type\":\"PropertyValueSpecification\",\"valueRequired\":true,\"valueName\":\"search_term_string\"}}],\"inLanguage\":\"es\"},{\"@type\":\"Person\",\"@id\":\"https:\/\/www.noticiasradioreflejos.com.ar\/2021\/#\/schema\/person\/ad82545263dcc5ec0996818884fd5fb1\",\"name\":\"Arnaldo Botto\",\"image\":{\"@type\":\"ImageObject\",\"inLanguage\":\"es\",\"@id\":\"https:\/\/www.noticiasradioreflejos.com.ar\/2021\/#\/schema\/person\/image\/\",\"url\":\"https:\/\/secure.gravatar.com\/avatar\/55cb5e37c1efa326397366e6974cb338056df65cb50e7d64d1cf314e87504837?s=96&d=mm&r=g\",\"contentUrl\":\"https:\/\/secure.gravatar.com\/avatar\/55cb5e37c1efa326397366e6974cb338056df65cb50e7d64d1cf314e87504837?s=96&d=mm&r=g\",\"caption\":\"Arnaldo Botto\"},\"url\":\"https:\/\/www.noticiasradioreflejos.com.ar\/2021\/author\/arnaldo\/\"}]}<\/script>\n<!-- \/ Yoast SEO plugin. -->","yoast_head_json":{"title":"El Banco Central fij\u00f3 la nueva tasa de inter\u00e9s que pagan los usuarios de tarjetas de cr\u00e9dito - Noticias Radio Reflejos","robots":{"index":"index","follow":"follow","max-snippet":"max-snippet:-1","max-image-preview":"max-image-preview:large","max-video-preview":"max-video-preview:-1"},"canonical":"https:\/\/www.noticiasradioreflejos.com.ar\/2021\/el-banco-central-fijo-la-nueva-tasa-de-interes-que-pagan-los-usuarios-de-tarjetas-de-credito\/","og_locale":"es_ES","og_type":"article","og_title":"El Banco Central fij\u00f3 la nueva tasa de inter\u00e9s que pagan los usuarios de tarjetas de cr\u00e9dito - Noticias Radio Reflejos","og_description":"Bajo la administraci\u00f3n de Santiago Bausili, la autoridad monetaria aument\u00f3 las tasas de inter\u00e9s para las operaciones de cr\u00e9dito.","og_url":"https:\/\/www.noticiasradioreflejos.com.ar\/2021\/el-banco-central-fijo-la-nueva-tasa-de-interes-que-pagan-los-usuarios-de-tarjetas-de-credito\/","og_site_name":"Noticias Radio Reflejos","article_published_time":"2024-01-09T17:05:10+00:00","og_image":[{"width":1004,"height":565,"url":"https:\/\/www.noticiasradioreflejos.com.ar\/2021\/wp-content\/uploads\/2022\/12\/tarjetas.jpg","type":"image\/jpeg"}],"author":"Arnaldo Botto","twitter_card":"summary_large_image","schema":{"@context":"https:\/\/schema.org","@graph":[{"@type":"WebPage","@id":"https:\/\/www.noticiasradioreflejos.com.ar\/2021\/el-banco-central-fijo-la-nueva-tasa-de-interes-que-pagan-los-usuarios-de-tarjetas-de-credito\/","url":"https:\/\/www.noticiasradioreflejos.com.ar\/2021\/el-banco-central-fijo-la-nueva-tasa-de-interes-que-pagan-los-usuarios-de-tarjetas-de-credito\/","name":"El Banco Central fij\u00f3 la nueva tasa de inter\u00e9s que pagan los usuarios de tarjetas de cr\u00e9dito - Noticias Radio Reflejos","isPartOf":{"@id":"https:\/\/www.noticiasradioreflejos.com.ar\/2021\/#website"},"primaryImageOfPage":{"@id":"https:\/\/www.noticiasradioreflejos.com.ar\/2021\/el-banco-central-fijo-la-nueva-tasa-de-interes-que-pagan-los-usuarios-de-tarjetas-de-credito\/#primaryimage"},"image":{"@id":"https:\/\/www.noticiasradioreflejos.com.ar\/2021\/el-banco-central-fijo-la-nueva-tasa-de-interes-que-pagan-los-usuarios-de-tarjetas-de-credito\/#primaryimage"},"thumbnailUrl":"https:\/\/www.noticiasradioreflejos.com.ar\/2021\/wp-content\/uploads\/2022\/12\/tarjetas.jpg","datePublished":"2024-01-09T17:05:10+00:00","author":{"@id":"https:\/\/www.noticiasradioreflejos.com.ar\/2021\/#\/schema\/person\/ad82545263dcc5ec0996818884fd5fb1"},"breadcrumb":{"@id":"https:\/\/www.noticiasradioreflejos.com.ar\/2021\/el-banco-central-fijo-la-nueva-tasa-de-interes-que-pagan-los-usuarios-de-tarjetas-de-credito\/#breadcrumb"},"inLanguage":"es","potentialAction":[{"@type":"ReadAction","target":["https:\/\/www.noticiasradioreflejos.com.ar\/2021\/el-banco-central-fijo-la-nueva-tasa-de-interes-que-pagan-los-usuarios-de-tarjetas-de-credito\/"]}]},{"@type":"ImageObject","inLanguage":"es","@id":"https:\/\/www.noticiasradioreflejos.com.ar\/2021\/el-banco-central-fijo-la-nueva-tasa-de-interes-que-pagan-los-usuarios-de-tarjetas-de-credito\/#primaryimage","url":"https:\/\/www.noticiasradioreflejos.com.ar\/2021\/wp-content\/uploads\/2022\/12\/tarjetas.jpg","contentUrl":"https:\/\/www.noticiasradioreflejos.com.ar\/2021\/wp-content\/uploads\/2022\/12\/tarjetas.jpg","width":1004,"height":565},{"@type":"BreadcrumbList","@id":"https:\/\/www.noticiasradioreflejos.com.ar\/2021\/el-banco-central-fijo-la-nueva-tasa-de-interes-que-pagan-los-usuarios-de-tarjetas-de-credito\/#breadcrumb","itemListElement":[{"@type":"ListItem","position":1,"name":"Portada","item":"https:\/\/www.noticiasradioreflejos.com.ar\/2021\/"},{"@type":"ListItem","position":2,"name":"El Banco Central fij\u00f3 la nueva tasa de inter\u00e9s que pagan los usuarios de tarjetas de cr\u00e9dito"}]},{"@type":"WebSite","@id":"https:\/\/www.noticiasradioreflejos.com.ar\/2021\/#website","url":"https:\/\/www.noticiasradioreflejos.com.ar\/2021\/","name":"Noticias Radio Reflejos","description":"Las noticias de mi comarca","potentialAction":[{"@type":"SearchAction","target":{"@type":"EntryPoint","urlTemplate":"https:\/\/www.noticiasradioreflejos.com.ar\/2021\/?s={search_term_string}"},"query-input":{"@type":"PropertyValueSpecification","valueRequired":true,"valueName":"search_term_string"}}],"inLanguage":"es"},{"@type":"Person","@id":"https:\/\/www.noticiasradioreflejos.com.ar\/2021\/#\/schema\/person\/ad82545263dcc5ec0996818884fd5fb1","name":"Arnaldo Botto","image":{"@type":"ImageObject","inLanguage":"es","@id":"https:\/\/www.noticiasradioreflejos.com.ar\/2021\/#\/schema\/person\/image\/","url":"https:\/\/secure.gravatar.com\/avatar\/55cb5e37c1efa326397366e6974cb338056df65cb50e7d64d1cf314e87504837?s=96&d=mm&r=g","contentUrl":"https:\/\/secure.gravatar.com\/avatar\/55cb5e37c1efa326397366e6974cb338056df65cb50e7d64d1cf314e87504837?s=96&d=mm&r=g","caption":"Arnaldo Botto"},"url":"https:\/\/www.noticiasradioreflejos.com.ar\/2021\/author\/arnaldo\/"}]}},"_links":{"self":[{"href":"https:\/\/www.noticiasradioreflejos.com.ar\/2021\/wp-json\/wp\/v2\/posts\/97479","targetHints":{"allow":["GET"]}}],"collection":[{"href":"https:\/\/www.noticiasradioreflejos.com.ar\/2021\/wp-json\/wp\/v2\/posts"}],"about":[{"href":"https:\/\/www.noticiasradioreflejos.com.ar\/2021\/wp-json\/wp\/v2\/types\/post"}],"author":[{"embeddable":true,"href":"https:\/\/www.noticiasradioreflejos.com.ar\/2021\/wp-json\/wp\/v2\/users\/3"}],"replies":[{"embeddable":true,"href":"https:\/\/www.noticiasradioreflejos.com.ar\/2021\/wp-json\/wp\/v2\/comments?post=97479"}],"version-history":[{"count":1,"href":"https:\/\/www.noticiasradioreflejos.com.ar\/2021\/wp-json\/wp\/v2\/posts\/97479\/revisions"}],"predecessor-version":[{"id":97480,"href":"https:\/\/www.noticiasradioreflejos.com.ar\/2021\/wp-json\/wp\/v2\/posts\/97479\/revisions\/97480"}],"wp:featuredmedia":[{"embeddable":true,"href":"https:\/\/www.noticiasradioreflejos.com.ar\/2021\/wp-json\/wp\/v2\/media\/80809"}],"wp:attachment":[{"href":"https:\/\/www.noticiasradioreflejos.com.ar\/2021\/wp-json\/wp\/v2\/media?parent=97479"}],"wp:term":[{"taxonomy":"category","embeddable":true,"href":"https:\/\/www.noticiasradioreflejos.com.ar\/2021\/wp-json\/wp\/v2\/categories?post=97479"},{"taxonomy":"post_tag","embeddable":true,"href":"https:\/\/www.noticiasradioreflejos.com.ar\/2021\/wp-json\/wp\/v2\/tags?post=97479"}],"curies":[{"name":"wp","href":"https:\/\/api.w.org\/{rel}","templated":true}]}}