{"id":97452,"date":"2024-01-08T22:09:48","date_gmt":"2024-01-09T01:09:48","guid":{"rendered":"https:\/\/www.noticiasradioreflejos.com.ar\/2021\/?p=97452"},"modified":"2024-01-08T22:12:41","modified_gmt":"2024-01-09T01:12:41","slug":"aumentan-los-casos-de-covid-en-la-argentina-las-razones-vistas-por-los-expertos","status":"publish","type":"post","link":"https:\/\/www.noticiasradioreflejos.com.ar\/2021\/aumentan-los-casos-de-covid-en-la-argentina-las-razones-vistas-por-los-expertos\/","title":{"rendered":"Aumentan los casos de COVID en la Argentina: las razones vistas por los expertos"},"content":{"rendered":"<p>Desde la segunda semana de diciembre, se registraron incrementos en la cantidad de contagios diarios. Cu\u00e1ntas personas se vacunaron hasta el momento y por qu\u00e9 es importante estar al d\u00eda con las dosis de refuerzo de la vacunaci\u00f3n<!--more--><\/p>\n<article class=\"article\">\n<div class=\"body-article\">\n<div class=\"visual__image\"><img loading=\"lazy\" decoding=\"async\" class=\" lazyload\" src=\"https:\/\/www.infobae.com\/new-resizer\/nD8-dnb9d58DiKliiXjy9ytFiwg=\/992x606\/filters:format(webp):quality(85)\/cloudfront-us-east-1.images.arcpublishing.com\/infobae\/BB557JPROFCQZABXGS7YTNZHJQ.jpg%20992w\" sizes=\"auto, (min-width: 1560px) 856px, (min-width: 1000px) calc(74.63vw - 293px), (min-width: 780px) calc(100vw - 376px), (min-width: 580px) calc(100vw - 32px), 100vw\" srcset=\"https:\/\/www.infobae.com\/new-resizer\/nD8-dnb9d58DiKliiXjy9ytFiwg=\/992x606\/filters:format(webp):quality(85)\/cloudfront-us-east-1.images.arcpublishing.com\/infobae\/BB557JPROFCQZABXGS7YTNZHJQ.jpg 992w\" alt=\"El coronavirus sigue circulando en Argentina. Durante 2023 seg\u00fan el \u00faltimo bolet\u00edn de la cartera de Salud nacional se reportaron 99.196 casos confirmados y 498 fallecimientos\/ REUTERS\/Dado Ruvic\/\" width=\"800\" height=\"498\" data-src=\"https:\/\/www.infobae.com\/new-resizer\/nD8-dnb9d58DiKliiXjy9ytFiwg=\/992x606\/filters:format(webp):quality(85)\/cloudfront-us-east-1.images.arcpublishing.com\/infobae\/BB557JPROFCQZABXGS7YTNZHJQ.jpg 992w\" \/><em>El coronavirus sigue circulando en Argentina. Durante 2023 seg\u00fan el \u00faltimo bolet\u00edn de la cartera de Salud nacional se reportaron 99.196 casos confirmados y 498 fallecimientos\/ REUTERS\/Dado Ruvic\/<\/em><\/div>\n<p class=\"paragraph\" data-mrf-recirculation=\"Links inline\">Mientras que en distintas partes del planeta se han establecido diferentes advertencias sobre c\u00f3mo el aumento de los contagios de\u00a0<b>COVID-19<\/b>, junto a otras enfermedades respiratorias, han puesto tensi\u00f3n en los sistemas de salud, en la\u00a0<b>Argentina<\/b>\u00a0la curva de casos de personas con diagn\u00f3stico positivo por<b> SARS-CoV-2 ha vuelto a subir desde la segunda quincena de diciembre.<\/b><\/p>\n<div class=\"recommended-card__info\">\n<div class=\"recommended-card__info-button recommended-card__info-button--infobae\"><\/div>\n<\/div>\n<p class=\"paragraph\" data-mrf-recirculation=\"Links inline\">Hasta el momento, desde que comenzaron a aplicarse las vacunas el 29 de diciembre de 2020, se administraron un total de 116.704.298 dosis, de las cuales 41.190.815 a la primera, 38.098.719 la segunda y 3.172.578 se destinaron a dosis adicionales. Ahora, en lo que se refiere a los\u00a0<a href=\"https:\/\/www.argentina.gob.ar\/coronavirus\/vacuna\/aplicadas\" target=\"_blank\" rel=\"noopener\" data-mrf-link=\"https:\/\/www.argentina.gob.ar\/coronavirus\/vacuna\/aplicadas\">refuerzos<\/a>, los n\u00fameros son cada vez m\u00e1s reducidos. Para el primero, se alcanzan las 22.911.960 aplicaciones. Mientras que para el segundo y\u00a0<b>tercero\u00a0<\/b>los n\u00fameros caen hasta el 8.538.641 y\u00a0<b>2.450.961,\u00a0<\/b>respectivamente.<\/p>\n<p class=\"paragraph\" data-mrf-recirculation=\"Links inline\">En la semana del 18 de diciembre de 2023 se registraron 84 casos confirmados diarios, seg\u00fan la\u00a0<b>fecha de inicio de los s\u00edntomas<\/b>\u00a0como promedio semanal. Dos semanas despu\u00e9s (la del 1 de diciembre), se notificaron 212 casos confirmados diarios. Es decir,\u00a0<b>hubo un aumento de 152% de los casos diarios considerando el promedio semanal.<\/b><\/p>\n<div class=\"visual__image\"><img loading=\"lazy\" decoding=\"async\" class=\" lazyload\" src=\"https:\/\/www.infobae.com\/new-resizer\/bhjpUfrCUklqpX8X5ijBvZEU3Aw=\/992x850\/filters:format(webp):quality(85)\/cloudfront-us-east-1.images.arcpublishing.com\/infobae\/4DDAZIFNXJDDJLBGOZ2W6GMXNE.jpg%20992w\" sizes=\"auto, (min-width: 1560px) 856px, (min-width: 1000px) calc(74.63vw - 293px), (min-width: 780px) calc(100vw - 376px), (min-width: 580px) calc(100vw - 32px), 100vw\" srcset=\"https:\/\/www.infobae.com\/new-resizer\/bhjpUfrCUklqpX8X5ijBvZEU3Aw=\/992x850\/filters:format(webp):quality(85)\/cloudfront-us-east-1.images.arcpublishing.com\/infobae\/4DDAZIFNXJDDJLBGOZ2W6GMXNE.jpg 992w\" alt=\"Los \u00faltimos datos de vacunaci\u00f3n, una cifra que se actualiza a diario, seg\u00fan advierten desde el propio Monitor P\u00fablico de Vacunaci\u00f3n Cr\u00e9dito: Ministerio de Salud\" width=\"1920\" height=\"1652\" data-src=\"https:\/\/www.infobae.com\/new-resizer\/bhjpUfrCUklqpX8X5ijBvZEU3Aw=\/992x850\/filters:format(webp):quality(85)\/cloudfront-us-east-1.images.arcpublishing.com\/infobae\/4DDAZIFNXJDDJLBGOZ2W6GMXNE.jpg 992w\" \/>Los \u00faltimos datos de vacunaci\u00f3n, una cifra que se actualiza a diario, seg\u00fan advierten desde el propio Monitor P\u00fablico de Vacunaci\u00f3n Cr\u00e9dito: Ministerio de Salud<\/div>\n<p class=\"paragraph\" data-mrf-recirculation=\"Links inline\">Ese incremento se verifica al considerar los datos abiertos del\u00a0<b>Ministerio de Salud de la Naci\u00f3n<\/b>. El doctor Jorge Aliaga, de la\u00a0<b>Universidad Nacional de Hurlingham<\/b>, que viene haciendo un an\u00e1lisis semanal desde el inicio de la pandemia en 2020, coment\u00f3 a\u00a0<b>Infobae<\/b> que la subida de los casos tiene la misma velocidad que la \u00faltima m\u00e1s significativa que ocurri\u00f3 en septiembre pasado. En la semana del 4 de septiembre, los casos llegaron a ser 418 como promedio semanal. Durante la semanas siguiente, la curva fue en descenso.<\/p>\n<p class=\"paragraph\" data-mrf-recirculation=\"Links inline\">Algunas de las 24 jurisdicciones que forman la Argentina est\u00e1n experimentando m\u00e1s aumentos que otras en cuanto a los pacientes con COVID. La Ciudad de Buenos Aires, por citar un ejemplo, pas\u00f3 de tener 7 casos diarios -como promedio semanal- a 17 en la segunda quincena de diciembre y la primera semana de enero (143%); la de Buenos Aires de 15 a 35 (133%).<\/p>\n<p class=\"paragraph\" data-mrf-recirculation=\"Links inline\">En tanto, en Tucum\u00e1n, los casos pasaron de 21 a 97 como promedio semanal (un incremento del\u00a0<b>361%), y en Jujuy, de 7 a 23 (228%).<\/b><\/p>\n<div class=\"visual__image\"><img loading=\"lazy\" decoding=\"async\" class=\" lazyload\" src=\"https:\/\/www.infobae.com\/new-resizer\/fYcxMwJv0vDeB6GqS5_P8WfdWWw=\/arc-anglerfish-arc2-prod-infobae\/public\/NZQOLTZV7BCFTMFUPCMRCHTXDI.jpg\" alt=\"En el gr\u00e1fico se evidencia la ca\u00edda en la cantidad de dosis aplicadas. Actualmente, menos de 2.500.000 de argentinos se aplicaron la tercera dosis de refuerzo Cr\u00e9dito: Ministerio de Salud\" width=\"1920\" height=\"738\" data-src=\"https:\/\/www.infobae.com\/new-resizer\/fYcxMwJv0vDeB6GqS5_P8WfdWWw=\/arc-anglerfish-arc2-prod-infobae\/public\/NZQOLTZV7BCFTMFUPCMRCHTXDI.jpg\" \/><em>En el gr\u00e1fico se evidencia la ca\u00edda en la cantidad de dosis aplicadas. Actualmente, menos de 2.500.000 de argentinos se aplicaron la tercera dosis de refuerzo Cr\u00e9dito: Ministerio de Salud<\/em><\/div>\n<div><\/div>\n<p class=\"paragraph\" data-mrf-recirculation=\"Links inline\">\u201cEstamos observando que hay m\u00e1s cantidad de pacientes con COVID en el hospital. Por eso, hay que recomendar que se deber\u00eda usar barbijo si las personas se encuentran en lugares cerrados como hospitales, transporte p\u00fablico, ascensor\u201d, resalt\u00f3 el doctor\u00a0<b>Mario Fitz Maurice<\/b>, jefe de arritmias del Hospital Rivadavia de Buenos Aires, al ser consultado por<b>\u00a0Infobae<\/b>.<\/p>\n<p class=\"paragraph\" data-mrf-recirculation=\"Links inline\">Mientras sigue circulando, el coronavirus tambi\u00e9n evoluciona. En todo el mundo y tambi\u00e9n en la Argentina sigue predominando la variante \u00d3micron del SARS-Cov-2, pero ha ido variando el predominio de sus sublinajes.<\/p>\n<h2 class=\"header headline-class-h2\">Las nuevas variantes en la Argentina<\/h2>\n<div class=\"visual__image\"><img loading=\"lazy\" decoding=\"async\" class=\" lazyload\" src=\"https:\/\/www.infobae.com\/new-resizer\/Bn25z5pIyNzgi0LRu64xjFtEdpg=\/420x747\/filters:format(webp):quality(85)\/cloudfront-us-east-1.images.arcpublishing.com\/infobae\/F7WPH34MJNF3DJYUNINWX3P4MM.jpg%20420w\" sizes=\"auto, (min-width: 1560px) 856px, (min-width: 1000px) calc(74.63vw - 293px), (min-width: 780px) calc(100vw - 376px), (min-width: 580px) calc(100vw - 32px), 100vw\" srcset=\"https:\/\/www.infobae.com\/new-resizer\/Bn25z5pIyNzgi0LRu64xjFtEdpg=\/420x747\/filters:format(webp):quality(85)\/cloudfront-us-east-1.images.arcpublishing.com\/infobae\/F7WPH34MJNF3DJYUNINWX3P4MM.jpg 420w,https:\/\/www.infobae.com\/new-resizer\/12dJ6Fg8WAp8dy6G6XM9h4h-dc8=\/768x1365\/filters:format(webp):quality(85)\/cloudfront-us-east-1.images.arcpublishing.com\/infobae\/F7WPH34MJNF3DJYUNINWX3P4MM.jpg 768w,https:\/\/www.infobae.com\/new-resizer\/4Bab8ZrqNUrbh61SpjtTeb1URe4=\/992x1764\/filters:format(webp):quality(85)\/cloudfront-us-east-1.images.arcpublishing.com\/infobae\/F7WPH34MJNF3DJYUNINWX3P4MM.jpg 992w,https:\/\/www.infobae.com\/new-resizer\/eT-00dqlKf4oNUBq9bRB9WiQ_TA=\/1200x2133\/filters:format(webp):quality(85)\/cloudfront-us-east-1.images.arcpublishing.com\/infobae\/F7WPH34MJNF3DJYUNINWX3P4MM.jpg 1200w\" alt=\"El mensaje en redes del Dr Mario Fitz Maurice Cr\u00e9dito: @mariofitzm\" width=\"1920\" height=\"3772\" data-src=\"https:\/\/www.infobae.com\/new-resizer\/Bn25z5pIyNzgi0LRu64xjFtEdpg=\/420x747\/filters:format(webp):quality(85)\/cloudfront-us-east-1.images.arcpublishing.com\/infobae\/F7WPH34MJNF3DJYUNINWX3P4MM.jpg 420w\" \/><em>El mensaje en redes del Dr Mario Fitz Maurice Cr\u00e9dito: @mariofitzm<\/em><\/div>\n<p class=\"paragraph\" data-mrf-recirculation=\"Links inline\">Seg\u00fan el Ministerio, el 3 de enero de 2024 se detect\u00f3 en la Argentina un total de 2 casos confirmados de la variante BA.2.86 (con residencia en la provincia de Santa Cruz) y<b>\u00a03 casos de la variante JN.1<\/b> (2 casos con residencia en la Ciudad de Buenos Aires y 1 caso en la provincia de Santa Cruz). Igualmente, hay que tener en cuenta que los datos tienen limitaciones, ya que no todas las personas se testean y muy pocas muestras llegan a ser analizadas por el relevamiento gen\u00f3mico.<\/p>\n<p class=\"paragraph\" data-mrf-recirculation=\"Links inline\"><b>Mariana Viegas<\/b>, investigadora del Conicet a cargo del laboratorio de salud p\u00fablica del \u00c1rea de gen\u00f3mica y diagn\u00f3stico molecular de la\u00a0<b>Facultad de Ciencias Exactas<\/b>\u00a0de la\u00a0<b>Universidad Nacional de La Plata<\/b>, cont\u00f3 a\u00a0<b>Infobae<\/b>: \u201cHay una variedad de sublinajes de\u00a0<b>\u00d3micron<\/b>\u00a0en la Argentina que van cambiando todo el tiempo\u201d.<\/p>\n<p class=\"paragraph\" data-mrf-recirculation=\"Links inline\">El aumento de casos de COVID en el pa\u00eds -coment\u00f3- \u201c<b>podr\u00eda estar relacionado con los encuentros de muchas personas en espacios cerrados sin la adecuada ventilaci\u00f3n\u00a0<\/b>durante diciembre. Los a\u00f1os anteriores tambi\u00e9n ocurri\u00f3 que hubo incrementos en diciembre\u201d.<\/p>\n<div class=\"visual__image\"><img loading=\"lazy\" decoding=\"async\" class=\" lazyload\" src=\"https:\/\/www.infobae.com\/new-resizer\/HlM5GROLP4DC9KxkfBN-Da6e0Hk=\/420x236\/filters:format(webp):quality(85)\/cloudfront-us-east-1.images.arcpublishing.com\/infobae\/ENY4N45VIZAFBJO2JCDIYXCYIQ.jpg%20420w\" sizes=\"auto, (min-width: 1560px) 856px, (min-width: 1000px) calc(74.63vw - 293px), (min-width: 780px) calc(100vw - 376px), (min-width: 580px) calc(100vw - 32px), 100vw\" srcset=\"https:\/\/www.infobae.com\/new-resizer\/HlM5GROLP4DC9KxkfBN-Da6e0Hk=\/420x236\/filters:format(webp):quality(85)\/cloudfront-us-east-1.images.arcpublishing.com\/infobae\/ENY4N45VIZAFBJO2JCDIYXCYIQ.jpg 420w,https:\/\/www.infobae.com\/new-resizer\/NCOPJYdfMTu1WsMHgBvSxuBxySk=\/768x432\/filters:format(webp):quality(85)\/cloudfront-us-east-1.images.arcpublishing.com\/infobae\/ENY4N45VIZAFBJO2JCDIYXCYIQ.jpg 768w,https:\/\/www.infobae.com\/new-resizer\/Z34GoA_tHE_tKKxqNgDnsATrpv8=\/992x558\/filters:format(webp):quality(85)\/cloudfront-us-east-1.images.arcpublishing.com\/infobae\/ENY4N45VIZAFBJO2JCDIYXCYIQ.jpg 992w,https:\/\/www.infobae.com\/new-resizer\/XSApIJH0qAyGs8fLTNwdPVaMdDo=\/1200x675\/filters:format(webp):quality(85)\/cloudfront-us-east-1.images.arcpublishing.com\/infobae\/ENY4N45VIZAFBJO2JCDIYXCYIQ.jpg 1200w,https:\/\/www.infobae.com\/new-resizer\/tKIELoN5lkBXSrsx_L_Cc6OI98g=\/1440x810\/filters:format(webp):quality(85)\/cloudfront-us-east-1.images.arcpublishing.com\/infobae\/ENY4N45VIZAFBJO2JCDIYXCYIQ.jpg 1440w\" alt=\"En el pa\u00eds, las personas se infectan con diferentes sublinajes de \u00d3micron, como BA.2.86 y JN.1\/ (Imagen Ilustrativa Infobae)\" width=\"1456\" height=\"816\" data-src=\"https:\/\/www.infobae.com\/new-resizer\/HlM5GROLP4DC9KxkfBN-Da6e0Hk=\/420x236\/filters:format(webp):quality(85)\/cloudfront-us-east-1.images.arcpublishing.com\/infobae\/ENY4N45VIZAFBJO2JCDIYXCYIQ.jpg 420w\" \/><em>En el pa\u00eds, las personas se infectan con diferentes sublinajes de \u00d3micron, como BA.2.86 y JN.1\/ (Imagen Ilustrativa Infobae)<\/em><\/div>\n<p class=\"paragraph\" data-mrf-recirculation=\"Links inline\">La variante JN.1 es descendiente del sublinaje BA.2.86. Ya ha sido clasificada por la Organizaci\u00f3n Mundial de la Salud (OMS) como variante de inter\u00e9s el 18 de diciembre pasado y se ha vuelto r\u00e1pidamente prevalente en algunos pa\u00edses, como Francia, Estados Unidos, Reino Unido, Singapur.<\/p>\n<p class=\"paragraph\" data-mrf-recirculation=\"Links inline\">JN.1 posee una mutaci\u00f3n L455S adicional en la prote\u00edna Espiga del coronavirus que habr\u00eda sido suficiente para que sea un pat\u00f3geno m\u00e1s r\u00e1pido en su transmisi\u00f3n. Un equipo de investigadores de la Universidad de Pek\u00edn, en China, publicaron un\u00a0<a href=\"https:\/\/www.thelancet.com\/journals\/laninf\/article\/PIIS1473-3099(23)00744-2\/fulltext#%20\" rel=\"noopener\" data-mrf-link=\"https:\/\/www.thelancet.com\/journals\/laninf\/article\/PIIS1473-3099(23)00744-2\/fulltext#%20\">estudio<\/a>\u00a0en la revista\u00a0<b>The Lancet Infectious Diseases\u00a0<\/b>sobre ese sublinaje.<\/p>\n<p class=\"paragraph\" data-mrf-recirculation=\"Links inline\">\u201cCon s\u00f3lo una mutaci\u00f3n adicional del dominio de uni\u00f3n al receptor (L455S) en comparaci\u00f3n con su predecesora BA.2.86, la variante JN.1 se convirti\u00f3 r\u00e1pidamente en predominante en Francia. Es imperativo investigar a fondo su capacidad de evasi\u00f3n inmunitaria, sobre todo teniendo en cuenta sus pocas mutaciones adicionales\u201d, escribieron los cient\u00edficos.<\/p>\n<div class=\"visual__image\"><img loading=\"lazy\" decoding=\"async\" class=\" lazyload\" src=\"https:\/\/www.infobae.com\/new-resizer\/Z2ntNZu9MUtjsEzTzhSRFbDP_cQ=\/420x280\/filters:format(webp):quality(85)\/cloudfront-us-east-1.images.arcpublishing.com\/infobae\/464MF3D3FVGW7ILBO6DL22U42M.jpg%20420w\" sizes=\"auto, (min-width: 1560px) 856px, (min-width: 1000px) calc(74.63vw - 293px), (min-width: 780px) calc(100vw - 376px), (min-width: 580px) calc(100vw - 32px), 100vw\" srcset=\"https:\/\/www.infobae.com\/new-resizer\/Z2ntNZu9MUtjsEzTzhSRFbDP_cQ=\/420x280\/filters:format(webp):quality(85)\/cloudfront-us-east-1.images.arcpublishing.com\/infobae\/464MF3D3FVGW7ILBO6DL22U42M.jpg 420w,https:\/\/www.infobae.com\/new-resizer\/oTnQQnOu33wPppIq9w6ZFg18zzI=\/768x512\/filters:format(webp):quality(85)\/cloudfront-us-east-1.images.arcpublishing.com\/infobae\/464MF3D3FVGW7ILBO6DL22U42M.jpg 768w,https:\/\/www.infobae.com\/new-resizer\/HR2Eudfxj5TaCk2mM5kTPHp16mg=\/992x661\/filters:format(webp):quality(85)\/cloudfront-us-east-1.images.arcpublishing.com\/infobae\/464MF3D3FVGW7ILBO6DL22U42M.jpg 992w,https:\/\/www.infobae.com\/new-resizer\/0TXuKz0idAMRUGNjexd4YvZER78=\/1200x800\/filters:format(webp):quality(85)\/cloudfront-us-east-1.images.arcpublishing.com\/infobae\/464MF3D3FVGW7ILBO6DL22U42M.jpg 1200w,https:\/\/www.infobae.com\/new-resizer\/3uYTpJ0idEvk3aH-g5A_N9ZUZtY=\/1440x960\/filters:format(webp):quality(85)\/cloudfront-us-east-1.images.arcpublishing.com\/infobae\/464MF3D3FVGW7ILBO6DL22U42M.jpg 1440w\" alt=\"Desde la segunda quincena de diciembre hubo un aumento de 152% de los casos confirmados de COVID en Argentina, si se considera el promedio semanal y la fecha de inicio de los s\u00edntomas. (Photo by Tomas Cuesta\/Getty Images)\" width=\"6720\" height=\"4480\" data-src=\"https:\/\/www.infobae.com\/new-resizer\/Z2ntNZu9MUtjsEzTzhSRFbDP_cQ=\/420x280\/filters:format(webp):quality(85)\/cloudfront-us-east-1.images.arcpublishing.com\/infobae\/464MF3D3FVGW7ILBO6DL22U42M.jpg 420w\" \/><em>Desde la segunda quincena de diciembre hubo un aumento de 152% de los casos confirmados de COVID en Argentina, si se considera el promedio semanal y la fecha de inicio de los s\u00edntomas. (Photo by Tomas Cuesta\/Getty Images)<\/em><\/div>\n<h2><\/h2>\n<h2 class=\"header headline-class-h2\">La importancia de la vacunaci\u00f3n: cu\u00e1l es la situaci\u00f3n en la Argentina<\/h2>\n<p class=\"paragraph\" data-mrf-recirculation=\"Links inline\">Durante el a\u00f1o pasado, seg\u00fan el \u00faltimo bolet\u00edn de la cartera de Salud nacional se reportaron 99.196 casos confirmados y 498 fallecimientos. Fue el a\u00f1o con menos casos y muertes notificadas. Desde que empez\u00f3 la pandemia, el a\u00f1o con m\u00e1s casos y fallecimientos fue 2021.<\/p>\n<p class=\"paragraph\" data-mrf-recirculation=\"Links inline\">Con el acceso de la poblaci\u00f3n a la vacunaci\u00f3n -a partir de diciembre de 2020-, los cuadros graves y las muertes fueron en baja progresivamente.<\/p>\n<p class=\"paragraph\" data-mrf-recirculation=\"Links inline\">Al igual que disminuyeron los casos de COVID, se registr\u00f3 una ca\u00edda en la cantidad de personas que reciben dosis de refuerzo. De las 116.704.298 de dosis administradas, solo 2.450.961 se destinaron como tercer refuerzo. Es decir que de las 38.098.719 personas que se aplicaron los esquemas completos (dos dosis), solo\u00a0<b>el 6,43% se recibi\u00f3 los refuerzos establecidos.<\/b><\/p>\n<div class=\"visual__image\"><img loading=\"lazy\" decoding=\"async\" class=\" lazyload\" src=\"https:\/\/www.infobae.com\/new-resizer\/UT4wi0XpI5q17Jt6Jy24mJqhm00=\/420x236\/filters:format(webp):quality(85)\/cloudfront-us-east-1.images.arcpublishing.com\/infobae\/ZQ7ACD3OLVA25APA4XEN722DAM.jpg%20420w\" sizes=\"auto, (min-width: 1560px) 856px, (min-width: 1000px) calc(74.63vw - 293px), (min-width: 780px) calc(100vw - 376px), (min-width: 580px) calc(100vw - 32px), 100vw\" srcset=\"https:\/\/www.infobae.com\/new-resizer\/UT4wi0XpI5q17Jt6Jy24mJqhm00=\/420x236\/filters:format(webp):quality(85)\/cloudfront-us-east-1.images.arcpublishing.com\/infobae\/ZQ7ACD3OLVA25APA4XEN722DAM.jpg 420w,https:\/\/www.infobae.com\/new-resizer\/RrV0vuO-RNFO4wsy_ew_WVHmxuc=\/768x432\/filters:format(webp):quality(85)\/cloudfront-us-east-1.images.arcpublishing.com\/infobae\/ZQ7ACD3OLVA25APA4XEN722DAM.jpg 768w,https:\/\/www.infobae.com\/new-resizer\/mESQ7-Nur-yKzZUgC7kG2MyiIgc=\/992x558\/filters:format(webp):quality(85)\/cloudfront-us-east-1.images.arcpublishing.com\/infobae\/ZQ7ACD3OLVA25APA4XEN722DAM.jpg 992w,https:\/\/www.infobae.com\/new-resizer\/X9QLIo2Kcy3FAdorg5DmeKQIreM=\/1200x675\/filters:format(webp):quality(85)\/cloudfront-us-east-1.images.arcpublishing.com\/infobae\/ZQ7ACD3OLVA25APA4XEN722DAM.jpg 1200w,https:\/\/www.infobae.com\/new-resizer\/VL1eODherRYwCb51iBv0ewZ1Qmc=\/1440x810\/filters:format(webp):quality(85)\/cloudfront-us-east-1.images.arcpublishing.com\/infobae\/ZQ7ACD3OLVA25APA4XEN722DAM.jpg 1440w\" alt=\"Para prevenir el COVID es importante aplicarse las dosis de refuerzo y mantener la ventilaci\u00f3n cruzada y permanente en espacios cerrados \/ Sergio Flores\/Getty Images)\" width=\"1920\" height=\"1080\" data-src=\"https:\/\/www.infobae.com\/new-resizer\/UT4wi0XpI5q17Jt6Jy24mJqhm00=\/420x236\/filters:format(webp):quality(85)\/cloudfront-us-east-1.images.arcpublishing.com\/infobae\/ZQ7ACD3OLVA25APA4XEN722DAM.jpg 420w\" \/><em>Para prevenir el COVID es importante aplicarse las dosis de refuerzo y mantener la ventilaci\u00f3n cruzada y permanente en espacios cerrados \/ Sergio Flores\/Getty Images)<\/em><\/div>\n<p class=\"paragraph\" data-mrf-recirculation=\"Links inline\">Seg\u00fan consta en la\u00a0<a href=\"https:\/\/www.argentina.gob.ar\/coronavirus\/vacuna#:~:text=Dosis%20de%20refuerzo%20a%20los%206%20meses%20desde%20la%20%C3%BAltima,continuar%20con%20una%20periodicidad%20anual.\" target=\"_blank\" rel=\"noopener\" data-mrf-link=\"https:\/\/www.argentina.gob.ar\/coronavirus\/vacuna#:~:text=Dosis%20de%20refuerzo%20a%20los%206%20meses%20desde%20la%20%C3%BAltima,continuar%20con%20una%20periodicidad%20anual.\">misma p\u00e1gina de la cartera<\/a>, las personas con\u00a0<b>riesgo intermedio de COVID-19 grave o alta exposici\u00f3n laboral a SARS-CoV-2<\/b>\u00a0deben aplicarse\u00a0<b>\u201cdosis de refuerzo a los 6 meses<\/b>\u00a0desde la \u00faltima dosis aplicada y luego continuar con una periodicidad\u00a0<b>anual<\/b>\u201d; mientras que aquellos que ante un\u00a0<b>riesgo bajo<\/b>\u00a0deben realizarlo \u201c<b>a los doce (12) meses\u00a0<\/b>de la \u00faltima dosis aplicada y luego continuar con periodicidad\u00a0<b>anual<\/b>\u201d.<\/p>\n<p class=\"paragraph\" data-mrf-recirculation=\"Links inline\">Ante esta retracci\u00f3n en la cantidad de personas que se aplican las dosis de refuerzo, hasta el momento, desde<b>\u00a0el Ministerio de Salud no se han impulsado nuevas campa\u00f1as de vacunaci\u00f3n.<\/b><\/p>\n<p class=\"paragraph\" data-mrf-recirculation=\"Links inline\">En tanto, seg\u00fan la\u00a0<b>Organizaci\u00f3n Mundial de la Salud<\/b>, la subvariante JN.1 puede aumentar la carga de infecciones respiratorias. Pero aclar\u00f3 que las vacunas actuales son capaces de proteger contra enfermedades graves y la muerte cuando las personas quedan expuestas a la infecci\u00f3n por JN.1 u otras variantes circulantes del coronavirus SARS-CoV-2. Por eso, es clave estar al d\u00eda con los refuerzos.<\/p>\n<div class=\"visual__image\"><img loading=\"lazy\" decoding=\"async\" class=\" lazyload\" src=\"https:\/\/www.infobae.com\/new-resizer\/juyuRzxD6IXsGJ4vrzKt5h3R7YQ=\/420x420\/filters:format(webp):quality(85)\/cloudfront-us-east-1.images.arcpublishing.com\/infobae\/ZLYCKHPWAJGMDHCLVJ47DIKCPA.jpg%20420w\" sizes=\"auto, (min-width: 1560px) 856px, (min-width: 1000px) calc(74.63vw - 293px), (min-width: 780px) calc(100vw - 376px), (min-width: 580px) calc(100vw - 32px), 100vw\" srcset=\"https:\/\/www.infobae.com\/new-resizer\/juyuRzxD6IXsGJ4vrzKt5h3R7YQ=\/420x420\/filters:format(webp):quality(85)\/cloudfront-us-east-1.images.arcpublishing.com\/infobae\/ZLYCKHPWAJGMDHCLVJ47DIKCPA.jpg 420w,https:\/\/www.infobae.com\/new-resizer\/yXHWt8J1TKKyXHV2zSCwaNe6jgs=\/768x768\/filters:format(webp):quality(85)\/cloudfront-us-east-1.images.arcpublishing.com\/infobae\/ZLYCKHPWAJGMDHCLVJ47DIKCPA.jpg 768w,https:\/\/www.infobae.com\/new-resizer\/Ovo2X27oCYhEpHnND8UPUcucb5I=\/992x992\/filters:format(webp):quality(85)\/cloudfront-us-east-1.images.arcpublishing.com\/infobae\/ZLYCKHPWAJGMDHCLVJ47DIKCPA.jpg 992w,https:\/\/www.infobae.com\/new-resizer\/omrBroyt2dRsyjLGHLfJsAcMmGQ=\/1200x1200\/filters:format(webp):quality(85)\/cloudfront-us-east-1.images.arcpublishing.com\/infobae\/ZLYCKHPWAJGMDHCLVJ47DIKCPA.jpg 1200w,https:\/\/www.infobae.com\/new-resizer\/IZ3o9qZ3N8_PS_YD5nV-UuM9TnY=\/1440x1440\/filters:format(webp):quality(85)\/cloudfront-us-east-1.images.arcpublishing.com\/infobae\/ZLYCKHPWAJGMDHCLVJ47DIKCPA.jpg 1440w\" alt=\"En lugares cerrados, se puede usar barbijos como prevenci\u00f3n para COVID\/ Cr\u00e9dito: Getty\" width=\"4134\" height=\"3780\" data-src=\"https:\/\/www.infobae.com\/new-resizer\/juyuRzxD6IXsGJ4vrzKt5h3R7YQ=\/420x420\/filters:format(webp):quality(85)\/cloudfront-us-east-1.images.arcpublishing.com\/infobae\/ZLYCKHPWAJGMDHCLVJ47DIKCPA.jpg 420w\" \/><em>En lugares cerrados, se puede usar barbijos como prevenci\u00f3n para COVID\/ Cr\u00e9dito: Getty<\/em><\/div>\n<h4 class=\"paragraph\" data-mrf-recirculation=\"Links inline\">La OMS tambi\u00e9n aconsej\u00f3 se tomen esta\u00a0<b>medidas para prevenir infecciones:<\/b><\/h4>\n<p class=\"paragraph\" data-mrf-recirculation=\"Links inline\">-Usar mascarilla o barbijo cuando se encuentre en \u00e1reas concurridas, cerradas o mal ventiladas, y mantener una distancia segura de los dem\u00e1s, en la medida de lo posible.<\/p>\n<p class=\"paragraph\" data-mrf-recirculation=\"Links inline\">-Mejorar la ventilaci\u00f3n y cubrirse al toser y estornudar.<\/p>\n<p class=\"paragraph\" data-mrf-recirculation=\"Links inline\">-Realizar un lavado de las manos regularmente<\/p>\n<p class=\"paragraph\" data-mrf-recirculation=\"Links inline\">-Mantenerse al d\u00eda con las vacunas contra el COVID-19 y la gripe, especialmente si la persona tiene un alto riesgo de padecer una enfermedad grave. Esta recomendaci\u00f3n es para personas mayores, gestantes, o con enfermedades cr\u00f3nicas o inmunocomprometidas.<\/p>\n<p class=\"paragraph\" data-mrf-recirculation=\"Links inline\">&#8211; Hay que aislarse si se tiene COVID.<\/p>\n<\/div>\n<\/article>\n<p data-mrf-recirculation=\"Links inline\">\n<div class=\"byline-image-ctn\">\n<div class=\"author-image-header\"><img loading=\"lazy\" decoding=\"async\" class=\"byline-author-image lazyload\" src=\"https:\/\/s3.amazonaws.com\/arc-authors\/infobae\/71a9d4e5-d1f5-4b3d-8fdc-2802641db595.jpg\" alt=\"Valeria Rom\u00e1n\" width=\"60\" height=\"60\" data-src=\"https:\/\/s3.amazonaws.com\/arc-authors\/infobae\/71a9d4e5-d1f5-4b3d-8fdc-2802641db595.jpg\" \/><\/div>\n<div class=\"author-image-header\"><img loading=\"lazy\" decoding=\"async\" class=\"byline-author-image lazyload\" src=\"https:\/\/s3.amazonaws.com\/arc-authors\/infobae\/e5233657-30b8-4212-98f6-4cd224efbf21.jpg\" alt=\"Romina Cansler\" width=\"60\" height=\"60\" data-src=\"https:\/\/s3.amazonaws.com\/arc-authors\/infobae\/e5233657-30b8-4212-98f6-4cd224efbf21.jpg\" \/><\/div>\n<\/div>\n<p class=\"authors-name-txt-ctn\"><em><strong>Por <a class=\"author-name\" href=\"https:\/\/www.infobae.com\/autor\/valeria-roman\" aria-label=\"Valeria Rom\u00e1n\">Valeria Rom\u00e1n <\/a><span class=\"word-and-separator\">y <\/span><a class=\"author-name\" href=\"https:\/\/www.infobae.com\/autor\/romina-cansler\" aria-label=\"Romina Cansler\">Romina Cansler<\/a> para Infobae<\/strong><\/em><\/p>\n","protected":false},"excerpt":{"rendered":"<p>Desde la segunda semana de diciembre, se registraron incrementos en la cantidad de contagios diarios. Cu\u00e1ntas personas se vacunaron hasta el momento y por qu\u00e9 es importante estar al d\u00eda con las dosis de refuerzo de la vacunaci\u00f3n<\/p>\n","protected":false},"author":3,"featured_media":56903,"comment_status":"closed","ping_status":"closed","sticky":false,"template":"","format":"standard","meta":{"footnotes":""},"categories":[30],"tags":[],"class_list":["post-97452","post","type-post","status-publish","format-standard","has-post-thumbnail","hentry","category-salud"],"yoast_head":"<!-- This site is optimized with the Yoast SEO plugin v25.9 - https:\/\/yoast.com\/wordpress\/plugins\/seo\/ -->\n<title>Aumentan los casos de COVID en la Argentina: las razones vistas por los expertos - Noticias Radio Reflejos<\/title>\n<meta name=\"robots\" content=\"index, follow, max-snippet:-1, max-image-preview:large, max-video-preview:-1\" \/>\n<link rel=\"canonical\" href=\"https:\/\/www.noticiasradioreflejos.com.ar\/2021\/aumentan-los-casos-de-covid-en-la-argentina-las-razones-vistas-por-los-expertos\/\" \/>\n<meta property=\"og:locale\" content=\"es_ES\" \/>\n<meta property=\"og:type\" content=\"article\" \/>\n<meta property=\"og:title\" content=\"Aumentan los casos de COVID en la Argentina: las razones vistas por los expertos - Noticias Radio Reflejos\" \/>\n<meta property=\"og:description\" content=\"Desde la segunda semana de diciembre, se registraron incrementos en la cantidad de contagios diarios. Cu\u00e1ntas personas se vacunaron hasta el momento y por qu\u00e9 es importante estar al d\u00eda con las dosis de refuerzo de la vacunaci\u00f3n\" \/>\n<meta property=\"og:url\" content=\"https:\/\/www.noticiasradioreflejos.com.ar\/2021\/aumentan-los-casos-de-covid-en-la-argentina-las-razones-vistas-por-los-expertos\/\" \/>\n<meta property=\"og:site_name\" content=\"Noticias Radio Reflejos\" \/>\n<meta property=\"article:published_time\" content=\"2024-01-09T01:09:48+00:00\" \/>\n<meta property=\"article:modified_time\" content=\"2024-01-09T01:12:41+00:00\" \/>\n<meta property=\"og:image\" content=\"https:\/\/www.noticiasradioreflejos.com.ar\/2021\/wp-content\/uploads\/2021\/05\/Covid-1.jpg\" \/>\n\t<meta property=\"og:image:width\" content=\"640\" \/>\n\t<meta property=\"og:image:height\" content=\"360\" \/>\n\t<meta property=\"og:image:type\" content=\"image\/jpeg\" \/>\n<meta name=\"author\" content=\"Arnaldo Botto\" \/>\n<meta name=\"twitter:card\" content=\"summary_large_image\" \/>\n<script type=\"application\/ld+json\" class=\"yoast-schema-graph\">{\"@context\":\"https:\/\/schema.org\",\"@graph\":[{\"@type\":\"WebPage\",\"@id\":\"https:\/\/www.noticiasradioreflejos.com.ar\/2021\/aumentan-los-casos-de-covid-en-la-argentina-las-razones-vistas-por-los-expertos\/\",\"url\":\"https:\/\/www.noticiasradioreflejos.com.ar\/2021\/aumentan-los-casos-de-covid-en-la-argentina-las-razones-vistas-por-los-expertos\/\",\"name\":\"Aumentan los casos de COVID en la Argentina: las razones vistas por los expertos - Noticias Radio Reflejos\",\"isPartOf\":{\"@id\":\"https:\/\/www.noticiasradioreflejos.com.ar\/2021\/#website\"},\"primaryImageOfPage\":{\"@id\":\"https:\/\/www.noticiasradioreflejos.com.ar\/2021\/aumentan-los-casos-de-covid-en-la-argentina-las-razones-vistas-por-los-expertos\/#primaryimage\"},\"image\":{\"@id\":\"https:\/\/www.noticiasradioreflejos.com.ar\/2021\/aumentan-los-casos-de-covid-en-la-argentina-las-razones-vistas-por-los-expertos\/#primaryimage\"},\"thumbnailUrl\":\"https:\/\/www.noticiasradioreflejos.com.ar\/2021\/wp-content\/uploads\/2021\/05\/Covid-1.jpg\",\"datePublished\":\"2024-01-09T01:09:48+00:00\",\"dateModified\":\"2024-01-09T01:12:41+00:00\",\"author\":{\"@id\":\"https:\/\/www.noticiasradioreflejos.com.ar\/2021\/#\/schema\/person\/ad82545263dcc5ec0996818884fd5fb1\"},\"breadcrumb\":{\"@id\":\"https:\/\/www.noticiasradioreflejos.com.ar\/2021\/aumentan-los-casos-de-covid-en-la-argentina-las-razones-vistas-por-los-expertos\/#breadcrumb\"},\"inLanguage\":\"es\",\"potentialAction\":[{\"@type\":\"ReadAction\",\"target\":[\"https:\/\/www.noticiasradioreflejos.com.ar\/2021\/aumentan-los-casos-de-covid-en-la-argentina-las-razones-vistas-por-los-expertos\/\"]}]},{\"@type\":\"ImageObject\",\"inLanguage\":\"es\",\"@id\":\"https:\/\/www.noticiasradioreflejos.com.ar\/2021\/aumentan-los-casos-de-covid-en-la-argentina-las-razones-vistas-por-los-expertos\/#primaryimage\",\"url\":\"https:\/\/www.noticiasradioreflejos.com.ar\/2021\/wp-content\/uploads\/2021\/05\/Covid-1.jpg\",\"contentUrl\":\"https:\/\/www.noticiasradioreflejos.com.ar\/2021\/wp-content\/uploads\/2021\/05\/Covid-1.jpg\",\"width\":640,\"height\":360},{\"@type\":\"BreadcrumbList\",\"@id\":\"https:\/\/www.noticiasradioreflejos.com.ar\/2021\/aumentan-los-casos-de-covid-en-la-argentina-las-razones-vistas-por-los-expertos\/#breadcrumb\",\"itemListElement\":[{\"@type\":\"ListItem\",\"position\":1,\"name\":\"Portada\",\"item\":\"https:\/\/www.noticiasradioreflejos.com.ar\/2021\/\"},{\"@type\":\"ListItem\",\"position\":2,\"name\":\"Aumentan los casos de COVID en la Argentina: las razones vistas por los expertos\"}]},{\"@type\":\"WebSite\",\"@id\":\"https:\/\/www.noticiasradioreflejos.com.ar\/2021\/#website\",\"url\":\"https:\/\/www.noticiasradioreflejos.com.ar\/2021\/\",\"name\":\"Noticias Radio Reflejos\",\"description\":\"Las noticias de mi comarca\",\"potentialAction\":[{\"@type\":\"SearchAction\",\"target\":{\"@type\":\"EntryPoint\",\"urlTemplate\":\"https:\/\/www.noticiasradioreflejos.com.ar\/2021\/?s={search_term_string}\"},\"query-input\":{\"@type\":\"PropertyValueSpecification\",\"valueRequired\":true,\"valueName\":\"search_term_string\"}}],\"inLanguage\":\"es\"},{\"@type\":\"Person\",\"@id\":\"https:\/\/www.noticiasradioreflejos.com.ar\/2021\/#\/schema\/person\/ad82545263dcc5ec0996818884fd5fb1\",\"name\":\"Arnaldo Botto\",\"image\":{\"@type\":\"ImageObject\",\"inLanguage\":\"es\",\"@id\":\"https:\/\/www.noticiasradioreflejos.com.ar\/2021\/#\/schema\/person\/image\/\",\"url\":\"https:\/\/secure.gravatar.com\/avatar\/55cb5e37c1efa326397366e6974cb338056df65cb50e7d64d1cf314e87504837?s=96&d=mm&r=g\",\"contentUrl\":\"https:\/\/secure.gravatar.com\/avatar\/55cb5e37c1efa326397366e6974cb338056df65cb50e7d64d1cf314e87504837?s=96&d=mm&r=g\",\"caption\":\"Arnaldo Botto\"},\"url\":\"https:\/\/www.noticiasradioreflejos.com.ar\/2021\/author\/arnaldo\/\"}]}<\/script>\n<!-- \/ Yoast SEO plugin. -->","yoast_head_json":{"title":"Aumentan los casos de COVID en la Argentina: las razones vistas por los expertos - Noticias Radio Reflejos","robots":{"index":"index","follow":"follow","max-snippet":"max-snippet:-1","max-image-preview":"max-image-preview:large","max-video-preview":"max-video-preview:-1"},"canonical":"https:\/\/www.noticiasradioreflejos.com.ar\/2021\/aumentan-los-casos-de-covid-en-la-argentina-las-razones-vistas-por-los-expertos\/","og_locale":"es_ES","og_type":"article","og_title":"Aumentan los casos de COVID en la Argentina: las razones vistas por los expertos - Noticias Radio Reflejos","og_description":"Desde la segunda semana de diciembre, se registraron incrementos en la cantidad de contagios diarios. Cu\u00e1ntas personas se vacunaron hasta el momento y por qu\u00e9 es importante estar al d\u00eda con las dosis de refuerzo de la vacunaci\u00f3n","og_url":"https:\/\/www.noticiasradioreflejos.com.ar\/2021\/aumentan-los-casos-de-covid-en-la-argentina-las-razones-vistas-por-los-expertos\/","og_site_name":"Noticias Radio Reflejos","article_published_time":"2024-01-09T01:09:48+00:00","article_modified_time":"2024-01-09T01:12:41+00:00","og_image":[{"width":640,"height":360,"url":"https:\/\/www.noticiasradioreflejos.com.ar\/2021\/wp-content\/uploads\/2021\/05\/Covid-1.jpg","type":"image\/jpeg"}],"author":"Arnaldo Botto","twitter_card":"summary_large_image","schema":{"@context":"https:\/\/schema.org","@graph":[{"@type":"WebPage","@id":"https:\/\/www.noticiasradioreflejos.com.ar\/2021\/aumentan-los-casos-de-covid-en-la-argentina-las-razones-vistas-por-los-expertos\/","url":"https:\/\/www.noticiasradioreflejos.com.ar\/2021\/aumentan-los-casos-de-covid-en-la-argentina-las-razones-vistas-por-los-expertos\/","name":"Aumentan los casos de COVID en la Argentina: las razones vistas por los expertos - Noticias Radio Reflejos","isPartOf":{"@id":"https:\/\/www.noticiasradioreflejos.com.ar\/2021\/#website"},"primaryImageOfPage":{"@id":"https:\/\/www.noticiasradioreflejos.com.ar\/2021\/aumentan-los-casos-de-covid-en-la-argentina-las-razones-vistas-por-los-expertos\/#primaryimage"},"image":{"@id":"https:\/\/www.noticiasradioreflejos.com.ar\/2021\/aumentan-los-casos-de-covid-en-la-argentina-las-razones-vistas-por-los-expertos\/#primaryimage"},"thumbnailUrl":"https:\/\/www.noticiasradioreflejos.com.ar\/2021\/wp-content\/uploads\/2021\/05\/Covid-1.jpg","datePublished":"2024-01-09T01:09:48+00:00","dateModified":"2024-01-09T01:12:41+00:00","author":{"@id":"https:\/\/www.noticiasradioreflejos.com.ar\/2021\/#\/schema\/person\/ad82545263dcc5ec0996818884fd5fb1"},"breadcrumb":{"@id":"https:\/\/www.noticiasradioreflejos.com.ar\/2021\/aumentan-los-casos-de-covid-en-la-argentina-las-razones-vistas-por-los-expertos\/#breadcrumb"},"inLanguage":"es","potentialAction":[{"@type":"ReadAction","target":["https:\/\/www.noticiasradioreflejos.com.ar\/2021\/aumentan-los-casos-de-covid-en-la-argentina-las-razones-vistas-por-los-expertos\/"]}]},{"@type":"ImageObject","inLanguage":"es","@id":"https:\/\/www.noticiasradioreflejos.com.ar\/2021\/aumentan-los-casos-de-covid-en-la-argentina-las-razones-vistas-por-los-expertos\/#primaryimage","url":"https:\/\/www.noticiasradioreflejos.com.ar\/2021\/wp-content\/uploads\/2021\/05\/Covid-1.jpg","contentUrl":"https:\/\/www.noticiasradioreflejos.com.ar\/2021\/wp-content\/uploads\/2021\/05\/Covid-1.jpg","width":640,"height":360},{"@type":"BreadcrumbList","@id":"https:\/\/www.noticiasradioreflejos.com.ar\/2021\/aumentan-los-casos-de-covid-en-la-argentina-las-razones-vistas-por-los-expertos\/#breadcrumb","itemListElement":[{"@type":"ListItem","position":1,"name":"Portada","item":"https:\/\/www.noticiasradioreflejos.com.ar\/2021\/"},{"@type":"ListItem","position":2,"name":"Aumentan los casos de COVID en la Argentina: las razones vistas por los expertos"}]},{"@type":"WebSite","@id":"https:\/\/www.noticiasradioreflejos.com.ar\/2021\/#website","url":"https:\/\/www.noticiasradioreflejos.com.ar\/2021\/","name":"Noticias Radio Reflejos","description":"Las noticias de mi comarca","potentialAction":[{"@type":"SearchAction","target":{"@type":"EntryPoint","urlTemplate":"https:\/\/www.noticiasradioreflejos.com.ar\/2021\/?s={search_term_string}"},"query-input":{"@type":"PropertyValueSpecification","valueRequired":true,"valueName":"search_term_string"}}],"inLanguage":"es"},{"@type":"Person","@id":"https:\/\/www.noticiasradioreflejos.com.ar\/2021\/#\/schema\/person\/ad82545263dcc5ec0996818884fd5fb1","name":"Arnaldo Botto","image":{"@type":"ImageObject","inLanguage":"es","@id":"https:\/\/www.noticiasradioreflejos.com.ar\/2021\/#\/schema\/person\/image\/","url":"https:\/\/secure.gravatar.com\/avatar\/55cb5e37c1efa326397366e6974cb338056df65cb50e7d64d1cf314e87504837?s=96&d=mm&r=g","contentUrl":"https:\/\/secure.gravatar.com\/avatar\/55cb5e37c1efa326397366e6974cb338056df65cb50e7d64d1cf314e87504837?s=96&d=mm&r=g","caption":"Arnaldo Botto"},"url":"https:\/\/www.noticiasradioreflejos.com.ar\/2021\/author\/arnaldo\/"}]}},"_links":{"self":[{"href":"https:\/\/www.noticiasradioreflejos.com.ar\/2021\/wp-json\/wp\/v2\/posts\/97452","targetHints":{"allow":["GET"]}}],"collection":[{"href":"https:\/\/www.noticiasradioreflejos.com.ar\/2021\/wp-json\/wp\/v2\/posts"}],"about":[{"href":"https:\/\/www.noticiasradioreflejos.com.ar\/2021\/wp-json\/wp\/v2\/types\/post"}],"author":[{"embeddable":true,"href":"https:\/\/www.noticiasradioreflejos.com.ar\/2021\/wp-json\/wp\/v2\/users\/3"}],"replies":[{"embeddable":true,"href":"https:\/\/www.noticiasradioreflejos.com.ar\/2021\/wp-json\/wp\/v2\/comments?post=97452"}],"version-history":[{"count":2,"href":"https:\/\/www.noticiasradioreflejos.com.ar\/2021\/wp-json\/wp\/v2\/posts\/97452\/revisions"}],"predecessor-version":[{"id":97454,"href":"https:\/\/www.noticiasradioreflejos.com.ar\/2021\/wp-json\/wp\/v2\/posts\/97452\/revisions\/97454"}],"wp:featuredmedia":[{"embeddable":true,"href":"https:\/\/www.noticiasradioreflejos.com.ar\/2021\/wp-json\/wp\/v2\/media\/56903"}],"wp:attachment":[{"href":"https:\/\/www.noticiasradioreflejos.com.ar\/2021\/wp-json\/wp\/v2\/media?parent=97452"}],"wp:term":[{"taxonomy":"category","embeddable":true,"href":"https:\/\/www.noticiasradioreflejos.com.ar\/2021\/wp-json\/wp\/v2\/categories?post=97452"},{"taxonomy":"post_tag","embeddable":true,"href":"https:\/\/www.noticiasradioreflejos.com.ar\/2021\/wp-json\/wp\/v2\/tags?post=97452"}],"curies":[{"name":"wp","href":"https:\/\/api.w.org\/{rel}","templated":true}]}}