{"id":97447,"date":"2024-01-08T18:36:52","date_gmt":"2024-01-08T21:36:52","guid":{"rendered":"https:\/\/www.noticiasradioreflejos.com.ar\/2021\/?p=97447"},"modified":"2024-01-08T18:36:52","modified_gmt":"2024-01-08T21:36:52","slug":"este-martes-se-dara-una-charla-sobre-la-intervencion-artificial-del-clima","status":"publish","type":"post","link":"https:\/\/www.noticiasradioreflejos.com.ar\/2021\/este-martes-se-dara-una-charla-sobre-la-intervencion-artificial-del-clima\/","title":{"rendered":"Este martes se dar\u00e1 una charla sobre la intervenci\u00f3n artificial del clima"},"content":{"rendered":"<p>La misma ocurrir\u00e1 desde las 18 en la biblioteca Mariano Moreno de Sierra. <strong>Elian Obeas<\/strong>, su disertante, explic\u00f3 detalles de la tem\u00e1tica a abordar.<!--more--><\/p>\n<p>Este martes desde las 18 en la biblioteca Mariano Moreno de Sierra de la Ventana se estar\u00e1 llevando adelante una charla gratuita que abordar\u00e1 la tem\u00e1tica de la \u201cIntervenci\u00f3n artificial del clima, \u00bfQu\u00e9 pasa en nuestros cielos?\u201d<\/p>\n<p><a title=\"cielos Limpios (1)\" href=\"https:\/\/www.flickr.com\/photos\/182279889@N02\/53451722380\/in\/dateposted-public\/\" data-flickr-embed=\"true\" data-footer=\"true\"><img loading=\"lazy\" decoding=\"async\" src=\"https:\/\/live.staticflickr.com\/65535\/53451722380_b6b5e52339_c.jpg\" alt=\"cielos Limpios (1)\" width=\"720\" height=\"703\" \/><\/a><\/p>\n<p>Al respecto su disertante, Elian Obeas, sostuvo que \u201cCielos Limpios Argentina, es un movimiento que se fue generando por distintos actores. La idea surgi\u00f3 por las distintas denuncias que se han hecho en distintas regiones a lo largo de 20 a\u00f1os, donde hay referencias, sobre todo en el norte, donde la gente del campo comenz\u00f3 a notar esto\u201d.<\/p>\n<p>&nbsp;<\/p>\n<p>Seg\u00fan asegur\u00f3, \u201ccada vez se suma m\u00e1s gente porque cada vez se vuelve m\u00e1s expl\u00edcito. Hay profesionales, hay investigaciones y hay precedentes. Desde principios del siglo 20 se viene dando la manipulaci\u00f3n del clima. No es nada nuevo\u201d.<\/p>\n<p>En otro pasaje de la charla afirm\u00f3 que \u201cla estela que dejan los aviones persiste en la atmosfera, sobre todo en la alta atm\u00f3sfera, muchas veces se ven por debajo, y al esparcirse quedan fijas, a diferencia de las nubes naturales. En el Atlas de nubes se ha incluido en el \u00faltimo tiempo a estas nubes qu\u00edmicas\u201d.<\/p>\n<p><a title=\"WhatsApp Image 2024-01-08 at 14.04.42\" href=\"https:\/\/www.flickr.com\/photos\/182279889@N02\/53452127619\/in\/dateposted-public\/\" data-flickr-embed=\"true\" data-footer=\"true\"><img loading=\"lazy\" decoding=\"async\" class=\"aligncenter\" src=\"https:\/\/live.staticflickr.com\/65535\/53452127619_06d54b6093_z.jpg\" alt=\"WhatsApp Image 2024-01-08 at 14.04.42\" width=\"600\" height=\"402\" \/><\/a><br \/>\nSubrayando que estas modificaciones se \u201carticulan con empresas privadas para manipular el clima a baja escala\u201d.<\/p>\n<p>Para graficar esto ejemplific\u00f3 la utilizaci\u00f3n \u201cde avionetas que se usan para inyectar ioduro de plata y de esa manera intervienen las tormentas de granizo. Lo que sucede es que no hay control y no se sabe las consecuencias a corto y largo plazo, al margen que esas sustancias tampoco hay estudios de lo que hacen en la tierra y los humanos\u201d.<\/p>\n<p>&nbsp;<\/p>\n<p><iframe loading=\"lazy\" src=\"https:\/\/w.soundcloud.com\/player\/?url=https%3A\/\/api.soundcloud.com\/tracks\/1711706967&amp;color=%23ff5500&amp;auto_play=false&amp;hide_related=false&amp;show_comments=true&amp;show_user=true&amp;show_reposts=false&amp;show_teaser=true\" width=\"100%\" height=\"166\" frameborder=\"no\" scrolling=\"no\"><\/iframe><\/p>\n<div style=\"font-size: 10px; color: #cccccc; line-break: anywhere; word-break: normal; overflow: hidden; white-space: nowrap; text-overflow: ellipsis; font-family: Interstate,Lucida Grande,Lucida Sans Unicode,Lucida Sans,Garuda,Verdana,Tahoma,sans-serif; font-weight: 100;\"><a style=\"color: #cccccc; text-decoration: none;\" title=\"fmreflejos 103.7\" href=\"https:\/\/soundcloud.com\/fmreflejos-103-7\" target=\"_blank\" rel=\"noopener\">fmreflejos 103.7<\/a> \u00b7 <a style=\"color: #cccccc; text-decoration: none;\" title=\"Elian Obes\" href=\"https:\/\/soundcloud.com\/fmreflejos-103-7\/elian-obes\" target=\"_blank\" rel=\"noopener\">Elian Obes<\/a><\/div>\n<p>&nbsp;<\/p>\n<p>&nbsp;<\/p>\n","protected":false},"excerpt":{"rendered":"<p>La misma ocurrir\u00e1 desde las 18 en la biblioteca Mariano Moreno de Sierra. Elian Obeas, su disertante, explic\u00f3 detalles de la tem\u00e1tica a abordar.<\/p>\n","protected":false},"author":3,"featured_media":97450,"comment_status":"closed","ping_status":"closed","sticky":false,"template":"","format":"standard","meta":{"footnotes":""},"categories":[26],"tags":[48],"class_list":["post-97447","post","type-post","status-publish","format-standard","has-post-thumbnail","hentry","category-sociedad","tag-destacada"],"yoast_head":"<!-- This site is optimized with the Yoast SEO plugin v25.9 - https:\/\/yoast.com\/wordpress\/plugins\/seo\/ -->\n<title>Este martes se dar\u00e1 una charla sobre la intervenci\u00f3n artificial del clima - Noticias Radio Reflejos<\/title>\n<meta name=\"robots\" content=\"index, follow, max-snippet:-1, max-image-preview:large, max-video-preview:-1\" \/>\n<link rel=\"canonical\" href=\"https:\/\/www.noticiasradioreflejos.com.ar\/2021\/este-martes-se-dara-una-charla-sobre-la-intervencion-artificial-del-clima\/\" \/>\n<meta property=\"og:locale\" content=\"es_ES\" \/>\n<meta property=\"og:type\" content=\"article\" \/>\n<meta property=\"og:title\" content=\"Este martes se dar\u00e1 una charla sobre la intervenci\u00f3n artificial del clima - Noticias Radio Reflejos\" \/>\n<meta property=\"og:description\" content=\"La misma ocurrir\u00e1 desde las 18 en la biblioteca Mariano Moreno de Sierra. Elian Obeas, su disertante, explic\u00f3 detalles de la tem\u00e1tica a abordar.\" \/>\n<meta property=\"og:url\" content=\"https:\/\/www.noticiasradioreflejos.com.ar\/2021\/este-martes-se-dara-una-charla-sobre-la-intervencion-artificial-del-clima\/\" \/>\n<meta property=\"og:site_name\" content=\"Noticias Radio Reflejos\" \/>\n<meta property=\"article:published_time\" content=\"2024-01-08T21:36:52+00:00\" \/>\n<meta property=\"og:image\" content=\"https:\/\/www.noticiasradioreflejos.com.ar\/2021\/wp-content\/uploads\/2024\/01\/cielos-Limpios-2.jpeg\" \/>\n\t<meta property=\"og:image:width\" content=\"715\" \/>\n\t<meta property=\"og:image:height\" content=\"402\" \/>\n\t<meta property=\"og:image:type\" content=\"image\/jpeg\" \/>\n<meta name=\"author\" content=\"Arnaldo Botto\" \/>\n<meta name=\"twitter:card\" content=\"summary_large_image\" \/>\n<script type=\"application\/ld+json\" class=\"yoast-schema-graph\">{\"@context\":\"https:\/\/schema.org\",\"@graph\":[{\"@type\":\"WebPage\",\"@id\":\"https:\/\/www.noticiasradioreflejos.com.ar\/2021\/este-martes-se-dara-una-charla-sobre-la-intervencion-artificial-del-clima\/\",\"url\":\"https:\/\/www.noticiasradioreflejos.com.ar\/2021\/este-martes-se-dara-una-charla-sobre-la-intervencion-artificial-del-clima\/\",\"name\":\"Este martes se dar\u00e1 una charla sobre la intervenci\u00f3n artificial del clima - Noticias Radio Reflejos\",\"isPartOf\":{\"@id\":\"https:\/\/www.noticiasradioreflejos.com.ar\/2021\/#website\"},\"primaryImageOfPage\":{\"@id\":\"https:\/\/www.noticiasradioreflejos.com.ar\/2021\/este-martes-se-dara-una-charla-sobre-la-intervencion-artificial-del-clima\/#primaryimage\"},\"image\":{\"@id\":\"https:\/\/www.noticiasradioreflejos.com.ar\/2021\/este-martes-se-dara-una-charla-sobre-la-intervencion-artificial-del-clima\/#primaryimage\"},\"thumbnailUrl\":\"https:\/\/www.noticiasradioreflejos.com.ar\/2021\/wp-content\/uploads\/2024\/01\/cielos-Limpios-2.jpeg\",\"datePublished\":\"2024-01-08T21:36:52+00:00\",\"author\":{\"@id\":\"https:\/\/www.noticiasradioreflejos.com.ar\/2021\/#\/schema\/person\/ad82545263dcc5ec0996818884fd5fb1\"},\"breadcrumb\":{\"@id\":\"https:\/\/www.noticiasradioreflejos.com.ar\/2021\/este-martes-se-dara-una-charla-sobre-la-intervencion-artificial-del-clima\/#breadcrumb\"},\"inLanguage\":\"es\",\"potentialAction\":[{\"@type\":\"ReadAction\",\"target\":[\"https:\/\/www.noticiasradioreflejos.com.ar\/2021\/este-martes-se-dara-una-charla-sobre-la-intervencion-artificial-del-clima\/\"]}]},{\"@type\":\"ImageObject\",\"inLanguage\":\"es\",\"@id\":\"https:\/\/www.noticiasradioreflejos.com.ar\/2021\/este-martes-se-dara-una-charla-sobre-la-intervencion-artificial-del-clima\/#primaryimage\",\"url\":\"https:\/\/www.noticiasradioreflejos.com.ar\/2021\/wp-content\/uploads\/2024\/01\/cielos-Limpios-2.jpeg\",\"contentUrl\":\"https:\/\/www.noticiasradioreflejos.com.ar\/2021\/wp-content\/uploads\/2024\/01\/cielos-Limpios-2.jpeg\",\"width\":715,\"height\":402},{\"@type\":\"BreadcrumbList\",\"@id\":\"https:\/\/www.noticiasradioreflejos.com.ar\/2021\/este-martes-se-dara-una-charla-sobre-la-intervencion-artificial-del-clima\/#breadcrumb\",\"itemListElement\":[{\"@type\":\"ListItem\",\"position\":1,\"name\":\"Portada\",\"item\":\"https:\/\/www.noticiasradioreflejos.com.ar\/2021\/\"},{\"@type\":\"ListItem\",\"position\":2,\"name\":\"Este martes se dar\u00e1 una charla sobre la intervenci\u00f3n artificial del clima\"}]},{\"@type\":\"WebSite\",\"@id\":\"https:\/\/www.noticiasradioreflejos.com.ar\/2021\/#website\",\"url\":\"https:\/\/www.noticiasradioreflejos.com.ar\/2021\/\",\"name\":\"Noticias Radio Reflejos\",\"description\":\"Las noticias de mi comarca\",\"potentialAction\":[{\"@type\":\"SearchAction\",\"target\":{\"@type\":\"EntryPoint\",\"urlTemplate\":\"https:\/\/www.noticiasradioreflejos.com.ar\/2021\/?s={search_term_string}\"},\"query-input\":{\"@type\":\"PropertyValueSpecification\",\"valueRequired\":true,\"valueName\":\"search_term_string\"}}],\"inLanguage\":\"es\"},{\"@type\":\"Person\",\"@id\":\"https:\/\/www.noticiasradioreflejos.com.ar\/2021\/#\/schema\/person\/ad82545263dcc5ec0996818884fd5fb1\",\"name\":\"Arnaldo Botto\",\"image\":{\"@type\":\"ImageObject\",\"inLanguage\":\"es\",\"@id\":\"https:\/\/www.noticiasradioreflejos.com.ar\/2021\/#\/schema\/person\/image\/\",\"url\":\"https:\/\/secure.gravatar.com\/avatar\/55cb5e37c1efa326397366e6974cb338056df65cb50e7d64d1cf314e87504837?s=96&d=mm&r=g\",\"contentUrl\":\"https:\/\/secure.gravatar.com\/avatar\/55cb5e37c1efa326397366e6974cb338056df65cb50e7d64d1cf314e87504837?s=96&d=mm&r=g\",\"caption\":\"Arnaldo Botto\"},\"url\":\"https:\/\/www.noticiasradioreflejos.com.ar\/2021\/author\/arnaldo\/\"}]}<\/script>\n<!-- \/ Yoast SEO plugin. -->","yoast_head_json":{"title":"Este martes se dar\u00e1 una charla sobre la intervenci\u00f3n artificial del clima - Noticias Radio Reflejos","robots":{"index":"index","follow":"follow","max-snippet":"max-snippet:-1","max-image-preview":"max-image-preview:large","max-video-preview":"max-video-preview:-1"},"canonical":"https:\/\/www.noticiasradioreflejos.com.ar\/2021\/este-martes-se-dara-una-charla-sobre-la-intervencion-artificial-del-clima\/","og_locale":"es_ES","og_type":"article","og_title":"Este martes se dar\u00e1 una charla sobre la intervenci\u00f3n artificial del clima - Noticias Radio Reflejos","og_description":"La misma ocurrir\u00e1 desde las 18 en la biblioteca Mariano Moreno de Sierra. Elian Obeas, su disertante, explic\u00f3 detalles de la tem\u00e1tica a abordar.","og_url":"https:\/\/www.noticiasradioreflejos.com.ar\/2021\/este-martes-se-dara-una-charla-sobre-la-intervencion-artificial-del-clima\/","og_site_name":"Noticias Radio Reflejos","article_published_time":"2024-01-08T21:36:52+00:00","og_image":[{"width":715,"height":402,"url":"https:\/\/www.noticiasradioreflejos.com.ar\/2021\/wp-content\/uploads\/2024\/01\/cielos-Limpios-2.jpeg","type":"image\/jpeg"}],"author":"Arnaldo Botto","twitter_card":"summary_large_image","schema":{"@context":"https:\/\/schema.org","@graph":[{"@type":"WebPage","@id":"https:\/\/www.noticiasradioreflejos.com.ar\/2021\/este-martes-se-dara-una-charla-sobre-la-intervencion-artificial-del-clima\/","url":"https:\/\/www.noticiasradioreflejos.com.ar\/2021\/este-martes-se-dara-una-charla-sobre-la-intervencion-artificial-del-clima\/","name":"Este martes se dar\u00e1 una charla sobre la intervenci\u00f3n artificial del clima - Noticias Radio Reflejos","isPartOf":{"@id":"https:\/\/www.noticiasradioreflejos.com.ar\/2021\/#website"},"primaryImageOfPage":{"@id":"https:\/\/www.noticiasradioreflejos.com.ar\/2021\/este-martes-se-dara-una-charla-sobre-la-intervencion-artificial-del-clima\/#primaryimage"},"image":{"@id":"https:\/\/www.noticiasradioreflejos.com.ar\/2021\/este-martes-se-dara-una-charla-sobre-la-intervencion-artificial-del-clima\/#primaryimage"},"thumbnailUrl":"https:\/\/www.noticiasradioreflejos.com.ar\/2021\/wp-content\/uploads\/2024\/01\/cielos-Limpios-2.jpeg","datePublished":"2024-01-08T21:36:52+00:00","author":{"@id":"https:\/\/www.noticiasradioreflejos.com.ar\/2021\/#\/schema\/person\/ad82545263dcc5ec0996818884fd5fb1"},"breadcrumb":{"@id":"https:\/\/www.noticiasradioreflejos.com.ar\/2021\/este-martes-se-dara-una-charla-sobre-la-intervencion-artificial-del-clima\/#breadcrumb"},"inLanguage":"es","potentialAction":[{"@type":"ReadAction","target":["https:\/\/www.noticiasradioreflejos.com.ar\/2021\/este-martes-se-dara-una-charla-sobre-la-intervencion-artificial-del-clima\/"]}]},{"@type":"ImageObject","inLanguage":"es","@id":"https:\/\/www.noticiasradioreflejos.com.ar\/2021\/este-martes-se-dara-una-charla-sobre-la-intervencion-artificial-del-clima\/#primaryimage","url":"https:\/\/www.noticiasradioreflejos.com.ar\/2021\/wp-content\/uploads\/2024\/01\/cielos-Limpios-2.jpeg","contentUrl":"https:\/\/www.noticiasradioreflejos.com.ar\/2021\/wp-content\/uploads\/2024\/01\/cielos-Limpios-2.jpeg","width":715,"height":402},{"@type":"BreadcrumbList","@id":"https:\/\/www.noticiasradioreflejos.com.ar\/2021\/este-martes-se-dara-una-charla-sobre-la-intervencion-artificial-del-clima\/#breadcrumb","itemListElement":[{"@type":"ListItem","position":1,"name":"Portada","item":"https:\/\/www.noticiasradioreflejos.com.ar\/2021\/"},{"@type":"ListItem","position":2,"name":"Este martes se dar\u00e1 una charla sobre la intervenci\u00f3n artificial del clima"}]},{"@type":"WebSite","@id":"https:\/\/www.noticiasradioreflejos.com.ar\/2021\/#website","url":"https:\/\/www.noticiasradioreflejos.com.ar\/2021\/","name":"Noticias Radio Reflejos","description":"Las noticias de mi comarca","potentialAction":[{"@type":"SearchAction","target":{"@type":"EntryPoint","urlTemplate":"https:\/\/www.noticiasradioreflejos.com.ar\/2021\/?s={search_term_string}"},"query-input":{"@type":"PropertyValueSpecification","valueRequired":true,"valueName":"search_term_string"}}],"inLanguage":"es"},{"@type":"Person","@id":"https:\/\/www.noticiasradioreflejos.com.ar\/2021\/#\/schema\/person\/ad82545263dcc5ec0996818884fd5fb1","name":"Arnaldo Botto","image":{"@type":"ImageObject","inLanguage":"es","@id":"https:\/\/www.noticiasradioreflejos.com.ar\/2021\/#\/schema\/person\/image\/","url":"https:\/\/secure.gravatar.com\/avatar\/55cb5e37c1efa326397366e6974cb338056df65cb50e7d64d1cf314e87504837?s=96&d=mm&r=g","contentUrl":"https:\/\/secure.gravatar.com\/avatar\/55cb5e37c1efa326397366e6974cb338056df65cb50e7d64d1cf314e87504837?s=96&d=mm&r=g","caption":"Arnaldo Botto"},"url":"https:\/\/www.noticiasradioreflejos.com.ar\/2021\/author\/arnaldo\/"}]}},"_links":{"self":[{"href":"https:\/\/www.noticiasradioreflejos.com.ar\/2021\/wp-json\/wp\/v2\/posts\/97447","targetHints":{"allow":["GET"]}}],"collection":[{"href":"https:\/\/www.noticiasradioreflejos.com.ar\/2021\/wp-json\/wp\/v2\/posts"}],"about":[{"href":"https:\/\/www.noticiasradioreflejos.com.ar\/2021\/wp-json\/wp\/v2\/types\/post"}],"author":[{"embeddable":true,"href":"https:\/\/www.noticiasradioreflejos.com.ar\/2021\/wp-json\/wp\/v2\/users\/3"}],"replies":[{"embeddable":true,"href":"https:\/\/www.noticiasradioreflejos.com.ar\/2021\/wp-json\/wp\/v2\/comments?post=97447"}],"version-history":[{"count":3,"href":"https:\/\/www.noticiasradioreflejos.com.ar\/2021\/wp-json\/wp\/v2\/posts\/97447\/revisions"}],"predecessor-version":[{"id":97451,"href":"https:\/\/www.noticiasradioreflejos.com.ar\/2021\/wp-json\/wp\/v2\/posts\/97447\/revisions\/97451"}],"wp:featuredmedia":[{"embeddable":true,"href":"https:\/\/www.noticiasradioreflejos.com.ar\/2021\/wp-json\/wp\/v2\/media\/97450"}],"wp:attachment":[{"href":"https:\/\/www.noticiasradioreflejos.com.ar\/2021\/wp-json\/wp\/v2\/media?parent=97447"}],"wp:term":[{"taxonomy":"category","embeddable":true,"href":"https:\/\/www.noticiasradioreflejos.com.ar\/2021\/wp-json\/wp\/v2\/categories?post=97447"},{"taxonomy":"post_tag","embeddable":true,"href":"https:\/\/www.noticiasradioreflejos.com.ar\/2021\/wp-json\/wp\/v2\/tags?post=97447"}],"curies":[{"name":"wp","href":"https:\/\/api.w.org\/{rel}","templated":true}]}}