{"id":97440,"date":"2024-01-08T13:37:04","date_gmt":"2024-01-08T16:37:04","guid":{"rendered":"https:\/\/www.noticiasradioreflejos.com.ar\/2021\/?p=97440"},"modified":"2024-01-08T13:37:04","modified_gmt":"2024-01-08T16:37:04","slug":"tarifas-de-gas-estiman-en-300-el-aumento-que-tendria-la-clase-media-bonaerense","status":"publish","type":"post","link":"https:\/\/www.noticiasradioreflejos.com.ar\/2021\/tarifas-de-gas-estiman-en-300-el-aumento-que-tendria-la-clase-media-bonaerense\/","title":{"rendered":"Tarifas de gas: estiman en 300% el aumento que tendr\u00eda la clase media bonaerense"},"content":{"rendered":"<p>Un informe del Foro Bonaerense de Servicios P\u00fablicos tambi\u00e9n consign\u00f3 que los sectores de bajos ingresos recibir\u00edan incrementos del 180% y la denominada clase alta, del 150%. <!--more--><\/p>\n<p>El Foro Bonaerense de Servicios P\u00fablicos manifest\u00f3 este lunes que si prosperan los pedidos de actualizaci\u00f3n de costos y el traslado a las tarifas propuestos por las empresas distribuidoras de gas, los sectores de ingresos medios tendr\u00e1n un incremento en las boletas del 300%; los de bajos ingresos, del 180%; y la clase alta, del 150%.<\/p>\n<p>En un informe al que accedi\u00f3 T\u00e9lam, el Foro indic\u00f3 que los usuarios residenciales del servicio del gas en la provincia de Buenos Aires alcanzan un total de 4.119.113, de los cuales 1.522.988 son usuarios de ingresos altos (N1) y pagan la tarifa plena sin subsidios. Otros 1.628.028 tienen ingresos bajos (N2) y mantienen el 70% de subsidios; y 968.097 est\u00e1n identificados como personas con ingresos medios (N3) y mantienen el 40% de los subsidios y el resto lo abonan al precio que cueste el metro c\u00fabico de gas (se mide por consumo promedio).<\/p>\n<p>Precisaron que las entidades de bien p\u00fablico y los clubes de barrio tienen una bonificaci\u00f3n en el precio del gas del 75% y se apunt\u00f3 que en 2023 se estableci\u00f3 una bonificaci\u00f3n de los precios del gas natural para los usuarios y usuarias de Servicio General \u201cP\u201d que est\u00e9n inscriptos o se inscriban en el Registro de Empresas MiPyMES.<\/p>\n<p>De la misma manera, hoy la tarifa social se aplica a los hogares residenciales en situaci\u00f3n de vulnerabilidad socioecon\u00f3mica y consiste en la bonificaci\u00f3n sobre un bloque de consumo subsidiado al 100%. En la provincia de Buenos Aires, 539.781 hogares tienen tarifa social.<\/p>\n<p>El Foro Bonaerense de Servicios P\u00fablicos indic\u00f3 que el proyecto de Ley \u00d3mnibus del Poder Ejecutivo \u00abapunta a poder &#8216;crear, modificar, transformar y\/o eliminar los fondos fiduciarios del sector energ\u00e9tico, inclusive los destinados a subsidios&#8217;, por lo que si esta iniciativa prospera, ya no ser\u00eda obligatorio que el Congreso revisara el origen y el destino de los fondos para subsidios energ\u00e9ticos\u00bb.<\/p>\n<p>\u00abSin esta regulaci\u00f3n, si se modificaran y\/o se quitaran los beneficios existentes para los usuarios residenciales y las entidades de bien p\u00fablico, el impacto del incremento en las boletas ser\u00eda pleno\u00bb, se subray\u00f3.<\/p>\n<p>El Foro est\u00e1 compuesto por organizaciones sindicales, de defensa de los usuarios y consumidores, especializadas en la materia energ\u00e9tica y sanitaria, organizaciones no gubernamentales en general, especialistas, acad\u00e9micos y autoridades gubernamentales.<\/p>\n","protected":false},"excerpt":{"rendered":"<p>Un informe del Foro Bonaerense de Servicios P\u00fablicos tambi\u00e9n consign\u00f3 que los sectores de bajos ingresos recibir\u00edan incrementos del 180% y la denominada clase alta, del 150%.<\/p>\n","protected":false},"author":3,"featured_media":56913,"comment_status":"closed","ping_status":"closed","sticky":false,"template":"","format":"standard","meta":{"footnotes":""},"categories":[36,24,30],"tags":[],"class_list":["post-97440","post","type-post","status-publish","format-standard","has-post-thumbnail","hentry","category-economia","category-politica","category-salud"],"yoast_head":"<!-- This site is optimized with the Yoast SEO plugin v25.9 - https:\/\/yoast.com\/wordpress\/plugins\/seo\/ -->\n<title>Tarifas de gas: estiman en 300% el aumento que tendr\u00eda la clase media bonaerense - Noticias Radio Reflejos<\/title>\n<meta name=\"robots\" content=\"index, follow, max-snippet:-1, max-image-preview:large, max-video-preview:-1\" \/>\n<link rel=\"canonical\" href=\"https:\/\/www.noticiasradioreflejos.com.ar\/2021\/tarifas-de-gas-estiman-en-300-el-aumento-que-tendria-la-clase-media-bonaerense\/\" \/>\n<meta property=\"og:locale\" content=\"es_ES\" \/>\n<meta property=\"og:type\" content=\"article\" \/>\n<meta property=\"og:title\" content=\"Tarifas de gas: estiman en 300% el aumento que tendr\u00eda la clase media bonaerense - Noticias Radio Reflejos\" \/>\n<meta property=\"og:description\" content=\"Un informe del Foro Bonaerense de Servicios P\u00fablicos tambi\u00e9n consign\u00f3 que los sectores de bajos ingresos recibir\u00edan incrementos del 180% y la denominada clase alta, del 150%.\" \/>\n<meta property=\"og:url\" content=\"https:\/\/www.noticiasradioreflejos.com.ar\/2021\/tarifas-de-gas-estiman-en-300-el-aumento-que-tendria-la-clase-media-bonaerense\/\" \/>\n<meta property=\"og:site_name\" content=\"Noticias Radio Reflejos\" \/>\n<meta property=\"article:published_time\" content=\"2024-01-08T16:37:04+00:00\" \/>\n<meta property=\"og:image\" content=\"https:\/\/www.noticiasradioreflejos.com.ar\/2021\/wp-content\/uploads\/2021\/05\/Gas.jpg\" \/>\n\t<meta property=\"og:image:width\" content=\"1004\" \/>\n\t<meta property=\"og:image:height\" content=\"565\" \/>\n\t<meta property=\"og:image:type\" content=\"image\/jpeg\" \/>\n<meta name=\"author\" content=\"Arnaldo Botto\" \/>\n<meta name=\"twitter:card\" content=\"summary_large_image\" \/>\n<script type=\"application\/ld+json\" class=\"yoast-schema-graph\">{\"@context\":\"https:\/\/schema.org\",\"@graph\":[{\"@type\":\"WebPage\",\"@id\":\"https:\/\/www.noticiasradioreflejos.com.ar\/2021\/tarifas-de-gas-estiman-en-300-el-aumento-que-tendria-la-clase-media-bonaerense\/\",\"url\":\"https:\/\/www.noticiasradioreflejos.com.ar\/2021\/tarifas-de-gas-estiman-en-300-el-aumento-que-tendria-la-clase-media-bonaerense\/\",\"name\":\"Tarifas de gas: estiman en 300% el aumento que tendr\u00eda la clase media bonaerense - Noticias Radio Reflejos\",\"isPartOf\":{\"@id\":\"https:\/\/www.noticiasradioreflejos.com.ar\/2021\/#website\"},\"primaryImageOfPage\":{\"@id\":\"https:\/\/www.noticiasradioreflejos.com.ar\/2021\/tarifas-de-gas-estiman-en-300-el-aumento-que-tendria-la-clase-media-bonaerense\/#primaryimage\"},\"image\":{\"@id\":\"https:\/\/www.noticiasradioreflejos.com.ar\/2021\/tarifas-de-gas-estiman-en-300-el-aumento-que-tendria-la-clase-media-bonaerense\/#primaryimage\"},\"thumbnailUrl\":\"https:\/\/www.noticiasradioreflejos.com.ar\/2021\/wp-content\/uploads\/2021\/05\/Gas.jpg\",\"datePublished\":\"2024-01-08T16:37:04+00:00\",\"author\":{\"@id\":\"https:\/\/www.noticiasradioreflejos.com.ar\/2021\/#\/schema\/person\/ad82545263dcc5ec0996818884fd5fb1\"},\"breadcrumb\":{\"@id\":\"https:\/\/www.noticiasradioreflejos.com.ar\/2021\/tarifas-de-gas-estiman-en-300-el-aumento-que-tendria-la-clase-media-bonaerense\/#breadcrumb\"},\"inLanguage\":\"es\",\"potentialAction\":[{\"@type\":\"ReadAction\",\"target\":[\"https:\/\/www.noticiasradioreflejos.com.ar\/2021\/tarifas-de-gas-estiman-en-300-el-aumento-que-tendria-la-clase-media-bonaerense\/\"]}]},{\"@type\":\"ImageObject\",\"inLanguage\":\"es\",\"@id\":\"https:\/\/www.noticiasradioreflejos.com.ar\/2021\/tarifas-de-gas-estiman-en-300-el-aumento-que-tendria-la-clase-media-bonaerense\/#primaryimage\",\"url\":\"https:\/\/www.noticiasradioreflejos.com.ar\/2021\/wp-content\/uploads\/2021\/05\/Gas.jpg\",\"contentUrl\":\"https:\/\/www.noticiasradioreflejos.com.ar\/2021\/wp-content\/uploads\/2021\/05\/Gas.jpg\",\"width\":1004,\"height\":565},{\"@type\":\"BreadcrumbList\",\"@id\":\"https:\/\/www.noticiasradioreflejos.com.ar\/2021\/tarifas-de-gas-estiman-en-300-el-aumento-que-tendria-la-clase-media-bonaerense\/#breadcrumb\",\"itemListElement\":[{\"@type\":\"ListItem\",\"position\":1,\"name\":\"Portada\",\"item\":\"https:\/\/www.noticiasradioreflejos.com.ar\/2021\/\"},{\"@type\":\"ListItem\",\"position\":2,\"name\":\"Tarifas de gas: estiman en 300% el aumento que tendr\u00eda la clase media bonaerense\"}]},{\"@type\":\"WebSite\",\"@id\":\"https:\/\/www.noticiasradioreflejos.com.ar\/2021\/#website\",\"url\":\"https:\/\/www.noticiasradioreflejos.com.ar\/2021\/\",\"name\":\"Noticias Radio Reflejos\",\"description\":\"Las noticias de mi comarca\",\"potentialAction\":[{\"@type\":\"SearchAction\",\"target\":{\"@type\":\"EntryPoint\",\"urlTemplate\":\"https:\/\/www.noticiasradioreflejos.com.ar\/2021\/?s={search_term_string}\"},\"query-input\":{\"@type\":\"PropertyValueSpecification\",\"valueRequired\":true,\"valueName\":\"search_term_string\"}}],\"inLanguage\":\"es\"},{\"@type\":\"Person\",\"@id\":\"https:\/\/www.noticiasradioreflejos.com.ar\/2021\/#\/schema\/person\/ad82545263dcc5ec0996818884fd5fb1\",\"name\":\"Arnaldo Botto\",\"image\":{\"@type\":\"ImageObject\",\"inLanguage\":\"es\",\"@id\":\"https:\/\/www.noticiasradioreflejos.com.ar\/2021\/#\/schema\/person\/image\/\",\"url\":\"https:\/\/secure.gravatar.com\/avatar\/55cb5e37c1efa326397366e6974cb338056df65cb50e7d64d1cf314e87504837?s=96&d=mm&r=g\",\"contentUrl\":\"https:\/\/secure.gravatar.com\/avatar\/55cb5e37c1efa326397366e6974cb338056df65cb50e7d64d1cf314e87504837?s=96&d=mm&r=g\",\"caption\":\"Arnaldo Botto\"},\"url\":\"https:\/\/www.noticiasradioreflejos.com.ar\/2021\/author\/arnaldo\/\"}]}<\/script>\n<!-- \/ Yoast SEO plugin. -->","yoast_head_json":{"title":"Tarifas de gas: estiman en 300% el aumento que tendr\u00eda la clase media bonaerense - Noticias Radio Reflejos","robots":{"index":"index","follow":"follow","max-snippet":"max-snippet:-1","max-image-preview":"max-image-preview:large","max-video-preview":"max-video-preview:-1"},"canonical":"https:\/\/www.noticiasradioreflejos.com.ar\/2021\/tarifas-de-gas-estiman-en-300-el-aumento-que-tendria-la-clase-media-bonaerense\/","og_locale":"es_ES","og_type":"article","og_title":"Tarifas de gas: estiman en 300% el aumento que tendr\u00eda la clase media bonaerense - Noticias Radio Reflejos","og_description":"Un informe del Foro Bonaerense de Servicios P\u00fablicos tambi\u00e9n consign\u00f3 que los sectores de bajos ingresos recibir\u00edan incrementos del 180% y la denominada clase alta, del 150%.","og_url":"https:\/\/www.noticiasradioreflejos.com.ar\/2021\/tarifas-de-gas-estiman-en-300-el-aumento-que-tendria-la-clase-media-bonaerense\/","og_site_name":"Noticias Radio Reflejos","article_published_time":"2024-01-08T16:37:04+00:00","og_image":[{"width":1004,"height":565,"url":"https:\/\/www.noticiasradioreflejos.com.ar\/2021\/wp-content\/uploads\/2021\/05\/Gas.jpg","type":"image\/jpeg"}],"author":"Arnaldo Botto","twitter_card":"summary_large_image","schema":{"@context":"https:\/\/schema.org","@graph":[{"@type":"WebPage","@id":"https:\/\/www.noticiasradioreflejos.com.ar\/2021\/tarifas-de-gas-estiman-en-300-el-aumento-que-tendria-la-clase-media-bonaerense\/","url":"https:\/\/www.noticiasradioreflejos.com.ar\/2021\/tarifas-de-gas-estiman-en-300-el-aumento-que-tendria-la-clase-media-bonaerense\/","name":"Tarifas de gas: estiman en 300% el aumento que tendr\u00eda la clase media bonaerense - Noticias Radio Reflejos","isPartOf":{"@id":"https:\/\/www.noticiasradioreflejos.com.ar\/2021\/#website"},"primaryImageOfPage":{"@id":"https:\/\/www.noticiasradioreflejos.com.ar\/2021\/tarifas-de-gas-estiman-en-300-el-aumento-que-tendria-la-clase-media-bonaerense\/#primaryimage"},"image":{"@id":"https:\/\/www.noticiasradioreflejos.com.ar\/2021\/tarifas-de-gas-estiman-en-300-el-aumento-que-tendria-la-clase-media-bonaerense\/#primaryimage"},"thumbnailUrl":"https:\/\/www.noticiasradioreflejos.com.ar\/2021\/wp-content\/uploads\/2021\/05\/Gas.jpg","datePublished":"2024-01-08T16:37:04+00:00","author":{"@id":"https:\/\/www.noticiasradioreflejos.com.ar\/2021\/#\/schema\/person\/ad82545263dcc5ec0996818884fd5fb1"},"breadcrumb":{"@id":"https:\/\/www.noticiasradioreflejos.com.ar\/2021\/tarifas-de-gas-estiman-en-300-el-aumento-que-tendria-la-clase-media-bonaerense\/#breadcrumb"},"inLanguage":"es","potentialAction":[{"@type":"ReadAction","target":["https:\/\/www.noticiasradioreflejos.com.ar\/2021\/tarifas-de-gas-estiman-en-300-el-aumento-que-tendria-la-clase-media-bonaerense\/"]}]},{"@type":"ImageObject","inLanguage":"es","@id":"https:\/\/www.noticiasradioreflejos.com.ar\/2021\/tarifas-de-gas-estiman-en-300-el-aumento-que-tendria-la-clase-media-bonaerense\/#primaryimage","url":"https:\/\/www.noticiasradioreflejos.com.ar\/2021\/wp-content\/uploads\/2021\/05\/Gas.jpg","contentUrl":"https:\/\/www.noticiasradioreflejos.com.ar\/2021\/wp-content\/uploads\/2021\/05\/Gas.jpg","width":1004,"height":565},{"@type":"BreadcrumbList","@id":"https:\/\/www.noticiasradioreflejos.com.ar\/2021\/tarifas-de-gas-estiman-en-300-el-aumento-que-tendria-la-clase-media-bonaerense\/#breadcrumb","itemListElement":[{"@type":"ListItem","position":1,"name":"Portada","item":"https:\/\/www.noticiasradioreflejos.com.ar\/2021\/"},{"@type":"ListItem","position":2,"name":"Tarifas de gas: estiman en 300% el aumento que tendr\u00eda la clase media bonaerense"}]},{"@type":"WebSite","@id":"https:\/\/www.noticiasradioreflejos.com.ar\/2021\/#website","url":"https:\/\/www.noticiasradioreflejos.com.ar\/2021\/","name":"Noticias Radio Reflejos","description":"Las noticias de mi comarca","potentialAction":[{"@type":"SearchAction","target":{"@type":"EntryPoint","urlTemplate":"https:\/\/www.noticiasradioreflejos.com.ar\/2021\/?s={search_term_string}"},"query-input":{"@type":"PropertyValueSpecification","valueRequired":true,"valueName":"search_term_string"}}],"inLanguage":"es"},{"@type":"Person","@id":"https:\/\/www.noticiasradioreflejos.com.ar\/2021\/#\/schema\/person\/ad82545263dcc5ec0996818884fd5fb1","name":"Arnaldo Botto","image":{"@type":"ImageObject","inLanguage":"es","@id":"https:\/\/www.noticiasradioreflejos.com.ar\/2021\/#\/schema\/person\/image\/","url":"https:\/\/secure.gravatar.com\/avatar\/55cb5e37c1efa326397366e6974cb338056df65cb50e7d64d1cf314e87504837?s=96&d=mm&r=g","contentUrl":"https:\/\/secure.gravatar.com\/avatar\/55cb5e37c1efa326397366e6974cb338056df65cb50e7d64d1cf314e87504837?s=96&d=mm&r=g","caption":"Arnaldo Botto"},"url":"https:\/\/www.noticiasradioreflejos.com.ar\/2021\/author\/arnaldo\/"}]}},"_links":{"self":[{"href":"https:\/\/www.noticiasradioreflejos.com.ar\/2021\/wp-json\/wp\/v2\/posts\/97440","targetHints":{"allow":["GET"]}}],"collection":[{"href":"https:\/\/www.noticiasradioreflejos.com.ar\/2021\/wp-json\/wp\/v2\/posts"}],"about":[{"href":"https:\/\/www.noticiasradioreflejos.com.ar\/2021\/wp-json\/wp\/v2\/types\/post"}],"author":[{"embeddable":true,"href":"https:\/\/www.noticiasradioreflejos.com.ar\/2021\/wp-json\/wp\/v2\/users\/3"}],"replies":[{"embeddable":true,"href":"https:\/\/www.noticiasradioreflejos.com.ar\/2021\/wp-json\/wp\/v2\/comments?post=97440"}],"version-history":[{"count":1,"href":"https:\/\/www.noticiasradioreflejos.com.ar\/2021\/wp-json\/wp\/v2\/posts\/97440\/revisions"}],"predecessor-version":[{"id":97441,"href":"https:\/\/www.noticiasradioreflejos.com.ar\/2021\/wp-json\/wp\/v2\/posts\/97440\/revisions\/97441"}],"wp:featuredmedia":[{"embeddable":true,"href":"https:\/\/www.noticiasradioreflejos.com.ar\/2021\/wp-json\/wp\/v2\/media\/56913"}],"wp:attachment":[{"href":"https:\/\/www.noticiasradioreflejos.com.ar\/2021\/wp-json\/wp\/v2\/media?parent=97440"}],"wp:term":[{"taxonomy":"category","embeddable":true,"href":"https:\/\/www.noticiasradioreflejos.com.ar\/2021\/wp-json\/wp\/v2\/categories?post=97440"},{"taxonomy":"post_tag","embeddable":true,"href":"https:\/\/www.noticiasradioreflejos.com.ar\/2021\/wp-json\/wp\/v2\/tags?post=97440"}],"curies":[{"name":"wp","href":"https:\/\/api.w.org\/{rel}","templated":true}]}}