{"id":97437,"date":"2024-01-08T13:33:09","date_gmt":"2024-01-08T16:33:09","guid":{"rendered":"https:\/\/www.noticiasradioreflejos.com.ar\/2021\/?p=97437"},"modified":"2024-01-08T13:33:09","modified_gmt":"2024-01-08T16:33:09","slug":"fin-de-semana-movido-hubo-aprehendidos-vehiculos-secuestrados-y-accidentes-en-la-comarca-serrana","status":"publish","type":"post","link":"https:\/\/www.noticiasradioreflejos.com.ar\/2021\/fin-de-semana-movido-hubo-aprehendidos-vehiculos-secuestrados-y-accidentes-en-la-comarca-serrana\/","title":{"rendered":"Fin de semana movido: Hubo aprehendidos, veh\u00edculos secuestrados y accidentes en la comarca serrana."},"content":{"rendered":"<p>Polic\u00eda e inspectores del distrito realizaron m\u00faltiples operativos de control<br \/>\n<!--more--><\/p>\n<p>La Secretaria de Seguridad del Partido de Tornquist lleva a conocimiento que:<\/p>\n<p>30\/12\/2023, efectivos de la Estaci\u00f3n Comunal Tornquist, proceden a la aprehensi\u00f3n del ciudadano Sanchez Alberto Nicol\u00e1s, por los delitos de \u201cDesobediencia, Resistencia a la Autoridad y Lesiones\u201d, con intervenci\u00f3n de la Unidad Funcional y Juicio N\u00ba 15 del Dpto. Judicial Bah\u00eda Blanca.<\/p>\n<p>&nbsp;<br \/>\n<a data-flickr-embed=\"true\" data-footer=\"true\" href=\"https:\/\/www.flickr.com\/photos\/182279889@N02\/53451554029\/in\/dateposted-public\/\" title=\"Controles8-1 2\"><img loading=\"lazy\" decoding=\"async\" src=\"https:\/\/live.staticflickr.com\/65535\/53451554029_0f363cce51_c.jpg\" width=\"800\" height=\"595\" alt=\"Controles8-1 2\"\/><\/a><script async src=\"\/\/embedr.flickr.com\/assets\/client-code.js\" charset=\"utf-8\"><\/script><br \/>\n&nbsp;<\/p>\n<p>31\/12\/2023, se registr\u00f3 un siniestro vial en la Ruta Nacional N\u00ba 35 kil\u00f3metro 45, donde por causas se tratan de establecer conductor veh\u00edculo marca Volkswagen Gol Trend, dominio IXF911, pierde control del rodado y vuelca, resultando conductor y acompa\u00f1antes con lesiones, pero sin riesgo de vida. Se instruyeron actuaciones por Lesiones Culposas, con intervenci\u00f3n de la Ayudant\u00eda Fiscal Tornquist.<\/p>\n<p>02\/01\/2024 y 03\/01\/2024, la Subestaci\u00f3n Polic\u00eda de Seguridad Comunal Sierra de la Ventana, llevo a cabo Operativos de Interceptaci\u00f3n Vehicular en Ruta Provincial N\u00ba 72 y Alberdi, donde secuestraron un autom\u00f3vil marca Peugeot 206, dominio HTF384 por circular sin poseer el seguro obligatorio y de un veh\u00edculo marca Chevrolet Astra, dominio KCR876 por circular sin seguro obligatorio, en ambos casos intervino el Juzgado de Faltas de la Municipalidad de Tornquist.<\/p>\n<p>02\/01\/2024, personal del Puesto de Vigilancia de Villa Ventana, en Operativos de Interceptaci\u00f3n Vehicular sobre Ruta Provincial N\u00ba 76 y Acceso a Villa Ventana, secuestra una motocicleta marca Yamaha FZ16, dominio 115LGV, por motivo que su conductor no pose\u00eda casco para poder transitar. Intervine el Juzgado de Faltas de la Municipalidad de Tornquist.<\/p>\n<p>Desde esta Secretaria de Seguridad se informa que se viene trabajando conjuntamente entre la Polic\u00eda Comunal del Distrito de Tornquist y el \u00a0cuerpo de inspectores municipales, implement\u00e1ndose distintos operativos de control vehicular, donde se procedi\u00f3 al secuestro de 10 veh\u00edculos por distinta infracciones, realiz\u00e1ndose tambi\u00e9n 11 intimaciones por cestos de residuos, infracciones por el vertido de agua en la v\u00eda p\u00fablica, infracciones por residuos en la v\u00eda p\u00fablica, se retiraron 8 veh\u00edculos en estado de abandono y se intimaron otros 6 m\u00e1s en distintos sectores. El cuerpo de inspectores municipales brind\u00f3 colaboraci\u00f3n a la secretaria de Obras P\u00fablicas, controlando 6 finales de obras, 4 exenciones de terrenos, 5 infracciones y 16 intimidaciones por pastos altos, y 9 infracciones comerciales.-<\/p>\n<p>08 DE ENERO 2024, SECRETARIA DE SEGURIDAD \u2013 MUNICIPALIDAD DE TORNQUIST<\/p>\n<p>&nbsp;<\/p>\n","protected":false},"excerpt":{"rendered":"<p>Polic\u00eda e inspectores del distrito realizaron m\u00faltiples operativos de control<\/p>\n","protected":false},"author":3,"featured_media":97438,"comment_status":"closed","ping_status":"closed","sticky":false,"template":"","format":"standard","meta":{"footnotes":""},"categories":[28,29],"tags":[48],"class_list":["post-97437","post","type-post","status-publish","format-standard","has-post-thumbnail","hentry","category-municipales","category-policiales","tag-destacada"],"yoast_head":"<!-- This site is optimized with the Yoast SEO plugin v25.9 - https:\/\/yoast.com\/wordpress\/plugins\/seo\/ -->\n<title>Fin de semana movido: Hubo aprehendidos, veh\u00edculos secuestrados y accidentes en la comarca serrana. - Noticias Radio Reflejos<\/title>\n<meta name=\"robots\" content=\"index, follow, max-snippet:-1, max-image-preview:large, max-video-preview:-1\" \/>\n<link rel=\"canonical\" href=\"https:\/\/www.noticiasradioreflejos.com.ar\/2021\/fin-de-semana-movido-hubo-aprehendidos-vehiculos-secuestrados-y-accidentes-en-la-comarca-serrana\/\" \/>\n<meta property=\"og:locale\" content=\"es_ES\" \/>\n<meta property=\"og:type\" content=\"article\" \/>\n<meta property=\"og:title\" content=\"Fin de semana movido: Hubo aprehendidos, veh\u00edculos secuestrados y accidentes en la comarca serrana. - Noticias Radio Reflejos\" \/>\n<meta property=\"og:description\" content=\"Polic\u00eda e inspectores del distrito realizaron m\u00faltiples operativos de control\" \/>\n<meta property=\"og:url\" content=\"https:\/\/www.noticiasradioreflejos.com.ar\/2021\/fin-de-semana-movido-hubo-aprehendidos-vehiculos-secuestrados-y-accidentes-en-la-comarca-serrana\/\" \/>\n<meta property=\"og:site_name\" content=\"Noticias Radio Reflejos\" \/>\n<meta property=\"article:published_time\" content=\"2024-01-08T16:33:09+00:00\" \/>\n<meta property=\"og:image\" content=\"https:\/\/www.noticiasradioreflejos.com.ar\/2021\/wp-content\/uploads\/2024\/01\/Controles8-1.jpeg\" \/>\n\t<meta property=\"og:image:width\" content=\"1158\" \/>\n\t<meta property=\"og:image:height\" content=\"645\" \/>\n\t<meta property=\"og:image:type\" content=\"image\/jpeg\" \/>\n<meta name=\"author\" content=\"Arnaldo Botto\" \/>\n<meta name=\"twitter:card\" content=\"summary_large_image\" \/>\n<script type=\"application\/ld+json\" class=\"yoast-schema-graph\">{\"@context\":\"https:\/\/schema.org\",\"@graph\":[{\"@type\":\"WebPage\",\"@id\":\"https:\/\/www.noticiasradioreflejos.com.ar\/2021\/fin-de-semana-movido-hubo-aprehendidos-vehiculos-secuestrados-y-accidentes-en-la-comarca-serrana\/\",\"url\":\"https:\/\/www.noticiasradioreflejos.com.ar\/2021\/fin-de-semana-movido-hubo-aprehendidos-vehiculos-secuestrados-y-accidentes-en-la-comarca-serrana\/\",\"name\":\"Fin de semana movido: Hubo aprehendidos, veh\u00edculos secuestrados y accidentes en la comarca serrana. - Noticias Radio Reflejos\",\"isPartOf\":{\"@id\":\"https:\/\/www.noticiasradioreflejos.com.ar\/2021\/#website\"},\"primaryImageOfPage\":{\"@id\":\"https:\/\/www.noticiasradioreflejos.com.ar\/2021\/fin-de-semana-movido-hubo-aprehendidos-vehiculos-secuestrados-y-accidentes-en-la-comarca-serrana\/#primaryimage\"},\"image\":{\"@id\":\"https:\/\/www.noticiasradioreflejos.com.ar\/2021\/fin-de-semana-movido-hubo-aprehendidos-vehiculos-secuestrados-y-accidentes-en-la-comarca-serrana\/#primaryimage\"},\"thumbnailUrl\":\"https:\/\/www.noticiasradioreflejos.com.ar\/2021\/wp-content\/uploads\/2024\/01\/Controles8-1.jpeg\",\"datePublished\":\"2024-01-08T16:33:09+00:00\",\"author\":{\"@id\":\"https:\/\/www.noticiasradioreflejos.com.ar\/2021\/#\/schema\/person\/ad82545263dcc5ec0996818884fd5fb1\"},\"breadcrumb\":{\"@id\":\"https:\/\/www.noticiasradioreflejos.com.ar\/2021\/fin-de-semana-movido-hubo-aprehendidos-vehiculos-secuestrados-y-accidentes-en-la-comarca-serrana\/#breadcrumb\"},\"inLanguage\":\"es\",\"potentialAction\":[{\"@type\":\"ReadAction\",\"target\":[\"https:\/\/www.noticiasradioreflejos.com.ar\/2021\/fin-de-semana-movido-hubo-aprehendidos-vehiculos-secuestrados-y-accidentes-en-la-comarca-serrana\/\"]}]},{\"@type\":\"ImageObject\",\"inLanguage\":\"es\",\"@id\":\"https:\/\/www.noticiasradioreflejos.com.ar\/2021\/fin-de-semana-movido-hubo-aprehendidos-vehiculos-secuestrados-y-accidentes-en-la-comarca-serrana\/#primaryimage\",\"url\":\"https:\/\/www.noticiasradioreflejos.com.ar\/2021\/wp-content\/uploads\/2024\/01\/Controles8-1.jpeg\",\"contentUrl\":\"https:\/\/www.noticiasradioreflejos.com.ar\/2021\/wp-content\/uploads\/2024\/01\/Controles8-1.jpeg\",\"width\":1158,\"height\":645},{\"@type\":\"BreadcrumbList\",\"@id\":\"https:\/\/www.noticiasradioreflejos.com.ar\/2021\/fin-de-semana-movido-hubo-aprehendidos-vehiculos-secuestrados-y-accidentes-en-la-comarca-serrana\/#breadcrumb\",\"itemListElement\":[{\"@type\":\"ListItem\",\"position\":1,\"name\":\"Portada\",\"item\":\"https:\/\/www.noticiasradioreflejos.com.ar\/2021\/\"},{\"@type\":\"ListItem\",\"position\":2,\"name\":\"Fin de semana movido: Hubo aprehendidos, veh\u00edculos secuestrados y accidentes en la comarca serrana.\"}]},{\"@type\":\"WebSite\",\"@id\":\"https:\/\/www.noticiasradioreflejos.com.ar\/2021\/#website\",\"url\":\"https:\/\/www.noticiasradioreflejos.com.ar\/2021\/\",\"name\":\"Noticias Radio Reflejos\",\"description\":\"Las noticias de mi comarca\",\"potentialAction\":[{\"@type\":\"SearchAction\",\"target\":{\"@type\":\"EntryPoint\",\"urlTemplate\":\"https:\/\/www.noticiasradioreflejos.com.ar\/2021\/?s={search_term_string}\"},\"query-input\":{\"@type\":\"PropertyValueSpecification\",\"valueRequired\":true,\"valueName\":\"search_term_string\"}}],\"inLanguage\":\"es\"},{\"@type\":\"Person\",\"@id\":\"https:\/\/www.noticiasradioreflejos.com.ar\/2021\/#\/schema\/person\/ad82545263dcc5ec0996818884fd5fb1\",\"name\":\"Arnaldo Botto\",\"image\":{\"@type\":\"ImageObject\",\"inLanguage\":\"es\",\"@id\":\"https:\/\/www.noticiasradioreflejos.com.ar\/2021\/#\/schema\/person\/image\/\",\"url\":\"https:\/\/secure.gravatar.com\/avatar\/55cb5e37c1efa326397366e6974cb338056df65cb50e7d64d1cf314e87504837?s=96&d=mm&r=g\",\"contentUrl\":\"https:\/\/secure.gravatar.com\/avatar\/55cb5e37c1efa326397366e6974cb338056df65cb50e7d64d1cf314e87504837?s=96&d=mm&r=g\",\"caption\":\"Arnaldo Botto\"},\"url\":\"https:\/\/www.noticiasradioreflejos.com.ar\/2021\/author\/arnaldo\/\"}]}<\/script>\n<!-- \/ Yoast SEO plugin. -->","yoast_head_json":{"title":"Fin de semana movido: Hubo aprehendidos, veh\u00edculos secuestrados y accidentes en la comarca serrana. - Noticias Radio Reflejos","robots":{"index":"index","follow":"follow","max-snippet":"max-snippet:-1","max-image-preview":"max-image-preview:large","max-video-preview":"max-video-preview:-1"},"canonical":"https:\/\/www.noticiasradioreflejos.com.ar\/2021\/fin-de-semana-movido-hubo-aprehendidos-vehiculos-secuestrados-y-accidentes-en-la-comarca-serrana\/","og_locale":"es_ES","og_type":"article","og_title":"Fin de semana movido: Hubo aprehendidos, veh\u00edculos secuestrados y accidentes en la comarca serrana. - Noticias Radio Reflejos","og_description":"Polic\u00eda e inspectores del distrito realizaron m\u00faltiples operativos de control","og_url":"https:\/\/www.noticiasradioreflejos.com.ar\/2021\/fin-de-semana-movido-hubo-aprehendidos-vehiculos-secuestrados-y-accidentes-en-la-comarca-serrana\/","og_site_name":"Noticias Radio Reflejos","article_published_time":"2024-01-08T16:33:09+00:00","og_image":[{"width":1158,"height":645,"url":"https:\/\/www.noticiasradioreflejos.com.ar\/2021\/wp-content\/uploads\/2024\/01\/Controles8-1.jpeg","type":"image\/jpeg"}],"author":"Arnaldo Botto","twitter_card":"summary_large_image","schema":{"@context":"https:\/\/schema.org","@graph":[{"@type":"WebPage","@id":"https:\/\/www.noticiasradioreflejos.com.ar\/2021\/fin-de-semana-movido-hubo-aprehendidos-vehiculos-secuestrados-y-accidentes-en-la-comarca-serrana\/","url":"https:\/\/www.noticiasradioreflejos.com.ar\/2021\/fin-de-semana-movido-hubo-aprehendidos-vehiculos-secuestrados-y-accidentes-en-la-comarca-serrana\/","name":"Fin de semana movido: Hubo aprehendidos, veh\u00edculos secuestrados y accidentes en la comarca serrana. - Noticias Radio Reflejos","isPartOf":{"@id":"https:\/\/www.noticiasradioreflejos.com.ar\/2021\/#website"},"primaryImageOfPage":{"@id":"https:\/\/www.noticiasradioreflejos.com.ar\/2021\/fin-de-semana-movido-hubo-aprehendidos-vehiculos-secuestrados-y-accidentes-en-la-comarca-serrana\/#primaryimage"},"image":{"@id":"https:\/\/www.noticiasradioreflejos.com.ar\/2021\/fin-de-semana-movido-hubo-aprehendidos-vehiculos-secuestrados-y-accidentes-en-la-comarca-serrana\/#primaryimage"},"thumbnailUrl":"https:\/\/www.noticiasradioreflejos.com.ar\/2021\/wp-content\/uploads\/2024\/01\/Controles8-1.jpeg","datePublished":"2024-01-08T16:33:09+00:00","author":{"@id":"https:\/\/www.noticiasradioreflejos.com.ar\/2021\/#\/schema\/person\/ad82545263dcc5ec0996818884fd5fb1"},"breadcrumb":{"@id":"https:\/\/www.noticiasradioreflejos.com.ar\/2021\/fin-de-semana-movido-hubo-aprehendidos-vehiculos-secuestrados-y-accidentes-en-la-comarca-serrana\/#breadcrumb"},"inLanguage":"es","potentialAction":[{"@type":"ReadAction","target":["https:\/\/www.noticiasradioreflejos.com.ar\/2021\/fin-de-semana-movido-hubo-aprehendidos-vehiculos-secuestrados-y-accidentes-en-la-comarca-serrana\/"]}]},{"@type":"ImageObject","inLanguage":"es","@id":"https:\/\/www.noticiasradioreflejos.com.ar\/2021\/fin-de-semana-movido-hubo-aprehendidos-vehiculos-secuestrados-y-accidentes-en-la-comarca-serrana\/#primaryimage","url":"https:\/\/www.noticiasradioreflejos.com.ar\/2021\/wp-content\/uploads\/2024\/01\/Controles8-1.jpeg","contentUrl":"https:\/\/www.noticiasradioreflejos.com.ar\/2021\/wp-content\/uploads\/2024\/01\/Controles8-1.jpeg","width":1158,"height":645},{"@type":"BreadcrumbList","@id":"https:\/\/www.noticiasradioreflejos.com.ar\/2021\/fin-de-semana-movido-hubo-aprehendidos-vehiculos-secuestrados-y-accidentes-en-la-comarca-serrana\/#breadcrumb","itemListElement":[{"@type":"ListItem","position":1,"name":"Portada","item":"https:\/\/www.noticiasradioreflejos.com.ar\/2021\/"},{"@type":"ListItem","position":2,"name":"Fin de semana movido: Hubo aprehendidos, veh\u00edculos secuestrados y accidentes en la comarca serrana."}]},{"@type":"WebSite","@id":"https:\/\/www.noticiasradioreflejos.com.ar\/2021\/#website","url":"https:\/\/www.noticiasradioreflejos.com.ar\/2021\/","name":"Noticias Radio Reflejos","description":"Las noticias de mi comarca","potentialAction":[{"@type":"SearchAction","target":{"@type":"EntryPoint","urlTemplate":"https:\/\/www.noticiasradioreflejos.com.ar\/2021\/?s={search_term_string}"},"query-input":{"@type":"PropertyValueSpecification","valueRequired":true,"valueName":"search_term_string"}}],"inLanguage":"es"},{"@type":"Person","@id":"https:\/\/www.noticiasradioreflejos.com.ar\/2021\/#\/schema\/person\/ad82545263dcc5ec0996818884fd5fb1","name":"Arnaldo Botto","image":{"@type":"ImageObject","inLanguage":"es","@id":"https:\/\/www.noticiasradioreflejos.com.ar\/2021\/#\/schema\/person\/image\/","url":"https:\/\/secure.gravatar.com\/avatar\/55cb5e37c1efa326397366e6974cb338056df65cb50e7d64d1cf314e87504837?s=96&d=mm&r=g","contentUrl":"https:\/\/secure.gravatar.com\/avatar\/55cb5e37c1efa326397366e6974cb338056df65cb50e7d64d1cf314e87504837?s=96&d=mm&r=g","caption":"Arnaldo Botto"},"url":"https:\/\/www.noticiasradioreflejos.com.ar\/2021\/author\/arnaldo\/"}]}},"_links":{"self":[{"href":"https:\/\/www.noticiasradioreflejos.com.ar\/2021\/wp-json\/wp\/v2\/posts\/97437","targetHints":{"allow":["GET"]}}],"collection":[{"href":"https:\/\/www.noticiasradioreflejos.com.ar\/2021\/wp-json\/wp\/v2\/posts"}],"about":[{"href":"https:\/\/www.noticiasradioreflejos.com.ar\/2021\/wp-json\/wp\/v2\/types\/post"}],"author":[{"embeddable":true,"href":"https:\/\/www.noticiasradioreflejos.com.ar\/2021\/wp-json\/wp\/v2\/users\/3"}],"replies":[{"embeddable":true,"href":"https:\/\/www.noticiasradioreflejos.com.ar\/2021\/wp-json\/wp\/v2\/comments?post=97437"}],"version-history":[{"count":1,"href":"https:\/\/www.noticiasradioreflejos.com.ar\/2021\/wp-json\/wp\/v2\/posts\/97437\/revisions"}],"predecessor-version":[{"id":97439,"href":"https:\/\/www.noticiasradioreflejos.com.ar\/2021\/wp-json\/wp\/v2\/posts\/97437\/revisions\/97439"}],"wp:featuredmedia":[{"embeddable":true,"href":"https:\/\/www.noticiasradioreflejos.com.ar\/2021\/wp-json\/wp\/v2\/media\/97438"}],"wp:attachment":[{"href":"https:\/\/www.noticiasradioreflejos.com.ar\/2021\/wp-json\/wp\/v2\/media?parent=97437"}],"wp:term":[{"taxonomy":"category","embeddable":true,"href":"https:\/\/www.noticiasradioreflejos.com.ar\/2021\/wp-json\/wp\/v2\/categories?post=97437"},{"taxonomy":"post_tag","embeddable":true,"href":"https:\/\/www.noticiasradioreflejos.com.ar\/2021\/wp-json\/wp\/v2\/tags?post=97437"}],"curies":[{"name":"wp","href":"https:\/\/api.w.org\/{rel}","templated":true}]}}