{"id":97422,"date":"2024-01-08T07:36:40","date_gmt":"2024-01-08T10:36:40","guid":{"rendered":"https:\/\/www.noticiasradioreflejos.com.ar\/2021\/?p=97422"},"modified":"2024-01-08T07:36:40","modified_gmt":"2024-01-08T10:36:40","slug":"una-brillante-noche-se-vivio-en-sierra-de-la-ventana-con-la-llegada-de-los-reyes-magos","status":"publish","type":"post","link":"https:\/\/www.noticiasradioreflejos.com.ar\/2021\/una-brillante-noche-se-vivio-en-sierra-de-la-ventana-con-la-llegada-de-los-reyes-magos\/","title":{"rendered":"Una brillante noche se vivi\u00f3 en Sierra de la Ventana con la llegada de Los Reyes Magos"},"content":{"rendered":"<div class=\"noticia\">\n<div class=\"noticia-content\">\n<div class=\"hnoti\">La 60\u00ba edici\u00f3n de la Fiesta Provincial de Reyes Magos, tuvo su jornada de clausura este s\u00e1bado 6 de enero en el predio del Centro Cultural de Sierra de la Ventana con much\u00edsima gente que se hizo presente y con un clima excelente.<\/div>\n<div class=\"text\">\n<p>Recordemos que el d\u00eda viernes la bajada de los soberanos de oriente se\u00a0 cancel\u00f3 por tormenta el\u00e9ctrica al igual que los fuegos artificiales y el pesebre viviente que se pudo apreciar en el cierre.<\/p>\n<p>El comienzo de la jornada tuvo la presentaci\u00f3n de Sacateca percusi\u00f3n, un grupo de vecinos serranos que le pusieron ritmo a la tarde. Acto seguido Beatles en Vivo con la participaci\u00f3n de Tahiel Donofrio (Prados del Sol) el joven de 10 a\u00f1os que acompa\u00f1a a la banda tributo de los genios de Liverpool.<\/p>\n<p>Tambi\u00e9n el folklore se hizo presente con Aparceros y sus chacareras y zambas que fueron bailadas por el p\u00fablico.<\/p>\n<p>Pasada la hora 22, el incre\u00edble show de fuegos de artificio fue un gran espect\u00e1culo que cautiv\u00f3 a toda la familia.<\/p>\n<p>Esto fue el anticipo de la llegada de Melchor, Gaspar y Baltasar que acompa\u00f1ado por los bomberos voluntarios de la localidad llegaron con sus luces y bengalas desde el cerro e ingresaron al predio cerca de la hora 22.45 para alegr\u00eda de todos los ni\u00f1os.<\/p>\n<p>El pesebre recibi\u00f3 una bendici\u00f3n y el ni\u00f1o Jes\u00fas atrap\u00f3 la mirada de todos como as\u00ed tambi\u00e9n los ni\u00f1os y ni\u00f1as que participaron del mismo.<\/p>\n<p>La vecina Sara Medrano como hace tantos a\u00f1os fue la encargada de cantar el Ave Mar\u00eda que emocion\u00f3 el momento vivido.<\/p>\n<p>M\u00e1s tarde los reyes veneraron el pesebre y comenz\u00f3 la entrega de juguetes como as\u00ed tambi\u00e9n las fotos respectivas.<\/p>\n<p>Durante la noche todos los carros gastron\u00f3micos trabajaron a destajo y se pudo visitar el paseo de artesanos y el parque de juegos.<\/p>\n<p>La conducci\u00f3n del evento estuvo a cargo de Maira Esquivel y Pablo Balario. Se hicieron presentes el Intendente municipal Sergio Bordoni, la delegada comunal Susana Dos Santos y los integrantes de la comisi\u00f3n de festejos. En el sonido Bruno Bordoni y Fenix Producciones de Orlando Contreras.<\/p>\n<p>Un p\u00e1rrafo aparte para Rene Dolera \u00a0ya fallecido y Oscar Kaltenbach, ellos siempre fueron dos valuartes de este hermoso festejo y por eso el escenario de la fiesta lleva su nombre.<\/p>\n<p><iframe loading=\"lazy\" style=\"border: none; overflow: hidden;\" src=\"https:\/\/www.facebook.com\/plugins\/post.php?href=https%3A%2F%2Fwww.facebook.com%2Fpermalink.php%3Fstory_fbid%3Dpfbid02VixSQL4mdB64CxENY2CPJHrEAg3qzasTnDZLUsZ1RcwsTb9yTyNU6Kr7BpM5YxX1l%26id%3D100091327519773&amp;show_text=true&amp;width=500\" width=\"500\" height=\"723\" frameborder=\"0\" scrolling=\"no\" allowfullscreen=\"allowfullscreen\"><\/iframe><\/p>\n<p>ALBUM DE FOTOS<strong><a href=\"https:\/\/www.facebook.com\/noticastornquist\/posts\/pfbid0292xNiBQ4rkta4qqkoBypHXS7dvxpv9g5QuWWXzWER8LxrxMa5WnrEMG7EHKs5RkCl\">AQUI<\/a><\/strong><\/p>\n<p>&nbsp;<\/p>\n<\/div>\n<div>\n<p><img decoding=\"async\" src=\"https:\/\/www.noticiastornquist.com.ar\/imagen.php?imagen=2024-01\/dsc0245-1280x768.jpg\" \/><\/p>\n<div><\/div>\n<hr \/>\n<p><img decoding=\"async\" src=\"https:\/\/www.noticiastornquist.com.ar\/imagen.php?imagen=2024-01\/dsc0087-1280x768.jpg\" \/><\/p>\n<div><\/div>\n<hr \/>\n<p><img decoding=\"async\" src=\"https:\/\/www.noticiastornquist.com.ar\/imagen.php?imagen=2024-01\/dsc0151-1280x768.jpg\" \/><\/p>\n<div><\/div>\n<hr \/>\n<p><img decoding=\"async\" src=\"https:\/\/www.noticiastornquist.com.ar\/imagen.php?imagen=2024-01\/dsc0160-1280x768.jpg\" \/><\/p>\n<div><\/div>\n<hr \/>\n<p><img decoding=\"async\" src=\"https:\/\/www.noticiastornquist.com.ar\/imagen.php?imagen=2024-01\/dsc0179-1280x768.jpg\" \/><\/p>\n<div><\/div>\n<hr \/>\n<p><img decoding=\"async\" src=\"https:\/\/www.noticiastornquist.com.ar\/imagen.php?imagen=2024-01\/dsc0186-1280x768.jpg\" \/><\/p>\n<div><\/div>\n<hr \/>\n<p><img decoding=\"async\" src=\"https:\/\/www.noticiastornquist.com.ar\/imagen.php?imagen=2024-01\/dsc0209-1280x768.jpg\" \/><\/p>\n<div><\/div>\n<hr \/>\n<p><img decoding=\"async\" src=\"https:\/\/www.noticiastornquist.com.ar\/imagen.php?imagen=2024-01\/dsc0219-1280x768.jpg\" \/><\/p>\n<div><\/div>\n<hr \/>\n<p><img decoding=\"async\" src=\"https:\/\/www.noticiastornquist.com.ar\/imagen.php?imagen=2024-01\/dsc0229-1280x768.jpg\" \/><\/p>\n<div><\/div>\n<hr \/>\n<p><img decoding=\"async\" src=\"https:\/\/www.noticiastornquist.com.ar\/imagen.php?imagen=2024-01\/dsc0249-1280x768.jpg\" \/><\/p>\n<div><\/div>\n<hr \/>\n<p><img decoding=\"async\" src=\"https:\/\/www.noticiastornquist.com.ar\/imagen.php?imagen=2024-01\/dsc0253-1280x768.jpg\" \/><\/p>\n<div><\/div>\n<hr \/>\n<p><img decoding=\"async\" src=\"https:\/\/www.noticiastornquist.com.ar\/imagen.php?imagen=2024-01\/dsc0254-1280x768.jpg\" \/><\/p>\n<div><\/div>\n<hr \/>\n<p><img decoding=\"async\" src=\"https:\/\/www.noticiastornquist.com.ar\/imagen.php?imagen=2024-01\/dsc0266-1280x768.jpg\" \/><\/p>\n<div><\/div>\n<hr \/>\n<p><img decoding=\"async\" src=\"https:\/\/www.noticiastornquist.com.ar\/imagen.php?imagen=2024-01\/dsc0134-1280x768.jpg\" \/><\/p>\n<div><\/div>\n<hr \/>\n<p><img decoding=\"async\" src=\"https:\/\/www.noticiastornquist.com.ar\/imagen.php?imagen=2024-01\/dsc0137-1280x768.jpg\" \/><\/p>\n<div><\/div>\n<hr \/>\n<p><img decoding=\"async\" src=\"https:\/\/www.noticiastornquist.com.ar\/imagen.php?imagen=2024-01\/dsc0138-1280x768.jpg\" \/><\/p>\n<div><\/div>\n<hr \/>\n<p><img decoding=\"async\" src=\"https:\/\/www.noticiastornquist.com.ar\/imagen.php?imagen=2024-01\/dsc0143-1280x768.jpg\" \/><\/p>\n<div><\/div>\n<hr \/>\n<\/div>\n<\/div>\n<\/div>\n<p><em><strong>Fuente : Noticias Tornquist<\/strong><\/em><\/p>\n<p>&nbsp;<\/p>\n","protected":false},"excerpt":{"rendered":"<p>La 60\u00ba edici\u00f3n de la Fiesta Provincial de Reyes Magos, tuvo su jornada de clausura este s\u00e1bado 6 de enero en el predio del Centro Cultural de Sierra de la Ventana con much\u00edsima gente que se hizo presente y con un clima excelente. Recordemos que el d\u00eda viernes la bajada de los soberanos de oriente [&hellip;]<\/p>\n","protected":false},"author":3,"featured_media":97423,"comment_status":"closed","ping_status":"closed","sticky":false,"template":"","format":"standard","meta":{"footnotes":""},"categories":[35,26,33],"tags":[48],"class_list":["post-97422","post","type-post","status-publish","format-standard","has-post-thumbnail","hentry","category-cultura","category-sociedad","category-turismo","tag-destacada"],"yoast_head":"<!-- This site is optimized with the Yoast SEO plugin v25.9 - https:\/\/yoast.com\/wordpress\/plugins\/seo\/ -->\n<title>Una brillante noche se vivi\u00f3 en Sierra de la Ventana con la llegada de Los Reyes Magos - Noticias Radio Reflejos<\/title>\n<meta name=\"robots\" content=\"index, follow, max-snippet:-1, max-image-preview:large, max-video-preview:-1\" \/>\n<link rel=\"canonical\" href=\"https:\/\/www.noticiasradioreflejos.com.ar\/2021\/una-brillante-noche-se-vivio-en-sierra-de-la-ventana-con-la-llegada-de-los-reyes-magos\/\" \/>\n<meta property=\"og:locale\" content=\"es_ES\" \/>\n<meta property=\"og:type\" content=\"article\" \/>\n<meta property=\"og:title\" content=\"Una brillante noche se vivi\u00f3 en Sierra de la Ventana con la llegada de Los Reyes Magos - Noticias Radio Reflejos\" \/>\n<meta property=\"og:description\" content=\"La 60\u00ba edici\u00f3n de la Fiesta Provincial de Reyes Magos, tuvo su jornada de clausura este s\u00e1bado 6 de enero en el predio del Centro Cultural de Sierra de la Ventana con much\u00edsima gente que se hizo presente y con un clima excelente. Recordemos que el d\u00eda viernes la bajada de los soberanos de oriente [&hellip;]\" \/>\n<meta property=\"og:url\" content=\"https:\/\/www.noticiasradioreflejos.com.ar\/2021\/una-brillante-noche-se-vivio-en-sierra-de-la-ventana-con-la-llegada-de-los-reyes-magos\/\" \/>\n<meta property=\"og:site_name\" content=\"Noticias Radio Reflejos\" \/>\n<meta property=\"article:published_time\" content=\"2024-01-08T10:36:40+00:00\" \/>\n<meta property=\"og:image\" content=\"https:\/\/www.noticiasradioreflejos.com.ar\/2021\/wp-content\/uploads\/2024\/01\/Reyes-2024.jpg\" \/>\n\t<meta property=\"og:image:width\" content=\"1024\" \/>\n\t<meta property=\"og:image:height\" content=\"683\" \/>\n\t<meta property=\"og:image:type\" content=\"image\/jpeg\" \/>\n<meta name=\"author\" content=\"Arnaldo Botto\" \/>\n<meta name=\"twitter:card\" content=\"summary_large_image\" \/>\n<script type=\"application\/ld+json\" class=\"yoast-schema-graph\">{\"@context\":\"https:\/\/schema.org\",\"@graph\":[{\"@type\":\"WebPage\",\"@id\":\"https:\/\/www.noticiasradioreflejos.com.ar\/2021\/una-brillante-noche-se-vivio-en-sierra-de-la-ventana-con-la-llegada-de-los-reyes-magos\/\",\"url\":\"https:\/\/www.noticiasradioreflejos.com.ar\/2021\/una-brillante-noche-se-vivio-en-sierra-de-la-ventana-con-la-llegada-de-los-reyes-magos\/\",\"name\":\"Una brillante noche se vivi\u00f3 en Sierra de la Ventana con la llegada de Los Reyes Magos - Noticias Radio Reflejos\",\"isPartOf\":{\"@id\":\"https:\/\/www.noticiasradioreflejos.com.ar\/2021\/#website\"},\"primaryImageOfPage\":{\"@id\":\"https:\/\/www.noticiasradioreflejos.com.ar\/2021\/una-brillante-noche-se-vivio-en-sierra-de-la-ventana-con-la-llegada-de-los-reyes-magos\/#primaryimage\"},\"image\":{\"@id\":\"https:\/\/www.noticiasradioreflejos.com.ar\/2021\/una-brillante-noche-se-vivio-en-sierra-de-la-ventana-con-la-llegada-de-los-reyes-magos\/#primaryimage\"},\"thumbnailUrl\":\"https:\/\/www.noticiasradioreflejos.com.ar\/2021\/wp-content\/uploads\/2024\/01\/Reyes-2024.jpg\",\"datePublished\":\"2024-01-08T10:36:40+00:00\",\"author\":{\"@id\":\"https:\/\/www.noticiasradioreflejos.com.ar\/2021\/#\/schema\/person\/ad82545263dcc5ec0996818884fd5fb1\"},\"breadcrumb\":{\"@id\":\"https:\/\/www.noticiasradioreflejos.com.ar\/2021\/una-brillante-noche-se-vivio-en-sierra-de-la-ventana-con-la-llegada-de-los-reyes-magos\/#breadcrumb\"},\"inLanguage\":\"es\",\"potentialAction\":[{\"@type\":\"ReadAction\",\"target\":[\"https:\/\/www.noticiasradioreflejos.com.ar\/2021\/una-brillante-noche-se-vivio-en-sierra-de-la-ventana-con-la-llegada-de-los-reyes-magos\/\"]}]},{\"@type\":\"ImageObject\",\"inLanguage\":\"es\",\"@id\":\"https:\/\/www.noticiasradioreflejos.com.ar\/2021\/una-brillante-noche-se-vivio-en-sierra-de-la-ventana-con-la-llegada-de-los-reyes-magos\/#primaryimage\",\"url\":\"https:\/\/www.noticiasradioreflejos.com.ar\/2021\/wp-content\/uploads\/2024\/01\/Reyes-2024.jpg\",\"contentUrl\":\"https:\/\/www.noticiasradioreflejos.com.ar\/2021\/wp-content\/uploads\/2024\/01\/Reyes-2024.jpg\",\"width\":1024,\"height\":683},{\"@type\":\"BreadcrumbList\",\"@id\":\"https:\/\/www.noticiasradioreflejos.com.ar\/2021\/una-brillante-noche-se-vivio-en-sierra-de-la-ventana-con-la-llegada-de-los-reyes-magos\/#breadcrumb\",\"itemListElement\":[{\"@type\":\"ListItem\",\"position\":1,\"name\":\"Portada\",\"item\":\"https:\/\/www.noticiasradioreflejos.com.ar\/2021\/\"},{\"@type\":\"ListItem\",\"position\":2,\"name\":\"Una brillante noche se vivi\u00f3 en Sierra de la Ventana con la llegada de Los Reyes Magos\"}]},{\"@type\":\"WebSite\",\"@id\":\"https:\/\/www.noticiasradioreflejos.com.ar\/2021\/#website\",\"url\":\"https:\/\/www.noticiasradioreflejos.com.ar\/2021\/\",\"name\":\"Noticias Radio Reflejos\",\"description\":\"Las noticias de mi comarca\",\"potentialAction\":[{\"@type\":\"SearchAction\",\"target\":{\"@type\":\"EntryPoint\",\"urlTemplate\":\"https:\/\/www.noticiasradioreflejos.com.ar\/2021\/?s={search_term_string}\"},\"query-input\":{\"@type\":\"PropertyValueSpecification\",\"valueRequired\":true,\"valueName\":\"search_term_string\"}}],\"inLanguage\":\"es\"},{\"@type\":\"Person\",\"@id\":\"https:\/\/www.noticiasradioreflejos.com.ar\/2021\/#\/schema\/person\/ad82545263dcc5ec0996818884fd5fb1\",\"name\":\"Arnaldo Botto\",\"image\":{\"@type\":\"ImageObject\",\"inLanguage\":\"es\",\"@id\":\"https:\/\/www.noticiasradioreflejos.com.ar\/2021\/#\/schema\/person\/image\/\",\"url\":\"https:\/\/secure.gravatar.com\/avatar\/55cb5e37c1efa326397366e6974cb338056df65cb50e7d64d1cf314e87504837?s=96&d=mm&r=g\",\"contentUrl\":\"https:\/\/secure.gravatar.com\/avatar\/55cb5e37c1efa326397366e6974cb338056df65cb50e7d64d1cf314e87504837?s=96&d=mm&r=g\",\"caption\":\"Arnaldo Botto\"},\"url\":\"https:\/\/www.noticiasradioreflejos.com.ar\/2021\/author\/arnaldo\/\"}]}<\/script>\n<!-- \/ Yoast SEO plugin. -->","yoast_head_json":{"title":"Una brillante noche se vivi\u00f3 en Sierra de la Ventana con la llegada de Los Reyes Magos - Noticias Radio Reflejos","robots":{"index":"index","follow":"follow","max-snippet":"max-snippet:-1","max-image-preview":"max-image-preview:large","max-video-preview":"max-video-preview:-1"},"canonical":"https:\/\/www.noticiasradioreflejos.com.ar\/2021\/una-brillante-noche-se-vivio-en-sierra-de-la-ventana-con-la-llegada-de-los-reyes-magos\/","og_locale":"es_ES","og_type":"article","og_title":"Una brillante noche se vivi\u00f3 en Sierra de la Ventana con la llegada de Los Reyes Magos - Noticias Radio Reflejos","og_description":"La 60\u00ba edici\u00f3n de la Fiesta Provincial de Reyes Magos, tuvo su jornada de clausura este s\u00e1bado 6 de enero en el predio del Centro Cultural de Sierra de la Ventana con much\u00edsima gente que se hizo presente y con un clima excelente. Recordemos que el d\u00eda viernes la bajada de los soberanos de oriente [&hellip;]","og_url":"https:\/\/www.noticiasradioreflejos.com.ar\/2021\/una-brillante-noche-se-vivio-en-sierra-de-la-ventana-con-la-llegada-de-los-reyes-magos\/","og_site_name":"Noticias Radio Reflejos","article_published_time":"2024-01-08T10:36:40+00:00","og_image":[{"width":1024,"height":683,"url":"https:\/\/www.noticiasradioreflejos.com.ar\/2021\/wp-content\/uploads\/2024\/01\/Reyes-2024.jpg","type":"image\/jpeg"}],"author":"Arnaldo Botto","twitter_card":"summary_large_image","schema":{"@context":"https:\/\/schema.org","@graph":[{"@type":"WebPage","@id":"https:\/\/www.noticiasradioreflejos.com.ar\/2021\/una-brillante-noche-se-vivio-en-sierra-de-la-ventana-con-la-llegada-de-los-reyes-magos\/","url":"https:\/\/www.noticiasradioreflejos.com.ar\/2021\/una-brillante-noche-se-vivio-en-sierra-de-la-ventana-con-la-llegada-de-los-reyes-magos\/","name":"Una brillante noche se vivi\u00f3 en Sierra de la Ventana con la llegada de Los Reyes Magos - Noticias Radio Reflejos","isPartOf":{"@id":"https:\/\/www.noticiasradioreflejos.com.ar\/2021\/#website"},"primaryImageOfPage":{"@id":"https:\/\/www.noticiasradioreflejos.com.ar\/2021\/una-brillante-noche-se-vivio-en-sierra-de-la-ventana-con-la-llegada-de-los-reyes-magos\/#primaryimage"},"image":{"@id":"https:\/\/www.noticiasradioreflejos.com.ar\/2021\/una-brillante-noche-se-vivio-en-sierra-de-la-ventana-con-la-llegada-de-los-reyes-magos\/#primaryimage"},"thumbnailUrl":"https:\/\/www.noticiasradioreflejos.com.ar\/2021\/wp-content\/uploads\/2024\/01\/Reyes-2024.jpg","datePublished":"2024-01-08T10:36:40+00:00","author":{"@id":"https:\/\/www.noticiasradioreflejos.com.ar\/2021\/#\/schema\/person\/ad82545263dcc5ec0996818884fd5fb1"},"breadcrumb":{"@id":"https:\/\/www.noticiasradioreflejos.com.ar\/2021\/una-brillante-noche-se-vivio-en-sierra-de-la-ventana-con-la-llegada-de-los-reyes-magos\/#breadcrumb"},"inLanguage":"es","potentialAction":[{"@type":"ReadAction","target":["https:\/\/www.noticiasradioreflejos.com.ar\/2021\/una-brillante-noche-se-vivio-en-sierra-de-la-ventana-con-la-llegada-de-los-reyes-magos\/"]}]},{"@type":"ImageObject","inLanguage":"es","@id":"https:\/\/www.noticiasradioreflejos.com.ar\/2021\/una-brillante-noche-se-vivio-en-sierra-de-la-ventana-con-la-llegada-de-los-reyes-magos\/#primaryimage","url":"https:\/\/www.noticiasradioreflejos.com.ar\/2021\/wp-content\/uploads\/2024\/01\/Reyes-2024.jpg","contentUrl":"https:\/\/www.noticiasradioreflejos.com.ar\/2021\/wp-content\/uploads\/2024\/01\/Reyes-2024.jpg","width":1024,"height":683},{"@type":"BreadcrumbList","@id":"https:\/\/www.noticiasradioreflejos.com.ar\/2021\/una-brillante-noche-se-vivio-en-sierra-de-la-ventana-con-la-llegada-de-los-reyes-magos\/#breadcrumb","itemListElement":[{"@type":"ListItem","position":1,"name":"Portada","item":"https:\/\/www.noticiasradioreflejos.com.ar\/2021\/"},{"@type":"ListItem","position":2,"name":"Una brillante noche se vivi\u00f3 en Sierra de la Ventana con la llegada de Los Reyes Magos"}]},{"@type":"WebSite","@id":"https:\/\/www.noticiasradioreflejos.com.ar\/2021\/#website","url":"https:\/\/www.noticiasradioreflejos.com.ar\/2021\/","name":"Noticias Radio Reflejos","description":"Las noticias de mi comarca","potentialAction":[{"@type":"SearchAction","target":{"@type":"EntryPoint","urlTemplate":"https:\/\/www.noticiasradioreflejos.com.ar\/2021\/?s={search_term_string}"},"query-input":{"@type":"PropertyValueSpecification","valueRequired":true,"valueName":"search_term_string"}}],"inLanguage":"es"},{"@type":"Person","@id":"https:\/\/www.noticiasradioreflejos.com.ar\/2021\/#\/schema\/person\/ad82545263dcc5ec0996818884fd5fb1","name":"Arnaldo Botto","image":{"@type":"ImageObject","inLanguage":"es","@id":"https:\/\/www.noticiasradioreflejos.com.ar\/2021\/#\/schema\/person\/image\/","url":"https:\/\/secure.gravatar.com\/avatar\/55cb5e37c1efa326397366e6974cb338056df65cb50e7d64d1cf314e87504837?s=96&d=mm&r=g","contentUrl":"https:\/\/secure.gravatar.com\/avatar\/55cb5e37c1efa326397366e6974cb338056df65cb50e7d64d1cf314e87504837?s=96&d=mm&r=g","caption":"Arnaldo Botto"},"url":"https:\/\/www.noticiasradioreflejos.com.ar\/2021\/author\/arnaldo\/"}]}},"_links":{"self":[{"href":"https:\/\/www.noticiasradioreflejos.com.ar\/2021\/wp-json\/wp\/v2\/posts\/97422","targetHints":{"allow":["GET"]}}],"collection":[{"href":"https:\/\/www.noticiasradioreflejos.com.ar\/2021\/wp-json\/wp\/v2\/posts"}],"about":[{"href":"https:\/\/www.noticiasradioreflejos.com.ar\/2021\/wp-json\/wp\/v2\/types\/post"}],"author":[{"embeddable":true,"href":"https:\/\/www.noticiasradioreflejos.com.ar\/2021\/wp-json\/wp\/v2\/users\/3"}],"replies":[{"embeddable":true,"href":"https:\/\/www.noticiasradioreflejos.com.ar\/2021\/wp-json\/wp\/v2\/comments?post=97422"}],"version-history":[{"count":1,"href":"https:\/\/www.noticiasradioreflejos.com.ar\/2021\/wp-json\/wp\/v2\/posts\/97422\/revisions"}],"predecessor-version":[{"id":97424,"href":"https:\/\/www.noticiasradioreflejos.com.ar\/2021\/wp-json\/wp\/v2\/posts\/97422\/revisions\/97424"}],"wp:featuredmedia":[{"embeddable":true,"href":"https:\/\/www.noticiasradioreflejos.com.ar\/2021\/wp-json\/wp\/v2\/media\/97423"}],"wp:attachment":[{"href":"https:\/\/www.noticiasradioreflejos.com.ar\/2021\/wp-json\/wp\/v2\/media?parent=97422"}],"wp:term":[{"taxonomy":"category","embeddable":true,"href":"https:\/\/www.noticiasradioreflejos.com.ar\/2021\/wp-json\/wp\/v2\/categories?post=97422"},{"taxonomy":"post_tag","embeddable":true,"href":"https:\/\/www.noticiasradioreflejos.com.ar\/2021\/wp-json\/wp\/v2\/tags?post=97422"}],"curies":[{"name":"wp","href":"https:\/\/api.w.org\/{rel}","templated":true}]}}