{"id":97419,"date":"2024-01-08T07:20:31","date_gmt":"2024-01-08T10:20:31","guid":{"rendered":"https:\/\/www.noticiasradioreflejos.com.ar\/2021\/?p=97419"},"modified":"2024-01-08T07:22:07","modified_gmt":"2024-01-08T10:22:07","slug":"las-ventas-minoristas-cayeron-137-anual-en-diciembre-y-cerraron-2023-con-una-baja-de-34","status":"publish","type":"post","link":"https:\/\/www.noticiasradioreflejos.com.ar\/2021\/las-ventas-minoristas-cayeron-137-anual-en-diciembre-y-cerraron-2023-con-una-baja-de-34\/","title":{"rendered":"Las ventas minoristas cayeron 13,7% anual en diciembre y cerraron 2023 con una baja de 3,4%"},"content":{"rendered":"<p>Durante el a\u00f1o, solo el rubro de Calzado y marroquiner\u00eda exhibi\u00f3 un exiguo crecimiento del 0,4%. Por otra parte, las ventas por Reyes Magos tambi\u00e9n disminuyeron en el mismo nivel, retrocedieron un 13,6% anual<!--more--><\/p>\n<p>En diciembre, las ventas minoristas pymes tuvieron un derrumbe anual de 13,7%, en la medici\u00f3n a precios constantes, y finalizaron el a\u00f1o con una retracci\u00f3n de 3,4%. En la comparaci\u00f3n mensual descendieron 11,2%.<\/p>\n<p>El \u00faltimo mes de 2023 result\u00f3 ser el m\u00e1s desafiante para el sector del comercio pyme, que ten\u00eda la esperanza de compensar las p\u00e9rdidas acumuladas entre enero y noviembre; diciembre es tradicionalmente un per\u00edodo destacado del a\u00f1o.<\/p>\n<p>Sin embargo, los consumidores se encontraron en el cierre del 2023 con un cambio de precios abrupto en los bienes y servicios, que limitaron su capacidad de compra. Tampoco el mercado fue generoso en opciones de financiamiento y ofertas, lo que oblig\u00f3 a administrar cuidadosamente los recursos disponibles.<\/p>\n<p><img loading=\"lazy\" decoding=\"async\" class=\"CToWUd a6T\" tabindex=\"0\" src=\"https:\/\/ci3.googleusercontent.com\/meips\/ADKq_NbLLZ47PVgpU7mrVvnM6JPd9EQicF4UD0H5pWOInEh-OednKzn7Q8M-WDMLHT3DJak6pVLsd-EFghUMrKRo9FXGia61Of6KhRW3CRsZlrqj3wXWxHuqKzESkcPZm2nUZupac58PITTS7VEvv8qNeWXyDPiBa-l0M3U7co-PgLS9u_jAF3E=s0-d-e1-ft#https:\/\/mailprensa.came.org.ar\/data\/1899c60d3e88c767f20949a98d5003460b14bf85\/media_files\/647\/original\/image.png\" width=\"600\" height=\"126\" data-bit=\"iit\" \/><\/p>\n<p>En los comercios consultados coincidieron en que diciembre estuvo marcado s\u00f3lo por el dinamismo puntual que gener\u00f3 la Navidad. Muchas de las compras estrat\u00e9gicamente se anticiparon en noviembre para eludir las subas de precios que se avecinaban para el \u00faltimo mes. En suma, los siete sectores relevados finalizaron diciembre en baja, liderados por Alimentos y bebidas, donde las ventas a precios constantes se hundieron 19,8%.<\/p>\n<p>En el transcurso del a\u00f1o, solo el rubro de Calzado y marroquiner\u00eda exhibi\u00f3 un modesto aumento del 0,4%, a precios constantes, logrando mantener un desempe\u00f1o positivo. En contraste, los dem\u00e1s ramos cerraron el a\u00f1o con n\u00fameros en descenso, destac\u00e1ndose especialmente Alimentos y bebidas con un retroceso del 5,7%.<\/p>\n<p>As\u00ed surge del \u00cdndice de Ventas Minoristas Pymes de la Confederaci\u00f3n Argentina de la en Mediana Empresa (CAME), elaborado en base a un relevamiento mensual entre 1.256 comercios minoristas del pa\u00eds, realizado del 2 y 5 de enero de 2024.<\/p>\n<p>&nbsp;<\/p>\n<p><img loading=\"lazy\" decoding=\"async\" class=\"CToWUd a6T\" tabindex=\"0\" src=\"https:\/\/ci3.googleusercontent.com\/meips\/ADKq_Na43BA-cNLIiStOsejCqhF83HB7HJtM9gCRNtkwKjojU9pGugCa3qH_wOpIh2shacksaphKFH9Z7HcJ8uxNeYI44Ydsl2MXxZkJh-ekqwtoliiugO-tDx6Pjv3A7eAXELcZeuFi40UYgez1d_jPX4X4hMOgH80KLmvLwKgb_QToV6tPeMM=s0-d-e1-ft#https:\/\/mailprensa.came.org.ar\/data\/1899c60d3e88c767f20949a98d5003460b14bf85\/media_files\/648\/original\/image.png\" width=\"600\" height=\"419\" data-bit=\"iit\" \/><\/p>\n<table align=\"left\">\n<tbody>\n<tr>\n<td><\/td>\n<\/tr>\n<tr>\n<td><\/td>\n<td><\/td>\n<\/tr>\n<\/tbody>\n<\/table>\n<p><strong>An\u00e1lisis sectorial<\/strong><\/p>\n<p>&nbsp;<\/p>\n<p>En el acumulado anual, Alimentos y bebidas fue el sector de peor performance, al retraerse 5,7% frente a 2022. Calzado y marroquiner\u00eda result\u00f3 ser el de mejor din\u00e1mica, al registrar un incremento de 0,4% en la misma comparaci\u00f3n.<\/p>\n<p><img loading=\"lazy\" decoding=\"async\" class=\"CToWUd a6T\" tabindex=\"0\" src=\"https:\/\/ci3.googleusercontent.com\/meips\/ADKq_NYG8OFScoC5N2WgEQpBoZCtY0cIMjm_4Yd_dRTQ4A1Ih1o_0mi4L_c0HxR1l28pBpV2rI1uhpz4lCCY82LxzizvnrUL2oWpFHpoKK02CF2bV7Sin2kmMY0cY7P-4eMMn3xPBlHh7bCINJpBomxiy-iuGZWt3wDtE60502lu4HcDvGF33Jc=s0-d-e1-ft#https:\/\/mailprensa.came.org.ar\/data\/1899c60d3e88c767f20949a98d5003460b14bf85\/media_files\/649\/original\/image.png\" width=\"600\" height=\"595\" data-bit=\"iit\" \/><\/p>\n<p>&nbsp;<\/p>\n<p><strong>Alimentos y bebidas<\/strong><\/p>\n<p><img loading=\"lazy\" decoding=\"async\" class=\"CToWUd a6T\" tabindex=\"0\" src=\"https:\/\/ci3.googleusercontent.com\/meips\/ADKq_NbDf9Cpy4lhJy_IuKIby9Q1Pky9V7QE_AgtsTH5r1Y35u9vv4Y-TCO3eZrCKj5R-6zLeJvFUyJBi9g_MBgsqTEIsj9g91wRdeXyJ2LYCna3zSM6GPpkNYlyp6gPDlAc7ju3377zckqX_W_vcU5Dywg_26jXicAmHwpnXmxUIys_K_1xbLA=s0-d-e1-ft#https:\/\/mailprensa.came.org.ar\/data\/1899c60d3e88c767f20949a98d5003460b14bf85\/media_files\/650\/original\/image.png\" width=\"600\" height=\"125\" data-bit=\"iit\" \/><\/p>\n<p>&nbsp;<\/p>\n<p>Las ventas experimentaron un derrumbe del 19,8% en diciembre respecto al a\u00f1o anterior a precios constantes, y acumularon una ca\u00edda del 5,7% a lo largo de todo el 2023. En t\u00e9rminos de la comparaci\u00f3n mensual, se registr\u00f3 un retroceso del 13,2% en el consumo. A pesar de ser diciembre un mes tradicionalmente destacado en t\u00e9rminos de demanda para estos productos, la pronunciada disminuci\u00f3n se atribuye a la anticipaci\u00f3n por parte de los consumidores a la devaluaci\u00f3n de la moneda con consecuentes aumentos de precios. Este comportamiento llev\u00f3 a una acumulaci\u00f3n de compras en noviembre, donde los clientes adquirieron una cantidad considerable de productos que normalmente se adquieren en diciembre, especialmente durante las festividades de fin de a\u00f1o.<\/p>\n<p><span lang=\"ES-MX\">\u201cSe vendi\u00f3, pero muy poco en relaci\u00f3n con lo que se esperaba, hubo mucho aumento de precios y faltaron productos\u201d (comercio de la ciudad de C\u00f3rdoba).<\/span><\/p>\n<p><span lang=\"ES-MX\">\u201cBajaron mucho las ventas, en particular las \u00faltimas dos semanas del mes, pero tambi\u00e9n el comportamiento de las fiestas fue inesperado, no pensamos que se vender\u00eda tan modestamente\u201d (comercio de la ciudad de La Rioja).<\/span><\/p>\n<table>\n<tbody>\n<tr>\n<td><\/td>\n<\/tr>\n<tr>\n<td><\/td>\n<td><\/td>\n<\/tr>\n<\/tbody>\n<\/table>\n<p><strong><span lang=\"ES-MX\">Bazar, decoraci\u00f3n, textiles para el hogar y muebles<\/span><\/strong><\/p>\n<p><img loading=\"lazy\" decoding=\"async\" class=\"CToWUd a6T\" tabindex=\"0\" src=\"https:\/\/ci3.googleusercontent.com\/meips\/ADKq_Naw9mkfJ1l76H0xLjhtBv7FV9ZAPNDLzXvHDHGWDD4dYsprWnv4pvB7WjQ-8M9Bl0X2SasGlAyC3FLV98arUU0yavsrenHbXm8mJqOFZetqPoA1t2o0pSIlg5Hd8nNHT8pPxiCZs_qrcZURSJ3k5aO6Cc6bhnTCqfjjG7bvifpwmx31ZzE=s0-d-e1-ft#https:\/\/mailprensa.came.org.ar\/data\/1899c60d3e88c767f20949a98d5003460b14bf85\/media_files\/651\/original\/image.png\" width=\"600\" height=\"125\" data-bit=\"iit\" \/><\/p>\n<p>Las ventas se retrajeron 5,9% anual en diciembre a precios constantes y sumaron as\u00ed un descenso de 1,3% en el a\u00f1o. En el contraste intermensual bajaron 9,8%. Aunque las ventas se concentraron en las festividades, se caracterizaron por la preferencia de productos de menor tama\u00f1o y valor, lo que result\u00f3 en regalos menos significativos en comparaci\u00f3n con a\u00f1os anteriores.<\/p>\n<p>La atenci\u00f3n de los consumidores se centr\u00f3 en la evaluaci\u00f3n de precios, y muchos se sorprendieron al salir a comprar. Es que, seg\u00fan indicaron los empresarios consultados, los proveedores realizaron entregas de productos con aumentos de hasta el 100%, lo que result\u00f3 inevitable trasladar al menos parte de estos incrementos a los precios finales.<\/p>\n<p>\u201cDesde octubre tenemos problemas de abastecimiento, hay mucha especulaci\u00f3n entre los proveedores, y diciembre nos encontr\u00f3 con poco stock y poca variedad de productos, los art\u00edculos m\u00e1s vendibles se agotaron r\u00e1pido y nos quedamos sin mercader\u00eda para vender\u201d (comercio de la ciudad de San Salvador de Jujuy).<\/p>\n<p>\u201cAyudaron los cr\u00e9ditos de Anses, que son a largo plazo, sin embargo, fue el peor diciembre de los \u00faltimos a\u00f1os\u201d (comercio de Malarg\u00fce en Mendoza).<\/p>\n<table>\n<tbody>\n<tr>\n<td><\/td>\n<\/tr>\n<tr>\n<td><\/td>\n<td><\/td>\n<\/tr>\n<\/tbody>\n<\/table>\n<p><strong>Calzado y marroquiner\u00eda<\/strong><\/p>\n<p><img loading=\"lazy\" decoding=\"async\" class=\"CToWUd a6T\" tabindex=\"0\" src=\"https:\/\/ci3.googleusercontent.com\/meips\/ADKq_NaOdfrYnUM7TNShOOnJIwhaD_PbzPHytpxFODUl6AScydVABGNvodTwbzsxy3Vib90Kd29Lob0y4kKCcaebg7LENP1SEdi0IQpCflg_PwdgOXhjvYaAESLQwGqQY3_56ATJOz1UHL1PB9Lvj1kYBODlQ3rKEse1_wc8Rz49GMbQgyQAIVk=s0-d-e1-ft#https:\/\/mailprensa.came.org.ar\/data\/1899c60d3e88c767f20949a98d5003460b14bf85\/media_files\/652\/original\/image.png\" width=\"600\" height=\"125\" data-bit=\"iit\" \/><\/p>\n<p>El sector tuvo una retracci\u00f3n del 9,1% anual en diciembre, siempre a precios constantes, y finalizaron el a\u00f1o con un alza de 0,4%. Fue el \u00fanico rubro de los medidos que creci\u00f3 en 2023. Pero en la comparaci\u00f3n intermensual, las ventas descendieron 10,3%. Las tiendas lanzaron promociones, sacaron a vender el calzado de temporadas anteriores para armar paquetes de ventas, o hac\u00edan descuentos interesantes por llevar m\u00e1s de dos unidades. Aun as\u00ed, los precios alejaron a los compradores, y la venta informal cobr\u00f3 m\u00e1s dimensi\u00f3n, especialmente para Navidad.<\/p>\n<p>\u201cLas unidades vendidas cayeron mucho frente a 2022, las ventas no explotaron como otros diciembres y hasta vendimos menos que en noviembre, algo at\u00edpico\u201d (comercio de la ciudad de Salta)<\/p>\n<p>\u201cNosotros tuvimos una peque\u00f1a r\u00e1faga de ventas, no nos fue como esper\u00e1bamos, pero vendimos m\u00e1s que el a\u00f1o pasado. Ofrecimos cuotas sin inter\u00e9s, descuentos y regalos, fue lo que nos ayud\u00f3 mucho\u201d (comercio de la localidad de San Mart\u00edn en Provincia de Buenos Aires).<\/p>\n<p><strong>Farmacia<\/strong><\/p>\n<p><img loading=\"lazy\" decoding=\"async\" class=\"CToWUd a6T\" tabindex=\"0\" src=\"https:\/\/ci3.googleusercontent.com\/meips\/ADKq_NbthV2S5Y4pcz66YS_ArmidsbjveKMSNGEFMe0u6wLulBzXauBl2lSprGEpjv9Xnz3JW47Vyzhu1aY2jBgbCOCsMTTPa_0CVQBknvyMoofJlWIFmbvUWnFsEcE6tYAKA4lwAMPg55aB1C3TIphCXv33KGDEFZL7z90xVUZQIM7HmAUoBTA=s0-d-e1-ft#https:\/\/mailprensa.came.org.ar\/data\/1899c60d3e88c767f20949a98d5003460b14bf85\/media_files\/653\/original\/image.png\" width=\"600\" height=\"125\" data-bit=\"iit\" \/><\/p>\n<table align=\"left\">\n<tbody>\n<tr>\n<td><\/td>\n<\/tr>\n<tr>\n<td><\/td>\n<td><\/td>\n<\/tr>\n<\/tbody>\n<\/table>\n<p>&nbsp;<\/p>\n<p>&nbsp;<\/p>\n<p>Las ventas se desplomaron 19% anual en diciembre, a precios constantes y terminaron 2023 con una peque\u00f1a retracci\u00f3n de 0,1%. En la comparaci\u00f3n intermensual, subieron 15,3%. Las farmacias vendieron por debajo de lo esperado, afectadas por la falta de productos, las subas de precios y consumidores que se orientaron a llevar el medicamento m\u00e1s econ\u00f3mico de la droga buscada, lo que afect\u00f3 m\u00e1s a la facturaci\u00f3n que a las unidades de ventas. Desde algunas farmacias consultadas se\u00f1alaron que lo que les salv\u00f3 el mes, fue la venta de protectores solares, repelentes, desodorantes y otros productos, que b\u00e1sicamente les permiti\u00f3 tener una actividad muy superior a noviembre.<\/p>\n<p>\u201cTuvimos muchos inconvenientes con los medicamentos de PAMI, especialmente los pa\u00f1ales para adultos, no se est\u00e1n entregando y hay faltantes de medicamentos de varios laboratorios\u201d (Farmacia de General Alvear, en la provincia de Mendoza).<\/p>\n<p>\u201cLa venta fue muy mala, los precios llegaron con aumentos de entre 25% y 35% y hubo problemas de reposici\u00f3n. Entr\u00f3 m\u00e1s gente a preguntar precios que a comprar\u201d (farmacia de Funes, Provincia de Santa Fe).<\/p>\n<table>\n<tbody>\n<tr>\n<td><\/td>\n<\/tr>\n<tr>\n<td><\/td>\n<td><\/td>\n<\/tr>\n<\/tbody>\n<\/table>\n<p><strong>Perfumer\u00eda<\/strong><\/p>\n<p><img loading=\"lazy\" decoding=\"async\" class=\"CToWUd a6T\" tabindex=\"0\" src=\"https:\/\/ci3.googleusercontent.com\/meips\/ADKq_NYJBagdXglnjc6D9igL_CemC3jeXaGdJH0eVkHTvpFwGLo8PHy0aj4oMWvZQtd6dmtO_-GelxzI5qh1d_stlBrHFMhfVSkm_BgTcIZl9b88WCJOJnESgJMXVesrvw60YOtIJTnZmIEDJGmWiUnU3RZas4C1qsllnKrwU24kSXzEGDbG_V8=s0-d-e1-ft#https:\/\/mailprensa.came.org.ar\/data\/1899c60d3e88c767f20949a98d5003460b14bf85\/media_files\/654\/original\/image.png\" width=\"600\" height=\"125\" data-bit=\"iit\" \/><\/p>\n<p>Se registr\u00f3 un declive del 9,7% anual en el \u00faltimo mes del a\u00f1o que llev\u00f3 a terminar 2023 con una ca\u00edda de 2%. En el contraste intermensual, tambi\u00e9n disminuyeron 9,5%. Los precios desalentaron la venta, aunque algunas pocas perfumer\u00edas destacaron que, entre la desaparici\u00f3n del p\u00fablico, de pronto ingresaba un cliente y se llevaba un perfume importado, de alto valor, salv\u00e1ndole el d\u00eda. En los locales encuestados sostuvieron que mucha venta se desvi\u00f3 a las farmacias, que fortalecieron los productos de perfumer\u00eda y cosm\u00e9tica, perjudicando a su sector.<\/p>\n<p>\u201cSi bien las ventas de este rubro en nuestro comercio suelen ser flojas en diciembre, este mes se sumaron problemas para reponer mercader\u00eda. Tuvimos que retirar productos de exhibici\u00f3n\u201d (perfumer\u00eda de la ciudad de Buenos Aires)<\/p>\n<p>\u201cTuvimos una ca\u00edda fuerte en las unidades vendidas y la mayor\u00eda de los pagos se hicieron con transferencia, casi m\u00e1s que las operaciones con tarjeta de cr\u00e9dito\u201d (perfumer\u00eda de la ciudad de Concepci\u00f3n del Uruguay, Provincia de Entre R\u00edos)<\/p>\n<table>\n<tbody>\n<tr>\n<td><\/td>\n<\/tr>\n<tr>\n<td><\/td>\n<td><\/td>\n<\/tr>\n<\/tbody>\n<\/table>\n<p><strong>Ferreter\u00eda, materiales el\u00e9ctricos y materiales de la construcci\u00f3n<\/strong><\/p>\n<p><img loading=\"lazy\" decoding=\"async\" class=\"CToWUd a6T\" tabindex=\"0\" src=\"https:\/\/ci3.googleusercontent.com\/meips\/ADKq_Na8T4KSMtloy7uKggqklOeO2nhRVnyrkzfaDk8WvvDWz7KRUv13J9V21FTpYQh9BFghGWFExYV_-2hYwr3c-bHGqKD-Dh-0Lp6JkDY77WLAT0hj_bfMrryVLQa3HHMi1ip7EY3lrBKWTTUXeZSpfSpSf_990TTLB8VLECJoytsTufyY4ZE=s0-d-e1-ft#https:\/\/mailprensa.came.org.ar\/data\/1899c60d3e88c767f20949a98d5003460b14bf85\/media_files\/655\/original\/image.png\" width=\"600\" height=\"125\" data-bit=\"iit\" \/><\/p>\n<p>Las ventas bajaron 14,2% anual en diciembre, a precios constantes y acumularon una ca\u00edda de 3% en los doce meses del a\u00f1o. Frente al mes pasado, tambi\u00e9n cayeron 11,7%. Los empresarios consultados se mostraron sorprendidos por el freno en la actividad, aunque lo adjudicaron a la cancelaci\u00f3n de muchas obras p\u00fablicas que afect\u00f3 a toda la cadena. Los comercios medianos tuvieron un peor diciembre que los negocios m\u00e1s peque\u00f1os, que captaron algunas ventas navide\u00f1as, y las generadas por peque\u00f1as reparaciones del hogar.<\/p>\n<p>\u201cBajaron mucho las ventas por los aumentos de precios, se restringieron al m\u00ednimo necesario. Si no se reactivan, no vamos a poder seguir\u201d (comercio de la ciudad de Santiago del Estero).<\/p>\n<p>\u201cLas ventas disminuyeron notoriamente frente al mes y a\u00f1o anterior, reflejando la ca\u00edda en los ingresos de la administraci\u00f3n p\u00fablica y las obras que han quedado sin efecto\u201d (comercio de Resistencia, Chaco).<\/p>\n<p><strong>Textil e indumentaria<\/strong><\/p>\n<p><img loading=\"lazy\" decoding=\"async\" class=\"CToWUd a6T\" tabindex=\"0\" src=\"https:\/\/ci3.googleusercontent.com\/meips\/ADKq_NZBSsU6YbPjfwpva2MJ3kkxnT-i9fmp851t_gZbAOeSTT6aC-65Fe6vdyOn017iMyw_HvskS9GxpY8ShqbBO6t_7Mlm9YEhRFhH8dxXBOj-iRC1rUR45jlc0ynpFDsI8tpRJBmqPny30n--D2HkKpNGzyxhxhH04RKn0TX0q-g2ctRkQRs=s0-d-e1-ft#https:\/\/mailprensa.came.org.ar\/data\/1899c60d3e88c767f20949a98d5003460b14bf85\/media_files\/656\/original\/image.png\" width=\"600\" height=\"125\" data-bit=\"iit\" \/><\/p>\n<p>Las ventas declinaron un 4,4% anual, a precios constantes, y cerraron 2023 con un decrecimiento del 5,3%. En el cotejo intermensual, el descenso fue 6,1%. Fue el rubro que m\u00e1s se busc\u00f3 para regalos de Navidad, y donde m\u00e1s ofertas abundaron. Pero igual los precios limitaron la capacidad de compra. A diferencia de otros a\u00f1os, la gente solo se llev\u00f3 un regalo.<\/p>\n<p>\u201cLa Navidad nos salv\u00f3 el mes, despu\u00e9s no se vendi\u00f3 nada, cerramos d\u00edas sin casi ventas. La billetera Entre R\u00edos fue un aliado, esperemos que el programa contin\u00fae\u201d (comercio de la ciudad de Paran\u00e1, en Entre R\u00edos)<\/p>\n<p>\u201cEl aumento de precios y la especulaci\u00f3n complicaron la reposici\u00f3n. Creemos que se vienen meses malos, la gente tiene que comer antes que comprar ropa y la incertidumbre que se maneja complica al rubro\u00bb (comercio de la ciudad de Santa Fe)<\/p>\n<p>&nbsp;<\/p>\n<p align=\"center\"><strong><span lang=\"ES-AR\">Las ventas minoristas por Reyes Magos cayeron 13,6% anual<\/span><\/strong><\/p>\n<p><span lang=\"ES-AR\">Las ventas de los comercios minoristas pymes por la llegada de los Reyes Magos 2024 cayeron 13,6% frente a la misma fecha de 2023, medidas a precios constantes.<\/span><\/p>\n<p><span lang=\"ES-AR\">Hubo poco movimiento de gente, y las compras se limitaron a indumentaria y juguetes para el segmento de los m\u00e1s chicos. El ticket promedio fue $ 28.468, un 327% por encima del a\u00f1o pasado. Esto significa que hubo menos ventas, pero de mayor valor.<\/span><\/p>\n<p><img loading=\"lazy\" decoding=\"async\" class=\"CToWUd a6T\" tabindex=\"0\" src=\"https:\/\/ci3.googleusercontent.com\/meips\/ADKq_NZ7nQo9Upe7CIc1rmo_Fo9VUf73NPBH7WH7JxUx8uNJxrFViK6tIm_JjFo7eDjeVbao0oIT7LPVKj62HbwTlZMvQUHGBN6LlQwTYrmpg9yhF5dW-Q8eIGM5GanCHh7FfvK5SChwkwB6WaqAhzbYl_ZVolQSlOuNtI4qcByi7u8QvNJN4Yo=s0-d-e1-ft#https:\/\/mailprensa.came.org.ar\/data\/1899c60d3e88c767f20949a98d5003460b14bf85\/media_files\/657\/original\/image.png\" width=\"600\" height=\"125\" data-bit=\"iit\" \/><\/p>\n<p><span lang=\"ES-AR\">La indumentaria fue el \u00fanico de los 5 rubros relevados que finaliz\u00f3 en alza frente al a\u00f1o pasado (+5,1%). Mientras que los restantes bajaron, con la mayor ca\u00edda registrada en equipos de video, audio, celulares y accesorios (-26,9%).<\/span><\/p>\n<p align=\"center\"><img loading=\"lazy\" decoding=\"async\" class=\"CToWUd a6T\" tabindex=\"0\" src=\"https:\/\/ci3.googleusercontent.com\/meips\/ADKq_NaRBbVxi0vc_lVZRDiUC6VAhLVd2gsTU-h8urPk7pq0f3SWqfUlQPQN7VKCYyY_5lCAgM8X4l3BK-RywMgaAHTmLuXkoMUE-HUYLNn4e99evpvjjrNveQbpJ3Ws9GEbGm_4gyF0P9xrgBQjlwhF4RdpyOjm0C2s1-4h7mTCza0RqfxmjhI=s0-d-e1-ft#https:\/\/mailprensa.came.org.ar\/data\/1899c60d3e88c767f20949a98d5003460b14bf85\/media_files\/658\/original\/image.png\" width=\"600\" height=\"358\" data-bit=\"iit\" \/><\/p>\n<p>&nbsp;<\/p>\n","protected":false},"excerpt":{"rendered":"<p>Durante el a\u00f1o, solo el rubro de Calzado y marroquiner\u00eda exhibi\u00f3 un exiguo crecimiento del 0,4%. Por otra parte, las ventas por Reyes Magos tambi\u00e9n disminuyeron en el mismo nivel, retrocedieron un 13,6% anual<\/p>\n","protected":false},"author":3,"featured_media":0,"comment_status":"closed","ping_status":"closed","sticky":false,"template":"","format":"standard","meta":{"footnotes":""},"categories":[36],"tags":[48],"class_list":["post-97419","post","type-post","status-publish","format-standard","hentry","category-economia","tag-destacada"],"yoast_head":"<!-- This site is optimized with the Yoast SEO plugin v25.9 - https:\/\/yoast.com\/wordpress\/plugins\/seo\/ -->\n<title>Las ventas minoristas cayeron 13,7% anual en diciembre y cerraron 2023 con una baja de 3,4% - Noticias Radio Reflejos<\/title>\n<meta name=\"robots\" content=\"index, follow, max-snippet:-1, max-image-preview:large, max-video-preview:-1\" \/>\n<link rel=\"canonical\" href=\"https:\/\/www.noticiasradioreflejos.com.ar\/2021\/las-ventas-minoristas-cayeron-137-anual-en-diciembre-y-cerraron-2023-con-una-baja-de-34\/\" \/>\n<meta property=\"og:locale\" content=\"es_ES\" \/>\n<meta property=\"og:type\" content=\"article\" \/>\n<meta property=\"og:title\" content=\"Las ventas minoristas cayeron 13,7% anual en diciembre y cerraron 2023 con una baja de 3,4% - Noticias Radio Reflejos\" \/>\n<meta property=\"og:description\" content=\"Durante el a\u00f1o, solo el rubro de Calzado y marroquiner\u00eda exhibi\u00f3 un exiguo crecimiento del 0,4%. Por otra parte, las ventas por Reyes Magos tambi\u00e9n disminuyeron en el mismo nivel, retrocedieron un 13,6% anual\" \/>\n<meta property=\"og:url\" content=\"https:\/\/www.noticiasradioreflejos.com.ar\/2021\/las-ventas-minoristas-cayeron-137-anual-en-diciembre-y-cerraron-2023-con-una-baja-de-34\/\" \/>\n<meta property=\"og:site_name\" content=\"Noticias Radio Reflejos\" \/>\n<meta property=\"article:published_time\" content=\"2024-01-08T10:20:31+00:00\" \/>\n<meta property=\"article:modified_time\" content=\"2024-01-08T10:22:07+00:00\" \/>\n<meta property=\"og:image\" content=\"https:\/\/ci3.googleusercontent.com\/meips\/ADKq_NbLLZ47PVgpU7mrVvnM6JPd9EQicF4UD0H5pWOInEh-OednKzn7Q8M-WDMLHT3DJak6pVLsd-EFghUMrKRo9FXGia61Of6KhRW3CRsZlrqj3wXWxHuqKzESkcPZm2nUZupac58PITTS7VEvv8qNeWXyDPiBa-l0M3U7co-PgLS9u_jAF3E=s0-d-e1-ft#https:\/\/mailprensa.came.org.ar\/data\/1899c60d3e88c767f20949a98d5003460b14bf85\/media_files\/647\/original\/image.png\" \/>\n<meta name=\"author\" content=\"Arnaldo Botto\" \/>\n<meta name=\"twitter:card\" content=\"summary_large_image\" \/>\n<script type=\"application\/ld+json\" class=\"yoast-schema-graph\">{\"@context\":\"https:\/\/schema.org\",\"@graph\":[{\"@type\":\"WebPage\",\"@id\":\"https:\/\/www.noticiasradioreflejos.com.ar\/2021\/las-ventas-minoristas-cayeron-137-anual-en-diciembre-y-cerraron-2023-con-una-baja-de-34\/\",\"url\":\"https:\/\/www.noticiasradioreflejos.com.ar\/2021\/las-ventas-minoristas-cayeron-137-anual-en-diciembre-y-cerraron-2023-con-una-baja-de-34\/\",\"name\":\"Las ventas minoristas cayeron 13,7% anual en diciembre y cerraron 2023 con una baja de 3,4% - Noticias Radio Reflejos\",\"isPartOf\":{\"@id\":\"https:\/\/www.noticiasradioreflejos.com.ar\/2021\/#website\"},\"primaryImageOfPage\":{\"@id\":\"https:\/\/www.noticiasradioreflejos.com.ar\/2021\/las-ventas-minoristas-cayeron-137-anual-en-diciembre-y-cerraron-2023-con-una-baja-de-34\/#primaryimage\"},\"image\":{\"@id\":\"https:\/\/www.noticiasradioreflejos.com.ar\/2021\/las-ventas-minoristas-cayeron-137-anual-en-diciembre-y-cerraron-2023-con-una-baja-de-34\/#primaryimage\"},\"thumbnailUrl\":\"https:\/\/ci3.googleusercontent.com\/meips\/ADKq_NbLLZ47PVgpU7mrVvnM6JPd9EQicF4UD0H5pWOInEh-OednKzn7Q8M-WDMLHT3DJak6pVLsd-EFghUMrKRo9FXGia61Of6KhRW3CRsZlrqj3wXWxHuqKzESkcPZm2nUZupac58PITTS7VEvv8qNeWXyDPiBa-l0M3U7co-PgLS9u_jAF3E=s0-d-e1-ft#https:\/\/mailprensa.came.org.ar\/data\/1899c60d3e88c767f20949a98d5003460b14bf85\/media_files\/647\/original\/image.png\",\"datePublished\":\"2024-01-08T10:20:31+00:00\",\"dateModified\":\"2024-01-08T10:22:07+00:00\",\"author\":{\"@id\":\"https:\/\/www.noticiasradioreflejos.com.ar\/2021\/#\/schema\/person\/ad82545263dcc5ec0996818884fd5fb1\"},\"breadcrumb\":{\"@id\":\"https:\/\/www.noticiasradioreflejos.com.ar\/2021\/las-ventas-minoristas-cayeron-137-anual-en-diciembre-y-cerraron-2023-con-una-baja-de-34\/#breadcrumb\"},\"inLanguage\":\"es\",\"potentialAction\":[{\"@type\":\"ReadAction\",\"target\":[\"https:\/\/www.noticiasradioreflejos.com.ar\/2021\/las-ventas-minoristas-cayeron-137-anual-en-diciembre-y-cerraron-2023-con-una-baja-de-34\/\"]}]},{\"@type\":\"ImageObject\",\"inLanguage\":\"es\",\"@id\":\"https:\/\/www.noticiasradioreflejos.com.ar\/2021\/las-ventas-minoristas-cayeron-137-anual-en-diciembre-y-cerraron-2023-con-una-baja-de-34\/#primaryimage\",\"url\":\"https:\/\/ci3.googleusercontent.com\/meips\/ADKq_NbLLZ47PVgpU7mrVvnM6JPd9EQicF4UD0H5pWOInEh-OednKzn7Q8M-WDMLHT3DJak6pVLsd-EFghUMrKRo9FXGia61Of6KhRW3CRsZlrqj3wXWxHuqKzESkcPZm2nUZupac58PITTS7VEvv8qNeWXyDPiBa-l0M3U7co-PgLS9u_jAF3E=s0-d-e1-ft#https:\/\/mailprensa.came.org.ar\/data\/1899c60d3e88c767f20949a98d5003460b14bf85\/media_files\/647\/original\/image.png\",\"contentUrl\":\"https:\/\/ci3.googleusercontent.com\/meips\/ADKq_NbLLZ47PVgpU7mrVvnM6JPd9EQicF4UD0H5pWOInEh-OednKzn7Q8M-WDMLHT3DJak6pVLsd-EFghUMrKRo9FXGia61Of6KhRW3CRsZlrqj3wXWxHuqKzESkcPZm2nUZupac58PITTS7VEvv8qNeWXyDPiBa-l0M3U7co-PgLS9u_jAF3E=s0-d-e1-ft#https:\/\/mailprensa.came.org.ar\/data\/1899c60d3e88c767f20949a98d5003460b14bf85\/media_files\/647\/original\/image.png\"},{\"@type\":\"BreadcrumbList\",\"@id\":\"https:\/\/www.noticiasradioreflejos.com.ar\/2021\/las-ventas-minoristas-cayeron-137-anual-en-diciembre-y-cerraron-2023-con-una-baja-de-34\/#breadcrumb\",\"itemListElement\":[{\"@type\":\"ListItem\",\"position\":1,\"name\":\"Portada\",\"item\":\"https:\/\/www.noticiasradioreflejos.com.ar\/2021\/\"},{\"@type\":\"ListItem\",\"position\":2,\"name\":\"Las ventas minoristas cayeron 13,7% anual en diciembre y cerraron 2023 con una baja de 3,4%\"}]},{\"@type\":\"WebSite\",\"@id\":\"https:\/\/www.noticiasradioreflejos.com.ar\/2021\/#website\",\"url\":\"https:\/\/www.noticiasradioreflejos.com.ar\/2021\/\",\"name\":\"Noticias Radio Reflejos\",\"description\":\"Las noticias de mi comarca\",\"potentialAction\":[{\"@type\":\"SearchAction\",\"target\":{\"@type\":\"EntryPoint\",\"urlTemplate\":\"https:\/\/www.noticiasradioreflejos.com.ar\/2021\/?s={search_term_string}\"},\"query-input\":{\"@type\":\"PropertyValueSpecification\",\"valueRequired\":true,\"valueName\":\"search_term_string\"}}],\"inLanguage\":\"es\"},{\"@type\":\"Person\",\"@id\":\"https:\/\/www.noticiasradioreflejos.com.ar\/2021\/#\/schema\/person\/ad82545263dcc5ec0996818884fd5fb1\",\"name\":\"Arnaldo Botto\",\"image\":{\"@type\":\"ImageObject\",\"inLanguage\":\"es\",\"@id\":\"https:\/\/www.noticiasradioreflejos.com.ar\/2021\/#\/schema\/person\/image\/\",\"url\":\"https:\/\/secure.gravatar.com\/avatar\/55cb5e37c1efa326397366e6974cb338056df65cb50e7d64d1cf314e87504837?s=96&d=mm&r=g\",\"contentUrl\":\"https:\/\/secure.gravatar.com\/avatar\/55cb5e37c1efa326397366e6974cb338056df65cb50e7d64d1cf314e87504837?s=96&d=mm&r=g\",\"caption\":\"Arnaldo Botto\"},\"url\":\"https:\/\/www.noticiasradioreflejos.com.ar\/2021\/author\/arnaldo\/\"}]}<\/script>\n<!-- \/ Yoast SEO plugin. -->","yoast_head_json":{"title":"Las ventas minoristas cayeron 13,7% anual en diciembre y cerraron 2023 con una baja de 3,4% - Noticias Radio Reflejos","robots":{"index":"index","follow":"follow","max-snippet":"max-snippet:-1","max-image-preview":"max-image-preview:large","max-video-preview":"max-video-preview:-1"},"canonical":"https:\/\/www.noticiasradioreflejos.com.ar\/2021\/las-ventas-minoristas-cayeron-137-anual-en-diciembre-y-cerraron-2023-con-una-baja-de-34\/","og_locale":"es_ES","og_type":"article","og_title":"Las ventas minoristas cayeron 13,7% anual en diciembre y cerraron 2023 con una baja de 3,4% - Noticias Radio Reflejos","og_description":"Durante el a\u00f1o, solo el rubro de Calzado y marroquiner\u00eda exhibi\u00f3 un exiguo crecimiento del 0,4%. Por otra parte, las ventas por Reyes Magos tambi\u00e9n disminuyeron en el mismo nivel, retrocedieron un 13,6% anual","og_url":"https:\/\/www.noticiasradioreflejos.com.ar\/2021\/las-ventas-minoristas-cayeron-137-anual-en-diciembre-y-cerraron-2023-con-una-baja-de-34\/","og_site_name":"Noticias Radio Reflejos","article_published_time":"2024-01-08T10:20:31+00:00","article_modified_time":"2024-01-08T10:22:07+00:00","og_image":[{"url":"https:\/\/ci3.googleusercontent.com\/meips\/ADKq_NbLLZ47PVgpU7mrVvnM6JPd9EQicF4UD0H5pWOInEh-OednKzn7Q8M-WDMLHT3DJak6pVLsd-EFghUMrKRo9FXGia61Of6KhRW3CRsZlrqj3wXWxHuqKzESkcPZm2nUZupac58PITTS7VEvv8qNeWXyDPiBa-l0M3U7co-PgLS9u_jAF3E=s0-d-e1-ft#https:\/\/mailprensa.came.org.ar\/data\/1899c60d3e88c767f20949a98d5003460b14bf85\/media_files\/647\/original\/image.png","type":"","width":"","height":""}],"author":"Arnaldo Botto","twitter_card":"summary_large_image","schema":{"@context":"https:\/\/schema.org","@graph":[{"@type":"WebPage","@id":"https:\/\/www.noticiasradioreflejos.com.ar\/2021\/las-ventas-minoristas-cayeron-137-anual-en-diciembre-y-cerraron-2023-con-una-baja-de-34\/","url":"https:\/\/www.noticiasradioreflejos.com.ar\/2021\/las-ventas-minoristas-cayeron-137-anual-en-diciembre-y-cerraron-2023-con-una-baja-de-34\/","name":"Las ventas minoristas cayeron 13,7% anual en diciembre y cerraron 2023 con una baja de 3,4% - Noticias Radio Reflejos","isPartOf":{"@id":"https:\/\/www.noticiasradioreflejos.com.ar\/2021\/#website"},"primaryImageOfPage":{"@id":"https:\/\/www.noticiasradioreflejos.com.ar\/2021\/las-ventas-minoristas-cayeron-137-anual-en-diciembre-y-cerraron-2023-con-una-baja-de-34\/#primaryimage"},"image":{"@id":"https:\/\/www.noticiasradioreflejos.com.ar\/2021\/las-ventas-minoristas-cayeron-137-anual-en-diciembre-y-cerraron-2023-con-una-baja-de-34\/#primaryimage"},"thumbnailUrl":"https:\/\/ci3.googleusercontent.com\/meips\/ADKq_NbLLZ47PVgpU7mrVvnM6JPd9EQicF4UD0H5pWOInEh-OednKzn7Q8M-WDMLHT3DJak6pVLsd-EFghUMrKRo9FXGia61Of6KhRW3CRsZlrqj3wXWxHuqKzESkcPZm2nUZupac58PITTS7VEvv8qNeWXyDPiBa-l0M3U7co-PgLS9u_jAF3E=s0-d-e1-ft#https:\/\/mailprensa.came.org.ar\/data\/1899c60d3e88c767f20949a98d5003460b14bf85\/media_files\/647\/original\/image.png","datePublished":"2024-01-08T10:20:31+00:00","dateModified":"2024-01-08T10:22:07+00:00","author":{"@id":"https:\/\/www.noticiasradioreflejos.com.ar\/2021\/#\/schema\/person\/ad82545263dcc5ec0996818884fd5fb1"},"breadcrumb":{"@id":"https:\/\/www.noticiasradioreflejos.com.ar\/2021\/las-ventas-minoristas-cayeron-137-anual-en-diciembre-y-cerraron-2023-con-una-baja-de-34\/#breadcrumb"},"inLanguage":"es","potentialAction":[{"@type":"ReadAction","target":["https:\/\/www.noticiasradioreflejos.com.ar\/2021\/las-ventas-minoristas-cayeron-137-anual-en-diciembre-y-cerraron-2023-con-una-baja-de-34\/"]}]},{"@type":"ImageObject","inLanguage":"es","@id":"https:\/\/www.noticiasradioreflejos.com.ar\/2021\/las-ventas-minoristas-cayeron-137-anual-en-diciembre-y-cerraron-2023-con-una-baja-de-34\/#primaryimage","url":"https:\/\/ci3.googleusercontent.com\/meips\/ADKq_NbLLZ47PVgpU7mrVvnM6JPd9EQicF4UD0H5pWOInEh-OednKzn7Q8M-WDMLHT3DJak6pVLsd-EFghUMrKRo9FXGia61Of6KhRW3CRsZlrqj3wXWxHuqKzESkcPZm2nUZupac58PITTS7VEvv8qNeWXyDPiBa-l0M3U7co-PgLS9u_jAF3E=s0-d-e1-ft#https:\/\/mailprensa.came.org.ar\/data\/1899c60d3e88c767f20949a98d5003460b14bf85\/media_files\/647\/original\/image.png","contentUrl":"https:\/\/ci3.googleusercontent.com\/meips\/ADKq_NbLLZ47PVgpU7mrVvnM6JPd9EQicF4UD0H5pWOInEh-OednKzn7Q8M-WDMLHT3DJak6pVLsd-EFghUMrKRo9FXGia61Of6KhRW3CRsZlrqj3wXWxHuqKzESkcPZm2nUZupac58PITTS7VEvv8qNeWXyDPiBa-l0M3U7co-PgLS9u_jAF3E=s0-d-e1-ft#https:\/\/mailprensa.came.org.ar\/data\/1899c60d3e88c767f20949a98d5003460b14bf85\/media_files\/647\/original\/image.png"},{"@type":"BreadcrumbList","@id":"https:\/\/www.noticiasradioreflejos.com.ar\/2021\/las-ventas-minoristas-cayeron-137-anual-en-diciembre-y-cerraron-2023-con-una-baja-de-34\/#breadcrumb","itemListElement":[{"@type":"ListItem","position":1,"name":"Portada","item":"https:\/\/www.noticiasradioreflejos.com.ar\/2021\/"},{"@type":"ListItem","position":2,"name":"Las ventas minoristas cayeron 13,7% anual en diciembre y cerraron 2023 con una baja de 3,4%"}]},{"@type":"WebSite","@id":"https:\/\/www.noticiasradioreflejos.com.ar\/2021\/#website","url":"https:\/\/www.noticiasradioreflejos.com.ar\/2021\/","name":"Noticias Radio Reflejos","description":"Las noticias de mi comarca","potentialAction":[{"@type":"SearchAction","target":{"@type":"EntryPoint","urlTemplate":"https:\/\/www.noticiasradioreflejos.com.ar\/2021\/?s={search_term_string}"},"query-input":{"@type":"PropertyValueSpecification","valueRequired":true,"valueName":"search_term_string"}}],"inLanguage":"es"},{"@type":"Person","@id":"https:\/\/www.noticiasradioreflejos.com.ar\/2021\/#\/schema\/person\/ad82545263dcc5ec0996818884fd5fb1","name":"Arnaldo Botto","image":{"@type":"ImageObject","inLanguage":"es","@id":"https:\/\/www.noticiasradioreflejos.com.ar\/2021\/#\/schema\/person\/image\/","url":"https:\/\/secure.gravatar.com\/avatar\/55cb5e37c1efa326397366e6974cb338056df65cb50e7d64d1cf314e87504837?s=96&d=mm&r=g","contentUrl":"https:\/\/secure.gravatar.com\/avatar\/55cb5e37c1efa326397366e6974cb338056df65cb50e7d64d1cf314e87504837?s=96&d=mm&r=g","caption":"Arnaldo Botto"},"url":"https:\/\/www.noticiasradioreflejos.com.ar\/2021\/author\/arnaldo\/"}]}},"_links":{"self":[{"href":"https:\/\/www.noticiasradioreflejos.com.ar\/2021\/wp-json\/wp\/v2\/posts\/97419","targetHints":{"allow":["GET"]}}],"collection":[{"href":"https:\/\/www.noticiasradioreflejos.com.ar\/2021\/wp-json\/wp\/v2\/posts"}],"about":[{"href":"https:\/\/www.noticiasradioreflejos.com.ar\/2021\/wp-json\/wp\/v2\/types\/post"}],"author":[{"embeddable":true,"href":"https:\/\/www.noticiasradioreflejos.com.ar\/2021\/wp-json\/wp\/v2\/users\/3"}],"replies":[{"embeddable":true,"href":"https:\/\/www.noticiasradioreflejos.com.ar\/2021\/wp-json\/wp\/v2\/comments?post=97419"}],"version-history":[{"count":1,"href":"https:\/\/www.noticiasradioreflejos.com.ar\/2021\/wp-json\/wp\/v2\/posts\/97419\/revisions"}],"predecessor-version":[{"id":97420,"href":"https:\/\/www.noticiasradioreflejos.com.ar\/2021\/wp-json\/wp\/v2\/posts\/97419\/revisions\/97420"}],"wp:attachment":[{"href":"https:\/\/www.noticiasradioreflejos.com.ar\/2021\/wp-json\/wp\/v2\/media?parent=97419"}],"wp:term":[{"taxonomy":"category","embeddable":true,"href":"https:\/\/www.noticiasradioreflejos.com.ar\/2021\/wp-json\/wp\/v2\/categories?post=97419"},{"taxonomy":"post_tag","embeddable":true,"href":"https:\/\/www.noticiasradioreflejos.com.ar\/2021\/wp-json\/wp\/v2\/tags?post=97419"}],"curies":[{"name":"wp","href":"https:\/\/api.w.org\/{rel}","templated":true}]}}