{"id":97400,"date":"2024-01-05T23:32:23","date_gmt":"2024-01-06T02:32:23","guid":{"rendered":"https:\/\/www.noticiasradioreflejos.com.ar\/2021\/?p=97400"},"modified":"2024-01-05T23:32:23","modified_gmt":"2024-01-06T02:32:23","slug":"tres-arroyos-continua-la-busqueda-del-nino-de-8-anos-que-desaparecio-tras-el-temporal","status":"publish","type":"post","link":"https:\/\/www.noticiasradioreflejos.com.ar\/2021\/tres-arroyos-continua-la-busqueda-del-nino-de-8-anos-que-desaparecio-tras-el-temporal\/","title":{"rendered":"TRES ARROYOS: Contin\u00faa la b\u00fasqueda del ni\u00f1o de 8 a\u00f1os que desapareci\u00f3 tras el temporal"},"content":{"rendered":"<div class=\"wrapper-header\">\n<div class=\"container-xl\">\n<div class=\"row\">\n<div class=\"col-12\">\n<div class=\"head-content mb-4\">\n<div class=\"my-3\">\n<div class=\"social mt-3\">El ni\u00f1o cay\u00f3 al agua tras el temporal de la noche de este jueves en ese partido bonaerense. Polic\u00edas, bomberos voluntarios y buzos continuar\u00e1n el rastrillaje de un arroyo.<\/div>\n<\/div>\n<\/div>\n<\/div>\n<\/div>\n<\/div>\n<\/div>\n<p><!--more--><\/p>\n<div class=\"wrapper-editable-content\">\n<div>\n<div class=\"wrapper-editable-content\">\n<div>\n<div class=\"container-md\">\n<div class=\"row\">\n<div class=\"col-md-12 speak\">\n<div class=\"paragraph\">\n<figure class=\"mb-3\"><img decoding=\"async\" class=\" lazy \" src=\"https:\/\/www.telam.com.ar\/thumbs\/bluesteel\/advf\/imagenes\/2024\/01\/6598ae00948df_1200.jpg\" alt=\"Los efectivos llevarn a cabo las tareas en un sector rural del arroyo Orellano que cruza el lado sur de Tres Arroyos durante toda la noche de este viernes Foto Prensa\" width=\"100%\" height=\"100%\" \/><\/p>\n<div class=\"media-icons\"><\/div><figcaption>Los efectivos llevar\u00e1n a cabo las tareas en un sector rural del arroyo Orellano, que cruza el lado sur de Tres Arroyos, durante toda la noche de este viernes \/ Foto: Prensa.<\/figcaption><\/figure>\n<p>Efectivos policiales, bomberos voluntarios y buzos t\u00e1cticos continuar\u00e1n durante toda la noche de este viernes con el rastrillaje de un arroyo para intentar encontrar a un ni\u00f1o de 8 a\u00f1os que este jueves cay\u00f3 al curso de agua, tras un temporal que se registr\u00f3 en el partido bonaerense de Tres Arroyos, informaron fuentes de la fuerza de seguridad.<\/p>\n<p>Si las condiciones clim\u00e1ticas lo permiten, los efectivos llevar\u00e1n a cabo las tareas sobre un sector rural del arroyo Orellano, que cruza el lado sur de Tres Arroyos, en direcci\u00f3n oeste a este, durante toda la noche de este viernes.<\/p>\n<p>El secretario de Seguridad de Tres Arroyos, Juan Eduardo Apolonio, indic\u00f3 que hay aproximadamente<strong>\u00a080 personas trabajando en el lugar para encontrar al ni\u00f1o<\/strong>, entre ellos el equipo de buzos proveniente de Mar del Plata, precis\u00f3 el portal La Voz del Pueblo.<\/p>\n<p>El hecho ocurri\u00f3 en la tarde de este jueves en momentos en que el chico, cuyos datos se mantienen en reserva, y una prima de 13 a\u00f1os se encontraban a caballo acarreando unas vacas en la zona del arroyo en un sector rural, aunque cercano al casco urbano.<\/p>\n<p>Voceros policiales indicaron a T\u00e9lam que \u00aben un momento dado se desat\u00f3 un fuerte temporal de lluvia, cuando los dos menores estaban por cruzar el arroyo en una parte baja y se cayeron al agua\u00bb.<\/p>\n<p>\u00abTras ello la adolescente de 13 a\u00f1os pudo salir del cauce de agua, pero no as\u00ed el chico de 8, por lo que tras ser notificados del episodio se inici\u00f3 un operativo en su b\u00fasqueda\u00bb, agregaron.<\/p>\n<p>Por su parte el\u00a0<strong>comisario Walter Fern\u00e1ndez de la Estaci\u00f3n de Polic\u00eda de Tres Arroyos<\/strong>, dijo que \u00ablos buzos est\u00e1n dentro del arroyo trabajando en el lugar junto con bomberos voluntarios quienes llevando a cabo una recorrida\u00bb.<\/p>\n<p>El temporal de lluvia provoc\u00f3 adem\u00e1s anegamientos en distintos puntos del partido de Tres Arroyos con m\u00e1s de 40 mil\u00edmetros de agua ca\u00edda.<\/p>\n<p>\u00abLos bomberos tuvieron m\u00e1s de 30 salidas de emergencia debido a diversos inconvenientes productos del temporal\u00bb, agregaron.<\/p>\n<p>A su vez, durante la misa habitual de la Parroquia del Carmen de la ciudad de Tres Arroyos, un grupo de vecinos de la zona pidieron durante la eucarist\u00eda por la aparici\u00f3n del ni\u00f1o, de nombre Agust\u00edn.<\/p><\/div>\n<\/div>\n<\/div>\n<\/div>\n<\/div>\n<\/div>\n<\/div>\n<\/div>\n","protected":false},"excerpt":{"rendered":"<p>El ni\u00f1o cay\u00f3 al agua tras el temporal de la noche de este jueves en ese partido bonaerense. Polic\u00edas, bomberos voluntarios y buzos continuar\u00e1n el rastrillaje de un arroyo.<\/p>\n","protected":false},"author":3,"featured_media":97401,"comment_status":"closed","ping_status":"closed","sticky":false,"template":"","format":"standard","meta":{"footnotes":""},"categories":[29],"tags":[],"class_list":["post-97400","post","type-post","status-publish","format-standard","has-post-thumbnail","hentry","category-policiales"],"yoast_head":"<!-- This site is optimized with the Yoast SEO plugin v25.9 - https:\/\/yoast.com\/wordpress\/plugins\/seo\/ -->\n<title>TRES ARROYOS: Contin\u00faa la b\u00fasqueda del ni\u00f1o de 8 a\u00f1os que desapareci\u00f3 tras el temporal - Noticias Radio Reflejos<\/title>\n<meta name=\"robots\" content=\"index, follow, max-snippet:-1, max-image-preview:large, max-video-preview:-1\" \/>\n<link rel=\"canonical\" href=\"https:\/\/www.noticiasradioreflejos.com.ar\/2021\/tres-arroyos-continua-la-busqueda-del-nino-de-8-anos-que-desaparecio-tras-el-temporal\/\" \/>\n<meta property=\"og:locale\" content=\"es_ES\" \/>\n<meta property=\"og:type\" content=\"article\" \/>\n<meta property=\"og:title\" content=\"TRES ARROYOS: Contin\u00faa la b\u00fasqueda del ni\u00f1o de 8 a\u00f1os que desapareci\u00f3 tras el temporal - Noticias Radio Reflejos\" \/>\n<meta property=\"og:description\" content=\"El ni\u00f1o cay\u00f3 al agua tras el temporal de la noche de este jueves en ese partido bonaerense. Polic\u00edas, bomberos voluntarios y buzos continuar\u00e1n el rastrillaje de un arroyo.\" \/>\n<meta property=\"og:url\" content=\"https:\/\/www.noticiasradioreflejos.com.ar\/2021\/tres-arroyos-continua-la-busqueda-del-nino-de-8-anos-que-desaparecio-tras-el-temporal\/\" \/>\n<meta property=\"og:site_name\" content=\"Noticias Radio Reflejos\" \/>\n<meta property=\"article:published_time\" content=\"2024-01-06T02:32:23+00:00\" \/>\n<meta property=\"og:image\" content=\"https:\/\/www.noticiasradioreflejos.com.ar\/2021\/wp-content\/uploads\/2024\/01\/TRES-ARROYOS.jpg\" \/>\n\t<meta property=\"og:image:width\" content=\"1200\" \/>\n\t<meta property=\"og:image:height\" content=\"675\" \/>\n\t<meta property=\"og:image:type\" content=\"image\/jpeg\" \/>\n<meta name=\"author\" content=\"Arnaldo Botto\" \/>\n<meta name=\"twitter:card\" content=\"summary_large_image\" \/>\n<script type=\"application\/ld+json\" class=\"yoast-schema-graph\">{\"@context\":\"https:\/\/schema.org\",\"@graph\":[{\"@type\":\"WebPage\",\"@id\":\"https:\/\/www.noticiasradioreflejos.com.ar\/2021\/tres-arroyos-continua-la-busqueda-del-nino-de-8-anos-que-desaparecio-tras-el-temporal\/\",\"url\":\"https:\/\/www.noticiasradioreflejos.com.ar\/2021\/tres-arroyos-continua-la-busqueda-del-nino-de-8-anos-que-desaparecio-tras-el-temporal\/\",\"name\":\"TRES ARROYOS: Contin\u00faa la b\u00fasqueda del ni\u00f1o de 8 a\u00f1os que desapareci\u00f3 tras el temporal - Noticias Radio Reflejos\",\"isPartOf\":{\"@id\":\"https:\/\/www.noticiasradioreflejos.com.ar\/2021\/#website\"},\"primaryImageOfPage\":{\"@id\":\"https:\/\/www.noticiasradioreflejos.com.ar\/2021\/tres-arroyos-continua-la-busqueda-del-nino-de-8-anos-que-desaparecio-tras-el-temporal\/#primaryimage\"},\"image\":{\"@id\":\"https:\/\/www.noticiasradioreflejos.com.ar\/2021\/tres-arroyos-continua-la-busqueda-del-nino-de-8-anos-que-desaparecio-tras-el-temporal\/#primaryimage\"},\"thumbnailUrl\":\"https:\/\/www.noticiasradioreflejos.com.ar\/2021\/wp-content\/uploads\/2024\/01\/TRES-ARROYOS.jpg\",\"datePublished\":\"2024-01-06T02:32:23+00:00\",\"author\":{\"@id\":\"https:\/\/www.noticiasradioreflejos.com.ar\/2021\/#\/schema\/person\/ad82545263dcc5ec0996818884fd5fb1\"},\"breadcrumb\":{\"@id\":\"https:\/\/www.noticiasradioreflejos.com.ar\/2021\/tres-arroyos-continua-la-busqueda-del-nino-de-8-anos-que-desaparecio-tras-el-temporal\/#breadcrumb\"},\"inLanguage\":\"es\",\"potentialAction\":[{\"@type\":\"ReadAction\",\"target\":[\"https:\/\/www.noticiasradioreflejos.com.ar\/2021\/tres-arroyos-continua-la-busqueda-del-nino-de-8-anos-que-desaparecio-tras-el-temporal\/\"]}]},{\"@type\":\"ImageObject\",\"inLanguage\":\"es\",\"@id\":\"https:\/\/www.noticiasradioreflejos.com.ar\/2021\/tres-arroyos-continua-la-busqueda-del-nino-de-8-anos-que-desaparecio-tras-el-temporal\/#primaryimage\",\"url\":\"https:\/\/www.noticiasradioreflejos.com.ar\/2021\/wp-content\/uploads\/2024\/01\/TRES-ARROYOS.jpg\",\"contentUrl\":\"https:\/\/www.noticiasradioreflejos.com.ar\/2021\/wp-content\/uploads\/2024\/01\/TRES-ARROYOS.jpg\",\"width\":1200,\"height\":675},{\"@type\":\"BreadcrumbList\",\"@id\":\"https:\/\/www.noticiasradioreflejos.com.ar\/2021\/tres-arroyos-continua-la-busqueda-del-nino-de-8-anos-que-desaparecio-tras-el-temporal\/#breadcrumb\",\"itemListElement\":[{\"@type\":\"ListItem\",\"position\":1,\"name\":\"Portada\",\"item\":\"https:\/\/www.noticiasradioreflejos.com.ar\/2021\/\"},{\"@type\":\"ListItem\",\"position\":2,\"name\":\"TRES ARROYOS: Contin\u00faa la b\u00fasqueda del ni\u00f1o de 8 a\u00f1os que desapareci\u00f3 tras el temporal\"}]},{\"@type\":\"WebSite\",\"@id\":\"https:\/\/www.noticiasradioreflejos.com.ar\/2021\/#website\",\"url\":\"https:\/\/www.noticiasradioreflejos.com.ar\/2021\/\",\"name\":\"Noticias Radio Reflejos\",\"description\":\"Las noticias de mi comarca\",\"potentialAction\":[{\"@type\":\"SearchAction\",\"target\":{\"@type\":\"EntryPoint\",\"urlTemplate\":\"https:\/\/www.noticiasradioreflejos.com.ar\/2021\/?s={search_term_string}\"},\"query-input\":{\"@type\":\"PropertyValueSpecification\",\"valueRequired\":true,\"valueName\":\"search_term_string\"}}],\"inLanguage\":\"es\"},{\"@type\":\"Person\",\"@id\":\"https:\/\/www.noticiasradioreflejos.com.ar\/2021\/#\/schema\/person\/ad82545263dcc5ec0996818884fd5fb1\",\"name\":\"Arnaldo Botto\",\"image\":{\"@type\":\"ImageObject\",\"inLanguage\":\"es\",\"@id\":\"https:\/\/www.noticiasradioreflejos.com.ar\/2021\/#\/schema\/person\/image\/\",\"url\":\"https:\/\/secure.gravatar.com\/avatar\/55cb5e37c1efa326397366e6974cb338056df65cb50e7d64d1cf314e87504837?s=96&d=mm&r=g\",\"contentUrl\":\"https:\/\/secure.gravatar.com\/avatar\/55cb5e37c1efa326397366e6974cb338056df65cb50e7d64d1cf314e87504837?s=96&d=mm&r=g\",\"caption\":\"Arnaldo Botto\"},\"url\":\"https:\/\/www.noticiasradioreflejos.com.ar\/2021\/author\/arnaldo\/\"}]}<\/script>\n<!-- \/ Yoast SEO plugin. -->","yoast_head_json":{"title":"TRES ARROYOS: Contin\u00faa la b\u00fasqueda del ni\u00f1o de 8 a\u00f1os que desapareci\u00f3 tras el temporal - Noticias Radio Reflejos","robots":{"index":"index","follow":"follow","max-snippet":"max-snippet:-1","max-image-preview":"max-image-preview:large","max-video-preview":"max-video-preview:-1"},"canonical":"https:\/\/www.noticiasradioreflejos.com.ar\/2021\/tres-arroyos-continua-la-busqueda-del-nino-de-8-anos-que-desaparecio-tras-el-temporal\/","og_locale":"es_ES","og_type":"article","og_title":"TRES ARROYOS: Contin\u00faa la b\u00fasqueda del ni\u00f1o de 8 a\u00f1os que desapareci\u00f3 tras el temporal - Noticias Radio Reflejos","og_description":"El ni\u00f1o cay\u00f3 al agua tras el temporal de la noche de este jueves en ese partido bonaerense. Polic\u00edas, bomberos voluntarios y buzos continuar\u00e1n el rastrillaje de un arroyo.","og_url":"https:\/\/www.noticiasradioreflejos.com.ar\/2021\/tres-arroyos-continua-la-busqueda-del-nino-de-8-anos-que-desaparecio-tras-el-temporal\/","og_site_name":"Noticias Radio Reflejos","article_published_time":"2024-01-06T02:32:23+00:00","og_image":[{"width":1200,"height":675,"url":"https:\/\/www.noticiasradioreflejos.com.ar\/2021\/wp-content\/uploads\/2024\/01\/TRES-ARROYOS.jpg","type":"image\/jpeg"}],"author":"Arnaldo Botto","twitter_card":"summary_large_image","schema":{"@context":"https:\/\/schema.org","@graph":[{"@type":"WebPage","@id":"https:\/\/www.noticiasradioreflejos.com.ar\/2021\/tres-arroyos-continua-la-busqueda-del-nino-de-8-anos-que-desaparecio-tras-el-temporal\/","url":"https:\/\/www.noticiasradioreflejos.com.ar\/2021\/tres-arroyos-continua-la-busqueda-del-nino-de-8-anos-que-desaparecio-tras-el-temporal\/","name":"TRES ARROYOS: Contin\u00faa la b\u00fasqueda del ni\u00f1o de 8 a\u00f1os que desapareci\u00f3 tras el temporal - Noticias Radio Reflejos","isPartOf":{"@id":"https:\/\/www.noticiasradioreflejos.com.ar\/2021\/#website"},"primaryImageOfPage":{"@id":"https:\/\/www.noticiasradioreflejos.com.ar\/2021\/tres-arroyos-continua-la-busqueda-del-nino-de-8-anos-que-desaparecio-tras-el-temporal\/#primaryimage"},"image":{"@id":"https:\/\/www.noticiasradioreflejos.com.ar\/2021\/tres-arroyos-continua-la-busqueda-del-nino-de-8-anos-que-desaparecio-tras-el-temporal\/#primaryimage"},"thumbnailUrl":"https:\/\/www.noticiasradioreflejos.com.ar\/2021\/wp-content\/uploads\/2024\/01\/TRES-ARROYOS.jpg","datePublished":"2024-01-06T02:32:23+00:00","author":{"@id":"https:\/\/www.noticiasradioreflejos.com.ar\/2021\/#\/schema\/person\/ad82545263dcc5ec0996818884fd5fb1"},"breadcrumb":{"@id":"https:\/\/www.noticiasradioreflejos.com.ar\/2021\/tres-arroyos-continua-la-busqueda-del-nino-de-8-anos-que-desaparecio-tras-el-temporal\/#breadcrumb"},"inLanguage":"es","potentialAction":[{"@type":"ReadAction","target":["https:\/\/www.noticiasradioreflejos.com.ar\/2021\/tres-arroyos-continua-la-busqueda-del-nino-de-8-anos-que-desaparecio-tras-el-temporal\/"]}]},{"@type":"ImageObject","inLanguage":"es","@id":"https:\/\/www.noticiasradioreflejos.com.ar\/2021\/tres-arroyos-continua-la-busqueda-del-nino-de-8-anos-que-desaparecio-tras-el-temporal\/#primaryimage","url":"https:\/\/www.noticiasradioreflejos.com.ar\/2021\/wp-content\/uploads\/2024\/01\/TRES-ARROYOS.jpg","contentUrl":"https:\/\/www.noticiasradioreflejos.com.ar\/2021\/wp-content\/uploads\/2024\/01\/TRES-ARROYOS.jpg","width":1200,"height":675},{"@type":"BreadcrumbList","@id":"https:\/\/www.noticiasradioreflejos.com.ar\/2021\/tres-arroyos-continua-la-busqueda-del-nino-de-8-anos-que-desaparecio-tras-el-temporal\/#breadcrumb","itemListElement":[{"@type":"ListItem","position":1,"name":"Portada","item":"https:\/\/www.noticiasradioreflejos.com.ar\/2021\/"},{"@type":"ListItem","position":2,"name":"TRES ARROYOS: Contin\u00faa la b\u00fasqueda del ni\u00f1o de 8 a\u00f1os que desapareci\u00f3 tras el temporal"}]},{"@type":"WebSite","@id":"https:\/\/www.noticiasradioreflejos.com.ar\/2021\/#website","url":"https:\/\/www.noticiasradioreflejos.com.ar\/2021\/","name":"Noticias Radio Reflejos","description":"Las noticias de mi comarca","potentialAction":[{"@type":"SearchAction","target":{"@type":"EntryPoint","urlTemplate":"https:\/\/www.noticiasradioreflejos.com.ar\/2021\/?s={search_term_string}"},"query-input":{"@type":"PropertyValueSpecification","valueRequired":true,"valueName":"search_term_string"}}],"inLanguage":"es"},{"@type":"Person","@id":"https:\/\/www.noticiasradioreflejos.com.ar\/2021\/#\/schema\/person\/ad82545263dcc5ec0996818884fd5fb1","name":"Arnaldo Botto","image":{"@type":"ImageObject","inLanguage":"es","@id":"https:\/\/www.noticiasradioreflejos.com.ar\/2021\/#\/schema\/person\/image\/","url":"https:\/\/secure.gravatar.com\/avatar\/55cb5e37c1efa326397366e6974cb338056df65cb50e7d64d1cf314e87504837?s=96&d=mm&r=g","contentUrl":"https:\/\/secure.gravatar.com\/avatar\/55cb5e37c1efa326397366e6974cb338056df65cb50e7d64d1cf314e87504837?s=96&d=mm&r=g","caption":"Arnaldo Botto"},"url":"https:\/\/www.noticiasradioreflejos.com.ar\/2021\/author\/arnaldo\/"}]}},"_links":{"self":[{"href":"https:\/\/www.noticiasradioreflejos.com.ar\/2021\/wp-json\/wp\/v2\/posts\/97400","targetHints":{"allow":["GET"]}}],"collection":[{"href":"https:\/\/www.noticiasradioreflejos.com.ar\/2021\/wp-json\/wp\/v2\/posts"}],"about":[{"href":"https:\/\/www.noticiasradioreflejos.com.ar\/2021\/wp-json\/wp\/v2\/types\/post"}],"author":[{"embeddable":true,"href":"https:\/\/www.noticiasradioreflejos.com.ar\/2021\/wp-json\/wp\/v2\/users\/3"}],"replies":[{"embeddable":true,"href":"https:\/\/www.noticiasradioreflejos.com.ar\/2021\/wp-json\/wp\/v2\/comments?post=97400"}],"version-history":[{"count":1,"href":"https:\/\/www.noticiasradioreflejos.com.ar\/2021\/wp-json\/wp\/v2\/posts\/97400\/revisions"}],"predecessor-version":[{"id":97402,"href":"https:\/\/www.noticiasradioreflejos.com.ar\/2021\/wp-json\/wp\/v2\/posts\/97400\/revisions\/97402"}],"wp:featuredmedia":[{"embeddable":true,"href":"https:\/\/www.noticiasradioreflejos.com.ar\/2021\/wp-json\/wp\/v2\/media\/97401"}],"wp:attachment":[{"href":"https:\/\/www.noticiasradioreflejos.com.ar\/2021\/wp-json\/wp\/v2\/media?parent=97400"}],"wp:term":[{"taxonomy":"category","embeddable":true,"href":"https:\/\/www.noticiasradioreflejos.com.ar\/2021\/wp-json\/wp\/v2\/categories?post=97400"},{"taxonomy":"post_tag","embeddable":true,"href":"https:\/\/www.noticiasradioreflejos.com.ar\/2021\/wp-json\/wp\/v2\/tags?post=97400"}],"curies":[{"name":"wp","href":"https:\/\/api.w.org\/{rel}","templated":true}]}}