{"id":97392,"date":"2024-01-05T22:59:55","date_gmt":"2024-01-06T01:59:55","guid":{"rendered":"https:\/\/www.noticiasradioreflejos.com.ar\/2021\/?p=97392"},"modified":"2024-01-06T01:01:12","modified_gmt":"2024-01-06T04:01:12","slug":"por-la-tormenta-los-reyes-bajaran-este-sabado-a-sierra-de-la-ventana","status":"publish","type":"post","link":"https:\/\/www.noticiasradioreflejos.com.ar\/2021\/por-la-tormenta-los-reyes-bajaran-este-sabado-a-sierra-de-la-ventana\/","title":{"rendered":"Por la tormenta los reyes bajar\u00e1n este s\u00e1bado a Sierra de la Ventana"},"content":{"rendered":"<p>La 60 edici\u00f3n de la Fiesta Provincial de Reyes Magos, en Sierra de la Ventana se vio interrumpida por el avance de una fuerte tormenta y solo se pudo realizar una parte del evento.<!--more--><\/p>\n<p>Los organizadores debido al avance que se tornaba peligroso decidieron trasladar todo para este s\u00e1bado a la hora 21, con la bajada de los reyes y la entrega de los juguetes.<\/p>\n<p><a title=\"60 Fiesta de Reyes Magos en Sierra de la Ventana\" href=\"https:\/\/www.flickr.com\/photos\/182279889@N02\/53445707920\/in\/dateposted-public\/\" data-flickr-embed=\"true\" data-footer=\"true\"><img loading=\"lazy\" decoding=\"async\" src=\"https:\/\/live.staticflickr.com\/65535\/53445707920_7b8dfd1494_c.jpg\" alt=\"60 Fiesta de Reyes Magos en Sierra de la Ventana\" width=\"800\" height=\"450\" \/><\/a><\/p>\n<p>El alerta de tormentas afect\u00f3 parte de la regi\u00f3n y Sierra de la Ventana no era la excepci\u00f3n.<\/p>\n<p>Desde temprano hubo buen marco de p\u00fablico y la conducci\u00f3n del evento estuvo a cargo de Maira Esquivel y Pablo Balario.<\/p>\n<p>&nbsp;<\/p>\n<p><span style=\"font-weight: 400;\">Las inclemencias clim\u00e1ticas permitieron cumplir de manera parcial la programaci\u00f3n de la jornada, realiz\u00e1ndose el homenaje a Oscar Kaltembach y Ren\u00e9 Dolera (fallecido), quienes fueron pilares indispensables durante d\u00e9cadas para que la fiesta se realice a\u00f1o a a\u00f1o y se mantenga en el tiempo; y el show en vivo de Vuelta Canela, con un destacado espect\u00e1culo infantil.<\/span><\/p>\n<p><span style=\"font-weight: 400;\">La celebraci\u00f3n continuar\u00e1 este s\u00e1bado a partir de las 19.30 hs, con el show de fuegos artificiales sin ruido, la bajada de los Reyes desde el Cerro Ceferino para entregar los juguetes, y las presentaciones en vivo de Sacateca Percusi\u00f3n, Aparceros, Beatles Viento Sur y Lo Luiggi.<\/span><\/p>\n<p><span style=\"font-weight: 400;\">En el predio se podr\u00e1 encontrar una gran oferta gastron\u00f3mica, con un patio de comidas y foods trucks, paseo de artesanos y parque de juegos.<\/span><\/p>\n<div style=\"width: 848px;\" class=\"wp-video\"><video class=\"wp-video-shortcode\" id=\"video-97392-1\" width=\"848\" height=\"480\" preload=\"metadata\" controls=\"controls\"><source type=\"video\/mp4\" src=\"https:\/\/www.noticiasradioreflejos.com.ar\/2021\/wp-content\/uploads\/2024\/01\/60-Fiesta-de-Reyes-Magos.mp4?_=1\" \/><a href=\"https:\/\/www.noticiasradioreflejos.com.ar\/2021\/wp-content\/uploads\/2024\/01\/60-Fiesta-de-Reyes-Magos.mp4\">https:\/\/www.noticiasradioreflejos.com.ar\/2021\/wp-content\/uploads\/2024\/01\/60-Fiesta-de-Reyes-Magos.mp4<\/a><\/video><\/div>\n<p>&nbsp;<\/p>\n<p><iframe loading=\"lazy\" style=\"border: none; overflow: hidden;\" src=\"https:\/\/www.facebook.com\/plugins\/post.php?href=https%3A%2F%2Fwww.facebook.com%2Fpermalink.php%3Fstory_fbid%3Dpfbid02GWJQF8Ygnt1SmKb5tQJ8QnidibqqQ91EAhYCkianQUCDLLLwK9PkjTReLPydJdtJl%26id%3D100091327519773&amp;show_text=true&amp;width=500\" width=\"500\" height=\"704\" frameborder=\"0\" scrolling=\"no\" allowfullscreen=\"allowfullscreen\"><\/iframe><\/p>\n","protected":false},"excerpt":{"rendered":"<p>La 60 edici\u00f3n de la Fiesta Provincial de Reyes Magos, en Sierra de la Ventana se vio interrumpida por el avance de una fuerte tormenta y solo se pudo realizar una parte del evento.<\/p>\n","protected":false},"author":3,"featured_media":97395,"comment_status":"closed","ping_status":"closed","sticky":false,"template":"","format":"standard","meta":{"footnotes":""},"categories":[26,33],"tags":[48],"class_list":["post-97392","post","type-post","status-publish","format-standard","has-post-thumbnail","hentry","category-sociedad","category-turismo","tag-destacada"],"yoast_head":"<!-- This site is optimized with the Yoast SEO plugin v25.9 - https:\/\/yoast.com\/wordpress\/plugins\/seo\/ -->\n<title>Por la tormenta los reyes bajar\u00e1n este s\u00e1bado a Sierra de la Ventana - Noticias Radio Reflejos<\/title>\n<meta name=\"robots\" content=\"index, follow, max-snippet:-1, max-image-preview:large, max-video-preview:-1\" \/>\n<link rel=\"canonical\" href=\"https:\/\/www.noticiasradioreflejos.com.ar\/2021\/por-la-tormenta-los-reyes-bajaran-este-sabado-a-sierra-de-la-ventana\/\" \/>\n<meta property=\"og:locale\" content=\"es_ES\" \/>\n<meta property=\"og:type\" content=\"article\" \/>\n<meta property=\"og:title\" content=\"Por la tormenta los reyes bajar\u00e1n este s\u00e1bado a Sierra de la Ventana - Noticias Radio Reflejos\" \/>\n<meta property=\"og:description\" content=\"La 60 edici\u00f3n de la Fiesta Provincial de Reyes Magos, en Sierra de la Ventana se vio interrumpida por el avance de una fuerte tormenta y solo se pudo realizar una parte del evento.\" \/>\n<meta property=\"og:url\" content=\"https:\/\/www.noticiasradioreflejos.com.ar\/2021\/por-la-tormenta-los-reyes-bajaran-este-sabado-a-sierra-de-la-ventana\/\" \/>\n<meta property=\"og:site_name\" content=\"Noticias Radio Reflejos\" \/>\n<meta property=\"article:published_time\" content=\"2024-01-06T01:59:55+00:00\" \/>\n<meta property=\"article:modified_time\" content=\"2024-01-06T04:01:12+00:00\" \/>\n<meta property=\"og:image\" content=\"https:\/\/www.noticiasradioreflejos.com.ar\/2021\/wp-content\/uploads\/2024\/01\/60-Fiesta-de-Reyes-Magos.jpeg\" \/>\n\t<meta property=\"og:image:width\" content=\"1600\" \/>\n\t<meta property=\"og:image:height\" content=\"900\" \/>\n\t<meta property=\"og:image:type\" content=\"image\/jpeg\" \/>\n<meta name=\"author\" content=\"Arnaldo Botto\" \/>\n<meta name=\"twitter:card\" content=\"summary_large_image\" \/>\n<script type=\"application\/ld+json\" class=\"yoast-schema-graph\">{\"@context\":\"https:\/\/schema.org\",\"@graph\":[{\"@type\":\"WebPage\",\"@id\":\"https:\/\/www.noticiasradioreflejos.com.ar\/2021\/por-la-tormenta-los-reyes-bajaran-este-sabado-a-sierra-de-la-ventana\/\",\"url\":\"https:\/\/www.noticiasradioreflejos.com.ar\/2021\/por-la-tormenta-los-reyes-bajaran-este-sabado-a-sierra-de-la-ventana\/\",\"name\":\"Por la tormenta los reyes bajar\u00e1n este s\u00e1bado a Sierra de la Ventana - Noticias Radio Reflejos\",\"isPartOf\":{\"@id\":\"https:\/\/www.noticiasradioreflejos.com.ar\/2021\/#website\"},\"primaryImageOfPage\":{\"@id\":\"https:\/\/www.noticiasradioreflejos.com.ar\/2021\/por-la-tormenta-los-reyes-bajaran-este-sabado-a-sierra-de-la-ventana\/#primaryimage\"},\"image\":{\"@id\":\"https:\/\/www.noticiasradioreflejos.com.ar\/2021\/por-la-tormenta-los-reyes-bajaran-este-sabado-a-sierra-de-la-ventana\/#primaryimage\"},\"thumbnailUrl\":\"https:\/\/www.noticiasradioreflejos.com.ar\/2021\/wp-content\/uploads\/2024\/01\/60-Fiesta-de-Reyes-Magos.jpeg\",\"datePublished\":\"2024-01-06T01:59:55+00:00\",\"dateModified\":\"2024-01-06T04:01:12+00:00\",\"author\":{\"@id\":\"https:\/\/www.noticiasradioreflejos.com.ar\/2021\/#\/schema\/person\/ad82545263dcc5ec0996818884fd5fb1\"},\"breadcrumb\":{\"@id\":\"https:\/\/www.noticiasradioreflejos.com.ar\/2021\/por-la-tormenta-los-reyes-bajaran-este-sabado-a-sierra-de-la-ventana\/#breadcrumb\"},\"inLanguage\":\"es\",\"potentialAction\":[{\"@type\":\"ReadAction\",\"target\":[\"https:\/\/www.noticiasradioreflejos.com.ar\/2021\/por-la-tormenta-los-reyes-bajaran-este-sabado-a-sierra-de-la-ventana\/\"]}]},{\"@type\":\"ImageObject\",\"inLanguage\":\"es\",\"@id\":\"https:\/\/www.noticiasradioreflejos.com.ar\/2021\/por-la-tormenta-los-reyes-bajaran-este-sabado-a-sierra-de-la-ventana\/#primaryimage\",\"url\":\"https:\/\/www.noticiasradioreflejos.com.ar\/2021\/wp-content\/uploads\/2024\/01\/60-Fiesta-de-Reyes-Magos.jpeg\",\"contentUrl\":\"https:\/\/www.noticiasradioreflejos.com.ar\/2021\/wp-content\/uploads\/2024\/01\/60-Fiesta-de-Reyes-Magos.jpeg\",\"width\":1600,\"height\":900},{\"@type\":\"BreadcrumbList\",\"@id\":\"https:\/\/www.noticiasradioreflejos.com.ar\/2021\/por-la-tormenta-los-reyes-bajaran-este-sabado-a-sierra-de-la-ventana\/#breadcrumb\",\"itemListElement\":[{\"@type\":\"ListItem\",\"position\":1,\"name\":\"Portada\",\"item\":\"https:\/\/www.noticiasradioreflejos.com.ar\/2021\/\"},{\"@type\":\"ListItem\",\"position\":2,\"name\":\"Por la tormenta los reyes bajar\u00e1n este s\u00e1bado a Sierra de la Ventana\"}]},{\"@type\":\"WebSite\",\"@id\":\"https:\/\/www.noticiasradioreflejos.com.ar\/2021\/#website\",\"url\":\"https:\/\/www.noticiasradioreflejos.com.ar\/2021\/\",\"name\":\"Noticias Radio Reflejos\",\"description\":\"Las noticias de mi comarca\",\"potentialAction\":[{\"@type\":\"SearchAction\",\"target\":{\"@type\":\"EntryPoint\",\"urlTemplate\":\"https:\/\/www.noticiasradioreflejos.com.ar\/2021\/?s={search_term_string}\"},\"query-input\":{\"@type\":\"PropertyValueSpecification\",\"valueRequired\":true,\"valueName\":\"search_term_string\"}}],\"inLanguage\":\"es\"},{\"@type\":\"Person\",\"@id\":\"https:\/\/www.noticiasradioreflejos.com.ar\/2021\/#\/schema\/person\/ad82545263dcc5ec0996818884fd5fb1\",\"name\":\"Arnaldo Botto\",\"image\":{\"@type\":\"ImageObject\",\"inLanguage\":\"es\",\"@id\":\"https:\/\/www.noticiasradioreflejos.com.ar\/2021\/#\/schema\/person\/image\/\",\"url\":\"https:\/\/secure.gravatar.com\/avatar\/55cb5e37c1efa326397366e6974cb338056df65cb50e7d64d1cf314e87504837?s=96&d=mm&r=g\",\"contentUrl\":\"https:\/\/secure.gravatar.com\/avatar\/55cb5e37c1efa326397366e6974cb338056df65cb50e7d64d1cf314e87504837?s=96&d=mm&r=g\",\"caption\":\"Arnaldo Botto\"},\"url\":\"https:\/\/www.noticiasradioreflejos.com.ar\/2021\/author\/arnaldo\/\"}]}<\/script>\n<!-- \/ Yoast SEO plugin. -->","yoast_head_json":{"title":"Por la tormenta los reyes bajar\u00e1n este s\u00e1bado a Sierra de la Ventana - Noticias Radio Reflejos","robots":{"index":"index","follow":"follow","max-snippet":"max-snippet:-1","max-image-preview":"max-image-preview:large","max-video-preview":"max-video-preview:-1"},"canonical":"https:\/\/www.noticiasradioreflejos.com.ar\/2021\/por-la-tormenta-los-reyes-bajaran-este-sabado-a-sierra-de-la-ventana\/","og_locale":"es_ES","og_type":"article","og_title":"Por la tormenta los reyes bajar\u00e1n este s\u00e1bado a Sierra de la Ventana - Noticias Radio Reflejos","og_description":"La 60 edici\u00f3n de la Fiesta Provincial de Reyes Magos, en Sierra de la Ventana se vio interrumpida por el avance de una fuerte tormenta y solo se pudo realizar una parte del evento.","og_url":"https:\/\/www.noticiasradioreflejos.com.ar\/2021\/por-la-tormenta-los-reyes-bajaran-este-sabado-a-sierra-de-la-ventana\/","og_site_name":"Noticias Radio Reflejos","article_published_time":"2024-01-06T01:59:55+00:00","article_modified_time":"2024-01-06T04:01:12+00:00","og_image":[{"width":1600,"height":900,"url":"https:\/\/www.noticiasradioreflejos.com.ar\/2021\/wp-content\/uploads\/2024\/01\/60-Fiesta-de-Reyes-Magos.jpeg","type":"image\/jpeg"}],"author":"Arnaldo Botto","twitter_card":"summary_large_image","schema":{"@context":"https:\/\/schema.org","@graph":[{"@type":"WebPage","@id":"https:\/\/www.noticiasradioreflejos.com.ar\/2021\/por-la-tormenta-los-reyes-bajaran-este-sabado-a-sierra-de-la-ventana\/","url":"https:\/\/www.noticiasradioreflejos.com.ar\/2021\/por-la-tormenta-los-reyes-bajaran-este-sabado-a-sierra-de-la-ventana\/","name":"Por la tormenta los reyes bajar\u00e1n este s\u00e1bado a Sierra de la Ventana - Noticias Radio Reflejos","isPartOf":{"@id":"https:\/\/www.noticiasradioreflejos.com.ar\/2021\/#website"},"primaryImageOfPage":{"@id":"https:\/\/www.noticiasradioreflejos.com.ar\/2021\/por-la-tormenta-los-reyes-bajaran-este-sabado-a-sierra-de-la-ventana\/#primaryimage"},"image":{"@id":"https:\/\/www.noticiasradioreflejos.com.ar\/2021\/por-la-tormenta-los-reyes-bajaran-este-sabado-a-sierra-de-la-ventana\/#primaryimage"},"thumbnailUrl":"https:\/\/www.noticiasradioreflejos.com.ar\/2021\/wp-content\/uploads\/2024\/01\/60-Fiesta-de-Reyes-Magos.jpeg","datePublished":"2024-01-06T01:59:55+00:00","dateModified":"2024-01-06T04:01:12+00:00","author":{"@id":"https:\/\/www.noticiasradioreflejos.com.ar\/2021\/#\/schema\/person\/ad82545263dcc5ec0996818884fd5fb1"},"breadcrumb":{"@id":"https:\/\/www.noticiasradioreflejos.com.ar\/2021\/por-la-tormenta-los-reyes-bajaran-este-sabado-a-sierra-de-la-ventana\/#breadcrumb"},"inLanguage":"es","potentialAction":[{"@type":"ReadAction","target":["https:\/\/www.noticiasradioreflejos.com.ar\/2021\/por-la-tormenta-los-reyes-bajaran-este-sabado-a-sierra-de-la-ventana\/"]}]},{"@type":"ImageObject","inLanguage":"es","@id":"https:\/\/www.noticiasradioreflejos.com.ar\/2021\/por-la-tormenta-los-reyes-bajaran-este-sabado-a-sierra-de-la-ventana\/#primaryimage","url":"https:\/\/www.noticiasradioreflejos.com.ar\/2021\/wp-content\/uploads\/2024\/01\/60-Fiesta-de-Reyes-Magos.jpeg","contentUrl":"https:\/\/www.noticiasradioreflejos.com.ar\/2021\/wp-content\/uploads\/2024\/01\/60-Fiesta-de-Reyes-Magos.jpeg","width":1600,"height":900},{"@type":"BreadcrumbList","@id":"https:\/\/www.noticiasradioreflejos.com.ar\/2021\/por-la-tormenta-los-reyes-bajaran-este-sabado-a-sierra-de-la-ventana\/#breadcrumb","itemListElement":[{"@type":"ListItem","position":1,"name":"Portada","item":"https:\/\/www.noticiasradioreflejos.com.ar\/2021\/"},{"@type":"ListItem","position":2,"name":"Por la tormenta los reyes bajar\u00e1n este s\u00e1bado a Sierra de la Ventana"}]},{"@type":"WebSite","@id":"https:\/\/www.noticiasradioreflejos.com.ar\/2021\/#website","url":"https:\/\/www.noticiasradioreflejos.com.ar\/2021\/","name":"Noticias Radio Reflejos","description":"Las noticias de mi comarca","potentialAction":[{"@type":"SearchAction","target":{"@type":"EntryPoint","urlTemplate":"https:\/\/www.noticiasradioreflejos.com.ar\/2021\/?s={search_term_string}"},"query-input":{"@type":"PropertyValueSpecification","valueRequired":true,"valueName":"search_term_string"}}],"inLanguage":"es"},{"@type":"Person","@id":"https:\/\/www.noticiasradioreflejos.com.ar\/2021\/#\/schema\/person\/ad82545263dcc5ec0996818884fd5fb1","name":"Arnaldo Botto","image":{"@type":"ImageObject","inLanguage":"es","@id":"https:\/\/www.noticiasradioreflejos.com.ar\/2021\/#\/schema\/person\/image\/","url":"https:\/\/secure.gravatar.com\/avatar\/55cb5e37c1efa326397366e6974cb338056df65cb50e7d64d1cf314e87504837?s=96&d=mm&r=g","contentUrl":"https:\/\/secure.gravatar.com\/avatar\/55cb5e37c1efa326397366e6974cb338056df65cb50e7d64d1cf314e87504837?s=96&d=mm&r=g","caption":"Arnaldo Botto"},"url":"https:\/\/www.noticiasradioreflejos.com.ar\/2021\/author\/arnaldo\/"}]}},"_links":{"self":[{"href":"https:\/\/www.noticiasradioreflejos.com.ar\/2021\/wp-json\/wp\/v2\/posts\/97392","targetHints":{"allow":["GET"]}}],"collection":[{"href":"https:\/\/www.noticiasradioreflejos.com.ar\/2021\/wp-json\/wp\/v2\/posts"}],"about":[{"href":"https:\/\/www.noticiasradioreflejos.com.ar\/2021\/wp-json\/wp\/v2\/types\/post"}],"author":[{"embeddable":true,"href":"https:\/\/www.noticiasradioreflejos.com.ar\/2021\/wp-json\/wp\/v2\/users\/3"}],"replies":[{"embeddable":true,"href":"https:\/\/www.noticiasradioreflejos.com.ar\/2021\/wp-json\/wp\/v2\/comments?post=97392"}],"version-history":[{"count":3,"href":"https:\/\/www.noticiasradioreflejos.com.ar\/2021\/wp-json\/wp\/v2\/posts\/97392\/revisions"}],"predecessor-version":[{"id":97404,"href":"https:\/\/www.noticiasradioreflejos.com.ar\/2021\/wp-json\/wp\/v2\/posts\/97392\/revisions\/97404"}],"wp:featuredmedia":[{"embeddable":true,"href":"https:\/\/www.noticiasradioreflejos.com.ar\/2021\/wp-json\/wp\/v2\/media\/97395"}],"wp:attachment":[{"href":"https:\/\/www.noticiasradioreflejos.com.ar\/2021\/wp-json\/wp\/v2\/media?parent=97392"}],"wp:term":[{"taxonomy":"category","embeddable":true,"href":"https:\/\/www.noticiasradioreflejos.com.ar\/2021\/wp-json\/wp\/v2\/categories?post=97392"},{"taxonomy":"post_tag","embeddable":true,"href":"https:\/\/www.noticiasradioreflejos.com.ar\/2021\/wp-json\/wp\/v2\/tags?post=97392"}],"curies":[{"name":"wp","href":"https:\/\/api.w.org\/{rel}","templated":true}]}}