{"id":97382,"date":"2024-01-05T16:26:21","date_gmt":"2024-01-05T19:26:21","guid":{"rendered":"https:\/\/www.noticiasradioreflejos.com.ar\/2021\/?p=97382"},"modified":"2024-01-05T16:29:00","modified_gmt":"2024-01-05T19:29:00","slug":"constanza-del-rio-estamos-ultimando-detalles-para-la-celebracion-del-domingo","status":"publish","type":"post","link":"https:\/\/www.noticiasradioreflejos.com.ar\/2021\/constanza-del-rio-estamos-ultimando-detalles-para-la-celebracion-del-domingo\/","title":{"rendered":"Constanza Del R\u00edo: \u201cEstamos ultimando detalles para la celebraci\u00f3n del domingo\u201d"},"content":{"rendered":"<p>Este<strong> 7 de enero, Atucos celebrar\u00e1 10 a\u00f1os del encuentro cultural \u201cTradici\u00f3n y Costumbres\u201d<\/strong>. \u201cA partir de las 20 el Fort\u00edn estar\u00e1 abierto para recibirlos a todos\u201d coment\u00f3 <strong>Constanza Del R\u00edo<\/strong>, una de sus organizadoras.<!--more--><\/p>\n<p>Este domingo Saldungaray vivir\u00e1 una de sus fiestas m\u00e1s representativas. Seg\u00fan coment\u00f3 una de sus organizadoras, Constanza Del R\u00edo, \u201ces el d\u00e9cimo evento. Llegamos a los 10 a\u00f1os. Estamos con la organizaci\u00f3n terminando de armar la grilla y viendo c\u00f3mo se comportar\u00e1 el clima el domingo\u201d.<\/p>\n<p><a title=\"9\u00b0 encuentro tradici\u00f3n y costumbres (10)\" href=\"https:\/\/www.flickr.com\/photos\/182279889@N02\/52614734469\/in\/photolist-2oamWNp-2oaogui-2oap9fc-2oapq39-2oaprAY-2oaprYS\" data-flickr-embed=\"true\" data-footer=\"true\"><img loading=\"lazy\" decoding=\"async\" src=\"https:\/\/live.staticflickr.com\/65535\/52614734469_6e2eafea42_c.jpg\" alt=\"9\u00b0 encuentro tradici\u00f3n y costumbres (10)\" width=\"800\" height=\"434\" \/><\/a><\/p>\n<p>Dando m\u00e1s detalles, \u201ca partir de las 20 estar\u00eda abierto el <strong>lugar hist\u00f3rico Fort\u00edn Pav\u00f3n <\/strong>y media hora m\u00e1s tarde las autoridades e instituciones iniciar\u00e1n el fuego, junto con un fortinero y un representante de pueblo originarios. Tambi\u00e9n estar\u00e1n los talleres municipales, la pe\u00f1a Huinca Malal y varios grupos m\u00e1s\u201d.<\/p>\n<p>En otro pasaje de la charla explic\u00f3 que \u201csomos un pueblo con costumbre y tradiciones lo que est\u00e1 muy bueno conservar y continuar. La idea tambi\u00e9n es poner otro tipo de m\u00fasica m\u00e1s all\u00e1 del folklore\u201d.<\/p>\n<p><a title=\"Atucos 7 de enero (3)\" href=\"https:\/\/www.flickr.com\/photos\/182279889@N02\/53445039115\/in\/dateposted-public\/\" data-flickr-embed=\"true\" data-footer=\"true\"><img loading=\"lazy\" decoding=\"async\" class=\"aligncenter\" src=\"https:\/\/live.staticflickr.com\/65535\/53445039115_14c4bd94c8_c.jpg\" alt=\"Atucos 7 de enero (3)\" width=\"507\" height=\"507\" \/><\/a><\/p>\n<p>Agregando que \u201cel municipio nos provee ba\u00f1o, luces, escenario, las comidas de las bandas. Nosotros vendemos comida para poder recaudar y pagar alg\u00fan espect\u00e1culo, m\u00e1s all\u00e1 de fondos para nuestra instituci\u00f3n\u201d.<\/p>\n<p>Por \u00faltimo, y d\u00e1ndole un marco hist\u00f3rico al evento, acot\u00f3 que \u201cnosotros celebramos el 7 de enero porque ese d\u00eda en 1863 se le puso el nombre al fort\u00edn, que fue creado un a\u00f1o antes. Nosotros celebramos el inicio de nuestra poblaci\u00f3n. Si fue cruel o no la metodolog\u00eda de aquel momento queda a un costado, fue as\u00ed que inici\u00f3 nuestro lugar. Por eso nuestra entrada es un indio y un fortinero. Es una manera de hermandad, de c\u00f3mo nos iniciamos\u201d.<\/p>\n<p><iframe loading=\"lazy\" width=\"100%\" height=\"166\" scrolling=\"no\" frameborder=\"no\" allow=\"autoplay\" src=\"https:\/\/w.soundcloud.com\/player\/?url=https%3A\/\/api.soundcloud.com\/tracks\/1709316627&#038;color=%23ff5500&#038;auto_play=false&#038;hide_related=false&#038;show_comments=true&#038;show_user=true&#038;show_reposts=false&#038;show_teaser=true\"><\/iframe><\/p>\n<div style=\"font-size: 10px; color: #cccccc;line-break: anywhere;word-break: normal;overflow: hidden;white-space: nowrap;text-overflow: ellipsis; font-family: Interstate,Lucida Grande,Lucida Sans Unicode,Lucida Sans,Garuda,Verdana,Tahoma,sans-serif;font-weight: 100;\"><a href=\"https:\/\/soundcloud.com\/fmreflejos-103-7\" title=\"fmreflejos 103.7\" target=\"_blank\" style=\"color: #cccccc; text-decoration: none;\" rel=\"noopener\">fmreflejos 103.7<\/a> \u00b7 <a href=\"https:\/\/soundcloud.com\/fmreflejos-103-7\/constanza-del-rio-05-1\" title=\"Constanza Del Rio 05 - 1\" target=\"_blank\" style=\"color: #cccccc; text-decoration: none;\" rel=\"noopener\">Constanza Del Rio 05 &#8211; 1<\/a><\/div>\n","protected":false},"excerpt":{"rendered":"<p>Este 7 de enero, Atucos celebrar\u00e1 10 a\u00f1os del encuentro cultural \u201cTradici\u00f3n y Costumbres\u201d. \u201cA partir de las 20 el Fort\u00edn estar\u00e1 abierto para recibirlos a todos\u201d coment\u00f3 Constanza Del R\u00edo, una de sus organizadoras.<\/p>\n","protected":false},"author":3,"featured_media":82403,"comment_status":"closed","ping_status":"closed","sticky":false,"template":"","format":"standard","meta":{"footnotes":""},"categories":[35,26,33],"tags":[48],"class_list":["post-97382","post","type-post","status-publish","format-standard","has-post-thumbnail","hentry","category-cultura","category-sociedad","category-turismo","tag-destacada"],"yoast_head":"<!-- This site is optimized with the Yoast SEO plugin v25.9 - https:\/\/yoast.com\/wordpress\/plugins\/seo\/ -->\n<title>Constanza Del R\u00edo: \u201cEstamos ultimando detalles para la celebraci\u00f3n del domingo\u201d - Noticias Radio Reflejos<\/title>\n<meta name=\"robots\" content=\"index, follow, max-snippet:-1, max-image-preview:large, max-video-preview:-1\" \/>\n<link rel=\"canonical\" href=\"https:\/\/www.noticiasradioreflejos.com.ar\/2021\/constanza-del-rio-estamos-ultimando-detalles-para-la-celebracion-del-domingo\/\" \/>\n<meta property=\"og:locale\" content=\"es_ES\" \/>\n<meta property=\"og:type\" content=\"article\" \/>\n<meta property=\"og:title\" content=\"Constanza Del R\u00edo: \u201cEstamos ultimando detalles para la celebraci\u00f3n del domingo\u201d - Noticias Radio Reflejos\" \/>\n<meta property=\"og:description\" content=\"Este 7 de enero, Atucos celebrar\u00e1 10 a\u00f1os del encuentro cultural \u201cTradici\u00f3n y Costumbres\u201d. \u201cA partir de las 20 el Fort\u00edn estar\u00e1 abierto para recibirlos a todos\u201d coment\u00f3 Constanza Del R\u00edo, una de sus organizadoras.\" \/>\n<meta property=\"og:url\" content=\"https:\/\/www.noticiasradioreflejos.com.ar\/2021\/constanza-del-rio-estamos-ultimando-detalles-para-la-celebracion-del-domingo\/\" \/>\n<meta property=\"og:site_name\" content=\"Noticias Radio Reflejos\" \/>\n<meta property=\"article:published_time\" content=\"2024-01-05T19:26:21+00:00\" \/>\n<meta property=\"article:modified_time\" content=\"2024-01-05T19:29:00+00:00\" \/>\n<meta property=\"og:image\" content=\"https:\/\/www.noticiasradioreflejos.com.ar\/2021\/wp-content\/uploads\/2023\/01\/9\u00b0-encuentro-tradicion-y-costumbres-14.jpeg\" \/>\n\t<meta property=\"og:image:width\" content=\"1600\" \/>\n\t<meta property=\"og:image:height\" content=\"720\" \/>\n\t<meta property=\"og:image:type\" content=\"image\/jpeg\" \/>\n<meta name=\"author\" content=\"Arnaldo Botto\" \/>\n<meta name=\"twitter:card\" content=\"summary_large_image\" \/>\n<script type=\"application\/ld+json\" class=\"yoast-schema-graph\">{\"@context\":\"https:\/\/schema.org\",\"@graph\":[{\"@type\":\"WebPage\",\"@id\":\"https:\/\/www.noticiasradioreflejos.com.ar\/2021\/constanza-del-rio-estamos-ultimando-detalles-para-la-celebracion-del-domingo\/\",\"url\":\"https:\/\/www.noticiasradioreflejos.com.ar\/2021\/constanza-del-rio-estamos-ultimando-detalles-para-la-celebracion-del-domingo\/\",\"name\":\"Constanza Del R\u00edo: \u201cEstamos ultimando detalles para la celebraci\u00f3n del domingo\u201d - Noticias Radio Reflejos\",\"isPartOf\":{\"@id\":\"https:\/\/www.noticiasradioreflejos.com.ar\/2021\/#website\"},\"primaryImageOfPage\":{\"@id\":\"https:\/\/www.noticiasradioreflejos.com.ar\/2021\/constanza-del-rio-estamos-ultimando-detalles-para-la-celebracion-del-domingo\/#primaryimage\"},\"image\":{\"@id\":\"https:\/\/www.noticiasradioreflejos.com.ar\/2021\/constanza-del-rio-estamos-ultimando-detalles-para-la-celebracion-del-domingo\/#primaryimage\"},\"thumbnailUrl\":\"https:\/\/www.noticiasradioreflejos.com.ar\/2021\/wp-content\/uploads\/2023\/01\/9\u00b0-encuentro-tradicion-y-costumbres-14.jpeg\",\"datePublished\":\"2024-01-05T19:26:21+00:00\",\"dateModified\":\"2024-01-05T19:29:00+00:00\",\"author\":{\"@id\":\"https:\/\/www.noticiasradioreflejos.com.ar\/2021\/#\/schema\/person\/ad82545263dcc5ec0996818884fd5fb1\"},\"breadcrumb\":{\"@id\":\"https:\/\/www.noticiasradioreflejos.com.ar\/2021\/constanza-del-rio-estamos-ultimando-detalles-para-la-celebracion-del-domingo\/#breadcrumb\"},\"inLanguage\":\"es\",\"potentialAction\":[{\"@type\":\"ReadAction\",\"target\":[\"https:\/\/www.noticiasradioreflejos.com.ar\/2021\/constanza-del-rio-estamos-ultimando-detalles-para-la-celebracion-del-domingo\/\"]}]},{\"@type\":\"ImageObject\",\"inLanguage\":\"es\",\"@id\":\"https:\/\/www.noticiasradioreflejos.com.ar\/2021\/constanza-del-rio-estamos-ultimando-detalles-para-la-celebracion-del-domingo\/#primaryimage\",\"url\":\"https:\/\/www.noticiasradioreflejos.com.ar\/2021\/wp-content\/uploads\/2023\/01\/9\u00b0-encuentro-tradicion-y-costumbres-14.jpeg\",\"contentUrl\":\"https:\/\/www.noticiasradioreflejos.com.ar\/2021\/wp-content\/uploads\/2023\/01\/9\u00b0-encuentro-tradicion-y-costumbres-14.jpeg\",\"width\":1600,\"height\":720},{\"@type\":\"BreadcrumbList\",\"@id\":\"https:\/\/www.noticiasradioreflejos.com.ar\/2021\/constanza-del-rio-estamos-ultimando-detalles-para-la-celebracion-del-domingo\/#breadcrumb\",\"itemListElement\":[{\"@type\":\"ListItem\",\"position\":1,\"name\":\"Portada\",\"item\":\"https:\/\/www.noticiasradioreflejos.com.ar\/2021\/\"},{\"@type\":\"ListItem\",\"position\":2,\"name\":\"Constanza Del R\u00edo: \u201cEstamos ultimando detalles para la celebraci\u00f3n del domingo\u201d\"}]},{\"@type\":\"WebSite\",\"@id\":\"https:\/\/www.noticiasradioreflejos.com.ar\/2021\/#website\",\"url\":\"https:\/\/www.noticiasradioreflejos.com.ar\/2021\/\",\"name\":\"Noticias Radio Reflejos\",\"description\":\"Las noticias de mi comarca\",\"potentialAction\":[{\"@type\":\"SearchAction\",\"target\":{\"@type\":\"EntryPoint\",\"urlTemplate\":\"https:\/\/www.noticiasradioreflejos.com.ar\/2021\/?s={search_term_string}\"},\"query-input\":{\"@type\":\"PropertyValueSpecification\",\"valueRequired\":true,\"valueName\":\"search_term_string\"}}],\"inLanguage\":\"es\"},{\"@type\":\"Person\",\"@id\":\"https:\/\/www.noticiasradioreflejos.com.ar\/2021\/#\/schema\/person\/ad82545263dcc5ec0996818884fd5fb1\",\"name\":\"Arnaldo Botto\",\"image\":{\"@type\":\"ImageObject\",\"inLanguage\":\"es\",\"@id\":\"https:\/\/www.noticiasradioreflejos.com.ar\/2021\/#\/schema\/person\/image\/\",\"url\":\"https:\/\/secure.gravatar.com\/avatar\/55cb5e37c1efa326397366e6974cb338056df65cb50e7d64d1cf314e87504837?s=96&d=mm&r=g\",\"contentUrl\":\"https:\/\/secure.gravatar.com\/avatar\/55cb5e37c1efa326397366e6974cb338056df65cb50e7d64d1cf314e87504837?s=96&d=mm&r=g\",\"caption\":\"Arnaldo Botto\"},\"url\":\"https:\/\/www.noticiasradioreflejos.com.ar\/2021\/author\/arnaldo\/\"}]}<\/script>\n<!-- \/ Yoast SEO plugin. -->","yoast_head_json":{"title":"Constanza Del R\u00edo: \u201cEstamos ultimando detalles para la celebraci\u00f3n del domingo\u201d - Noticias Radio Reflejos","robots":{"index":"index","follow":"follow","max-snippet":"max-snippet:-1","max-image-preview":"max-image-preview:large","max-video-preview":"max-video-preview:-1"},"canonical":"https:\/\/www.noticiasradioreflejos.com.ar\/2021\/constanza-del-rio-estamos-ultimando-detalles-para-la-celebracion-del-domingo\/","og_locale":"es_ES","og_type":"article","og_title":"Constanza Del R\u00edo: \u201cEstamos ultimando detalles para la celebraci\u00f3n del domingo\u201d - Noticias Radio Reflejos","og_description":"Este 7 de enero, Atucos celebrar\u00e1 10 a\u00f1os del encuentro cultural \u201cTradici\u00f3n y Costumbres\u201d. \u201cA partir de las 20 el Fort\u00edn estar\u00e1 abierto para recibirlos a todos\u201d coment\u00f3 Constanza Del R\u00edo, una de sus organizadoras.","og_url":"https:\/\/www.noticiasradioreflejos.com.ar\/2021\/constanza-del-rio-estamos-ultimando-detalles-para-la-celebracion-del-domingo\/","og_site_name":"Noticias Radio Reflejos","article_published_time":"2024-01-05T19:26:21+00:00","article_modified_time":"2024-01-05T19:29:00+00:00","og_image":[{"width":1600,"height":720,"url":"https:\/\/www.noticiasradioreflejos.com.ar\/2021\/wp-content\/uploads\/2023\/01\/9\u00b0-encuentro-tradicion-y-costumbres-14.jpeg","type":"image\/jpeg"}],"author":"Arnaldo Botto","twitter_card":"summary_large_image","schema":{"@context":"https:\/\/schema.org","@graph":[{"@type":"WebPage","@id":"https:\/\/www.noticiasradioreflejos.com.ar\/2021\/constanza-del-rio-estamos-ultimando-detalles-para-la-celebracion-del-domingo\/","url":"https:\/\/www.noticiasradioreflejos.com.ar\/2021\/constanza-del-rio-estamos-ultimando-detalles-para-la-celebracion-del-domingo\/","name":"Constanza Del R\u00edo: \u201cEstamos ultimando detalles para la celebraci\u00f3n del domingo\u201d - Noticias Radio Reflejos","isPartOf":{"@id":"https:\/\/www.noticiasradioreflejos.com.ar\/2021\/#website"},"primaryImageOfPage":{"@id":"https:\/\/www.noticiasradioreflejos.com.ar\/2021\/constanza-del-rio-estamos-ultimando-detalles-para-la-celebracion-del-domingo\/#primaryimage"},"image":{"@id":"https:\/\/www.noticiasradioreflejos.com.ar\/2021\/constanza-del-rio-estamos-ultimando-detalles-para-la-celebracion-del-domingo\/#primaryimage"},"thumbnailUrl":"https:\/\/www.noticiasradioreflejos.com.ar\/2021\/wp-content\/uploads\/2023\/01\/9\u00b0-encuentro-tradicion-y-costumbres-14.jpeg","datePublished":"2024-01-05T19:26:21+00:00","dateModified":"2024-01-05T19:29:00+00:00","author":{"@id":"https:\/\/www.noticiasradioreflejos.com.ar\/2021\/#\/schema\/person\/ad82545263dcc5ec0996818884fd5fb1"},"breadcrumb":{"@id":"https:\/\/www.noticiasradioreflejos.com.ar\/2021\/constanza-del-rio-estamos-ultimando-detalles-para-la-celebracion-del-domingo\/#breadcrumb"},"inLanguage":"es","potentialAction":[{"@type":"ReadAction","target":["https:\/\/www.noticiasradioreflejos.com.ar\/2021\/constanza-del-rio-estamos-ultimando-detalles-para-la-celebracion-del-domingo\/"]}]},{"@type":"ImageObject","inLanguage":"es","@id":"https:\/\/www.noticiasradioreflejos.com.ar\/2021\/constanza-del-rio-estamos-ultimando-detalles-para-la-celebracion-del-domingo\/#primaryimage","url":"https:\/\/www.noticiasradioreflejos.com.ar\/2021\/wp-content\/uploads\/2023\/01\/9\u00b0-encuentro-tradicion-y-costumbres-14.jpeg","contentUrl":"https:\/\/www.noticiasradioreflejos.com.ar\/2021\/wp-content\/uploads\/2023\/01\/9\u00b0-encuentro-tradicion-y-costumbres-14.jpeg","width":1600,"height":720},{"@type":"BreadcrumbList","@id":"https:\/\/www.noticiasradioreflejos.com.ar\/2021\/constanza-del-rio-estamos-ultimando-detalles-para-la-celebracion-del-domingo\/#breadcrumb","itemListElement":[{"@type":"ListItem","position":1,"name":"Portada","item":"https:\/\/www.noticiasradioreflejos.com.ar\/2021\/"},{"@type":"ListItem","position":2,"name":"Constanza Del R\u00edo: \u201cEstamos ultimando detalles para la celebraci\u00f3n del domingo\u201d"}]},{"@type":"WebSite","@id":"https:\/\/www.noticiasradioreflejos.com.ar\/2021\/#website","url":"https:\/\/www.noticiasradioreflejos.com.ar\/2021\/","name":"Noticias Radio Reflejos","description":"Las noticias de mi comarca","potentialAction":[{"@type":"SearchAction","target":{"@type":"EntryPoint","urlTemplate":"https:\/\/www.noticiasradioreflejos.com.ar\/2021\/?s={search_term_string}"},"query-input":{"@type":"PropertyValueSpecification","valueRequired":true,"valueName":"search_term_string"}}],"inLanguage":"es"},{"@type":"Person","@id":"https:\/\/www.noticiasradioreflejos.com.ar\/2021\/#\/schema\/person\/ad82545263dcc5ec0996818884fd5fb1","name":"Arnaldo Botto","image":{"@type":"ImageObject","inLanguage":"es","@id":"https:\/\/www.noticiasradioreflejos.com.ar\/2021\/#\/schema\/person\/image\/","url":"https:\/\/secure.gravatar.com\/avatar\/55cb5e37c1efa326397366e6974cb338056df65cb50e7d64d1cf314e87504837?s=96&d=mm&r=g","contentUrl":"https:\/\/secure.gravatar.com\/avatar\/55cb5e37c1efa326397366e6974cb338056df65cb50e7d64d1cf314e87504837?s=96&d=mm&r=g","caption":"Arnaldo Botto"},"url":"https:\/\/www.noticiasradioreflejos.com.ar\/2021\/author\/arnaldo\/"}]}},"_links":{"self":[{"href":"https:\/\/www.noticiasradioreflejos.com.ar\/2021\/wp-json\/wp\/v2\/posts\/97382","targetHints":{"allow":["GET"]}}],"collection":[{"href":"https:\/\/www.noticiasradioreflejos.com.ar\/2021\/wp-json\/wp\/v2\/posts"}],"about":[{"href":"https:\/\/www.noticiasradioreflejos.com.ar\/2021\/wp-json\/wp\/v2\/types\/post"}],"author":[{"embeddable":true,"href":"https:\/\/www.noticiasradioreflejos.com.ar\/2021\/wp-json\/wp\/v2\/users\/3"}],"replies":[{"embeddable":true,"href":"https:\/\/www.noticiasradioreflejos.com.ar\/2021\/wp-json\/wp\/v2\/comments?post=97382"}],"version-history":[{"count":2,"href":"https:\/\/www.noticiasradioreflejos.com.ar\/2021\/wp-json\/wp\/v2\/posts\/97382\/revisions"}],"predecessor-version":[{"id":97391,"href":"https:\/\/www.noticiasradioreflejos.com.ar\/2021\/wp-json\/wp\/v2\/posts\/97382\/revisions\/97391"}],"wp:featuredmedia":[{"embeddable":true,"href":"https:\/\/www.noticiasradioreflejos.com.ar\/2021\/wp-json\/wp\/v2\/media\/82403"}],"wp:attachment":[{"href":"https:\/\/www.noticiasradioreflejos.com.ar\/2021\/wp-json\/wp\/v2\/media?parent=97382"}],"wp:term":[{"taxonomy":"category","embeddable":true,"href":"https:\/\/www.noticiasradioreflejos.com.ar\/2021\/wp-json\/wp\/v2\/categories?post=97382"},{"taxonomy":"post_tag","embeddable":true,"href":"https:\/\/www.noticiasradioreflejos.com.ar\/2021\/wp-json\/wp\/v2\/tags?post=97382"}],"curies":[{"name":"wp","href":"https:\/\/api.w.org\/{rel}","templated":true}]}}