{"id":97377,"date":"2024-01-05T15:51:07","date_gmt":"2024-01-05T18:51:07","guid":{"rendered":"https:\/\/www.noticiasradioreflejos.com.ar\/2021\/?p=97377"},"modified":"2024-01-05T15:51:07","modified_gmt":"2024-01-05T18:51:07","slug":"este-sabado-arranca-movete-villa-movete","status":"publish","type":"post","link":"https:\/\/www.noticiasradioreflejos.com.ar\/2021\/este-sabado-arranca-movete-villa-movete\/","title":{"rendered":"Este s\u00e1bado arranca \u00abMovete Villa Movete\u00bb"},"content":{"rendered":"<p>La iniciativa, impulsada por la profesora <strong>Larisa Franchi<\/strong>, busca generar un polo cultural y punto tur\u00edstico en la plaza de Villa Ventana. \u201cEst\u00e1n todos invitados a presenciar y participar\u201d resalt\u00f3.<!--more--><\/p>\n<p>Este domingo,<strong> desde las 18 en la plaza Salerno, Villa Ventana<\/strong> vivir\u00e1 la primer edici\u00f3n del Movete Villa Movete, una acci\u00f3n cultural impulsada por la profesora Larisa Franchi.<\/p>\n<p><a title=\"movete villa\" href=\"https:\/\/www.flickr.com\/photos\/182279889@N02\/53444703943\/in\/dateposted-public\/\" data-flickr-embed=\"true\" data-footer=\"true\"><img loading=\"lazy\" decoding=\"async\" class=\"aligncenter\" src=\"https:\/\/live.staticflickr.com\/31337\/53444703943_80e5b0129e_w.jpg\" alt=\"movete villa\" width=\"578\" height=\"578\" \/><\/a><script async src=\"\/\/embedr.flickr.com\/assets\/client-code.js\" charset=\"utf-8\"><\/script><\/p>\n<p>Al respecto coment\u00f3 que \u201cestamos palpitando esta movida que estamos armando desde Villa Ventana. Buscamos generar una tradici\u00f3n, todos los domingos, a excepci\u00f3n de este fin de semana que ser\u00e1 el s\u00e1bado, a las 18 siempre habr\u00e1 algo en la plaza de Villa Ventana\u201d.<\/p>\n<p>Sumando que \u201cinvito a todos los artistas que quieran participar. Son todos bienvenidos. Soy profe de danza y trato de impulsar este movimiento\u201d.<\/p>\n<p>Al mismo tiempo aclar\u00f3 que \u201cesto es autogestivo. Si bien present\u00e9 el proyecto y la directora de cultura me dio el OK, hubo recortes y no nos pueden apoyar de manera monetaria. Esto se da por la ayuda de los vecinos y comerciantes, que aportan de la manera que pueden. Este movimiento nos va a ayudar a todos para impulsar el turismo\u201d.<\/p>\n<p>Agregando que \u201cest\u00e1 pensado tambi\u00e9n para que los locales aprovechen y se sumen a esta movida cultural. Hacemos lo que podemos con lo que tenemos, pero siempre buscando que sea lo m\u00e1s lindo posible\u201d.<\/p>\n<p>Para darle un contexto sostuvo que \u201ces una feria de las artes que se llama Movete Villa Movete. Buscamos que siempre haya artistas de diferentes \u00e1mbitos. Son peque\u00f1as funciones de una hora aproximadamente, dependiendo de la posibilidad de cada artista\u201d.<\/p>\n<p>Sobre la programaci\u00f3n de los pr\u00f3ximos d\u00edas afirm\u00f3 que \u201ceste s\u00e1bado tendremos una banda de Sierra que se llama Volviendo Caravana, despu\u00e9s tenemos Anester M\u00e1gico, tambi\u00e9n estar\u00e1 En el Bondi, que son narraciones y t\u00edteres. Habr\u00e1 un cantor, Platahue. Habr\u00e1 una estatua viviente, que es una criatura de 10 a\u00f1os. Y tambi\u00e9n tendremos un peque\u00f1o cantor de 13 a\u00f1os\u201d.<\/p>\n<p>Para ir cerrando explic\u00f3 que \u201cla idea es generar redes entre los artistas, porque yo creo que el arte puede salvar al mundo. Si nos unimos podemos generar maravillas. Todo esto ser\u00e1 a la gorra, una gorra \u00fanica, y luego se repartir\u00e1 entre los artistas\u201d.<\/p>\n<p>Por \u00faltimo aport\u00f3 que \u201ctambi\u00e9n habr\u00e1 sorteos y premios que entregaron comercios de Villa. Y en estos eventos se invitan a todas las instituciones de Villa para que puedan poner sus stands y as\u00ed recaudar fondos para ellos\u201d.<\/p>\n<p>&nbsp;<\/p>\n<p><iframe loading=\"lazy\" src=\"https:\/\/w.soundcloud.com\/player\/?url=https%3A\/\/api.soundcloud.com\/tracks\/1709294766&amp;color=%23ff5500&amp;auto_play=false&amp;hide_related=false&amp;show_comments=true&amp;show_user=true&amp;show_reposts=false&amp;show_teaser=true\" width=\"100%\" height=\"166\" frameborder=\"no\" scrolling=\"no\"><\/iframe><\/p>\n<div style=\"font-size: 10px; color: #cccccc; line-break: anywhere; word-break: normal; overflow: hidden; white-space: nowrap; text-overflow: ellipsis; font-family: Interstate,Lucida Grande,Lucida Sans Unicode,Lucida Sans,Garuda,Verdana,Tahoma,sans-serif; font-weight: 100;\"><a style=\"color: #cccccc; text-decoration: none;\" title=\"fmreflejos 103.7\" href=\"https:\/\/soundcloud.com\/fmreflejos-103-7\" target=\"_blank\" rel=\"noopener\">fmreflejos 103.7<\/a> \u00b7 <a style=\"color: #cccccc; text-decoration: none;\" title=\"Larisa Franchi 05 - 1\" href=\"https:\/\/soundcloud.com\/fmreflejos-103-7\/larisa-franchi-05-1\" target=\"_blank\" rel=\"noopener\">Larisa Franchi 05 &#8211; 1<\/a><\/div>\n<p><a title=\"movete villa\" href=\"https:\/\/www.flickr.com\/photos\/182279889@N02\/53443636807\/in\/dateposted-public\/\" data-flickr-embed=\"true\" data-footer=\"true\"><img loading=\"lazy\" decoding=\"async\" src=\"https:\/\/live.staticflickr.com\/65535\/53443636807_2b2de53001_c.jpg\" alt=\"movete villa\" width=\"450\" height=\"800\" \/><\/a><script async src=\"\/\/embedr.flickr.com\/assets\/client-code.js\" charset=\"utf-8\"><\/script><\/p>\n","protected":false},"excerpt":{"rendered":"<p>La iniciativa, impulsada por la profesora Larisa Franchi, busca generar un polo cultural y punto tur\u00edstico en la plaza de Villa Ventana. \u201cEst\u00e1n todos invitados a presenciar y participar\u201d resalt\u00f3.<\/p>\n","protected":false},"author":3,"featured_media":0,"comment_status":"closed","ping_status":"closed","sticky":false,"template":"","format":"standard","meta":{"footnotes":""},"categories":[35,26,33],"tags":[48],"class_list":["post-97377","post","type-post","status-publish","format-standard","hentry","category-cultura","category-sociedad","category-turismo","tag-destacada"],"yoast_head":"<!-- This site is optimized with the Yoast SEO plugin v25.9 - https:\/\/yoast.com\/wordpress\/plugins\/seo\/ -->\n<title>Este s\u00e1bado arranca &quot;Movete Villa Movete&quot; - Noticias Radio Reflejos<\/title>\n<meta name=\"robots\" content=\"index, follow, max-snippet:-1, max-image-preview:large, max-video-preview:-1\" \/>\n<link rel=\"canonical\" href=\"https:\/\/www.noticiasradioreflejos.com.ar\/2021\/este-sabado-arranca-movete-villa-movete\/\" \/>\n<meta property=\"og:locale\" content=\"es_ES\" \/>\n<meta property=\"og:type\" content=\"article\" \/>\n<meta property=\"og:title\" content=\"Este s\u00e1bado arranca &quot;Movete Villa Movete&quot; - Noticias Radio Reflejos\" \/>\n<meta property=\"og:description\" content=\"La iniciativa, impulsada por la profesora Larisa Franchi, busca generar un polo cultural y punto tur\u00edstico en la plaza de Villa Ventana. \u201cEst\u00e1n todos invitados a presenciar y participar\u201d resalt\u00f3.\" \/>\n<meta property=\"og:url\" content=\"https:\/\/www.noticiasradioreflejos.com.ar\/2021\/este-sabado-arranca-movete-villa-movete\/\" \/>\n<meta property=\"og:site_name\" content=\"Noticias Radio Reflejos\" \/>\n<meta property=\"article:published_time\" content=\"2024-01-05T18:51:07+00:00\" \/>\n<meta property=\"og:image\" content=\"https:\/\/live.staticflickr.com\/31337\/53444703943_80e5b0129e_w.jpg\" \/>\n<meta name=\"author\" content=\"Arnaldo Botto\" \/>\n<meta name=\"twitter:card\" content=\"summary_large_image\" \/>\n<script type=\"application\/ld+json\" class=\"yoast-schema-graph\">{\"@context\":\"https:\/\/schema.org\",\"@graph\":[{\"@type\":\"WebPage\",\"@id\":\"https:\/\/www.noticiasradioreflejos.com.ar\/2021\/este-sabado-arranca-movete-villa-movete\/\",\"url\":\"https:\/\/www.noticiasradioreflejos.com.ar\/2021\/este-sabado-arranca-movete-villa-movete\/\",\"name\":\"Este s\u00e1bado arranca \\\"Movete Villa Movete\\\" - Noticias Radio Reflejos\",\"isPartOf\":{\"@id\":\"https:\/\/www.noticiasradioreflejos.com.ar\/2021\/#website\"},\"primaryImageOfPage\":{\"@id\":\"https:\/\/www.noticiasradioreflejos.com.ar\/2021\/este-sabado-arranca-movete-villa-movete\/#primaryimage\"},\"image\":{\"@id\":\"https:\/\/www.noticiasradioreflejos.com.ar\/2021\/este-sabado-arranca-movete-villa-movete\/#primaryimage\"},\"thumbnailUrl\":\"https:\/\/live.staticflickr.com\/31337\/53444703943_80e5b0129e_w.jpg\",\"datePublished\":\"2024-01-05T18:51:07+00:00\",\"author\":{\"@id\":\"https:\/\/www.noticiasradioreflejos.com.ar\/2021\/#\/schema\/person\/ad82545263dcc5ec0996818884fd5fb1\"},\"breadcrumb\":{\"@id\":\"https:\/\/www.noticiasradioreflejos.com.ar\/2021\/este-sabado-arranca-movete-villa-movete\/#breadcrumb\"},\"inLanguage\":\"es\",\"potentialAction\":[{\"@type\":\"ReadAction\",\"target\":[\"https:\/\/www.noticiasradioreflejos.com.ar\/2021\/este-sabado-arranca-movete-villa-movete\/\"]}]},{\"@type\":\"ImageObject\",\"inLanguage\":\"es\",\"@id\":\"https:\/\/www.noticiasradioreflejos.com.ar\/2021\/este-sabado-arranca-movete-villa-movete\/#primaryimage\",\"url\":\"https:\/\/live.staticflickr.com\/31337\/53444703943_80e5b0129e_w.jpg\",\"contentUrl\":\"https:\/\/live.staticflickr.com\/31337\/53444703943_80e5b0129e_w.jpg\"},{\"@type\":\"BreadcrumbList\",\"@id\":\"https:\/\/www.noticiasradioreflejos.com.ar\/2021\/este-sabado-arranca-movete-villa-movete\/#breadcrumb\",\"itemListElement\":[{\"@type\":\"ListItem\",\"position\":1,\"name\":\"Portada\",\"item\":\"https:\/\/www.noticiasradioreflejos.com.ar\/2021\/\"},{\"@type\":\"ListItem\",\"position\":2,\"name\":\"Este s\u00e1bado arranca \u00abMovete Villa Movete\u00bb\"}]},{\"@type\":\"WebSite\",\"@id\":\"https:\/\/www.noticiasradioreflejos.com.ar\/2021\/#website\",\"url\":\"https:\/\/www.noticiasradioreflejos.com.ar\/2021\/\",\"name\":\"Noticias Radio Reflejos\",\"description\":\"Las noticias de mi comarca\",\"potentialAction\":[{\"@type\":\"SearchAction\",\"target\":{\"@type\":\"EntryPoint\",\"urlTemplate\":\"https:\/\/www.noticiasradioreflejos.com.ar\/2021\/?s={search_term_string}\"},\"query-input\":{\"@type\":\"PropertyValueSpecification\",\"valueRequired\":true,\"valueName\":\"search_term_string\"}}],\"inLanguage\":\"es\"},{\"@type\":\"Person\",\"@id\":\"https:\/\/www.noticiasradioreflejos.com.ar\/2021\/#\/schema\/person\/ad82545263dcc5ec0996818884fd5fb1\",\"name\":\"Arnaldo Botto\",\"image\":{\"@type\":\"ImageObject\",\"inLanguage\":\"es\",\"@id\":\"https:\/\/www.noticiasradioreflejos.com.ar\/2021\/#\/schema\/person\/image\/\",\"url\":\"https:\/\/secure.gravatar.com\/avatar\/55cb5e37c1efa326397366e6974cb338056df65cb50e7d64d1cf314e87504837?s=96&d=mm&r=g\",\"contentUrl\":\"https:\/\/secure.gravatar.com\/avatar\/55cb5e37c1efa326397366e6974cb338056df65cb50e7d64d1cf314e87504837?s=96&d=mm&r=g\",\"caption\":\"Arnaldo Botto\"},\"url\":\"https:\/\/www.noticiasradioreflejos.com.ar\/2021\/author\/arnaldo\/\"}]}<\/script>\n<!-- \/ Yoast SEO plugin. -->","yoast_head_json":{"title":"Este s\u00e1bado arranca \"Movete Villa Movete\" - Noticias Radio Reflejos","robots":{"index":"index","follow":"follow","max-snippet":"max-snippet:-1","max-image-preview":"max-image-preview:large","max-video-preview":"max-video-preview:-1"},"canonical":"https:\/\/www.noticiasradioreflejos.com.ar\/2021\/este-sabado-arranca-movete-villa-movete\/","og_locale":"es_ES","og_type":"article","og_title":"Este s\u00e1bado arranca \"Movete Villa Movete\" - Noticias Radio Reflejos","og_description":"La iniciativa, impulsada por la profesora Larisa Franchi, busca generar un polo cultural y punto tur\u00edstico en la plaza de Villa Ventana. \u201cEst\u00e1n todos invitados a presenciar y participar\u201d resalt\u00f3.","og_url":"https:\/\/www.noticiasradioreflejos.com.ar\/2021\/este-sabado-arranca-movete-villa-movete\/","og_site_name":"Noticias Radio Reflejos","article_published_time":"2024-01-05T18:51:07+00:00","og_image":[{"url":"https:\/\/live.staticflickr.com\/31337\/53444703943_80e5b0129e_w.jpg","type":"","width":"","height":""}],"author":"Arnaldo Botto","twitter_card":"summary_large_image","schema":{"@context":"https:\/\/schema.org","@graph":[{"@type":"WebPage","@id":"https:\/\/www.noticiasradioreflejos.com.ar\/2021\/este-sabado-arranca-movete-villa-movete\/","url":"https:\/\/www.noticiasradioreflejos.com.ar\/2021\/este-sabado-arranca-movete-villa-movete\/","name":"Este s\u00e1bado arranca \"Movete Villa Movete\" - Noticias Radio Reflejos","isPartOf":{"@id":"https:\/\/www.noticiasradioreflejos.com.ar\/2021\/#website"},"primaryImageOfPage":{"@id":"https:\/\/www.noticiasradioreflejos.com.ar\/2021\/este-sabado-arranca-movete-villa-movete\/#primaryimage"},"image":{"@id":"https:\/\/www.noticiasradioreflejos.com.ar\/2021\/este-sabado-arranca-movete-villa-movete\/#primaryimage"},"thumbnailUrl":"https:\/\/live.staticflickr.com\/31337\/53444703943_80e5b0129e_w.jpg","datePublished":"2024-01-05T18:51:07+00:00","author":{"@id":"https:\/\/www.noticiasradioreflejos.com.ar\/2021\/#\/schema\/person\/ad82545263dcc5ec0996818884fd5fb1"},"breadcrumb":{"@id":"https:\/\/www.noticiasradioreflejos.com.ar\/2021\/este-sabado-arranca-movete-villa-movete\/#breadcrumb"},"inLanguage":"es","potentialAction":[{"@type":"ReadAction","target":["https:\/\/www.noticiasradioreflejos.com.ar\/2021\/este-sabado-arranca-movete-villa-movete\/"]}]},{"@type":"ImageObject","inLanguage":"es","@id":"https:\/\/www.noticiasradioreflejos.com.ar\/2021\/este-sabado-arranca-movete-villa-movete\/#primaryimage","url":"https:\/\/live.staticflickr.com\/31337\/53444703943_80e5b0129e_w.jpg","contentUrl":"https:\/\/live.staticflickr.com\/31337\/53444703943_80e5b0129e_w.jpg"},{"@type":"BreadcrumbList","@id":"https:\/\/www.noticiasradioreflejos.com.ar\/2021\/este-sabado-arranca-movete-villa-movete\/#breadcrumb","itemListElement":[{"@type":"ListItem","position":1,"name":"Portada","item":"https:\/\/www.noticiasradioreflejos.com.ar\/2021\/"},{"@type":"ListItem","position":2,"name":"Este s\u00e1bado arranca \u00abMovete Villa Movete\u00bb"}]},{"@type":"WebSite","@id":"https:\/\/www.noticiasradioreflejos.com.ar\/2021\/#website","url":"https:\/\/www.noticiasradioreflejos.com.ar\/2021\/","name":"Noticias Radio Reflejos","description":"Las noticias de mi comarca","potentialAction":[{"@type":"SearchAction","target":{"@type":"EntryPoint","urlTemplate":"https:\/\/www.noticiasradioreflejos.com.ar\/2021\/?s={search_term_string}"},"query-input":{"@type":"PropertyValueSpecification","valueRequired":true,"valueName":"search_term_string"}}],"inLanguage":"es"},{"@type":"Person","@id":"https:\/\/www.noticiasradioreflejos.com.ar\/2021\/#\/schema\/person\/ad82545263dcc5ec0996818884fd5fb1","name":"Arnaldo Botto","image":{"@type":"ImageObject","inLanguage":"es","@id":"https:\/\/www.noticiasradioreflejos.com.ar\/2021\/#\/schema\/person\/image\/","url":"https:\/\/secure.gravatar.com\/avatar\/55cb5e37c1efa326397366e6974cb338056df65cb50e7d64d1cf314e87504837?s=96&d=mm&r=g","contentUrl":"https:\/\/secure.gravatar.com\/avatar\/55cb5e37c1efa326397366e6974cb338056df65cb50e7d64d1cf314e87504837?s=96&d=mm&r=g","caption":"Arnaldo Botto"},"url":"https:\/\/www.noticiasradioreflejos.com.ar\/2021\/author\/arnaldo\/"}]}},"_links":{"self":[{"href":"https:\/\/www.noticiasradioreflejos.com.ar\/2021\/wp-json\/wp\/v2\/posts\/97377","targetHints":{"allow":["GET"]}}],"collection":[{"href":"https:\/\/www.noticiasradioreflejos.com.ar\/2021\/wp-json\/wp\/v2\/posts"}],"about":[{"href":"https:\/\/www.noticiasradioreflejos.com.ar\/2021\/wp-json\/wp\/v2\/types\/post"}],"author":[{"embeddable":true,"href":"https:\/\/www.noticiasradioreflejos.com.ar\/2021\/wp-json\/wp\/v2\/users\/3"}],"replies":[{"embeddable":true,"href":"https:\/\/www.noticiasradioreflejos.com.ar\/2021\/wp-json\/wp\/v2\/comments?post=97377"}],"version-history":[{"count":3,"href":"https:\/\/www.noticiasradioreflejos.com.ar\/2021\/wp-json\/wp\/v2\/posts\/97377\/revisions"}],"predecessor-version":[{"id":97387,"href":"https:\/\/www.noticiasradioreflejos.com.ar\/2021\/wp-json\/wp\/v2\/posts\/97377\/revisions\/97387"}],"wp:attachment":[{"href":"https:\/\/www.noticiasradioreflejos.com.ar\/2021\/wp-json\/wp\/v2\/media?parent=97377"}],"wp:term":[{"taxonomy":"category","embeddable":true,"href":"https:\/\/www.noticiasradioreflejos.com.ar\/2021\/wp-json\/wp\/v2\/categories?post=97377"},{"taxonomy":"post_tag","embeddable":true,"href":"https:\/\/www.noticiasradioreflejos.com.ar\/2021\/wp-json\/wp\/v2\/tags?post=97377"}],"curies":[{"name":"wp","href":"https:\/\/api.w.org\/{rel}","templated":true}]}}