{"id":97373,"date":"2024-01-05T15:37:31","date_gmt":"2024-01-05T18:37:31","guid":{"rendered":"https:\/\/www.noticiasradioreflejos.com.ar\/2021\/?p=97373"},"modified":"2024-01-05T15:39:00","modified_gmt":"2024-01-05T18:39:00","slug":"jorge-perez-martin-nuestra-vedette-es-la-fritatta","status":"publish","type":"post","link":"https:\/\/www.noticiasradioreflejos.com.ar\/2021\/jorge-perez-martin-nuestra-vedette-es-la-fritatta\/","title":{"rendered":"Jorge P\u00e9rez Mart\u00edn: \u201cNuestra vedette es la fritatta\u201d"},"content":{"rendered":"<p>El empresario gastron\u00f3mico a cargo del restaurant del<strong> Complejo de Petroqu\u00edmicos<\/strong> coment\u00f3 las distintas ofertas que tienen, al tiempo que agradeci\u00f3 por c\u00f3mo los vecinos de la comarca se han volcado hacia el emprendimiento.<!--more--><\/p>\n<p>Para muchos suena un poco raro hablar de mariscos en las Sierras, pero en el caso de <strong>Jorge P\u00e9rez Martin<\/strong> y su se\u00f1ora, fue justamente esa la chispa de ingenio que los llev\u00f3 a abrir un restaurant que poco a poco gan\u00f3 el coraz\u00f3n de toda la comarca.<\/p>\n<p><a title=\"petroqu\u00edmicos\" href=\"https:\/\/www.flickr.com\/photos\/182279889@N02\/53444954770\/in\/dateposted-public\/\" data-flickr-embed=\"true\" data-footer=\"true\"><img loading=\"lazy\" decoding=\"async\" class=\"aligncenter\" src=\"https:\/\/live.staticflickr.com\/65535\/53444954770_6808d4a5b3_c.jpg\" alt=\"petroqu\u00edmicos\" width=\"600\" height=\"800\" \/><\/a><\/p>\n<p>Seg\u00fan el propio Jorge aclar\u00f3, \u201cnuestro arrepentimiento fue no haber venido antes, ya que el lugar es hermoso y la gente nos ha apoyado enormemente. Estamos sorprendidos para bien\u201d.<\/p>\n<p>En esa l\u00ednea cont\u00f3 que \u201ctodo naci\u00f3 porque con mi se\u00f1ora cuando viaj\u00e1bamos busc\u00e1bamos restaurant de mariscos y nos dimos cuenta que en la comarca no hab\u00eda algo espec\u00edfico. Si a nosotros como a un mont\u00f3n de gente le gusta, era cuesti\u00f3n de probar. Yo esperaba esta aceptaci\u00f3n\u201d.<\/p>\n<p><a title=\"mariscos\" href=\"https:\/\/www.flickr.com\/photos\/182279889@N02\/53444680238\/in\/dateposted-public\/\" data-flickr-embed=\"true\" data-footer=\"true\"><img loading=\"lazy\" decoding=\"async\" src=\"https:\/\/live.staticflickr.com\/65535\/53444680238_8d4fbefb82_c.jpg\" alt=\"mariscos\" width=\"800\" height=\"450\" \/><\/a><\/p>\n<p>De todas formas aclar\u00f3 que \u201cen la marisquer\u00eda tambi\u00e9n hay pastas, carnes y picadas, y a partir de 10 d\u00edas incorporaremos hamburguesas y comidas a la plancha. Mi hijo se encargar\u00e1 de eso, por lo que traeremos la comida porte\u00f1a a la Villa\u201d.<\/p>\n<p>Al mismo tiempo admiti\u00f3 que \u201cno trabajamos con men\u00fa del d\u00eda, sino con carta, y nuestra vedette es la fritatta, que es nuestra tabla. Hay gente que viene de Buenos Aires a pedir espec\u00edficamente eso, por los comentarios que hay en las redes sobre nuestra tabla\u201d.<\/p>\n<p>&nbsp;<\/p>\n<p>Por \u00faltimo, y en tono divertido, agreg\u00f3 que \u201ca m\u00ed me gusta hablar, me gusta conocer a nuestros clientes. Se dan esas situaciones. Incluso me he quedado hasta las 3 de la ma\u00f1ana charlando con clientes. Mi se\u00f1ora que est\u00e1 en la cocina siempre me pide que me apure, porque me cuelgo charlando\u201d.<\/p>\n<p><iframe loading=\"lazy\" src=\"https:\/\/w.soundcloud.com\/player\/?url=https%3A\/\/api.soundcloud.com\/tracks\/1709214615&amp;color=%23ff5500&amp;auto_play=false&amp;hide_related=false&amp;show_comments=true&amp;show_user=true&amp;show_reposts=false&amp;show_teaser=true\" width=\"100%\" height=\"166\" frameborder=\"no\" scrolling=\"no\"><\/iframe><\/p>\n<div style=\"font-size: 10px; color: #cccccc; line-break: anywhere; word-break: normal; overflow: hidden; white-space: nowrap; text-overflow: ellipsis; font-family: Interstate,Lucida Grande,Lucida Sans Unicode,Lucida Sans,Garuda,Verdana,Tahoma,sans-serif; font-weight: 100;\"><a style=\"color: #cccccc; text-decoration: none;\" title=\"fmreflejos 103.7\" href=\"https:\/\/soundcloud.com\/fmreflejos-103-7\" target=\"_blank\" rel=\"noopener\">fmreflejos 103.7<\/a> \u00b7 <a style=\"color: #cccccc; text-decoration: none;\" title=\"Jorge Perez Martin 05 - 1\" href=\"https:\/\/soundcloud.com\/fmreflejos-103-7\/jorge-perez-martin-05-1\" target=\"_blank\" rel=\"noopener\">Jorge Perez Martin 05 &#8211; 1<\/a><\/div>\n<p><a title=\"mariscos 1\" href=\"https:\/\/www.flickr.com\/photos\/182279889@N02\/53444954740\/in\/dateposted-public\/\" data-flickr-embed=\"true\" data-footer=\"true\"><img loading=\"lazy\" decoding=\"async\" src=\"https:\/\/live.staticflickr.com\/65535\/53444954740_02ddf25035_c.jpg\" alt=\"mariscos 1\" width=\"800\" height=\"781\" \/><\/a><script async src=\"\/\/embedr.flickr.com\/assets\/client-code.js\" charset=\"utf-8\"><\/script><\/p>\n","protected":false},"excerpt":{"rendered":"<p>El empresario gastron\u00f3mico a cargo del restaurant del Complejo de Petroqu\u00edmicos coment\u00f3 las distintas ofertas que tienen, al tiempo que agradeci\u00f3 por c\u00f3mo los vecinos de la comarca se han volcado hacia el emprendimiento.<\/p>\n","protected":false},"author":3,"featured_media":0,"comment_status":"closed","ping_status":"closed","sticky":false,"template":"","format":"standard","meta":{"footnotes":""},"categories":[35,26,33],"tags":[48],"class_list":["post-97373","post","type-post","status-publish","format-standard","hentry","category-cultura","category-sociedad","category-turismo","tag-destacada"],"yoast_head":"<!-- This site is optimized with the Yoast SEO plugin v25.9 - https:\/\/yoast.com\/wordpress\/plugins\/seo\/ -->\n<title>Jorge P\u00e9rez Mart\u00edn: \u201cNuestra vedette es la fritatta\u201d - Noticias Radio Reflejos<\/title>\n<meta name=\"robots\" content=\"index, follow, max-snippet:-1, max-image-preview:large, max-video-preview:-1\" \/>\n<link rel=\"canonical\" href=\"https:\/\/www.noticiasradioreflejos.com.ar\/2021\/jorge-perez-martin-nuestra-vedette-es-la-fritatta\/\" \/>\n<meta property=\"og:locale\" content=\"es_ES\" \/>\n<meta property=\"og:type\" content=\"article\" \/>\n<meta property=\"og:title\" content=\"Jorge P\u00e9rez Mart\u00edn: \u201cNuestra vedette es la fritatta\u201d - Noticias Radio Reflejos\" \/>\n<meta property=\"og:description\" content=\"El empresario gastron\u00f3mico a cargo del restaurant del Complejo de Petroqu\u00edmicos coment\u00f3 las distintas ofertas que tienen, al tiempo que agradeci\u00f3 por c\u00f3mo los vecinos de la comarca se han volcado hacia el emprendimiento.\" \/>\n<meta property=\"og:url\" content=\"https:\/\/www.noticiasradioreflejos.com.ar\/2021\/jorge-perez-martin-nuestra-vedette-es-la-fritatta\/\" \/>\n<meta property=\"og:site_name\" content=\"Noticias Radio Reflejos\" \/>\n<meta property=\"article:published_time\" content=\"2024-01-05T18:37:31+00:00\" \/>\n<meta property=\"article:modified_time\" content=\"2024-01-05T18:39:00+00:00\" \/>\n<meta property=\"og:image\" content=\"https:\/\/live.staticflickr.com\/65535\/53444954770_6808d4a5b3_c.jpg\" \/>\n<meta name=\"author\" content=\"Arnaldo Botto\" \/>\n<meta name=\"twitter:card\" content=\"summary_large_image\" \/>\n<script type=\"application\/ld+json\" class=\"yoast-schema-graph\">{\"@context\":\"https:\/\/schema.org\",\"@graph\":[{\"@type\":\"WebPage\",\"@id\":\"https:\/\/www.noticiasradioreflejos.com.ar\/2021\/jorge-perez-martin-nuestra-vedette-es-la-fritatta\/\",\"url\":\"https:\/\/www.noticiasradioreflejos.com.ar\/2021\/jorge-perez-martin-nuestra-vedette-es-la-fritatta\/\",\"name\":\"Jorge P\u00e9rez Mart\u00edn: \u201cNuestra vedette es la fritatta\u201d - Noticias Radio Reflejos\",\"isPartOf\":{\"@id\":\"https:\/\/www.noticiasradioreflejos.com.ar\/2021\/#website\"},\"primaryImageOfPage\":{\"@id\":\"https:\/\/www.noticiasradioreflejos.com.ar\/2021\/jorge-perez-martin-nuestra-vedette-es-la-fritatta\/#primaryimage\"},\"image\":{\"@id\":\"https:\/\/www.noticiasradioreflejos.com.ar\/2021\/jorge-perez-martin-nuestra-vedette-es-la-fritatta\/#primaryimage\"},\"thumbnailUrl\":\"https:\/\/live.staticflickr.com\/65535\/53444954770_6808d4a5b3_c.jpg\",\"datePublished\":\"2024-01-05T18:37:31+00:00\",\"dateModified\":\"2024-01-05T18:39:00+00:00\",\"author\":{\"@id\":\"https:\/\/www.noticiasradioreflejos.com.ar\/2021\/#\/schema\/person\/ad82545263dcc5ec0996818884fd5fb1\"},\"breadcrumb\":{\"@id\":\"https:\/\/www.noticiasradioreflejos.com.ar\/2021\/jorge-perez-martin-nuestra-vedette-es-la-fritatta\/#breadcrumb\"},\"inLanguage\":\"es\",\"potentialAction\":[{\"@type\":\"ReadAction\",\"target\":[\"https:\/\/www.noticiasradioreflejos.com.ar\/2021\/jorge-perez-martin-nuestra-vedette-es-la-fritatta\/\"]}]},{\"@type\":\"ImageObject\",\"inLanguage\":\"es\",\"@id\":\"https:\/\/www.noticiasradioreflejos.com.ar\/2021\/jorge-perez-martin-nuestra-vedette-es-la-fritatta\/#primaryimage\",\"url\":\"https:\/\/live.staticflickr.com\/65535\/53444954770_6808d4a5b3_c.jpg\",\"contentUrl\":\"https:\/\/live.staticflickr.com\/65535\/53444954770_6808d4a5b3_c.jpg\"},{\"@type\":\"BreadcrumbList\",\"@id\":\"https:\/\/www.noticiasradioreflejos.com.ar\/2021\/jorge-perez-martin-nuestra-vedette-es-la-fritatta\/#breadcrumb\",\"itemListElement\":[{\"@type\":\"ListItem\",\"position\":1,\"name\":\"Portada\",\"item\":\"https:\/\/www.noticiasradioreflejos.com.ar\/2021\/\"},{\"@type\":\"ListItem\",\"position\":2,\"name\":\"Jorge P\u00e9rez Mart\u00edn: \u201cNuestra vedette es la fritatta\u201d\"}]},{\"@type\":\"WebSite\",\"@id\":\"https:\/\/www.noticiasradioreflejos.com.ar\/2021\/#website\",\"url\":\"https:\/\/www.noticiasradioreflejos.com.ar\/2021\/\",\"name\":\"Noticias Radio Reflejos\",\"description\":\"Las noticias de mi comarca\",\"potentialAction\":[{\"@type\":\"SearchAction\",\"target\":{\"@type\":\"EntryPoint\",\"urlTemplate\":\"https:\/\/www.noticiasradioreflejos.com.ar\/2021\/?s={search_term_string}\"},\"query-input\":{\"@type\":\"PropertyValueSpecification\",\"valueRequired\":true,\"valueName\":\"search_term_string\"}}],\"inLanguage\":\"es\"},{\"@type\":\"Person\",\"@id\":\"https:\/\/www.noticiasradioreflejos.com.ar\/2021\/#\/schema\/person\/ad82545263dcc5ec0996818884fd5fb1\",\"name\":\"Arnaldo Botto\",\"image\":{\"@type\":\"ImageObject\",\"inLanguage\":\"es\",\"@id\":\"https:\/\/www.noticiasradioreflejos.com.ar\/2021\/#\/schema\/person\/image\/\",\"url\":\"https:\/\/secure.gravatar.com\/avatar\/55cb5e37c1efa326397366e6974cb338056df65cb50e7d64d1cf314e87504837?s=96&d=mm&r=g\",\"contentUrl\":\"https:\/\/secure.gravatar.com\/avatar\/55cb5e37c1efa326397366e6974cb338056df65cb50e7d64d1cf314e87504837?s=96&d=mm&r=g\",\"caption\":\"Arnaldo Botto\"},\"url\":\"https:\/\/www.noticiasradioreflejos.com.ar\/2021\/author\/arnaldo\/\"}]}<\/script>\n<!-- \/ Yoast SEO plugin. -->","yoast_head_json":{"title":"Jorge P\u00e9rez Mart\u00edn: \u201cNuestra vedette es la fritatta\u201d - Noticias Radio Reflejos","robots":{"index":"index","follow":"follow","max-snippet":"max-snippet:-1","max-image-preview":"max-image-preview:large","max-video-preview":"max-video-preview:-1"},"canonical":"https:\/\/www.noticiasradioreflejos.com.ar\/2021\/jorge-perez-martin-nuestra-vedette-es-la-fritatta\/","og_locale":"es_ES","og_type":"article","og_title":"Jorge P\u00e9rez Mart\u00edn: \u201cNuestra vedette es la fritatta\u201d - Noticias Radio Reflejos","og_description":"El empresario gastron\u00f3mico a cargo del restaurant del Complejo de Petroqu\u00edmicos coment\u00f3 las distintas ofertas que tienen, al tiempo que agradeci\u00f3 por c\u00f3mo los vecinos de la comarca se han volcado hacia el emprendimiento.","og_url":"https:\/\/www.noticiasradioreflejos.com.ar\/2021\/jorge-perez-martin-nuestra-vedette-es-la-fritatta\/","og_site_name":"Noticias Radio Reflejos","article_published_time":"2024-01-05T18:37:31+00:00","article_modified_time":"2024-01-05T18:39:00+00:00","og_image":[{"url":"https:\/\/live.staticflickr.com\/65535\/53444954770_6808d4a5b3_c.jpg","type":"","width":"","height":""}],"author":"Arnaldo Botto","twitter_card":"summary_large_image","schema":{"@context":"https:\/\/schema.org","@graph":[{"@type":"WebPage","@id":"https:\/\/www.noticiasradioreflejos.com.ar\/2021\/jorge-perez-martin-nuestra-vedette-es-la-fritatta\/","url":"https:\/\/www.noticiasradioreflejos.com.ar\/2021\/jorge-perez-martin-nuestra-vedette-es-la-fritatta\/","name":"Jorge P\u00e9rez Mart\u00edn: \u201cNuestra vedette es la fritatta\u201d - Noticias Radio Reflejos","isPartOf":{"@id":"https:\/\/www.noticiasradioreflejos.com.ar\/2021\/#website"},"primaryImageOfPage":{"@id":"https:\/\/www.noticiasradioreflejos.com.ar\/2021\/jorge-perez-martin-nuestra-vedette-es-la-fritatta\/#primaryimage"},"image":{"@id":"https:\/\/www.noticiasradioreflejos.com.ar\/2021\/jorge-perez-martin-nuestra-vedette-es-la-fritatta\/#primaryimage"},"thumbnailUrl":"https:\/\/live.staticflickr.com\/65535\/53444954770_6808d4a5b3_c.jpg","datePublished":"2024-01-05T18:37:31+00:00","dateModified":"2024-01-05T18:39:00+00:00","author":{"@id":"https:\/\/www.noticiasradioreflejos.com.ar\/2021\/#\/schema\/person\/ad82545263dcc5ec0996818884fd5fb1"},"breadcrumb":{"@id":"https:\/\/www.noticiasradioreflejos.com.ar\/2021\/jorge-perez-martin-nuestra-vedette-es-la-fritatta\/#breadcrumb"},"inLanguage":"es","potentialAction":[{"@type":"ReadAction","target":["https:\/\/www.noticiasradioreflejos.com.ar\/2021\/jorge-perez-martin-nuestra-vedette-es-la-fritatta\/"]}]},{"@type":"ImageObject","inLanguage":"es","@id":"https:\/\/www.noticiasradioreflejos.com.ar\/2021\/jorge-perez-martin-nuestra-vedette-es-la-fritatta\/#primaryimage","url":"https:\/\/live.staticflickr.com\/65535\/53444954770_6808d4a5b3_c.jpg","contentUrl":"https:\/\/live.staticflickr.com\/65535\/53444954770_6808d4a5b3_c.jpg"},{"@type":"BreadcrumbList","@id":"https:\/\/www.noticiasradioreflejos.com.ar\/2021\/jorge-perez-martin-nuestra-vedette-es-la-fritatta\/#breadcrumb","itemListElement":[{"@type":"ListItem","position":1,"name":"Portada","item":"https:\/\/www.noticiasradioreflejos.com.ar\/2021\/"},{"@type":"ListItem","position":2,"name":"Jorge P\u00e9rez Mart\u00edn: \u201cNuestra vedette es la fritatta\u201d"}]},{"@type":"WebSite","@id":"https:\/\/www.noticiasradioreflejos.com.ar\/2021\/#website","url":"https:\/\/www.noticiasradioreflejos.com.ar\/2021\/","name":"Noticias Radio Reflejos","description":"Las noticias de mi comarca","potentialAction":[{"@type":"SearchAction","target":{"@type":"EntryPoint","urlTemplate":"https:\/\/www.noticiasradioreflejos.com.ar\/2021\/?s={search_term_string}"},"query-input":{"@type":"PropertyValueSpecification","valueRequired":true,"valueName":"search_term_string"}}],"inLanguage":"es"},{"@type":"Person","@id":"https:\/\/www.noticiasradioreflejos.com.ar\/2021\/#\/schema\/person\/ad82545263dcc5ec0996818884fd5fb1","name":"Arnaldo Botto","image":{"@type":"ImageObject","inLanguage":"es","@id":"https:\/\/www.noticiasradioreflejos.com.ar\/2021\/#\/schema\/person\/image\/","url":"https:\/\/secure.gravatar.com\/avatar\/55cb5e37c1efa326397366e6974cb338056df65cb50e7d64d1cf314e87504837?s=96&d=mm&r=g","contentUrl":"https:\/\/secure.gravatar.com\/avatar\/55cb5e37c1efa326397366e6974cb338056df65cb50e7d64d1cf314e87504837?s=96&d=mm&r=g","caption":"Arnaldo Botto"},"url":"https:\/\/www.noticiasradioreflejos.com.ar\/2021\/author\/arnaldo\/"}]}},"_links":{"self":[{"href":"https:\/\/www.noticiasradioreflejos.com.ar\/2021\/wp-json\/wp\/v2\/posts\/97373","targetHints":{"allow":["GET"]}}],"collection":[{"href":"https:\/\/www.noticiasradioreflejos.com.ar\/2021\/wp-json\/wp\/v2\/posts"}],"about":[{"href":"https:\/\/www.noticiasradioreflejos.com.ar\/2021\/wp-json\/wp\/v2\/types\/post"}],"author":[{"embeddable":true,"href":"https:\/\/www.noticiasradioreflejos.com.ar\/2021\/wp-json\/wp\/v2\/users\/3"}],"replies":[{"embeddable":true,"href":"https:\/\/www.noticiasradioreflejos.com.ar\/2021\/wp-json\/wp\/v2\/comments?post=97373"}],"version-history":[{"count":3,"href":"https:\/\/www.noticiasradioreflejos.com.ar\/2021\/wp-json\/wp\/v2\/posts\/97373\/revisions"}],"predecessor-version":[{"id":97381,"href":"https:\/\/www.noticiasradioreflejos.com.ar\/2021\/wp-json\/wp\/v2\/posts\/97373\/revisions\/97381"}],"wp:attachment":[{"href":"https:\/\/www.noticiasradioreflejos.com.ar\/2021\/wp-json\/wp\/v2\/media?parent=97373"}],"wp:term":[{"taxonomy":"category","embeddable":true,"href":"https:\/\/www.noticiasradioreflejos.com.ar\/2021\/wp-json\/wp\/v2\/categories?post=97373"},{"taxonomy":"post_tag","embeddable":true,"href":"https:\/\/www.noticiasradioreflejos.com.ar\/2021\/wp-json\/wp\/v2\/tags?post=97373"}],"curies":[{"name":"wp","href":"https:\/\/api.w.org\/{rel}","templated":true}]}}