{"id":97371,"date":"2024-01-05T16:15:51","date_gmt":"2024-01-05T19:15:51","guid":{"rendered":"https:\/\/www.noticiasradioreflejos.com.ar\/2021\/?p=97371"},"modified":"2024-01-05T16:17:19","modified_gmt":"2024-01-05T19:17:19","slug":"un-vecino-de-sierra-tiene-problemas-con-su-tarjeta-de-credito-y-visa-no-le-da-respuestas","status":"publish","type":"post","link":"https:\/\/www.noticiasradioreflejos.com.ar\/2021\/un-vecino-de-sierra-tiene-problemas-con-su-tarjeta-de-credito-y-visa-no-le-da-respuestas\/","title":{"rendered":"Un vecino de Sierra tiene problemas con su tarjeta de cr\u00e9dito y VISA no le da respuestas"},"content":{"rendered":"<p><strong>Jorge Varillas<\/strong> vive una estafa hace m\u00e1s de un a\u00f1o y nadie se hace cargo. \u201c<strong>En el Hipotecario de Bah\u00eda Blanca me tratan excelente pero no me solucionan nada\u201d<\/strong> asegur\u00f3.<!--more--><\/p>\n<p>Un vecino de Sierra est\u00e1 viviendo una verdadera pesadilla con su tarjeta de cr\u00e9dito y pese a buscar ayuda nadie le ha brindado soluciones al respecto.<\/p>\n<p>En primera persona Jorge Varillas asegur\u00f3 que \u201ctodo esto empez\u00f3 en noviembre de 2022. Durante seis o siete resumen aparec\u00eda <strong>Go Doctor y luego cambi\u00f3 a Tele Doctor<\/strong>. Intent\u00e9 llamar a<strong> VISA<\/strong> para reclamar, pero me ponen la m\u00fasica por 40 o 45 minutos y no contestan\u201d.<\/p>\n<p><a title=\"visa (2)\" href=\"https:\/\/www.flickr.com\/photos\/182279889@N02\/53444928404\/in\/dateposted-public\/\" data-flickr-embed=\"true\" data-footer=\"true\"><img loading=\"lazy\" decoding=\"async\" class=\"aligncenter\" src=\"https:\/\/live.staticflickr.com\/65535\/53444928404_79a5b1dfab_z.jpg\" alt=\"visa (2)\" width=\"640\" height=\"419\" \/><\/a><br \/>\n<strong>Y en esa l\u00ednea afirm\u00f3 que \u201cllevamos m\u00e1s de un a\u00f1o con estos descuentos. Empez\u00f3 por $2500 por mes y hoy estamos en $5900. El total debitado hasta el momento es de $89 mil pesos.<\/strong> No se sabe de d\u00f3nde sale porque nunca acept\u00e9 nada\u201d.<\/p>\n<p>Tras varias investigaciones coment\u00f3 que \u201cla gente de Go Doctor me dijo que no tiene nada que ver con Tele Doctor, pero siempre la respuesta es la misma: que es un problema de VISA. Ni siquiera el Hipotecario da soluciones\u201d.<\/p>\n<p>En tanto que al reflexionar acot\u00f3 que \u201ca m\u00ed me deben $89 mil pesos. En una sola tarjeta. Cu\u00e1ntas personas m\u00e1s estar\u00e1n afectadas. Esa plata se la come alguien. En otro pa\u00eds la tarjeta de cr\u00e9dito es un documento. Ac\u00e1 tenes que presentar el DNI, huellas, escaneo de iris, traer a tus padres\u2026 todos se lavan las manos\u201d.<\/p>\n<p>Al tiempo que agreg\u00f3 que \u201cencima esta tarjeta tiene otro problema. Te dicen que la fecha de vencimiento es una y cuando llega el resumen era un par de d\u00edas antes. Entonces te cobran intereses. Haces una queja y te dicen que la fecha es tentativa\u201d.<\/p>\n<p>Por \u00faltimo cont\u00f3 que<strong> \u201chabl\u00e9 con Defensa al Consumidor, me dieron un mont\u00f3n de pasos y te tenes que transformar en contador, abogado, y tenes que tener tiempo de escuchar musiquita casi por una hora<\/strong>. En el Hipotecario de Bah\u00eda Blanca me tratan excelente pero no te solucionan nada\u201d.<\/p>\n<p><iframe loading=\"lazy\" width=\"100%\" height=\"166\" scrolling=\"no\" frameborder=\"no\" allow=\"autoplay\" src=\"https:\/\/w.soundcloud.com\/player\/?url=https%3A\/\/api.soundcloud.com\/tracks\/1709212827&#038;color=%23ff5500&#038;auto_play=false&#038;hide_related=false&#038;show_comments=true&#038;show_user=true&#038;show_reposts=false&#038;show_teaser=true\"><\/iframe><\/p>\n<div style=\"font-size: 10px; color: #cccccc;line-break: anywhere;word-break: normal;overflow: hidden;white-space: nowrap;text-overflow: ellipsis; font-family: Interstate,Lucida Grande,Lucida Sans Unicode,Lucida Sans,Garuda,Verdana,Tahoma,sans-serif;font-weight: 100;\"><a href=\"https:\/\/soundcloud.com\/fmreflejos-103-7\" title=\"fmreflejos 103.7\" target=\"_blank\" style=\"color: #cccccc; text-decoration: none;\" rel=\"noopener\">fmreflejos 103.7<\/a> \u00b7 <a href=\"https:\/\/soundcloud.com\/fmreflejos-103-7\/jorge-varillas-05-1\" title=\"Jorge Varillas 05 - 1\" target=\"_blank\" style=\"color: #cccccc; text-decoration: none;\" rel=\"noopener\">Jorge Varillas 05 &#8211; 1<\/a><\/div>\n","protected":false},"excerpt":{"rendered":"<p>Jorge Varillas vive una estafa hace m\u00e1s de un a\u00f1o y nadie se hace cargo. \u201cEn el Hipotecario de Bah\u00eda Blanca me tratan excelente pero no me solucionan nada\u201d asegur\u00f3.<\/p>\n","protected":false},"author":3,"featured_media":66924,"comment_status":"closed","ping_status":"closed","sticky":false,"template":"","format":"standard","meta":{"footnotes":""},"categories":[36,57,26],"tags":[48],"class_list":["post-97371","post","type-post","status-publish","format-standard","has-post-thumbnail","hentry","category-economia","category-judiciales","category-sociedad","tag-destacada"],"yoast_head":"<!-- This site is optimized with the Yoast SEO plugin v25.9 - https:\/\/yoast.com\/wordpress\/plugins\/seo\/ -->\n<title>Un vecino de Sierra tiene problemas con su tarjeta de cr\u00e9dito y VISA no le da respuestas - Noticias Radio Reflejos<\/title>\n<meta name=\"robots\" content=\"index, follow, max-snippet:-1, max-image-preview:large, max-video-preview:-1\" \/>\n<link rel=\"canonical\" href=\"https:\/\/www.noticiasradioreflejos.com.ar\/2021\/un-vecino-de-sierra-tiene-problemas-con-su-tarjeta-de-credito-y-visa-no-le-da-respuestas\/\" \/>\n<meta property=\"og:locale\" content=\"es_ES\" \/>\n<meta property=\"og:type\" content=\"article\" \/>\n<meta property=\"og:title\" content=\"Un vecino de Sierra tiene problemas con su tarjeta de cr\u00e9dito y VISA no le da respuestas - Noticias Radio Reflejos\" \/>\n<meta property=\"og:description\" content=\"Jorge Varillas vive una estafa hace m\u00e1s de un a\u00f1o y nadie se hace cargo. \u201cEn el Hipotecario de Bah\u00eda Blanca me tratan excelente pero no me solucionan nada\u201d asegur\u00f3.\" \/>\n<meta property=\"og:url\" content=\"https:\/\/www.noticiasradioreflejos.com.ar\/2021\/un-vecino-de-sierra-tiene-problemas-con-su-tarjeta-de-credito-y-visa-no-le-da-respuestas\/\" \/>\n<meta property=\"og:site_name\" content=\"Noticias Radio Reflejos\" \/>\n<meta property=\"article:published_time\" content=\"2024-01-05T19:15:51+00:00\" \/>\n<meta property=\"article:modified_time\" content=\"2024-01-05T19:17:19+00:00\" \/>\n<meta property=\"og:image\" content=\"https:\/\/www.noticiasradioreflejos.com.ar\/2021\/wp-content\/uploads\/2022\/01\/Sierra-de-la-Ventana-aire.png\" \/>\n\t<meta property=\"og:image:width\" content=\"955\" \/>\n\t<meta property=\"og:image:height\" content=\"478\" \/>\n\t<meta property=\"og:image:type\" content=\"image\/png\" \/>\n<meta name=\"author\" content=\"Arnaldo Botto\" \/>\n<meta name=\"twitter:card\" content=\"summary_large_image\" \/>\n<script type=\"application\/ld+json\" class=\"yoast-schema-graph\">{\"@context\":\"https:\/\/schema.org\",\"@graph\":[{\"@type\":\"WebPage\",\"@id\":\"https:\/\/www.noticiasradioreflejos.com.ar\/2021\/un-vecino-de-sierra-tiene-problemas-con-su-tarjeta-de-credito-y-visa-no-le-da-respuestas\/\",\"url\":\"https:\/\/www.noticiasradioreflejos.com.ar\/2021\/un-vecino-de-sierra-tiene-problemas-con-su-tarjeta-de-credito-y-visa-no-le-da-respuestas\/\",\"name\":\"Un vecino de Sierra tiene problemas con su tarjeta de cr\u00e9dito y VISA no le da respuestas - Noticias Radio Reflejos\",\"isPartOf\":{\"@id\":\"https:\/\/www.noticiasradioreflejos.com.ar\/2021\/#website\"},\"primaryImageOfPage\":{\"@id\":\"https:\/\/www.noticiasradioreflejos.com.ar\/2021\/un-vecino-de-sierra-tiene-problemas-con-su-tarjeta-de-credito-y-visa-no-le-da-respuestas\/#primaryimage\"},\"image\":{\"@id\":\"https:\/\/www.noticiasradioreflejos.com.ar\/2021\/un-vecino-de-sierra-tiene-problemas-con-su-tarjeta-de-credito-y-visa-no-le-da-respuestas\/#primaryimage\"},\"thumbnailUrl\":\"https:\/\/www.noticiasradioreflejos.com.ar\/2021\/wp-content\/uploads\/2022\/01\/Sierra-de-la-Ventana-aire.png\",\"datePublished\":\"2024-01-05T19:15:51+00:00\",\"dateModified\":\"2024-01-05T19:17:19+00:00\",\"author\":{\"@id\":\"https:\/\/www.noticiasradioreflejos.com.ar\/2021\/#\/schema\/person\/ad82545263dcc5ec0996818884fd5fb1\"},\"breadcrumb\":{\"@id\":\"https:\/\/www.noticiasradioreflejos.com.ar\/2021\/un-vecino-de-sierra-tiene-problemas-con-su-tarjeta-de-credito-y-visa-no-le-da-respuestas\/#breadcrumb\"},\"inLanguage\":\"es\",\"potentialAction\":[{\"@type\":\"ReadAction\",\"target\":[\"https:\/\/www.noticiasradioreflejos.com.ar\/2021\/un-vecino-de-sierra-tiene-problemas-con-su-tarjeta-de-credito-y-visa-no-le-da-respuestas\/\"]}]},{\"@type\":\"ImageObject\",\"inLanguage\":\"es\",\"@id\":\"https:\/\/www.noticiasradioreflejos.com.ar\/2021\/un-vecino-de-sierra-tiene-problemas-con-su-tarjeta-de-credito-y-visa-no-le-da-respuestas\/#primaryimage\",\"url\":\"https:\/\/www.noticiasradioreflejos.com.ar\/2021\/wp-content\/uploads\/2022\/01\/Sierra-de-la-Ventana-aire.png\",\"contentUrl\":\"https:\/\/www.noticiasradioreflejos.com.ar\/2021\/wp-content\/uploads\/2022\/01\/Sierra-de-la-Ventana-aire.png\",\"width\":955,\"height\":478},{\"@type\":\"BreadcrumbList\",\"@id\":\"https:\/\/www.noticiasradioreflejos.com.ar\/2021\/un-vecino-de-sierra-tiene-problemas-con-su-tarjeta-de-credito-y-visa-no-le-da-respuestas\/#breadcrumb\",\"itemListElement\":[{\"@type\":\"ListItem\",\"position\":1,\"name\":\"Portada\",\"item\":\"https:\/\/www.noticiasradioreflejos.com.ar\/2021\/\"},{\"@type\":\"ListItem\",\"position\":2,\"name\":\"Un vecino de Sierra tiene problemas con su tarjeta de cr\u00e9dito y VISA no le da respuestas\"}]},{\"@type\":\"WebSite\",\"@id\":\"https:\/\/www.noticiasradioreflejos.com.ar\/2021\/#website\",\"url\":\"https:\/\/www.noticiasradioreflejos.com.ar\/2021\/\",\"name\":\"Noticias Radio Reflejos\",\"description\":\"Las noticias de mi comarca\",\"potentialAction\":[{\"@type\":\"SearchAction\",\"target\":{\"@type\":\"EntryPoint\",\"urlTemplate\":\"https:\/\/www.noticiasradioreflejos.com.ar\/2021\/?s={search_term_string}\"},\"query-input\":{\"@type\":\"PropertyValueSpecification\",\"valueRequired\":true,\"valueName\":\"search_term_string\"}}],\"inLanguage\":\"es\"},{\"@type\":\"Person\",\"@id\":\"https:\/\/www.noticiasradioreflejos.com.ar\/2021\/#\/schema\/person\/ad82545263dcc5ec0996818884fd5fb1\",\"name\":\"Arnaldo Botto\",\"image\":{\"@type\":\"ImageObject\",\"inLanguage\":\"es\",\"@id\":\"https:\/\/www.noticiasradioreflejos.com.ar\/2021\/#\/schema\/person\/image\/\",\"url\":\"https:\/\/secure.gravatar.com\/avatar\/55cb5e37c1efa326397366e6974cb338056df65cb50e7d64d1cf314e87504837?s=96&d=mm&r=g\",\"contentUrl\":\"https:\/\/secure.gravatar.com\/avatar\/55cb5e37c1efa326397366e6974cb338056df65cb50e7d64d1cf314e87504837?s=96&d=mm&r=g\",\"caption\":\"Arnaldo Botto\"},\"url\":\"https:\/\/www.noticiasradioreflejos.com.ar\/2021\/author\/arnaldo\/\"}]}<\/script>\n<!-- \/ Yoast SEO plugin. -->","yoast_head_json":{"title":"Un vecino de Sierra tiene problemas con su tarjeta de cr\u00e9dito y VISA no le da respuestas - Noticias Radio Reflejos","robots":{"index":"index","follow":"follow","max-snippet":"max-snippet:-1","max-image-preview":"max-image-preview:large","max-video-preview":"max-video-preview:-1"},"canonical":"https:\/\/www.noticiasradioreflejos.com.ar\/2021\/un-vecino-de-sierra-tiene-problemas-con-su-tarjeta-de-credito-y-visa-no-le-da-respuestas\/","og_locale":"es_ES","og_type":"article","og_title":"Un vecino de Sierra tiene problemas con su tarjeta de cr\u00e9dito y VISA no le da respuestas - Noticias Radio Reflejos","og_description":"Jorge Varillas vive una estafa hace m\u00e1s de un a\u00f1o y nadie se hace cargo. \u201cEn el Hipotecario de Bah\u00eda Blanca me tratan excelente pero no me solucionan nada\u201d asegur\u00f3.","og_url":"https:\/\/www.noticiasradioreflejos.com.ar\/2021\/un-vecino-de-sierra-tiene-problemas-con-su-tarjeta-de-credito-y-visa-no-le-da-respuestas\/","og_site_name":"Noticias Radio Reflejos","article_published_time":"2024-01-05T19:15:51+00:00","article_modified_time":"2024-01-05T19:17:19+00:00","og_image":[{"width":955,"height":478,"url":"https:\/\/www.noticiasradioreflejos.com.ar\/2021\/wp-content\/uploads\/2022\/01\/Sierra-de-la-Ventana-aire.png","type":"image\/png"}],"author":"Arnaldo Botto","twitter_card":"summary_large_image","schema":{"@context":"https:\/\/schema.org","@graph":[{"@type":"WebPage","@id":"https:\/\/www.noticiasradioreflejos.com.ar\/2021\/un-vecino-de-sierra-tiene-problemas-con-su-tarjeta-de-credito-y-visa-no-le-da-respuestas\/","url":"https:\/\/www.noticiasradioreflejos.com.ar\/2021\/un-vecino-de-sierra-tiene-problemas-con-su-tarjeta-de-credito-y-visa-no-le-da-respuestas\/","name":"Un vecino de Sierra tiene problemas con su tarjeta de cr\u00e9dito y VISA no le da respuestas - Noticias Radio Reflejos","isPartOf":{"@id":"https:\/\/www.noticiasradioreflejos.com.ar\/2021\/#website"},"primaryImageOfPage":{"@id":"https:\/\/www.noticiasradioreflejos.com.ar\/2021\/un-vecino-de-sierra-tiene-problemas-con-su-tarjeta-de-credito-y-visa-no-le-da-respuestas\/#primaryimage"},"image":{"@id":"https:\/\/www.noticiasradioreflejos.com.ar\/2021\/un-vecino-de-sierra-tiene-problemas-con-su-tarjeta-de-credito-y-visa-no-le-da-respuestas\/#primaryimage"},"thumbnailUrl":"https:\/\/www.noticiasradioreflejos.com.ar\/2021\/wp-content\/uploads\/2022\/01\/Sierra-de-la-Ventana-aire.png","datePublished":"2024-01-05T19:15:51+00:00","dateModified":"2024-01-05T19:17:19+00:00","author":{"@id":"https:\/\/www.noticiasradioreflejos.com.ar\/2021\/#\/schema\/person\/ad82545263dcc5ec0996818884fd5fb1"},"breadcrumb":{"@id":"https:\/\/www.noticiasradioreflejos.com.ar\/2021\/un-vecino-de-sierra-tiene-problemas-con-su-tarjeta-de-credito-y-visa-no-le-da-respuestas\/#breadcrumb"},"inLanguage":"es","potentialAction":[{"@type":"ReadAction","target":["https:\/\/www.noticiasradioreflejos.com.ar\/2021\/un-vecino-de-sierra-tiene-problemas-con-su-tarjeta-de-credito-y-visa-no-le-da-respuestas\/"]}]},{"@type":"ImageObject","inLanguage":"es","@id":"https:\/\/www.noticiasradioreflejos.com.ar\/2021\/un-vecino-de-sierra-tiene-problemas-con-su-tarjeta-de-credito-y-visa-no-le-da-respuestas\/#primaryimage","url":"https:\/\/www.noticiasradioreflejos.com.ar\/2021\/wp-content\/uploads\/2022\/01\/Sierra-de-la-Ventana-aire.png","contentUrl":"https:\/\/www.noticiasradioreflejos.com.ar\/2021\/wp-content\/uploads\/2022\/01\/Sierra-de-la-Ventana-aire.png","width":955,"height":478},{"@type":"BreadcrumbList","@id":"https:\/\/www.noticiasradioreflejos.com.ar\/2021\/un-vecino-de-sierra-tiene-problemas-con-su-tarjeta-de-credito-y-visa-no-le-da-respuestas\/#breadcrumb","itemListElement":[{"@type":"ListItem","position":1,"name":"Portada","item":"https:\/\/www.noticiasradioreflejos.com.ar\/2021\/"},{"@type":"ListItem","position":2,"name":"Un vecino de Sierra tiene problemas con su tarjeta de cr\u00e9dito y VISA no le da respuestas"}]},{"@type":"WebSite","@id":"https:\/\/www.noticiasradioreflejos.com.ar\/2021\/#website","url":"https:\/\/www.noticiasradioreflejos.com.ar\/2021\/","name":"Noticias Radio Reflejos","description":"Las noticias de mi comarca","potentialAction":[{"@type":"SearchAction","target":{"@type":"EntryPoint","urlTemplate":"https:\/\/www.noticiasradioreflejos.com.ar\/2021\/?s={search_term_string}"},"query-input":{"@type":"PropertyValueSpecification","valueRequired":true,"valueName":"search_term_string"}}],"inLanguage":"es"},{"@type":"Person","@id":"https:\/\/www.noticiasradioreflejos.com.ar\/2021\/#\/schema\/person\/ad82545263dcc5ec0996818884fd5fb1","name":"Arnaldo Botto","image":{"@type":"ImageObject","inLanguage":"es","@id":"https:\/\/www.noticiasradioreflejos.com.ar\/2021\/#\/schema\/person\/image\/","url":"https:\/\/secure.gravatar.com\/avatar\/55cb5e37c1efa326397366e6974cb338056df65cb50e7d64d1cf314e87504837?s=96&d=mm&r=g","contentUrl":"https:\/\/secure.gravatar.com\/avatar\/55cb5e37c1efa326397366e6974cb338056df65cb50e7d64d1cf314e87504837?s=96&d=mm&r=g","caption":"Arnaldo Botto"},"url":"https:\/\/www.noticiasradioreflejos.com.ar\/2021\/author\/arnaldo\/"}]}},"_links":{"self":[{"href":"https:\/\/www.noticiasradioreflejos.com.ar\/2021\/wp-json\/wp\/v2\/posts\/97371","targetHints":{"allow":["GET"]}}],"collection":[{"href":"https:\/\/www.noticiasradioreflejos.com.ar\/2021\/wp-json\/wp\/v2\/posts"}],"about":[{"href":"https:\/\/www.noticiasradioreflejos.com.ar\/2021\/wp-json\/wp\/v2\/types\/post"}],"author":[{"embeddable":true,"href":"https:\/\/www.noticiasradioreflejos.com.ar\/2021\/wp-json\/wp\/v2\/users\/3"}],"replies":[{"embeddable":true,"href":"https:\/\/www.noticiasradioreflejos.com.ar\/2021\/wp-json\/wp\/v2\/comments?post=97371"}],"version-history":[{"count":2,"href":"https:\/\/www.noticiasradioreflejos.com.ar\/2021\/wp-json\/wp\/v2\/posts\/97371\/revisions"}],"predecessor-version":[{"id":97389,"href":"https:\/\/www.noticiasradioreflejos.com.ar\/2021\/wp-json\/wp\/v2\/posts\/97371\/revisions\/97389"}],"wp:featuredmedia":[{"embeddable":true,"href":"https:\/\/www.noticiasradioreflejos.com.ar\/2021\/wp-json\/wp\/v2\/media\/66924"}],"wp:attachment":[{"href":"https:\/\/www.noticiasradioreflejos.com.ar\/2021\/wp-json\/wp\/v2\/media?parent=97371"}],"wp:term":[{"taxonomy":"category","embeddable":true,"href":"https:\/\/www.noticiasradioreflejos.com.ar\/2021\/wp-json\/wp\/v2\/categories?post=97371"},{"taxonomy":"post_tag","embeddable":true,"href":"https:\/\/www.noticiasradioreflejos.com.ar\/2021\/wp-json\/wp\/v2\/tags?post=97371"}],"curies":[{"name":"wp","href":"https:\/\/api.w.org\/{rel}","templated":true}]}}