{"id":97368,"date":"2024-01-05T13:58:56","date_gmt":"2024-01-05T16:58:56","guid":{"rendered":"https:\/\/www.noticiasradioreflejos.com.ar\/2021\/?p=97368"},"modified":"2024-01-05T13:58:56","modified_gmt":"2024-01-05T16:58:56","slug":"identifican-molecula-que-vincularia-el-sindrome-metabolico-con-el-cancer-de-mama-agresivo","status":"publish","type":"post","link":"https:\/\/www.noticiasradioreflejos.com.ar\/2021\/identifican-molecula-que-vincularia-el-sindrome-metabolico-con-el-cancer-de-mama-agresivo\/","title":{"rendered":"Identifican mol\u00e9cula que vincular\u00eda el s\u00edndrome metab\u00f3lico con el c\u00e1ncer de mama agresivo"},"content":{"rendered":"<div class=\"wrapper-header\">\n<div class=\"container-xl\">\n<div class=\"row\">\n<div class=\"col-12\">\n<div class=\"head-content mb-4\">\n<div class=\"my-3\">\n<div class=\"social mt-3\">Frente a los resultados, el equipo de investigadores consider\u00f3 que \u00abeste descubrimiento puede abrir el camino a una nueva opci\u00f3n terap\u00e9utica para el tratamiento del c\u00e1ncer de mama triple negativo que complemente a las terapias actuales\u00bb, aunque advirti\u00f3 que \u00abqueda mucho camino por delante\u00bb.<\/div>\n<\/div>\n<\/div>\n<\/div>\n<\/div>\n<\/div>\n<\/div>\n<p><!--more--><\/p>\n<div class=\"wrapper-editable-content\">\n<div class=\"wrapper-editable-content\">\n<div class=\"container-md\">\n<div class=\"row\">\n<div class=\"col-md-12 speak\">\n<div class=\"paragraph\">\n<figure class=\"mb-3\"><img decoding=\"async\" class=\" lazy \" src=\"https:\/\/www.telam.com.ar\/thumbs\/bluesteel\/advf\/imagenes\/2024\/01\/6596c4ed11152_1200.jpg\" alt=\"La investigacin abrira el camino para desarrollar una opcin teraputica para este tipo de cncer muy agresivo y para el que existen pocas alternativas de tratamiento\" width=\"100%\" height=\"100%\" \/><\/p>\n<div class=\"media-icons\"><em>La investigaci\u00f3n abrir\u00eda el camino para desarrollar una opci\u00f3n terap\u00e9utica para este tipo de c\u00e1ncer muy agresivo y para el que existen pocas alternativas de tratamiento.<\/em><\/div>\n<\/figure>\n<p>Investigadores de Conicet en el Instituto de Biolog\u00eda y Medicina Experimental (Ibyme) lograron identificar una mol\u00e9cula en las personas con alteraciones asociadas al s\u00edndrome metab\u00f3lico que al inhibirla (en experimentos realizados con modelos animales) atenu\u00f3 el crecimiento del tumor de mama triple negativo, lo que -de resultar exitoso en ensayos en humanos- abrir\u00eda el camino para desarrollar una\u00a0<strong>opci\u00f3n terap\u00e9utica para este tipo de c\u00e1ncer muy agresivo y para el que existen pocas alternativas de tratamiento.<\/strong><\/p>\n<p>\u00abEl s\u00edndrome metab\u00f3lico se asocia con obesidad abdominal, hipertensi\u00f3n arterial, niveles elevados de glucosa y triglic\u00e9ridos en sangre y niveles de colesterol alterados; tambi\u00e9n se sabe que es un factor de riesgo para el c\u00e1ncer de mama, es decir que las mujeres con s\u00edndrome metab\u00f3lico tienen un mayor riesgo de padecer c\u00e1ncer de mama respecto a mujeres sin este s\u00edndrome\u00bb, explic\u00f3 a T\u00e9lam Paola De Luca, l\u00edder del avance e investigadora del Conicet en el Instituto de Biolog\u00eda y Medicina Experimental (Ibyme).<\/p>\n<p>Y a\u00f1adi\u00f3:<strong>\u00a0\u00abAdem\u00e1s, es una condici\u00f3n que aumenta la agresividad del c\u00e1ncer y algo interesante es que el s\u00edndrome metab\u00f3lico es m\u00e1s prevalente en mujeres con c\u00e1ncer de mama triple negativo que es el subtipo m\u00e1s agresivo y con menores opciones terap\u00e9uticas\u00bb.<\/strong><\/p>\n<p>Con este conocimiento de base, el grupo de investigaci\u00f3n de De Luca se dispuso a estudiar cu\u00e1l podr\u00eda ser la causa de esa relaci\u00f3n.<\/p>\n<p>\u00abDescubrimos que en el plasma de mujeres con alteraciones asociadas al s\u00edndrome metab\u00f3lico se encuentra desregulada la expresi\u00f3n de 23 microARNs, que son ARNs peque\u00f1os que son considerados reguladores generales de la expresi\u00f3n de genes ya que un \u00fanico microARN es capaz de apagar la expresi\u00f3n de cientos de genes\u00bb, detall\u00f3.<\/p>\n<p>Y continu\u00f3: \u00abAdem\u00e1s los microARNs tienen la particularidad de que se encuentran tanto en los tejidos (c\u00e9lulas de nuestro cuerpo) como en fluidos corporales como la sangre. Entonces nuestra hip\u00f3tesis fue que esos microARNs que se encuentran alterados en el plasma de las mujeres con caracter\u00edsticas similares al s\u00edndrome metab\u00f3lico podr\u00edan influir en el desarrollo de tumores de c\u00e1ncer de mama\u00bb.<\/p>\n<p>Al analizar el rol de estos microARNs en el c\u00e1ncer de mama, las y los investigadores encontraron que uno de ellos, el miR-877-5p, es un potencial blanco terap\u00e9utico para el tratamiento del c\u00e1ncer de mama triple negativo ya que su expresi\u00f3n en el tejido tumoral de pacientes con este tipo de tumor se encuentra aumentada con respecto al tejido normal y, en modelos animales (ratones), una \u00fanica dosis de nanopart\u00edculas que contienen a un inhibidor de este microARN produjo una disminuci\u00f3n del crecimiento tumoral en los ratones.<\/p>\n<p>Para llegar a estas conclusiones, que fueron publicadas en la prestigiosa revista International Journal of Molecular Sciences, la directora del Laboratorio del Ibyme, Adriana De Siervi, trabaj\u00f3 junto a los doctores Emilio Batagelj y Federico Dimase, del Hospital Militar Central de la Ciudad de Buenos Aires, en la elaboraci\u00f3n de un protocolo para un estudio en el que reclutaron a 18 mujeres con alteraciones asociadas al s\u00edndrome metab\u00f3lico y 18 mujeres que no presentaran estas alteraciones.<\/p>\n<p><strong>\u00abEs importante aclarar que ninguna de estas mujeres ten\u00eda c\u00e1ncer de mama ni historia previa de alg\u00fan otro tipo de c\u00e1ncer. Entonces, analizamos la expresi\u00f3n de 2.578 microARNs humanos y encontramos que la expresi\u00f3n de 23 microARNs estaba alterada en las mujeres que presentaban s\u00edndrome metab\u00f3lico\u00bb,<\/strong>\u00a0detall\u00f3 De Luca.<\/p>\n<p>Y continu\u00f3: \u00abLuego estudiamos si estos microARNs podr\u00edan influir en el desarrollo y\/o la agresividad de este tipo de c\u00e1ncer. Entonces lo que hicimos fue estudiar si la expresi\u00f3n de algunos de estos microARNs se encuentra tambi\u00e9n desregulada en tumores de c\u00e1ncer de mama para lo cual utilizamos la informaci\u00f3n disponible bases de datos de pacientes p\u00fablicas. Y as\u00ed encontramos que un microARN, denominado miR-877-5p, se encuentra aumentado en el plasma de las mujeres con alteraciones asociadas al s\u00edndrome metab\u00f3lico y tambi\u00e9n aumentado en tumores de c\u00e1ncer de mama y su expresi\u00f3n es a\u00fan mayor en tumores de tipo triple negativo\u00bb.<\/p>\n<p><strong>Adem\u00e1s, observaron que este microARN se asocia con una menor supervivencia de las pacientes.<\/strong><\/p>\n<p>\u00abEstos an\u00e1lisis en muestras humanas nos hicieron pensar que este microARN podr\u00eda influir en el desarrollo y crecimiento del c\u00e1ncer de mama triple negativo. Entonces realizamos experimentos in vitro y experimentos con modelos animales de c\u00e1ncer de mama triple negativo y as\u00ed llegamos a lo que detall\u00e9 antes: este microARN aumenta la proliferaci\u00f3n de c\u00e9lulas de c\u00e1ncer de mama triple negativo y una inyecci\u00f3n con una \u00fanica dosis de nanopart\u00edculas que contienen a un inhibidor de este microARN produjo una disminuci\u00f3n del crecimiento tumoral en los ratones\u00bb, describi\u00f3.<\/p>\n<div class=\"jumbotron pt-4 mt-3\">\n<h3 class=\"module-title\">PR\u00d3XIMOS PASOS<\/h3>\n<p>Frente a estos resultados, las y los investigadores consideraron que \u00abeste descubrimiento puede abrir el camino a una nueva opci\u00f3n terap\u00e9utica para el tratamiento del c\u00e1ncer de mama triple negativo que complemente a las terapias actuales\u00bb, aunque advirtieron que \u00abqueda mucho camino por delante\u00bb.<\/p>\n<p>Respecto a los siguientes pasos de ese camino, De Luca detall\u00f3 que \u00aben primer lugar, queremos optimizar esta terapia en los modelos animales estudiando el efecto de aplicar m\u00e1s dosis de estas nanopart\u00edculas y explorar si la terapia es efectiva para disminuir el desarrollo de met\u00e1stasis\u00bb.<\/p>\n<p>\u00abAdem\u00e1s queremos investigar nuevos tipos de nanopart\u00edculas que puedan dirigir m\u00e1s eficientemente al inhibidor de este microARN hacia las c\u00e9lulas tumorales. Tambi\u00e9n nos interesa estudiar si esta terapia puede ser m\u00e1s efectiva para el subgrupo de pacientes con c\u00e1ncer de mama y s\u00edndrome metab\u00f3lico y si la combinaci\u00f3n de las terapias actuales con terapias basadas en microARNs pueden mejorar la efectividad de los tratamientos\u00bb, concluy\u00f3.<\/p>\n<\/div>\n<\/div>\n<\/div>\n<\/div>\n<\/div>\n<\/div>\n<\/div>\n","protected":false},"excerpt":{"rendered":"<p>Frente a los resultados, el equipo de investigadores consider\u00f3 que \u00abeste descubrimiento puede abrir el camino a una nueva opci\u00f3n terap\u00e9utica para el tratamiento del c\u00e1ncer de mama triple negativo que complemente a las terapias actuales\u00bb, aunque advirti\u00f3 que \u00abqueda mucho camino por delante\u00bb.<\/p>\n","protected":false},"author":3,"featured_media":97369,"comment_status":"closed","ping_status":"closed","sticky":false,"template":"","format":"standard","meta":{"footnotes":""},"categories":[46,30],"tags":[],"class_list":["post-97368","post","type-post","status-publish","format-standard","has-post-thumbnail","hentry","category-ciencia-y-tecnologia","category-salud"],"yoast_head":"<!-- This site is optimized with the Yoast SEO plugin v25.9 - https:\/\/yoast.com\/wordpress\/plugins\/seo\/ -->\n<title>Identifican mol\u00e9cula que vincular\u00eda el s\u00edndrome metab\u00f3lico con el c\u00e1ncer de mama agresivo - Noticias Radio Reflejos<\/title>\n<meta name=\"robots\" content=\"index, follow, max-snippet:-1, max-image-preview:large, max-video-preview:-1\" \/>\n<link rel=\"canonical\" href=\"https:\/\/www.noticiasradioreflejos.com.ar\/2021\/identifican-molecula-que-vincularia-el-sindrome-metabolico-con-el-cancer-de-mama-agresivo\/\" \/>\n<meta property=\"og:locale\" content=\"es_ES\" \/>\n<meta property=\"og:type\" content=\"article\" \/>\n<meta property=\"og:title\" content=\"Identifican mol\u00e9cula que vincular\u00eda el s\u00edndrome metab\u00f3lico con el c\u00e1ncer de mama agresivo - Noticias Radio Reflejos\" \/>\n<meta property=\"og:description\" content=\"Frente a los resultados, el equipo de investigadores consider\u00f3 que \u00abeste descubrimiento puede abrir el camino a una nueva opci\u00f3n terap\u00e9utica para el tratamiento del c\u00e1ncer de mama triple negativo que complemente a las terapias actuales\u00bb, aunque advirti\u00f3 que \u00abqueda mucho camino por delante\u00bb.\" \/>\n<meta property=\"og:url\" content=\"https:\/\/www.noticiasradioreflejos.com.ar\/2021\/identifican-molecula-que-vincularia-el-sindrome-metabolico-con-el-cancer-de-mama-agresivo\/\" \/>\n<meta property=\"og:site_name\" content=\"Noticias Radio Reflejos\" \/>\n<meta property=\"article:published_time\" content=\"2024-01-05T16:58:56+00:00\" \/>\n<meta property=\"og:image\" content=\"https:\/\/www.noticiasradioreflejos.com.ar\/2021\/wp-content\/uploads\/2024\/01\/6596c4ed11152_1200.jpg\" \/>\n\t<meta property=\"og:image:width\" content=\"1200\" \/>\n\t<meta property=\"og:image:height\" content=\"675\" \/>\n\t<meta property=\"og:image:type\" content=\"image\/jpeg\" \/>\n<meta name=\"author\" content=\"Arnaldo Botto\" \/>\n<meta name=\"twitter:card\" content=\"summary_large_image\" \/>\n<script type=\"application\/ld+json\" class=\"yoast-schema-graph\">{\"@context\":\"https:\/\/schema.org\",\"@graph\":[{\"@type\":\"WebPage\",\"@id\":\"https:\/\/www.noticiasradioreflejos.com.ar\/2021\/identifican-molecula-que-vincularia-el-sindrome-metabolico-con-el-cancer-de-mama-agresivo\/\",\"url\":\"https:\/\/www.noticiasradioreflejos.com.ar\/2021\/identifican-molecula-que-vincularia-el-sindrome-metabolico-con-el-cancer-de-mama-agresivo\/\",\"name\":\"Identifican mol\u00e9cula que vincular\u00eda el s\u00edndrome metab\u00f3lico con el c\u00e1ncer de mama agresivo - Noticias Radio Reflejos\",\"isPartOf\":{\"@id\":\"https:\/\/www.noticiasradioreflejos.com.ar\/2021\/#website\"},\"primaryImageOfPage\":{\"@id\":\"https:\/\/www.noticiasradioreflejos.com.ar\/2021\/identifican-molecula-que-vincularia-el-sindrome-metabolico-con-el-cancer-de-mama-agresivo\/#primaryimage\"},\"image\":{\"@id\":\"https:\/\/www.noticiasradioreflejos.com.ar\/2021\/identifican-molecula-que-vincularia-el-sindrome-metabolico-con-el-cancer-de-mama-agresivo\/#primaryimage\"},\"thumbnailUrl\":\"https:\/\/www.noticiasradioreflejos.com.ar\/2021\/wp-content\/uploads\/2024\/01\/6596c4ed11152_1200.jpg\",\"datePublished\":\"2024-01-05T16:58:56+00:00\",\"author\":{\"@id\":\"https:\/\/www.noticiasradioreflejos.com.ar\/2021\/#\/schema\/person\/ad82545263dcc5ec0996818884fd5fb1\"},\"breadcrumb\":{\"@id\":\"https:\/\/www.noticiasradioreflejos.com.ar\/2021\/identifican-molecula-que-vincularia-el-sindrome-metabolico-con-el-cancer-de-mama-agresivo\/#breadcrumb\"},\"inLanguage\":\"es\",\"potentialAction\":[{\"@type\":\"ReadAction\",\"target\":[\"https:\/\/www.noticiasradioreflejos.com.ar\/2021\/identifican-molecula-que-vincularia-el-sindrome-metabolico-con-el-cancer-de-mama-agresivo\/\"]}]},{\"@type\":\"ImageObject\",\"inLanguage\":\"es\",\"@id\":\"https:\/\/www.noticiasradioreflejos.com.ar\/2021\/identifican-molecula-que-vincularia-el-sindrome-metabolico-con-el-cancer-de-mama-agresivo\/#primaryimage\",\"url\":\"https:\/\/www.noticiasradioreflejos.com.ar\/2021\/wp-content\/uploads\/2024\/01\/6596c4ed11152_1200.jpg\",\"contentUrl\":\"https:\/\/www.noticiasradioreflejos.com.ar\/2021\/wp-content\/uploads\/2024\/01\/6596c4ed11152_1200.jpg\",\"width\":1200,\"height\":675},{\"@type\":\"BreadcrumbList\",\"@id\":\"https:\/\/www.noticiasradioreflejos.com.ar\/2021\/identifican-molecula-que-vincularia-el-sindrome-metabolico-con-el-cancer-de-mama-agresivo\/#breadcrumb\",\"itemListElement\":[{\"@type\":\"ListItem\",\"position\":1,\"name\":\"Portada\",\"item\":\"https:\/\/www.noticiasradioreflejos.com.ar\/2021\/\"},{\"@type\":\"ListItem\",\"position\":2,\"name\":\"Identifican mol\u00e9cula que vincular\u00eda el s\u00edndrome metab\u00f3lico con el c\u00e1ncer de mama agresivo\"}]},{\"@type\":\"WebSite\",\"@id\":\"https:\/\/www.noticiasradioreflejos.com.ar\/2021\/#website\",\"url\":\"https:\/\/www.noticiasradioreflejos.com.ar\/2021\/\",\"name\":\"Noticias Radio Reflejos\",\"description\":\"Las noticias de mi comarca\",\"potentialAction\":[{\"@type\":\"SearchAction\",\"target\":{\"@type\":\"EntryPoint\",\"urlTemplate\":\"https:\/\/www.noticiasradioreflejos.com.ar\/2021\/?s={search_term_string}\"},\"query-input\":{\"@type\":\"PropertyValueSpecification\",\"valueRequired\":true,\"valueName\":\"search_term_string\"}}],\"inLanguage\":\"es\"},{\"@type\":\"Person\",\"@id\":\"https:\/\/www.noticiasradioreflejos.com.ar\/2021\/#\/schema\/person\/ad82545263dcc5ec0996818884fd5fb1\",\"name\":\"Arnaldo Botto\",\"image\":{\"@type\":\"ImageObject\",\"inLanguage\":\"es\",\"@id\":\"https:\/\/www.noticiasradioreflejos.com.ar\/2021\/#\/schema\/person\/image\/\",\"url\":\"https:\/\/secure.gravatar.com\/avatar\/55cb5e37c1efa326397366e6974cb338056df65cb50e7d64d1cf314e87504837?s=96&d=mm&r=g\",\"contentUrl\":\"https:\/\/secure.gravatar.com\/avatar\/55cb5e37c1efa326397366e6974cb338056df65cb50e7d64d1cf314e87504837?s=96&d=mm&r=g\",\"caption\":\"Arnaldo Botto\"},\"url\":\"https:\/\/www.noticiasradioreflejos.com.ar\/2021\/author\/arnaldo\/\"}]}<\/script>\n<!-- \/ Yoast SEO plugin. -->","yoast_head_json":{"title":"Identifican mol\u00e9cula que vincular\u00eda el s\u00edndrome metab\u00f3lico con el c\u00e1ncer de mama agresivo - Noticias Radio Reflejos","robots":{"index":"index","follow":"follow","max-snippet":"max-snippet:-1","max-image-preview":"max-image-preview:large","max-video-preview":"max-video-preview:-1"},"canonical":"https:\/\/www.noticiasradioreflejos.com.ar\/2021\/identifican-molecula-que-vincularia-el-sindrome-metabolico-con-el-cancer-de-mama-agresivo\/","og_locale":"es_ES","og_type":"article","og_title":"Identifican mol\u00e9cula que vincular\u00eda el s\u00edndrome metab\u00f3lico con el c\u00e1ncer de mama agresivo - Noticias Radio Reflejos","og_description":"Frente a los resultados, el equipo de investigadores consider\u00f3 que \u00abeste descubrimiento puede abrir el camino a una nueva opci\u00f3n terap\u00e9utica para el tratamiento del c\u00e1ncer de mama triple negativo que complemente a las terapias actuales\u00bb, aunque advirti\u00f3 que \u00abqueda mucho camino por delante\u00bb.","og_url":"https:\/\/www.noticiasradioreflejos.com.ar\/2021\/identifican-molecula-que-vincularia-el-sindrome-metabolico-con-el-cancer-de-mama-agresivo\/","og_site_name":"Noticias Radio Reflejos","article_published_time":"2024-01-05T16:58:56+00:00","og_image":[{"width":1200,"height":675,"url":"https:\/\/www.noticiasradioreflejos.com.ar\/2021\/wp-content\/uploads\/2024\/01\/6596c4ed11152_1200.jpg","type":"image\/jpeg"}],"author":"Arnaldo Botto","twitter_card":"summary_large_image","schema":{"@context":"https:\/\/schema.org","@graph":[{"@type":"WebPage","@id":"https:\/\/www.noticiasradioreflejos.com.ar\/2021\/identifican-molecula-que-vincularia-el-sindrome-metabolico-con-el-cancer-de-mama-agresivo\/","url":"https:\/\/www.noticiasradioreflejos.com.ar\/2021\/identifican-molecula-que-vincularia-el-sindrome-metabolico-con-el-cancer-de-mama-agresivo\/","name":"Identifican mol\u00e9cula que vincular\u00eda el s\u00edndrome metab\u00f3lico con el c\u00e1ncer de mama agresivo - Noticias Radio Reflejos","isPartOf":{"@id":"https:\/\/www.noticiasradioreflejos.com.ar\/2021\/#website"},"primaryImageOfPage":{"@id":"https:\/\/www.noticiasradioreflejos.com.ar\/2021\/identifican-molecula-que-vincularia-el-sindrome-metabolico-con-el-cancer-de-mama-agresivo\/#primaryimage"},"image":{"@id":"https:\/\/www.noticiasradioreflejos.com.ar\/2021\/identifican-molecula-que-vincularia-el-sindrome-metabolico-con-el-cancer-de-mama-agresivo\/#primaryimage"},"thumbnailUrl":"https:\/\/www.noticiasradioreflejos.com.ar\/2021\/wp-content\/uploads\/2024\/01\/6596c4ed11152_1200.jpg","datePublished":"2024-01-05T16:58:56+00:00","author":{"@id":"https:\/\/www.noticiasradioreflejos.com.ar\/2021\/#\/schema\/person\/ad82545263dcc5ec0996818884fd5fb1"},"breadcrumb":{"@id":"https:\/\/www.noticiasradioreflejos.com.ar\/2021\/identifican-molecula-que-vincularia-el-sindrome-metabolico-con-el-cancer-de-mama-agresivo\/#breadcrumb"},"inLanguage":"es","potentialAction":[{"@type":"ReadAction","target":["https:\/\/www.noticiasradioreflejos.com.ar\/2021\/identifican-molecula-que-vincularia-el-sindrome-metabolico-con-el-cancer-de-mama-agresivo\/"]}]},{"@type":"ImageObject","inLanguage":"es","@id":"https:\/\/www.noticiasradioreflejos.com.ar\/2021\/identifican-molecula-que-vincularia-el-sindrome-metabolico-con-el-cancer-de-mama-agresivo\/#primaryimage","url":"https:\/\/www.noticiasradioreflejos.com.ar\/2021\/wp-content\/uploads\/2024\/01\/6596c4ed11152_1200.jpg","contentUrl":"https:\/\/www.noticiasradioreflejos.com.ar\/2021\/wp-content\/uploads\/2024\/01\/6596c4ed11152_1200.jpg","width":1200,"height":675},{"@type":"BreadcrumbList","@id":"https:\/\/www.noticiasradioreflejos.com.ar\/2021\/identifican-molecula-que-vincularia-el-sindrome-metabolico-con-el-cancer-de-mama-agresivo\/#breadcrumb","itemListElement":[{"@type":"ListItem","position":1,"name":"Portada","item":"https:\/\/www.noticiasradioreflejos.com.ar\/2021\/"},{"@type":"ListItem","position":2,"name":"Identifican mol\u00e9cula que vincular\u00eda el s\u00edndrome metab\u00f3lico con el c\u00e1ncer de mama agresivo"}]},{"@type":"WebSite","@id":"https:\/\/www.noticiasradioreflejos.com.ar\/2021\/#website","url":"https:\/\/www.noticiasradioreflejos.com.ar\/2021\/","name":"Noticias Radio Reflejos","description":"Las noticias de mi comarca","potentialAction":[{"@type":"SearchAction","target":{"@type":"EntryPoint","urlTemplate":"https:\/\/www.noticiasradioreflejos.com.ar\/2021\/?s={search_term_string}"},"query-input":{"@type":"PropertyValueSpecification","valueRequired":true,"valueName":"search_term_string"}}],"inLanguage":"es"},{"@type":"Person","@id":"https:\/\/www.noticiasradioreflejos.com.ar\/2021\/#\/schema\/person\/ad82545263dcc5ec0996818884fd5fb1","name":"Arnaldo Botto","image":{"@type":"ImageObject","inLanguage":"es","@id":"https:\/\/www.noticiasradioreflejos.com.ar\/2021\/#\/schema\/person\/image\/","url":"https:\/\/secure.gravatar.com\/avatar\/55cb5e37c1efa326397366e6974cb338056df65cb50e7d64d1cf314e87504837?s=96&d=mm&r=g","contentUrl":"https:\/\/secure.gravatar.com\/avatar\/55cb5e37c1efa326397366e6974cb338056df65cb50e7d64d1cf314e87504837?s=96&d=mm&r=g","caption":"Arnaldo Botto"},"url":"https:\/\/www.noticiasradioreflejos.com.ar\/2021\/author\/arnaldo\/"}]}},"_links":{"self":[{"href":"https:\/\/www.noticiasradioreflejos.com.ar\/2021\/wp-json\/wp\/v2\/posts\/97368","targetHints":{"allow":["GET"]}}],"collection":[{"href":"https:\/\/www.noticiasradioreflejos.com.ar\/2021\/wp-json\/wp\/v2\/posts"}],"about":[{"href":"https:\/\/www.noticiasradioreflejos.com.ar\/2021\/wp-json\/wp\/v2\/types\/post"}],"author":[{"embeddable":true,"href":"https:\/\/www.noticiasradioreflejos.com.ar\/2021\/wp-json\/wp\/v2\/users\/3"}],"replies":[{"embeddable":true,"href":"https:\/\/www.noticiasradioreflejos.com.ar\/2021\/wp-json\/wp\/v2\/comments?post=97368"}],"version-history":[{"count":1,"href":"https:\/\/www.noticiasradioreflejos.com.ar\/2021\/wp-json\/wp\/v2\/posts\/97368\/revisions"}],"predecessor-version":[{"id":97370,"href":"https:\/\/www.noticiasradioreflejos.com.ar\/2021\/wp-json\/wp\/v2\/posts\/97368\/revisions\/97370"}],"wp:featuredmedia":[{"embeddable":true,"href":"https:\/\/www.noticiasradioreflejos.com.ar\/2021\/wp-json\/wp\/v2\/media\/97369"}],"wp:attachment":[{"href":"https:\/\/www.noticiasradioreflejos.com.ar\/2021\/wp-json\/wp\/v2\/media?parent=97368"}],"wp:term":[{"taxonomy":"category","embeddable":true,"href":"https:\/\/www.noticiasradioreflejos.com.ar\/2021\/wp-json\/wp\/v2\/categories?post=97368"},{"taxonomy":"post_tag","embeddable":true,"href":"https:\/\/www.noticiasradioreflejos.com.ar\/2021\/wp-json\/wp\/v2\/tags?post=97368"}],"curies":[{"name":"wp","href":"https:\/\/api.w.org\/{rel}","templated":true}]}}