{"id":97365,"date":"2024-01-05T13:34:55","date_gmt":"2024-01-05T16:34:55","guid":{"rendered":"https:\/\/www.noticiasradioreflejos.com.ar\/2021\/?p=97365"},"modified":"2024-01-05T13:34:55","modified_gmt":"2024-01-05T16:34:55","slug":"linea-de-creditos-especiales-para-damnificados-as-por-fenomenos-climaticos","status":"publish","type":"post","link":"https:\/\/www.noticiasradioreflejos.com.ar\/2021\/linea-de-creditos-especiales-para-damnificados-as-por-fenomenos-climaticos\/","title":{"rendered":"L\u00ednea de cr\u00e9ditos especiales para damnificados\/as por fen\u00f3menos clim\u00e1ticos"},"content":{"rendered":"<p>La Secretar\u00eda de Ambiente y Desarrollo Productivo de Tornquist Municipio, recuerda que se encuentra disponible una l\u00ednea de cr\u00e9ditos especiales del Banco Provincia para damnificados\/as por fen\u00f3menos clim\u00e1ticos extremos como tormentas, granizadas e inundaciones, entre otros.<!--more--><\/p>\n<p>Se trata de pr\u00e9stamos de hasta $1 mill\u00f3n para personas y $10 millones para comercios y empresas, con un plazo de 48 meses, con 12 de gracia para el pago de capital y una tasa fija de 92% anual.<\/p>\n<p>Los interesados, deber\u00e1n suscribir una declaraci\u00f3n jurada acreditando su situaci\u00f3n de damnificados\/as y presentar fotograf\u00edas que reflejen los da\u00f1os y\/o cualquier otra documentaci\u00f3n de respaldo: presupuestos de trabajo de reparaci\u00f3n, presupuesto de materiales, etc.<\/p>\n<p>La solicitud se realiza en cualquiera de las sucursales del Banco Provincia.<\/p>\n","protected":false},"excerpt":{"rendered":"<p>La Secretar\u00eda de Ambiente y Desarrollo Productivo de Tornquist Municipio, recuerda que se encuentra disponible una l\u00ednea de cr\u00e9ditos especiales del Banco Provincia para damnificados\/as por fen\u00f3menos clim\u00e1ticos extremos como tormentas, granizadas e inundaciones, entre otros.<\/p>\n","protected":false},"author":3,"featured_media":97366,"comment_status":"closed","ping_status":"closed","sticky":false,"template":"","format":"standard","meta":{"footnotes":""},"categories":[36],"tags":[],"class_list":["post-97365","post","type-post","status-publish","format-standard","has-post-thumbnail","hentry","category-economia"],"yoast_head":"<!-- This site is optimized with the Yoast SEO plugin v25.9 - https:\/\/yoast.com\/wordpress\/plugins\/seo\/ -->\n<title>L\u00ednea de cr\u00e9ditos especiales para damnificados\/as por fen\u00f3menos clim\u00e1ticos - Noticias Radio Reflejos<\/title>\n<meta name=\"robots\" content=\"index, follow, max-snippet:-1, max-image-preview:large, max-video-preview:-1\" \/>\n<link rel=\"canonical\" href=\"https:\/\/www.noticiasradioreflejos.com.ar\/2021\/linea-de-creditos-especiales-para-damnificados-as-por-fenomenos-climaticos\/\" \/>\n<meta property=\"og:locale\" content=\"es_ES\" \/>\n<meta property=\"og:type\" content=\"article\" \/>\n<meta property=\"og:title\" content=\"L\u00ednea de cr\u00e9ditos especiales para damnificados\/as por fen\u00f3menos clim\u00e1ticos - Noticias Radio Reflejos\" \/>\n<meta property=\"og:description\" content=\"La Secretar\u00eda de Ambiente y Desarrollo Productivo de Tornquist Municipio, recuerda que se encuentra disponible una l\u00ednea de cr\u00e9ditos especiales del Banco Provincia para damnificados\/as por fen\u00f3menos clim\u00e1ticos extremos como tormentas, granizadas e inundaciones, entre otros.\" \/>\n<meta property=\"og:url\" content=\"https:\/\/www.noticiasradioreflejos.com.ar\/2021\/linea-de-creditos-especiales-para-damnificados-as-por-fenomenos-climaticos\/\" \/>\n<meta property=\"og:site_name\" content=\"Noticias Radio Reflejos\" \/>\n<meta property=\"article:published_time\" content=\"2024-01-05T16:34:55+00:00\" \/>\n<meta property=\"og:image\" content=\"https:\/\/www.noticiasradioreflejos.com.ar\/2021\/wp-content\/uploads\/2024\/01\/bancoprovincia.jpg\" \/>\n\t<meta property=\"og:image:width\" content=\"1332\" \/>\n\t<meta property=\"og:image:height\" content=\"888\" \/>\n\t<meta property=\"og:image:type\" content=\"image\/jpeg\" \/>\n<meta name=\"author\" content=\"Arnaldo Botto\" \/>\n<meta name=\"twitter:card\" content=\"summary_large_image\" \/>\n<script type=\"application\/ld+json\" class=\"yoast-schema-graph\">{\"@context\":\"https:\/\/schema.org\",\"@graph\":[{\"@type\":\"WebPage\",\"@id\":\"https:\/\/www.noticiasradioreflejos.com.ar\/2021\/linea-de-creditos-especiales-para-damnificados-as-por-fenomenos-climaticos\/\",\"url\":\"https:\/\/www.noticiasradioreflejos.com.ar\/2021\/linea-de-creditos-especiales-para-damnificados-as-por-fenomenos-climaticos\/\",\"name\":\"L\u00ednea de cr\u00e9ditos especiales para damnificados\/as por fen\u00f3menos clim\u00e1ticos - Noticias Radio Reflejos\",\"isPartOf\":{\"@id\":\"https:\/\/www.noticiasradioreflejos.com.ar\/2021\/#website\"},\"primaryImageOfPage\":{\"@id\":\"https:\/\/www.noticiasradioreflejos.com.ar\/2021\/linea-de-creditos-especiales-para-damnificados-as-por-fenomenos-climaticos\/#primaryimage\"},\"image\":{\"@id\":\"https:\/\/www.noticiasradioreflejos.com.ar\/2021\/linea-de-creditos-especiales-para-damnificados-as-por-fenomenos-climaticos\/#primaryimage\"},\"thumbnailUrl\":\"https:\/\/www.noticiasradioreflejos.com.ar\/2021\/wp-content\/uploads\/2024\/01\/bancoprovincia.jpg\",\"datePublished\":\"2024-01-05T16:34:55+00:00\",\"author\":{\"@id\":\"https:\/\/www.noticiasradioreflejos.com.ar\/2021\/#\/schema\/person\/ad82545263dcc5ec0996818884fd5fb1\"},\"breadcrumb\":{\"@id\":\"https:\/\/www.noticiasradioreflejos.com.ar\/2021\/linea-de-creditos-especiales-para-damnificados-as-por-fenomenos-climaticos\/#breadcrumb\"},\"inLanguage\":\"es\",\"potentialAction\":[{\"@type\":\"ReadAction\",\"target\":[\"https:\/\/www.noticiasradioreflejos.com.ar\/2021\/linea-de-creditos-especiales-para-damnificados-as-por-fenomenos-climaticos\/\"]}]},{\"@type\":\"ImageObject\",\"inLanguage\":\"es\",\"@id\":\"https:\/\/www.noticiasradioreflejos.com.ar\/2021\/linea-de-creditos-especiales-para-damnificados-as-por-fenomenos-climaticos\/#primaryimage\",\"url\":\"https:\/\/www.noticiasradioreflejos.com.ar\/2021\/wp-content\/uploads\/2024\/01\/bancoprovincia.jpg\",\"contentUrl\":\"https:\/\/www.noticiasradioreflejos.com.ar\/2021\/wp-content\/uploads\/2024\/01\/bancoprovincia.jpg\",\"width\":1332,\"height\":888},{\"@type\":\"BreadcrumbList\",\"@id\":\"https:\/\/www.noticiasradioreflejos.com.ar\/2021\/linea-de-creditos-especiales-para-damnificados-as-por-fenomenos-climaticos\/#breadcrumb\",\"itemListElement\":[{\"@type\":\"ListItem\",\"position\":1,\"name\":\"Portada\",\"item\":\"https:\/\/www.noticiasradioreflejos.com.ar\/2021\/\"},{\"@type\":\"ListItem\",\"position\":2,\"name\":\"L\u00ednea de cr\u00e9ditos especiales para damnificados\/as por fen\u00f3menos clim\u00e1ticos\"}]},{\"@type\":\"WebSite\",\"@id\":\"https:\/\/www.noticiasradioreflejos.com.ar\/2021\/#website\",\"url\":\"https:\/\/www.noticiasradioreflejos.com.ar\/2021\/\",\"name\":\"Noticias Radio Reflejos\",\"description\":\"Las noticias de mi comarca\",\"potentialAction\":[{\"@type\":\"SearchAction\",\"target\":{\"@type\":\"EntryPoint\",\"urlTemplate\":\"https:\/\/www.noticiasradioreflejos.com.ar\/2021\/?s={search_term_string}\"},\"query-input\":{\"@type\":\"PropertyValueSpecification\",\"valueRequired\":true,\"valueName\":\"search_term_string\"}}],\"inLanguage\":\"es\"},{\"@type\":\"Person\",\"@id\":\"https:\/\/www.noticiasradioreflejos.com.ar\/2021\/#\/schema\/person\/ad82545263dcc5ec0996818884fd5fb1\",\"name\":\"Arnaldo Botto\",\"image\":{\"@type\":\"ImageObject\",\"inLanguage\":\"es\",\"@id\":\"https:\/\/www.noticiasradioreflejos.com.ar\/2021\/#\/schema\/person\/image\/\",\"url\":\"https:\/\/secure.gravatar.com\/avatar\/55cb5e37c1efa326397366e6974cb338056df65cb50e7d64d1cf314e87504837?s=96&d=mm&r=g\",\"contentUrl\":\"https:\/\/secure.gravatar.com\/avatar\/55cb5e37c1efa326397366e6974cb338056df65cb50e7d64d1cf314e87504837?s=96&d=mm&r=g\",\"caption\":\"Arnaldo Botto\"},\"url\":\"https:\/\/www.noticiasradioreflejos.com.ar\/2021\/author\/arnaldo\/\"}]}<\/script>\n<!-- \/ Yoast SEO plugin. -->","yoast_head_json":{"title":"L\u00ednea de cr\u00e9ditos especiales para damnificados\/as por fen\u00f3menos clim\u00e1ticos - Noticias Radio Reflejos","robots":{"index":"index","follow":"follow","max-snippet":"max-snippet:-1","max-image-preview":"max-image-preview:large","max-video-preview":"max-video-preview:-1"},"canonical":"https:\/\/www.noticiasradioreflejos.com.ar\/2021\/linea-de-creditos-especiales-para-damnificados-as-por-fenomenos-climaticos\/","og_locale":"es_ES","og_type":"article","og_title":"L\u00ednea de cr\u00e9ditos especiales para damnificados\/as por fen\u00f3menos clim\u00e1ticos - Noticias Radio Reflejos","og_description":"La Secretar\u00eda de Ambiente y Desarrollo Productivo de Tornquist Municipio, recuerda que se encuentra disponible una l\u00ednea de cr\u00e9ditos especiales del Banco Provincia para damnificados\/as por fen\u00f3menos clim\u00e1ticos extremos como tormentas, granizadas e inundaciones, entre otros.","og_url":"https:\/\/www.noticiasradioreflejos.com.ar\/2021\/linea-de-creditos-especiales-para-damnificados-as-por-fenomenos-climaticos\/","og_site_name":"Noticias Radio Reflejos","article_published_time":"2024-01-05T16:34:55+00:00","og_image":[{"width":1332,"height":888,"url":"https:\/\/www.noticiasradioreflejos.com.ar\/2021\/wp-content\/uploads\/2024\/01\/bancoprovincia.jpg","type":"image\/jpeg"}],"author":"Arnaldo Botto","twitter_card":"summary_large_image","schema":{"@context":"https:\/\/schema.org","@graph":[{"@type":"WebPage","@id":"https:\/\/www.noticiasradioreflejos.com.ar\/2021\/linea-de-creditos-especiales-para-damnificados-as-por-fenomenos-climaticos\/","url":"https:\/\/www.noticiasradioreflejos.com.ar\/2021\/linea-de-creditos-especiales-para-damnificados-as-por-fenomenos-climaticos\/","name":"L\u00ednea de cr\u00e9ditos especiales para damnificados\/as por fen\u00f3menos clim\u00e1ticos - Noticias Radio Reflejos","isPartOf":{"@id":"https:\/\/www.noticiasradioreflejos.com.ar\/2021\/#website"},"primaryImageOfPage":{"@id":"https:\/\/www.noticiasradioreflejos.com.ar\/2021\/linea-de-creditos-especiales-para-damnificados-as-por-fenomenos-climaticos\/#primaryimage"},"image":{"@id":"https:\/\/www.noticiasradioreflejos.com.ar\/2021\/linea-de-creditos-especiales-para-damnificados-as-por-fenomenos-climaticos\/#primaryimage"},"thumbnailUrl":"https:\/\/www.noticiasradioreflejos.com.ar\/2021\/wp-content\/uploads\/2024\/01\/bancoprovincia.jpg","datePublished":"2024-01-05T16:34:55+00:00","author":{"@id":"https:\/\/www.noticiasradioreflejos.com.ar\/2021\/#\/schema\/person\/ad82545263dcc5ec0996818884fd5fb1"},"breadcrumb":{"@id":"https:\/\/www.noticiasradioreflejos.com.ar\/2021\/linea-de-creditos-especiales-para-damnificados-as-por-fenomenos-climaticos\/#breadcrumb"},"inLanguage":"es","potentialAction":[{"@type":"ReadAction","target":["https:\/\/www.noticiasradioreflejos.com.ar\/2021\/linea-de-creditos-especiales-para-damnificados-as-por-fenomenos-climaticos\/"]}]},{"@type":"ImageObject","inLanguage":"es","@id":"https:\/\/www.noticiasradioreflejos.com.ar\/2021\/linea-de-creditos-especiales-para-damnificados-as-por-fenomenos-climaticos\/#primaryimage","url":"https:\/\/www.noticiasradioreflejos.com.ar\/2021\/wp-content\/uploads\/2024\/01\/bancoprovincia.jpg","contentUrl":"https:\/\/www.noticiasradioreflejos.com.ar\/2021\/wp-content\/uploads\/2024\/01\/bancoprovincia.jpg","width":1332,"height":888},{"@type":"BreadcrumbList","@id":"https:\/\/www.noticiasradioreflejos.com.ar\/2021\/linea-de-creditos-especiales-para-damnificados-as-por-fenomenos-climaticos\/#breadcrumb","itemListElement":[{"@type":"ListItem","position":1,"name":"Portada","item":"https:\/\/www.noticiasradioreflejos.com.ar\/2021\/"},{"@type":"ListItem","position":2,"name":"L\u00ednea de cr\u00e9ditos especiales para damnificados\/as por fen\u00f3menos clim\u00e1ticos"}]},{"@type":"WebSite","@id":"https:\/\/www.noticiasradioreflejos.com.ar\/2021\/#website","url":"https:\/\/www.noticiasradioreflejos.com.ar\/2021\/","name":"Noticias Radio Reflejos","description":"Las noticias de mi comarca","potentialAction":[{"@type":"SearchAction","target":{"@type":"EntryPoint","urlTemplate":"https:\/\/www.noticiasradioreflejos.com.ar\/2021\/?s={search_term_string}"},"query-input":{"@type":"PropertyValueSpecification","valueRequired":true,"valueName":"search_term_string"}}],"inLanguage":"es"},{"@type":"Person","@id":"https:\/\/www.noticiasradioreflejos.com.ar\/2021\/#\/schema\/person\/ad82545263dcc5ec0996818884fd5fb1","name":"Arnaldo Botto","image":{"@type":"ImageObject","inLanguage":"es","@id":"https:\/\/www.noticiasradioreflejos.com.ar\/2021\/#\/schema\/person\/image\/","url":"https:\/\/secure.gravatar.com\/avatar\/55cb5e37c1efa326397366e6974cb338056df65cb50e7d64d1cf314e87504837?s=96&d=mm&r=g","contentUrl":"https:\/\/secure.gravatar.com\/avatar\/55cb5e37c1efa326397366e6974cb338056df65cb50e7d64d1cf314e87504837?s=96&d=mm&r=g","caption":"Arnaldo Botto"},"url":"https:\/\/www.noticiasradioreflejos.com.ar\/2021\/author\/arnaldo\/"}]}},"_links":{"self":[{"href":"https:\/\/www.noticiasradioreflejos.com.ar\/2021\/wp-json\/wp\/v2\/posts\/97365","targetHints":{"allow":["GET"]}}],"collection":[{"href":"https:\/\/www.noticiasradioreflejos.com.ar\/2021\/wp-json\/wp\/v2\/posts"}],"about":[{"href":"https:\/\/www.noticiasradioreflejos.com.ar\/2021\/wp-json\/wp\/v2\/types\/post"}],"author":[{"embeddable":true,"href":"https:\/\/www.noticiasradioreflejos.com.ar\/2021\/wp-json\/wp\/v2\/users\/3"}],"replies":[{"embeddable":true,"href":"https:\/\/www.noticiasradioreflejos.com.ar\/2021\/wp-json\/wp\/v2\/comments?post=97365"}],"version-history":[{"count":1,"href":"https:\/\/www.noticiasradioreflejos.com.ar\/2021\/wp-json\/wp\/v2\/posts\/97365\/revisions"}],"predecessor-version":[{"id":97367,"href":"https:\/\/www.noticiasradioreflejos.com.ar\/2021\/wp-json\/wp\/v2\/posts\/97365\/revisions\/97367"}],"wp:featuredmedia":[{"embeddable":true,"href":"https:\/\/www.noticiasradioreflejos.com.ar\/2021\/wp-json\/wp\/v2\/media\/97366"}],"wp:attachment":[{"href":"https:\/\/www.noticiasradioreflejos.com.ar\/2021\/wp-json\/wp\/v2\/media?parent=97365"}],"wp:term":[{"taxonomy":"category","embeddable":true,"href":"https:\/\/www.noticiasradioreflejos.com.ar\/2021\/wp-json\/wp\/v2\/categories?post=97365"},{"taxonomy":"post_tag","embeddable":true,"href":"https:\/\/www.noticiasradioreflejos.com.ar\/2021\/wp-json\/wp\/v2\/tags?post=97365"}],"curies":[{"name":"wp","href":"https:\/\/api.w.org\/{rel}","templated":true}]}}