{"id":973,"date":"2016-09-15T13:15:15","date_gmt":"2016-09-15T13:15:15","guid":{"rendered":"http:\/\/noticiasradioreflejos.com.ar\/noticias\/?p=973"},"modified":"2016-09-15T13:15:15","modified_gmt":"2016-09-15T13:15:15","slug":"se-incendio-un-camion-en-la-ruta-33","status":"publish","type":"post","link":"https:\/\/www.noticiasradioreflejos.com.ar\/2021\/se-incendio-un-camion-en-la-ruta-33\/","title":{"rendered":"Se incendi\u00f3 un cami\u00f3n en la Ruta 33"},"content":{"rendered":"<p><code>Hoy siendo las 02:05 hs se registro en el kilometro 40,5 de la ruta 33 un incendio que involucr\u00f3 a un cami\u00f3n de carga.<!--more--><\/code><br \/>\nAl lugar concurrieron dos dotaciones del cuartel de Bomberos de Tornquist. El siniestro ocurri\u00f3 cuando un cami\u00f3n cargado con materiales de construcci\u00f3n con destino a Comodoro Rivadavia se incendio.<br \/>\nHubo p\u00e9rdidas totales de la carga y del semi. \u00a0Destacando que el conductor resulto ileso y el chasis sin da\u00f1os.<br \/>\nLas dotaciones de Bomberos regresaron 06:10 am al cuartel, habiendo dejado sin efecto el fuego.<br \/>\n<a title=\"333\" href=\"http:\/\/farm9.staticflickr.com\/8389\/29071598093_00b35a7730_c.jpg\" rel=\"\"><img loading=\"lazy\" decoding=\"async\" class=\"aligncenter\" title=\"333\" src=\"http:\/\/farm9.staticflickr.com\/8389\/29071598093_00b35a7730_c.jpg\" alt=\"333\" width=\"800\" height=\"440\" \/><\/a><br \/>\n<a title=\"111\" href=\"http:\/\/farm9.staticflickr.com\/8209\/29660699646_4f85633e63_c.jpg\" rel=\"\"><img loading=\"lazy\" decoding=\"async\" class=\"aligncenter\" title=\"111\" src=\"http:\/\/farm9.staticflickr.com\/8209\/29660699646_4f85633e63_c.jpg\" alt=\"111\" width=\"800\" height=\"571\" \/><\/a><br \/>\n<a title=\"2222\" href=\"http:\/\/farm9.staticflickr.com\/8191\/29696431755_944c4863eb_c.jpg\" rel=\"\"><img loading=\"lazy\" decoding=\"async\" class=\"aligncenter\" title=\"2222\" src=\"http:\/\/farm9.staticflickr.com\/8191\/29696431755_944c4863eb_c.jpg\" alt=\"2222\" width=\"800\" height=\"458\" \/><\/a><\/p>\n","protected":false},"excerpt":{"rendered":"<p>Hoy siendo las 02:05 hs se registro en el kilometro 40,5 de la ruta 33 un incendio que involucr\u00f3 a un cami\u00f3n de carga.<\/p>\n","protected":false},"author":3,"featured_media":0,"comment_status":"closed","ping_status":"open","sticky":false,"template":"","format":"standard","meta":{"footnotes":""},"categories":[26],"tags":[],"class_list":["post-973","post","type-post","status-publish","format-standard","hentry","category-sociedad"],"yoast_head":"<!-- This site is optimized with the Yoast SEO plugin v25.9 - https:\/\/yoast.com\/wordpress\/plugins\/seo\/ -->\n<title>Se incendi\u00f3 un cami\u00f3n en la Ruta 33 - Noticias Radio Reflejos<\/title>\n<meta name=\"robots\" content=\"index, follow, max-snippet:-1, max-image-preview:large, max-video-preview:-1\" \/>\n<link rel=\"canonical\" href=\"https:\/\/www.noticiasradioreflejos.com.ar\/2021\/se-incendio-un-camion-en-la-ruta-33\/\" \/>\n<meta property=\"og:locale\" content=\"es_ES\" \/>\n<meta property=\"og:type\" content=\"article\" \/>\n<meta property=\"og:title\" content=\"Se incendi\u00f3 un cami\u00f3n en la Ruta 33 - Noticias Radio Reflejos\" \/>\n<meta property=\"og:description\" content=\"Hoy siendo las 02:05 hs se registro en el kilometro 40,5 de la ruta 33 un incendio que involucr\u00f3 a un cami\u00f3n de carga.\" \/>\n<meta property=\"og:url\" content=\"https:\/\/www.noticiasradioreflejos.com.ar\/2021\/se-incendio-un-camion-en-la-ruta-33\/\" \/>\n<meta property=\"og:site_name\" content=\"Noticias Radio Reflejos\" \/>\n<meta property=\"article:published_time\" content=\"2016-09-15T13:15:15+00:00\" \/>\n<meta property=\"og:image\" content=\"http:\/\/farm9.staticflickr.com\/8389\/29071598093_00b35a7730_c.jpg\" \/>\n<meta name=\"author\" content=\"Arnaldo Botto\" \/>\n<meta name=\"twitter:card\" content=\"summary_large_image\" \/>\n<script type=\"application\/ld+json\" class=\"yoast-schema-graph\">{\"@context\":\"https:\/\/schema.org\",\"@graph\":[{\"@type\":\"WebPage\",\"@id\":\"https:\/\/www.noticiasradioreflejos.com.ar\/2021\/se-incendio-un-camion-en-la-ruta-33\/\",\"url\":\"https:\/\/www.noticiasradioreflejos.com.ar\/2021\/se-incendio-un-camion-en-la-ruta-33\/\",\"name\":\"Se incendi\u00f3 un cami\u00f3n en la Ruta 33 - Noticias Radio Reflejos\",\"isPartOf\":{\"@id\":\"https:\/\/www.noticiasradioreflejos.com.ar\/2021\/#website\"},\"primaryImageOfPage\":{\"@id\":\"https:\/\/www.noticiasradioreflejos.com.ar\/2021\/se-incendio-un-camion-en-la-ruta-33\/#primaryimage\"},\"image\":{\"@id\":\"https:\/\/www.noticiasradioreflejos.com.ar\/2021\/se-incendio-un-camion-en-la-ruta-33\/#primaryimage\"},\"thumbnailUrl\":\"http:\/\/farm9.staticflickr.com\/8389\/29071598093_00b35a7730_c.jpg\",\"datePublished\":\"2016-09-15T13:15:15+00:00\",\"author\":{\"@id\":\"https:\/\/www.noticiasradioreflejos.com.ar\/2021\/#\/schema\/person\/ad82545263dcc5ec0996818884fd5fb1\"},\"breadcrumb\":{\"@id\":\"https:\/\/www.noticiasradioreflejos.com.ar\/2021\/se-incendio-un-camion-en-la-ruta-33\/#breadcrumb\"},\"inLanguage\":\"es\",\"potentialAction\":[{\"@type\":\"ReadAction\",\"target\":[\"https:\/\/www.noticiasradioreflejos.com.ar\/2021\/se-incendio-un-camion-en-la-ruta-33\/\"]}]},{\"@type\":\"ImageObject\",\"inLanguage\":\"es\",\"@id\":\"https:\/\/www.noticiasradioreflejos.com.ar\/2021\/se-incendio-un-camion-en-la-ruta-33\/#primaryimage\",\"url\":\"http:\/\/farm9.staticflickr.com\/8389\/29071598093_00b35a7730_c.jpg\",\"contentUrl\":\"http:\/\/farm9.staticflickr.com\/8389\/29071598093_00b35a7730_c.jpg\"},{\"@type\":\"BreadcrumbList\",\"@id\":\"https:\/\/www.noticiasradioreflejos.com.ar\/2021\/se-incendio-un-camion-en-la-ruta-33\/#breadcrumb\",\"itemListElement\":[{\"@type\":\"ListItem\",\"position\":1,\"name\":\"Portada\",\"item\":\"https:\/\/www.noticiasradioreflejos.com.ar\/2021\/\"},{\"@type\":\"ListItem\",\"position\":2,\"name\":\"Se incendi\u00f3 un cami\u00f3n en la Ruta 33\"}]},{\"@type\":\"WebSite\",\"@id\":\"https:\/\/www.noticiasradioreflejos.com.ar\/2021\/#website\",\"url\":\"https:\/\/www.noticiasradioreflejos.com.ar\/2021\/\",\"name\":\"Noticias Radio Reflejos\",\"description\":\"Las noticias de mi comarca\",\"potentialAction\":[{\"@type\":\"SearchAction\",\"target\":{\"@type\":\"EntryPoint\",\"urlTemplate\":\"https:\/\/www.noticiasradioreflejos.com.ar\/2021\/?s={search_term_string}\"},\"query-input\":{\"@type\":\"PropertyValueSpecification\",\"valueRequired\":true,\"valueName\":\"search_term_string\"}}],\"inLanguage\":\"es\"},{\"@type\":\"Person\",\"@id\":\"https:\/\/www.noticiasradioreflejos.com.ar\/2021\/#\/schema\/person\/ad82545263dcc5ec0996818884fd5fb1\",\"name\":\"Arnaldo Botto\",\"image\":{\"@type\":\"ImageObject\",\"inLanguage\":\"es\",\"@id\":\"https:\/\/www.noticiasradioreflejos.com.ar\/2021\/#\/schema\/person\/image\/\",\"url\":\"https:\/\/secure.gravatar.com\/avatar\/55cb5e37c1efa326397366e6974cb338056df65cb50e7d64d1cf314e87504837?s=96&d=mm&r=g\",\"contentUrl\":\"https:\/\/secure.gravatar.com\/avatar\/55cb5e37c1efa326397366e6974cb338056df65cb50e7d64d1cf314e87504837?s=96&d=mm&r=g\",\"caption\":\"Arnaldo Botto\"},\"url\":\"https:\/\/www.noticiasradioreflejos.com.ar\/2021\/author\/arnaldo\/\"}]}<\/script>\n<!-- \/ Yoast SEO plugin. -->","yoast_head_json":{"title":"Se incendi\u00f3 un cami\u00f3n en la Ruta 33 - Noticias Radio Reflejos","robots":{"index":"index","follow":"follow","max-snippet":"max-snippet:-1","max-image-preview":"max-image-preview:large","max-video-preview":"max-video-preview:-1"},"canonical":"https:\/\/www.noticiasradioreflejos.com.ar\/2021\/se-incendio-un-camion-en-la-ruta-33\/","og_locale":"es_ES","og_type":"article","og_title":"Se incendi\u00f3 un cami\u00f3n en la Ruta 33 - Noticias Radio Reflejos","og_description":"Hoy siendo las 02:05 hs se registro en el kilometro 40,5 de la ruta 33 un incendio que involucr\u00f3 a un cami\u00f3n de carga.","og_url":"https:\/\/www.noticiasradioreflejos.com.ar\/2021\/se-incendio-un-camion-en-la-ruta-33\/","og_site_name":"Noticias Radio Reflejos","article_published_time":"2016-09-15T13:15:15+00:00","og_image":[{"url":"http:\/\/farm9.staticflickr.com\/8389\/29071598093_00b35a7730_c.jpg","type":"","width":"","height":""}],"author":"Arnaldo Botto","twitter_card":"summary_large_image","schema":{"@context":"https:\/\/schema.org","@graph":[{"@type":"WebPage","@id":"https:\/\/www.noticiasradioreflejos.com.ar\/2021\/se-incendio-un-camion-en-la-ruta-33\/","url":"https:\/\/www.noticiasradioreflejos.com.ar\/2021\/se-incendio-un-camion-en-la-ruta-33\/","name":"Se incendi\u00f3 un cami\u00f3n en la Ruta 33 - Noticias Radio Reflejos","isPartOf":{"@id":"https:\/\/www.noticiasradioreflejos.com.ar\/2021\/#website"},"primaryImageOfPage":{"@id":"https:\/\/www.noticiasradioreflejos.com.ar\/2021\/se-incendio-un-camion-en-la-ruta-33\/#primaryimage"},"image":{"@id":"https:\/\/www.noticiasradioreflejos.com.ar\/2021\/se-incendio-un-camion-en-la-ruta-33\/#primaryimage"},"thumbnailUrl":"http:\/\/farm9.staticflickr.com\/8389\/29071598093_00b35a7730_c.jpg","datePublished":"2016-09-15T13:15:15+00:00","author":{"@id":"https:\/\/www.noticiasradioreflejos.com.ar\/2021\/#\/schema\/person\/ad82545263dcc5ec0996818884fd5fb1"},"breadcrumb":{"@id":"https:\/\/www.noticiasradioreflejos.com.ar\/2021\/se-incendio-un-camion-en-la-ruta-33\/#breadcrumb"},"inLanguage":"es","potentialAction":[{"@type":"ReadAction","target":["https:\/\/www.noticiasradioreflejos.com.ar\/2021\/se-incendio-un-camion-en-la-ruta-33\/"]}]},{"@type":"ImageObject","inLanguage":"es","@id":"https:\/\/www.noticiasradioreflejos.com.ar\/2021\/se-incendio-un-camion-en-la-ruta-33\/#primaryimage","url":"http:\/\/farm9.staticflickr.com\/8389\/29071598093_00b35a7730_c.jpg","contentUrl":"http:\/\/farm9.staticflickr.com\/8389\/29071598093_00b35a7730_c.jpg"},{"@type":"BreadcrumbList","@id":"https:\/\/www.noticiasradioreflejos.com.ar\/2021\/se-incendio-un-camion-en-la-ruta-33\/#breadcrumb","itemListElement":[{"@type":"ListItem","position":1,"name":"Portada","item":"https:\/\/www.noticiasradioreflejos.com.ar\/2021\/"},{"@type":"ListItem","position":2,"name":"Se incendi\u00f3 un cami\u00f3n en la Ruta 33"}]},{"@type":"WebSite","@id":"https:\/\/www.noticiasradioreflejos.com.ar\/2021\/#website","url":"https:\/\/www.noticiasradioreflejos.com.ar\/2021\/","name":"Noticias Radio Reflejos","description":"Las noticias de mi comarca","potentialAction":[{"@type":"SearchAction","target":{"@type":"EntryPoint","urlTemplate":"https:\/\/www.noticiasradioreflejos.com.ar\/2021\/?s={search_term_string}"},"query-input":{"@type":"PropertyValueSpecification","valueRequired":true,"valueName":"search_term_string"}}],"inLanguage":"es"},{"@type":"Person","@id":"https:\/\/www.noticiasradioreflejos.com.ar\/2021\/#\/schema\/person\/ad82545263dcc5ec0996818884fd5fb1","name":"Arnaldo Botto","image":{"@type":"ImageObject","inLanguage":"es","@id":"https:\/\/www.noticiasradioreflejos.com.ar\/2021\/#\/schema\/person\/image\/","url":"https:\/\/secure.gravatar.com\/avatar\/55cb5e37c1efa326397366e6974cb338056df65cb50e7d64d1cf314e87504837?s=96&d=mm&r=g","contentUrl":"https:\/\/secure.gravatar.com\/avatar\/55cb5e37c1efa326397366e6974cb338056df65cb50e7d64d1cf314e87504837?s=96&d=mm&r=g","caption":"Arnaldo Botto"},"url":"https:\/\/www.noticiasradioreflejos.com.ar\/2021\/author\/arnaldo\/"}]}},"_links":{"self":[{"href":"https:\/\/www.noticiasradioreflejos.com.ar\/2021\/wp-json\/wp\/v2\/posts\/973","targetHints":{"allow":["GET"]}}],"collection":[{"href":"https:\/\/www.noticiasradioreflejos.com.ar\/2021\/wp-json\/wp\/v2\/posts"}],"about":[{"href":"https:\/\/www.noticiasradioreflejos.com.ar\/2021\/wp-json\/wp\/v2\/types\/post"}],"author":[{"embeddable":true,"href":"https:\/\/www.noticiasradioreflejos.com.ar\/2021\/wp-json\/wp\/v2\/users\/3"}],"replies":[{"embeddable":true,"href":"https:\/\/www.noticiasradioreflejos.com.ar\/2021\/wp-json\/wp\/v2\/comments?post=973"}],"version-history":[{"count":0,"href":"https:\/\/www.noticiasradioreflejos.com.ar\/2021\/wp-json\/wp\/v2\/posts\/973\/revisions"}],"wp:attachment":[{"href":"https:\/\/www.noticiasradioreflejos.com.ar\/2021\/wp-json\/wp\/v2\/media?parent=973"}],"wp:term":[{"taxonomy":"category","embeddable":true,"href":"https:\/\/www.noticiasradioreflejos.com.ar\/2021\/wp-json\/wp\/v2\/categories?post=973"},{"taxonomy":"post_tag","embeddable":true,"href":"https:\/\/www.noticiasradioreflejos.com.ar\/2021\/wp-json\/wp\/v2\/tags?post=973"}],"curies":[{"name":"wp","href":"https:\/\/api.w.org\/{rel}","templated":true}]}}