{"id":97050,"date":"2023-12-28T12:15:53","date_gmt":"2023-12-28T15:15:53","guid":{"rendered":"https:\/\/www.noticiasradioreflejos.com.ar\/2021\/?p=97050"},"modified":"2023-12-28T12:29:34","modified_gmt":"2023-12-28T15:29:34","slug":"condenan-a-5-personas-por-abigeato-y-por-cazar-nandues-en-bahia-blanca-y-punta-alta","status":"publish","type":"post","link":"https:\/\/www.noticiasradioreflejos.com.ar\/2021\/condenan-a-5-personas-por-abigeato-y-por-cazar-nandues-en-bahia-blanca-y-punta-alta\/","title":{"rendered":"Condenan a 5 personas por abigeato y por cazar \u00f1and\u00faes en Bah\u00eda Blanca y Punta Alta"},"content":{"rendered":"<p>En el marco de una investigaci\u00f3n realizada por el Equipo de Investigaci\u00f3n de Delitos Rurales, tramitada en la UFIJ N.\u00ba 7 a cargo de la fiscal Marina Lara, el Tribunal en lo Criminal N.\u00ba 3 conden\u00f3 -en juicio abreviado- a 5 personas por lo delitos de abigeato agravado y por cazar \u00f1and\u00faes en Bah\u00eda Blanca y Punta Alta.<!--more--><\/p>\n<p>La causa se inici\u00f3 el 19 de abril de 2022 cuando efectivos policiales detectaron a varias personas a bordo de un Renault Megane que transportaban un animal vacuno faenado, raza Aberdeen Angus colorado, el cual hab\u00eda sido sustra\u00eddo del establecimiento rural \u201cEl Tard\u00edo\u201d ubicado en la ruta nacional 33, kil\u00f3metro 38,5.<\/p>\n<p>Los hombres -que ten\u00edan una carabina dentro del auto- fueron aprehendidos, uno de ellos se dio a la fuga al llegar a un domicilio de calle Santa Cruz al 600 y qued\u00f3 detenido d\u00edas despu\u00e9s.<\/p>\n<p>En su momento se secuestraron tel\u00e9fonos celulares de los cuales surgieron im\u00e1genes con distintos animales faenados, cacer\u00edas y armas de fuego, as\u00ed como conversaciones que dieron cuenta de la actividad il\u00edcita que desarrollaban todos los involucrados.<\/p>\n<p>Gustavo G\u00e9rtice fue condenado por el delito de abigeato agravado y tenencia ilegal de arma de guerra de uso civil, a la pena de 4 a\u00f1os y 2 meses de prisi\u00f3n<\/p>\n<p>Maximiliano G\u00e9rtice fue condenado por abigeato agravado y tenencia ilegal de arma de guerra de uso civil, a la pena de 4 a\u00f1os y 6 meses de prisi\u00f3n.<\/p>\n<p>Francisco N\u00e9stor Ramos fue condenado a 5 a\u00f1os de prisi\u00f3n por abigeato agravado, tenencia ilegal de arma de guerra de uso civil y amenazas.<\/p>\n<p>Adem\u00e1s, se determin\u00f3 que el 30 de octubre de 2020 Sebasti\u00e1n Alejandro Su\u00e1rez y Horacio Daniel Mat\u00edas Lovera -junto a una tercera persona no identificada- cazaron un ejemplar de \u00f1and\u00fa en el interior del establecimiento ubicado en el Cuartel V del Partido de Coronel Rosales, a la altura del km. 658 de la ruta nacional 3, zona rural de Bajo Hondo y que luego cargaron al animal cazado en el ba\u00fal del auto Chevrolet Corsa y se fueron.<\/p>\n<p>Su\u00e1rez fue condenado a 4 a\u00f1os y 7 meses de prisi\u00f3n por el delito de abigeato agravado, tenencia ilegal de arma de guerra de uso civil y caza de animales de la fauna silvestre en campo ajeno sin la autorizaci\u00f3n del due\u00f1o y caza de animales de la fauna silvestre cuya captura est\u00e1 prohibida o vedada, agravada por haberse cometido con el concurso de tres personas<\/p>\n<p>Lovera fue condenado a la pena de 6 meses de prisi\u00f3n por el delito de caza de animales de la fauna silvestre en campo ajeno sin la autorizaci\u00f3n del due\u00f1o del establecimiento y caza de animales de la fauna silvestre cuya captura est\u00e1 prohibida o vedada, agravada por haberse cometido con el concurso de tres personas.<\/p>\n","protected":false},"excerpt":{"rendered":"<p>En el marco de una investigaci\u00f3n realizada por el Equipo de Investigaci\u00f3n de Delitos Rurales, tramitada en la UFIJ N.\u00ba 7 a cargo de la fiscal Marina Lara, el Tribunal en lo Criminal N.\u00ba 3 conden\u00f3 -en juicio abreviado- a 5 personas por lo delitos de abigeato agravado y por cazar \u00f1and\u00faes en Bah\u00eda Blanca [&hellip;]<\/p>\n","protected":false},"author":3,"featured_media":97055,"comment_status":"closed","ping_status":"closed","sticky":false,"template":"","format":"standard","meta":{"footnotes":""},"categories":[57],"tags":[],"class_list":["post-97050","post","type-post","status-publish","format-standard","has-post-thumbnail","hentry","category-judiciales"],"yoast_head":"<!-- This site is optimized with the Yoast SEO plugin v25.9 - https:\/\/yoast.com\/wordpress\/plugins\/seo\/ -->\n<title>Condenan a 5 personas por abigeato y por cazar \u00f1and\u00faes en Bah\u00eda Blanca y Punta Alta - Noticias Radio Reflejos<\/title>\n<meta name=\"robots\" content=\"index, follow, max-snippet:-1, max-image-preview:large, max-video-preview:-1\" \/>\n<link rel=\"canonical\" href=\"https:\/\/www.noticiasradioreflejos.com.ar\/2021\/condenan-a-5-personas-por-abigeato-y-por-cazar-nandues-en-bahia-blanca-y-punta-alta\/\" \/>\n<meta property=\"og:locale\" content=\"es_ES\" \/>\n<meta property=\"og:type\" content=\"article\" \/>\n<meta property=\"og:title\" content=\"Condenan a 5 personas por abigeato y por cazar \u00f1and\u00faes en Bah\u00eda Blanca y Punta Alta - Noticias Radio Reflejos\" \/>\n<meta property=\"og:description\" content=\"En el marco de una investigaci\u00f3n realizada por el Equipo de Investigaci\u00f3n de Delitos Rurales, tramitada en la UFIJ N.\u00ba 7 a cargo de la fiscal Marina Lara, el Tribunal en lo Criminal N.\u00ba 3 conden\u00f3 -en juicio abreviado- a 5 personas por lo delitos de abigeato agravado y por cazar \u00f1and\u00faes en Bah\u00eda Blanca [&hellip;]\" \/>\n<meta property=\"og:url\" content=\"https:\/\/www.noticiasradioreflejos.com.ar\/2021\/condenan-a-5-personas-por-abigeato-y-por-cazar-nandues-en-bahia-blanca-y-punta-alta\/\" \/>\n<meta property=\"og:site_name\" content=\"Noticias Radio Reflejos\" \/>\n<meta property=\"article:published_time\" content=\"2023-12-28T15:15:53+00:00\" \/>\n<meta property=\"article:modified_time\" content=\"2023-12-28T15:29:34+00:00\" \/>\n<meta property=\"og:image\" content=\"https:\/\/www.noticiasradioreflejos.com.ar\/2021\/wp-content\/uploads\/2023\/12\/MG_6262.jpg\" \/>\n\t<meta property=\"og:image:width\" content=\"640\" \/>\n\t<meta property=\"og:image:height\" content=\"480\" \/>\n\t<meta property=\"og:image:type\" content=\"image\/jpeg\" \/>\n<meta name=\"author\" content=\"Arnaldo Botto\" \/>\n<meta name=\"twitter:card\" content=\"summary_large_image\" \/>\n<script type=\"application\/ld+json\" class=\"yoast-schema-graph\">{\"@context\":\"https:\/\/schema.org\",\"@graph\":[{\"@type\":\"WebPage\",\"@id\":\"https:\/\/www.noticiasradioreflejos.com.ar\/2021\/condenan-a-5-personas-por-abigeato-y-por-cazar-nandues-en-bahia-blanca-y-punta-alta\/\",\"url\":\"https:\/\/www.noticiasradioreflejos.com.ar\/2021\/condenan-a-5-personas-por-abigeato-y-por-cazar-nandues-en-bahia-blanca-y-punta-alta\/\",\"name\":\"Condenan a 5 personas por abigeato y por cazar \u00f1and\u00faes en Bah\u00eda Blanca y Punta Alta - Noticias Radio Reflejos\",\"isPartOf\":{\"@id\":\"https:\/\/www.noticiasradioreflejos.com.ar\/2021\/#website\"},\"primaryImageOfPage\":{\"@id\":\"https:\/\/www.noticiasradioreflejos.com.ar\/2021\/condenan-a-5-personas-por-abigeato-y-por-cazar-nandues-en-bahia-blanca-y-punta-alta\/#primaryimage\"},\"image\":{\"@id\":\"https:\/\/www.noticiasradioreflejos.com.ar\/2021\/condenan-a-5-personas-por-abigeato-y-por-cazar-nandues-en-bahia-blanca-y-punta-alta\/#primaryimage\"},\"thumbnailUrl\":\"https:\/\/www.noticiasradioreflejos.com.ar\/2021\/wp-content\/uploads\/2023\/12\/MG_6262.jpg\",\"datePublished\":\"2023-12-28T15:15:53+00:00\",\"dateModified\":\"2023-12-28T15:29:34+00:00\",\"author\":{\"@id\":\"https:\/\/www.noticiasradioreflejos.com.ar\/2021\/#\/schema\/person\/ad82545263dcc5ec0996818884fd5fb1\"},\"breadcrumb\":{\"@id\":\"https:\/\/www.noticiasradioreflejos.com.ar\/2021\/condenan-a-5-personas-por-abigeato-y-por-cazar-nandues-en-bahia-blanca-y-punta-alta\/#breadcrumb\"},\"inLanguage\":\"es\",\"potentialAction\":[{\"@type\":\"ReadAction\",\"target\":[\"https:\/\/www.noticiasradioreflejos.com.ar\/2021\/condenan-a-5-personas-por-abigeato-y-por-cazar-nandues-en-bahia-blanca-y-punta-alta\/\"]}]},{\"@type\":\"ImageObject\",\"inLanguage\":\"es\",\"@id\":\"https:\/\/www.noticiasradioreflejos.com.ar\/2021\/condenan-a-5-personas-por-abigeato-y-por-cazar-nandues-en-bahia-blanca-y-punta-alta\/#primaryimage\",\"url\":\"https:\/\/www.noticiasradioreflejos.com.ar\/2021\/wp-content\/uploads\/2023\/12\/MG_6262.jpg\",\"contentUrl\":\"https:\/\/www.noticiasradioreflejos.com.ar\/2021\/wp-content\/uploads\/2023\/12\/MG_6262.jpg\",\"width\":640,\"height\":480},{\"@type\":\"BreadcrumbList\",\"@id\":\"https:\/\/www.noticiasradioreflejos.com.ar\/2021\/condenan-a-5-personas-por-abigeato-y-por-cazar-nandues-en-bahia-blanca-y-punta-alta\/#breadcrumb\",\"itemListElement\":[{\"@type\":\"ListItem\",\"position\":1,\"name\":\"Portada\",\"item\":\"https:\/\/www.noticiasradioreflejos.com.ar\/2021\/\"},{\"@type\":\"ListItem\",\"position\":2,\"name\":\"Condenan a 5 personas por abigeato y por cazar \u00f1and\u00faes en Bah\u00eda Blanca y Punta Alta\"}]},{\"@type\":\"WebSite\",\"@id\":\"https:\/\/www.noticiasradioreflejos.com.ar\/2021\/#website\",\"url\":\"https:\/\/www.noticiasradioreflejos.com.ar\/2021\/\",\"name\":\"Noticias Radio Reflejos\",\"description\":\"Las noticias de mi comarca\",\"potentialAction\":[{\"@type\":\"SearchAction\",\"target\":{\"@type\":\"EntryPoint\",\"urlTemplate\":\"https:\/\/www.noticiasradioreflejos.com.ar\/2021\/?s={search_term_string}\"},\"query-input\":{\"@type\":\"PropertyValueSpecification\",\"valueRequired\":true,\"valueName\":\"search_term_string\"}}],\"inLanguage\":\"es\"},{\"@type\":\"Person\",\"@id\":\"https:\/\/www.noticiasradioreflejos.com.ar\/2021\/#\/schema\/person\/ad82545263dcc5ec0996818884fd5fb1\",\"name\":\"Arnaldo Botto\",\"image\":{\"@type\":\"ImageObject\",\"inLanguage\":\"es\",\"@id\":\"https:\/\/www.noticiasradioreflejos.com.ar\/2021\/#\/schema\/person\/image\/\",\"url\":\"https:\/\/secure.gravatar.com\/avatar\/55cb5e37c1efa326397366e6974cb338056df65cb50e7d64d1cf314e87504837?s=96&d=mm&r=g\",\"contentUrl\":\"https:\/\/secure.gravatar.com\/avatar\/55cb5e37c1efa326397366e6974cb338056df65cb50e7d64d1cf314e87504837?s=96&d=mm&r=g\",\"caption\":\"Arnaldo Botto\"},\"url\":\"https:\/\/www.noticiasradioreflejos.com.ar\/2021\/author\/arnaldo\/\"}]}<\/script>\n<!-- \/ Yoast SEO plugin. -->","yoast_head_json":{"title":"Condenan a 5 personas por abigeato y por cazar \u00f1and\u00faes en Bah\u00eda Blanca y Punta Alta - Noticias Radio Reflejos","robots":{"index":"index","follow":"follow","max-snippet":"max-snippet:-1","max-image-preview":"max-image-preview:large","max-video-preview":"max-video-preview:-1"},"canonical":"https:\/\/www.noticiasradioreflejos.com.ar\/2021\/condenan-a-5-personas-por-abigeato-y-por-cazar-nandues-en-bahia-blanca-y-punta-alta\/","og_locale":"es_ES","og_type":"article","og_title":"Condenan a 5 personas por abigeato y por cazar \u00f1and\u00faes en Bah\u00eda Blanca y Punta Alta - Noticias Radio Reflejos","og_description":"En el marco de una investigaci\u00f3n realizada por el Equipo de Investigaci\u00f3n de Delitos Rurales, tramitada en la UFIJ N.\u00ba 7 a cargo de la fiscal Marina Lara, el Tribunal en lo Criminal N.\u00ba 3 conden\u00f3 -en juicio abreviado- a 5 personas por lo delitos de abigeato agravado y por cazar \u00f1and\u00faes en Bah\u00eda Blanca [&hellip;]","og_url":"https:\/\/www.noticiasradioreflejos.com.ar\/2021\/condenan-a-5-personas-por-abigeato-y-por-cazar-nandues-en-bahia-blanca-y-punta-alta\/","og_site_name":"Noticias Radio Reflejos","article_published_time":"2023-12-28T15:15:53+00:00","article_modified_time":"2023-12-28T15:29:34+00:00","og_image":[{"width":640,"height":480,"url":"https:\/\/www.noticiasradioreflejos.com.ar\/2021\/wp-content\/uploads\/2023\/12\/MG_6262.jpg","type":"image\/jpeg"}],"author":"Arnaldo Botto","twitter_card":"summary_large_image","schema":{"@context":"https:\/\/schema.org","@graph":[{"@type":"WebPage","@id":"https:\/\/www.noticiasradioreflejos.com.ar\/2021\/condenan-a-5-personas-por-abigeato-y-por-cazar-nandues-en-bahia-blanca-y-punta-alta\/","url":"https:\/\/www.noticiasradioreflejos.com.ar\/2021\/condenan-a-5-personas-por-abigeato-y-por-cazar-nandues-en-bahia-blanca-y-punta-alta\/","name":"Condenan a 5 personas por abigeato y por cazar \u00f1and\u00faes en Bah\u00eda Blanca y Punta Alta - Noticias Radio Reflejos","isPartOf":{"@id":"https:\/\/www.noticiasradioreflejos.com.ar\/2021\/#website"},"primaryImageOfPage":{"@id":"https:\/\/www.noticiasradioreflejos.com.ar\/2021\/condenan-a-5-personas-por-abigeato-y-por-cazar-nandues-en-bahia-blanca-y-punta-alta\/#primaryimage"},"image":{"@id":"https:\/\/www.noticiasradioreflejos.com.ar\/2021\/condenan-a-5-personas-por-abigeato-y-por-cazar-nandues-en-bahia-blanca-y-punta-alta\/#primaryimage"},"thumbnailUrl":"https:\/\/www.noticiasradioreflejos.com.ar\/2021\/wp-content\/uploads\/2023\/12\/MG_6262.jpg","datePublished":"2023-12-28T15:15:53+00:00","dateModified":"2023-12-28T15:29:34+00:00","author":{"@id":"https:\/\/www.noticiasradioreflejos.com.ar\/2021\/#\/schema\/person\/ad82545263dcc5ec0996818884fd5fb1"},"breadcrumb":{"@id":"https:\/\/www.noticiasradioreflejos.com.ar\/2021\/condenan-a-5-personas-por-abigeato-y-por-cazar-nandues-en-bahia-blanca-y-punta-alta\/#breadcrumb"},"inLanguage":"es","potentialAction":[{"@type":"ReadAction","target":["https:\/\/www.noticiasradioreflejos.com.ar\/2021\/condenan-a-5-personas-por-abigeato-y-por-cazar-nandues-en-bahia-blanca-y-punta-alta\/"]}]},{"@type":"ImageObject","inLanguage":"es","@id":"https:\/\/www.noticiasradioreflejos.com.ar\/2021\/condenan-a-5-personas-por-abigeato-y-por-cazar-nandues-en-bahia-blanca-y-punta-alta\/#primaryimage","url":"https:\/\/www.noticiasradioreflejos.com.ar\/2021\/wp-content\/uploads\/2023\/12\/MG_6262.jpg","contentUrl":"https:\/\/www.noticiasradioreflejos.com.ar\/2021\/wp-content\/uploads\/2023\/12\/MG_6262.jpg","width":640,"height":480},{"@type":"BreadcrumbList","@id":"https:\/\/www.noticiasradioreflejos.com.ar\/2021\/condenan-a-5-personas-por-abigeato-y-por-cazar-nandues-en-bahia-blanca-y-punta-alta\/#breadcrumb","itemListElement":[{"@type":"ListItem","position":1,"name":"Portada","item":"https:\/\/www.noticiasradioreflejos.com.ar\/2021\/"},{"@type":"ListItem","position":2,"name":"Condenan a 5 personas por abigeato y por cazar \u00f1and\u00faes en Bah\u00eda Blanca y Punta Alta"}]},{"@type":"WebSite","@id":"https:\/\/www.noticiasradioreflejos.com.ar\/2021\/#website","url":"https:\/\/www.noticiasradioreflejos.com.ar\/2021\/","name":"Noticias Radio Reflejos","description":"Las noticias de mi comarca","potentialAction":[{"@type":"SearchAction","target":{"@type":"EntryPoint","urlTemplate":"https:\/\/www.noticiasradioreflejos.com.ar\/2021\/?s={search_term_string}"},"query-input":{"@type":"PropertyValueSpecification","valueRequired":true,"valueName":"search_term_string"}}],"inLanguage":"es"},{"@type":"Person","@id":"https:\/\/www.noticiasradioreflejos.com.ar\/2021\/#\/schema\/person\/ad82545263dcc5ec0996818884fd5fb1","name":"Arnaldo Botto","image":{"@type":"ImageObject","inLanguage":"es","@id":"https:\/\/www.noticiasradioreflejos.com.ar\/2021\/#\/schema\/person\/image\/","url":"https:\/\/secure.gravatar.com\/avatar\/55cb5e37c1efa326397366e6974cb338056df65cb50e7d64d1cf314e87504837?s=96&d=mm&r=g","contentUrl":"https:\/\/secure.gravatar.com\/avatar\/55cb5e37c1efa326397366e6974cb338056df65cb50e7d64d1cf314e87504837?s=96&d=mm&r=g","caption":"Arnaldo Botto"},"url":"https:\/\/www.noticiasradioreflejos.com.ar\/2021\/author\/arnaldo\/"}]}},"_links":{"self":[{"href":"https:\/\/www.noticiasradioreflejos.com.ar\/2021\/wp-json\/wp\/v2\/posts\/97050","targetHints":{"allow":["GET"]}}],"collection":[{"href":"https:\/\/www.noticiasradioreflejos.com.ar\/2021\/wp-json\/wp\/v2\/posts"}],"about":[{"href":"https:\/\/www.noticiasradioreflejos.com.ar\/2021\/wp-json\/wp\/v2\/types\/post"}],"author":[{"embeddable":true,"href":"https:\/\/www.noticiasradioreflejos.com.ar\/2021\/wp-json\/wp\/v2\/users\/3"}],"replies":[{"embeddable":true,"href":"https:\/\/www.noticiasradioreflejos.com.ar\/2021\/wp-json\/wp\/v2\/comments?post=97050"}],"version-history":[{"count":1,"href":"https:\/\/www.noticiasradioreflejos.com.ar\/2021\/wp-json\/wp\/v2\/posts\/97050\/revisions"}],"predecessor-version":[{"id":97054,"href":"https:\/\/www.noticiasradioreflejos.com.ar\/2021\/wp-json\/wp\/v2\/posts\/97050\/revisions\/97054"}],"wp:featuredmedia":[{"embeddable":true,"href":"https:\/\/www.noticiasradioreflejos.com.ar\/2021\/wp-json\/wp\/v2\/media\/97055"}],"wp:attachment":[{"href":"https:\/\/www.noticiasradioreflejos.com.ar\/2021\/wp-json\/wp\/v2\/media?parent=97050"}],"wp:term":[{"taxonomy":"category","embeddable":true,"href":"https:\/\/www.noticiasradioreflejos.com.ar\/2021\/wp-json\/wp\/v2\/categories?post=97050"},{"taxonomy":"post_tag","embeddable":true,"href":"https:\/\/www.noticiasradioreflejos.com.ar\/2021\/wp-json\/wp\/v2\/tags?post=97050"}],"curies":[{"name":"wp","href":"https:\/\/api.w.org\/{rel}","templated":true}]}}