{"id":97041,"date":"2023-12-28T11:18:08","date_gmt":"2023-12-28T14:18:08","guid":{"rendered":"https:\/\/www.noticiasradioreflejos.com.ar\/2021\/?p=97041"},"modified":"2023-12-28T11:18:08","modified_gmt":"2023-12-28T14:18:08","slug":"condenan-a-un-hombre-a-6-anos-de-prision-por-vender-droga-en-tornquist-y-la-zona","status":"publish","type":"post","link":"https:\/\/www.noticiasradioreflejos.com.ar\/2021\/condenan-a-un-hombre-a-6-anos-de-prision-por-vender-droga-en-tornquist-y-la-zona\/","title":{"rendered":"Condenan a un hombre a 6 a\u00f1os de prisi\u00f3n por vender droga en Tornquist y la zona"},"content":{"rendered":"<p>En el marco de una causa investigada por la UFIJ N.\u00ba 19, a cargo del fiscal Mauricio Del Cero, el Tribunal en lo Criminal N\u00b02 conden\u00f3 -en juicio abreviado- a Miqueas \u201cMiqui\u201d Medina a la pena de 6 a\u00f1os de prisi\u00f3n por vender droga de manera individual y junto a Marcos Arrieta y Alejandro \u201cPeli\u201d Bual\u00f3. Los otros dos acusados ser\u00e1n juzgados en juicio por jurados entre el 26 y 28 de febrero del 2024.<!--more--><\/p>\n<p>La jueza Mercedes Rico analiz\u00f3 toda la prueba que existe en el expediente y entendi\u00f3 que, sin lugar a dudas, el tenor de los di\u00e1logos extra\u00eddos de los tel\u00e9fonos de los encartados, da cuenta en forma concluyente de la existencia de transacciones de venta de estupefacientes en cabeza de Medina, no s\u00f3lo en forma individual sino tambi\u00e9n en forma coordinada con Arrieta y Bual\u00f3, con quienes ten\u00eda un trato fluido y frecuente vinculado con la operatoria il\u00edcita, conforme la enorme cantidad de informaci\u00f3n extra\u00edda de sus tel\u00e9fonos celulares.<\/p>\n<p>Adem\u00e1s, consider\u00f3 como agravantes el da\u00f1o a la salud p\u00fablica que ocasion\u00f3 durante un importante lapso de tiempo en el cual comercializ\u00f3 droga (del 5 de febrero de 2018 al 21 de marzo de 2020), las diversas localidades en que se desarrollaba esa actividad il\u00edcita como Tornquist, Villa Ventana, Sierra de la Ventana, Saavedra y Bah\u00eda Blanca y la multiplicidad de sustancias que vend\u00eda: marihuana, coca\u00edna y LSD.<\/p>\n<p>Tambi\u00e9n se determin\u00f3 en la causa, que Medina mantuvo varias conversaciones que quedaron plasmadas en la investigaci\u00f3n con Carolina Conesa, quien fue condenada a 4 a\u00f1os y 10 meses de prisi\u00f3n por la Justicia Federal en una causa vinculada al comercio de estupefacientes que tuvo origen en la Fiscal\u00eda N\u00b019.<\/p>\n","protected":false},"excerpt":{"rendered":"<p>En el marco de una causa investigada por la UFIJ N.\u00ba 19, a cargo del fiscal Mauricio Del Cero, el Tribunal en lo Criminal N\u00b02 conden\u00f3 -en juicio abreviado- a Miqueas \u201cMiqui\u201d Medina a la pena de 6 a\u00f1os de prisi\u00f3n por vender droga de manera individual y junto a Marcos Arrieta y Alejandro \u201cPeli\u201d [&hellip;]<\/p>\n","protected":false},"author":3,"featured_media":81312,"comment_status":"closed","ping_status":"closed","sticky":false,"template":"","format":"standard","meta":{"footnotes":""},"categories":[57],"tags":[],"class_list":["post-97041","post","type-post","status-publish","format-standard","has-post-thumbnail","hentry","category-judiciales"],"yoast_head":"<!-- This site is optimized with the Yoast SEO plugin v25.9 - https:\/\/yoast.com\/wordpress\/plugins\/seo\/ -->\n<title>Condenan a un hombre a 6 a\u00f1os de prisi\u00f3n por vender droga en Tornquist y la zona - Noticias Radio Reflejos<\/title>\n<meta name=\"robots\" content=\"index, follow, max-snippet:-1, max-image-preview:large, max-video-preview:-1\" \/>\n<link rel=\"canonical\" href=\"https:\/\/www.noticiasradioreflejos.com.ar\/2021\/condenan-a-un-hombre-a-6-anos-de-prision-por-vender-droga-en-tornquist-y-la-zona\/\" \/>\n<meta property=\"og:locale\" content=\"es_ES\" \/>\n<meta property=\"og:type\" content=\"article\" \/>\n<meta property=\"og:title\" content=\"Condenan a un hombre a 6 a\u00f1os de prisi\u00f3n por vender droga en Tornquist y la zona - Noticias Radio Reflejos\" \/>\n<meta property=\"og:description\" content=\"En el marco de una causa investigada por la UFIJ N.\u00ba 19, a cargo del fiscal Mauricio Del Cero, el Tribunal en lo Criminal N\u00b02 conden\u00f3 -en juicio abreviado- a Miqueas \u201cMiqui\u201d Medina a la pena de 6 a\u00f1os de prisi\u00f3n por vender droga de manera individual y junto a Marcos Arrieta y Alejandro \u201cPeli\u201d [&hellip;]\" \/>\n<meta property=\"og:url\" content=\"https:\/\/www.noticiasradioreflejos.com.ar\/2021\/condenan-a-un-hombre-a-6-anos-de-prision-por-vender-droga-en-tornquist-y-la-zona\/\" \/>\n<meta property=\"og:site_name\" content=\"Noticias Radio Reflejos\" \/>\n<meta property=\"article:published_time\" content=\"2023-12-28T14:18:08+00:00\" \/>\n<meta property=\"og:image\" content=\"https:\/\/www.noticiasradioreflejos.com.ar\/2021\/wp-content\/uploads\/2022\/12\/tribunales-26-1200x1200-1.jpg\" \/>\n\t<meta property=\"og:image:width\" content=\"1200\" \/>\n\t<meta property=\"og:image:height\" content=\"1200\" \/>\n\t<meta property=\"og:image:type\" content=\"image\/jpeg\" \/>\n<meta name=\"author\" content=\"Arnaldo Botto\" \/>\n<meta name=\"twitter:card\" content=\"summary_large_image\" \/>\n<script type=\"application\/ld+json\" class=\"yoast-schema-graph\">{\"@context\":\"https:\/\/schema.org\",\"@graph\":[{\"@type\":\"WebPage\",\"@id\":\"https:\/\/www.noticiasradioreflejos.com.ar\/2021\/condenan-a-un-hombre-a-6-anos-de-prision-por-vender-droga-en-tornquist-y-la-zona\/\",\"url\":\"https:\/\/www.noticiasradioreflejos.com.ar\/2021\/condenan-a-un-hombre-a-6-anos-de-prision-por-vender-droga-en-tornquist-y-la-zona\/\",\"name\":\"Condenan a un hombre a 6 a\u00f1os de prisi\u00f3n por vender droga en Tornquist y la zona - Noticias Radio Reflejos\",\"isPartOf\":{\"@id\":\"https:\/\/www.noticiasradioreflejos.com.ar\/2021\/#website\"},\"primaryImageOfPage\":{\"@id\":\"https:\/\/www.noticiasradioreflejos.com.ar\/2021\/condenan-a-un-hombre-a-6-anos-de-prision-por-vender-droga-en-tornquist-y-la-zona\/#primaryimage\"},\"image\":{\"@id\":\"https:\/\/www.noticiasradioreflejos.com.ar\/2021\/condenan-a-un-hombre-a-6-anos-de-prision-por-vender-droga-en-tornquist-y-la-zona\/#primaryimage\"},\"thumbnailUrl\":\"https:\/\/www.noticiasradioreflejos.com.ar\/2021\/wp-content\/uploads\/2022\/12\/tribunales-26-1200x1200-1.jpg\",\"datePublished\":\"2023-12-28T14:18:08+00:00\",\"author\":{\"@id\":\"https:\/\/www.noticiasradioreflejos.com.ar\/2021\/#\/schema\/person\/ad82545263dcc5ec0996818884fd5fb1\"},\"breadcrumb\":{\"@id\":\"https:\/\/www.noticiasradioreflejos.com.ar\/2021\/condenan-a-un-hombre-a-6-anos-de-prision-por-vender-droga-en-tornquist-y-la-zona\/#breadcrumb\"},\"inLanguage\":\"es\",\"potentialAction\":[{\"@type\":\"ReadAction\",\"target\":[\"https:\/\/www.noticiasradioreflejos.com.ar\/2021\/condenan-a-un-hombre-a-6-anos-de-prision-por-vender-droga-en-tornquist-y-la-zona\/\"]}]},{\"@type\":\"ImageObject\",\"inLanguage\":\"es\",\"@id\":\"https:\/\/www.noticiasradioreflejos.com.ar\/2021\/condenan-a-un-hombre-a-6-anos-de-prision-por-vender-droga-en-tornquist-y-la-zona\/#primaryimage\",\"url\":\"https:\/\/www.noticiasradioreflejos.com.ar\/2021\/wp-content\/uploads\/2022\/12\/tribunales-26-1200x1200-1.jpg\",\"contentUrl\":\"https:\/\/www.noticiasradioreflejos.com.ar\/2021\/wp-content\/uploads\/2022\/12\/tribunales-26-1200x1200-1.jpg\",\"width\":1200,\"height\":1200},{\"@type\":\"BreadcrumbList\",\"@id\":\"https:\/\/www.noticiasradioreflejos.com.ar\/2021\/condenan-a-un-hombre-a-6-anos-de-prision-por-vender-droga-en-tornquist-y-la-zona\/#breadcrumb\",\"itemListElement\":[{\"@type\":\"ListItem\",\"position\":1,\"name\":\"Portada\",\"item\":\"https:\/\/www.noticiasradioreflejos.com.ar\/2021\/\"},{\"@type\":\"ListItem\",\"position\":2,\"name\":\"Condenan a un hombre a 6 a\u00f1os de prisi\u00f3n por vender droga en Tornquist y la zona\"}]},{\"@type\":\"WebSite\",\"@id\":\"https:\/\/www.noticiasradioreflejos.com.ar\/2021\/#website\",\"url\":\"https:\/\/www.noticiasradioreflejos.com.ar\/2021\/\",\"name\":\"Noticias Radio Reflejos\",\"description\":\"Las noticias de mi comarca\",\"potentialAction\":[{\"@type\":\"SearchAction\",\"target\":{\"@type\":\"EntryPoint\",\"urlTemplate\":\"https:\/\/www.noticiasradioreflejos.com.ar\/2021\/?s={search_term_string}\"},\"query-input\":{\"@type\":\"PropertyValueSpecification\",\"valueRequired\":true,\"valueName\":\"search_term_string\"}}],\"inLanguage\":\"es\"},{\"@type\":\"Person\",\"@id\":\"https:\/\/www.noticiasradioreflejos.com.ar\/2021\/#\/schema\/person\/ad82545263dcc5ec0996818884fd5fb1\",\"name\":\"Arnaldo Botto\",\"image\":{\"@type\":\"ImageObject\",\"inLanguage\":\"es\",\"@id\":\"https:\/\/www.noticiasradioreflejos.com.ar\/2021\/#\/schema\/person\/image\/\",\"url\":\"https:\/\/secure.gravatar.com\/avatar\/55cb5e37c1efa326397366e6974cb338056df65cb50e7d64d1cf314e87504837?s=96&d=mm&r=g\",\"contentUrl\":\"https:\/\/secure.gravatar.com\/avatar\/55cb5e37c1efa326397366e6974cb338056df65cb50e7d64d1cf314e87504837?s=96&d=mm&r=g\",\"caption\":\"Arnaldo Botto\"},\"url\":\"https:\/\/www.noticiasradioreflejos.com.ar\/2021\/author\/arnaldo\/\"}]}<\/script>\n<!-- \/ Yoast SEO plugin. -->","yoast_head_json":{"title":"Condenan a un hombre a 6 a\u00f1os de prisi\u00f3n por vender droga en Tornquist y la zona - Noticias Radio Reflejos","robots":{"index":"index","follow":"follow","max-snippet":"max-snippet:-1","max-image-preview":"max-image-preview:large","max-video-preview":"max-video-preview:-1"},"canonical":"https:\/\/www.noticiasradioreflejos.com.ar\/2021\/condenan-a-un-hombre-a-6-anos-de-prision-por-vender-droga-en-tornquist-y-la-zona\/","og_locale":"es_ES","og_type":"article","og_title":"Condenan a un hombre a 6 a\u00f1os de prisi\u00f3n por vender droga en Tornquist y la zona - Noticias Radio Reflejos","og_description":"En el marco de una causa investigada por la UFIJ N.\u00ba 19, a cargo del fiscal Mauricio Del Cero, el Tribunal en lo Criminal N\u00b02 conden\u00f3 -en juicio abreviado- a Miqueas \u201cMiqui\u201d Medina a la pena de 6 a\u00f1os de prisi\u00f3n por vender droga de manera individual y junto a Marcos Arrieta y Alejandro \u201cPeli\u201d [&hellip;]","og_url":"https:\/\/www.noticiasradioreflejos.com.ar\/2021\/condenan-a-un-hombre-a-6-anos-de-prision-por-vender-droga-en-tornquist-y-la-zona\/","og_site_name":"Noticias Radio Reflejos","article_published_time":"2023-12-28T14:18:08+00:00","og_image":[{"width":1200,"height":1200,"url":"https:\/\/www.noticiasradioreflejos.com.ar\/2021\/wp-content\/uploads\/2022\/12\/tribunales-26-1200x1200-1.jpg","type":"image\/jpeg"}],"author":"Arnaldo Botto","twitter_card":"summary_large_image","schema":{"@context":"https:\/\/schema.org","@graph":[{"@type":"WebPage","@id":"https:\/\/www.noticiasradioreflejos.com.ar\/2021\/condenan-a-un-hombre-a-6-anos-de-prision-por-vender-droga-en-tornquist-y-la-zona\/","url":"https:\/\/www.noticiasradioreflejos.com.ar\/2021\/condenan-a-un-hombre-a-6-anos-de-prision-por-vender-droga-en-tornquist-y-la-zona\/","name":"Condenan a un hombre a 6 a\u00f1os de prisi\u00f3n por vender droga en Tornquist y la zona - Noticias Radio Reflejos","isPartOf":{"@id":"https:\/\/www.noticiasradioreflejos.com.ar\/2021\/#website"},"primaryImageOfPage":{"@id":"https:\/\/www.noticiasradioreflejos.com.ar\/2021\/condenan-a-un-hombre-a-6-anos-de-prision-por-vender-droga-en-tornquist-y-la-zona\/#primaryimage"},"image":{"@id":"https:\/\/www.noticiasradioreflejos.com.ar\/2021\/condenan-a-un-hombre-a-6-anos-de-prision-por-vender-droga-en-tornquist-y-la-zona\/#primaryimage"},"thumbnailUrl":"https:\/\/www.noticiasradioreflejos.com.ar\/2021\/wp-content\/uploads\/2022\/12\/tribunales-26-1200x1200-1.jpg","datePublished":"2023-12-28T14:18:08+00:00","author":{"@id":"https:\/\/www.noticiasradioreflejos.com.ar\/2021\/#\/schema\/person\/ad82545263dcc5ec0996818884fd5fb1"},"breadcrumb":{"@id":"https:\/\/www.noticiasradioreflejos.com.ar\/2021\/condenan-a-un-hombre-a-6-anos-de-prision-por-vender-droga-en-tornquist-y-la-zona\/#breadcrumb"},"inLanguage":"es","potentialAction":[{"@type":"ReadAction","target":["https:\/\/www.noticiasradioreflejos.com.ar\/2021\/condenan-a-un-hombre-a-6-anos-de-prision-por-vender-droga-en-tornquist-y-la-zona\/"]}]},{"@type":"ImageObject","inLanguage":"es","@id":"https:\/\/www.noticiasradioreflejos.com.ar\/2021\/condenan-a-un-hombre-a-6-anos-de-prision-por-vender-droga-en-tornquist-y-la-zona\/#primaryimage","url":"https:\/\/www.noticiasradioreflejos.com.ar\/2021\/wp-content\/uploads\/2022\/12\/tribunales-26-1200x1200-1.jpg","contentUrl":"https:\/\/www.noticiasradioreflejos.com.ar\/2021\/wp-content\/uploads\/2022\/12\/tribunales-26-1200x1200-1.jpg","width":1200,"height":1200},{"@type":"BreadcrumbList","@id":"https:\/\/www.noticiasradioreflejos.com.ar\/2021\/condenan-a-un-hombre-a-6-anos-de-prision-por-vender-droga-en-tornquist-y-la-zona\/#breadcrumb","itemListElement":[{"@type":"ListItem","position":1,"name":"Portada","item":"https:\/\/www.noticiasradioreflejos.com.ar\/2021\/"},{"@type":"ListItem","position":2,"name":"Condenan a un hombre a 6 a\u00f1os de prisi\u00f3n por vender droga en Tornquist y la zona"}]},{"@type":"WebSite","@id":"https:\/\/www.noticiasradioreflejos.com.ar\/2021\/#website","url":"https:\/\/www.noticiasradioreflejos.com.ar\/2021\/","name":"Noticias Radio Reflejos","description":"Las noticias de mi comarca","potentialAction":[{"@type":"SearchAction","target":{"@type":"EntryPoint","urlTemplate":"https:\/\/www.noticiasradioreflejos.com.ar\/2021\/?s={search_term_string}"},"query-input":{"@type":"PropertyValueSpecification","valueRequired":true,"valueName":"search_term_string"}}],"inLanguage":"es"},{"@type":"Person","@id":"https:\/\/www.noticiasradioreflejos.com.ar\/2021\/#\/schema\/person\/ad82545263dcc5ec0996818884fd5fb1","name":"Arnaldo Botto","image":{"@type":"ImageObject","inLanguage":"es","@id":"https:\/\/www.noticiasradioreflejos.com.ar\/2021\/#\/schema\/person\/image\/","url":"https:\/\/secure.gravatar.com\/avatar\/55cb5e37c1efa326397366e6974cb338056df65cb50e7d64d1cf314e87504837?s=96&d=mm&r=g","contentUrl":"https:\/\/secure.gravatar.com\/avatar\/55cb5e37c1efa326397366e6974cb338056df65cb50e7d64d1cf314e87504837?s=96&d=mm&r=g","caption":"Arnaldo Botto"},"url":"https:\/\/www.noticiasradioreflejos.com.ar\/2021\/author\/arnaldo\/"}]}},"_links":{"self":[{"href":"https:\/\/www.noticiasradioreflejos.com.ar\/2021\/wp-json\/wp\/v2\/posts\/97041","targetHints":{"allow":["GET"]}}],"collection":[{"href":"https:\/\/www.noticiasradioreflejos.com.ar\/2021\/wp-json\/wp\/v2\/posts"}],"about":[{"href":"https:\/\/www.noticiasradioreflejos.com.ar\/2021\/wp-json\/wp\/v2\/types\/post"}],"author":[{"embeddable":true,"href":"https:\/\/www.noticiasradioreflejos.com.ar\/2021\/wp-json\/wp\/v2\/users\/3"}],"replies":[{"embeddable":true,"href":"https:\/\/www.noticiasradioreflejos.com.ar\/2021\/wp-json\/wp\/v2\/comments?post=97041"}],"version-history":[{"count":1,"href":"https:\/\/www.noticiasradioreflejos.com.ar\/2021\/wp-json\/wp\/v2\/posts\/97041\/revisions"}],"predecessor-version":[{"id":97044,"href":"https:\/\/www.noticiasradioreflejos.com.ar\/2021\/wp-json\/wp\/v2\/posts\/97041\/revisions\/97044"}],"wp:featuredmedia":[{"embeddable":true,"href":"https:\/\/www.noticiasradioreflejos.com.ar\/2021\/wp-json\/wp\/v2\/media\/81312"}],"wp:attachment":[{"href":"https:\/\/www.noticiasradioreflejos.com.ar\/2021\/wp-json\/wp\/v2\/media?parent=97041"}],"wp:term":[{"taxonomy":"category","embeddable":true,"href":"https:\/\/www.noticiasradioreflejos.com.ar\/2021\/wp-json\/wp\/v2\/categories?post=97041"},{"taxonomy":"post_tag","embeddable":true,"href":"https:\/\/www.noticiasradioreflejos.com.ar\/2021\/wp-json\/wp\/v2\/tags?post=97041"}],"curies":[{"name":"wp","href":"https:\/\/api.w.org\/{rel}","templated":true}]}}