{"id":97035,"date":"2023-12-28T07:47:21","date_gmt":"2023-12-28T10:47:21","guid":{"rendered":"https:\/\/www.noticiasradioreflejos.com.ar\/2021\/?p=97035"},"modified":"2023-12-28T14:38:15","modified_gmt":"2023-12-28T17:38:15","slug":"registros-de-lluvias-en-la-zona-2","status":"publish","type":"post","link":"https:\/\/www.noticiasradioreflejos.com.ar\/2021\/registros-de-lluvias-en-la-zona-2\/","title":{"rendered":"Registros de lluvias en la zona"},"content":{"rendered":"<p>Sierra de la Ventana y la zona serrana tuvieron el paso de la tormenta con actividad el\u00e9ctrica, truenos, algunas r\u00e1fagas de viento, un nuevo corte de energ\u00eda y 8 mm de lluvia.<!--more--><\/p>\n<p>El meteoro abord\u00f3 la comarca en horas de la tarde con r\u00e1fagas de vientos que alcanzaron lo 52 km\/h, descargas el\u00e9ctricas y chaparrones aislados que dejaron un saldo de 8 mm llevando el registro anual a 819 mm.<\/p>\n<p>En la regi\u00f3n, hubo lluvias fuertes, en cortos per\u00edodos de tiempo que provocaron anegamiento de calles, rutas y caminos vecinales. como en Pigu\u00e9,\u00a0 Cnel Suarez y las colonias que superaron los 50 mm. Puan y Darragueira tuvieron ca\u00edda de granizo, fuertes vientos que provocaron ca\u00edda de ramas, \u00e1rboles y hasta voladura de techos.<\/p>\n<p><strong>Registros de la zona:<\/strong><\/p>\n<p>8 mm en Sierra de la Ventana<br \/>\n9 mm en Saldungaray<br \/>\n7 mm en Villa Ventana<br \/>\n8 mm en Tornquist<br \/>\n11 mm en San Eloy<br \/>\n12 mm en El Pantanoso<br \/>\n64 mm en Pig\u00fc\u00e9<br \/>\n26 mm en Dufaur<br \/>\n30 mm en Goyena<br \/>\n68 mm en Arroyo Corto<br \/>\n22 mm en Espartillar<br \/>\n23 mm en Saavedra<br \/>\n39 mm en Cura Malal<br \/>\n43 mm en Puan<br \/>\n51 mm en Bordenave<br \/>\n26 mm en 17 de Agosto<br \/>\n9 mm en Rivera<br \/>\n56 mm en Coronel Su\u00e1rez<br \/>\n75 mm en Pueblo San Jos\u00e9<br \/>\n45 mm en Pueblo Santa Mar\u00eda<br \/>\n20 mm en Huanguel\u00e9n<br \/>\n55 mm en Guamin\u00ed<br \/>\n78 mm en General La Madrid<br \/>\n28 mm en Arboledas<br \/>\n11 mm en Tres Lomas<br \/>\n48 mm en Urdampilleta<br \/>\n26 mm en Daireaux<\/p>\n","protected":false},"excerpt":{"rendered":"<p>Sierra de la Ventana y la zona serrana tuvieron el paso de la tormenta con actividad el\u00e9ctrica, truenos, algunas r\u00e1fagas de viento, un nuevo corte de energ\u00eda y 8 mm de lluvia.<\/p>\n","protected":false},"author":3,"featured_media":0,"comment_status":"closed","ping_status":"closed","sticky":false,"template":"","format":"standard","meta":{"footnotes":""},"categories":[46],"tags":[48],"class_list":["post-97035","post","type-post","status-publish","format-standard","hentry","category-ciencia-y-tecnologia","tag-destacada"],"yoast_head":"<!-- This site is optimized with the Yoast SEO plugin v25.9 - https:\/\/yoast.com\/wordpress\/plugins\/seo\/ -->\n<title>Registros de lluvias en la zona - Noticias Radio Reflejos<\/title>\n<meta name=\"robots\" content=\"index, follow, max-snippet:-1, max-image-preview:large, max-video-preview:-1\" \/>\n<link rel=\"canonical\" href=\"https:\/\/www.noticiasradioreflejos.com.ar\/2021\/registros-de-lluvias-en-la-zona-2\/\" \/>\n<meta property=\"og:locale\" content=\"es_ES\" \/>\n<meta property=\"og:type\" content=\"article\" \/>\n<meta property=\"og:title\" content=\"Registros de lluvias en la zona - Noticias Radio Reflejos\" \/>\n<meta property=\"og:description\" content=\"Sierra de la Ventana y la zona serrana tuvieron el paso de la tormenta con actividad el\u00e9ctrica, truenos, algunas r\u00e1fagas de viento, un nuevo corte de energ\u00eda y 8 mm de lluvia.\" \/>\n<meta property=\"og:url\" content=\"https:\/\/www.noticiasradioreflejos.com.ar\/2021\/registros-de-lluvias-en-la-zona-2\/\" \/>\n<meta property=\"og:site_name\" content=\"Noticias Radio Reflejos\" \/>\n<meta property=\"article:published_time\" content=\"2023-12-28T10:47:21+00:00\" \/>\n<meta property=\"article:modified_time\" content=\"2023-12-28T17:38:15+00:00\" \/>\n<meta property=\"og:image\" content=\"https:\/\/www.noticiasradioreflejos.com.ar\/2021\/wp-content\/uploads\/2021\/07\/logosol300x200.png\" \/>\n\t<meta property=\"og:image:width\" content=\"300\" \/>\n\t<meta property=\"og:image:height\" content=\"200\" \/>\n\t<meta property=\"og:image:type\" content=\"image\/png\" \/>\n<meta name=\"author\" content=\"Arnaldo Botto\" \/>\n<meta name=\"twitter:card\" content=\"summary_large_image\" \/>\n<script type=\"application\/ld+json\" class=\"yoast-schema-graph\">{\"@context\":\"https:\/\/schema.org\",\"@graph\":[{\"@type\":\"WebPage\",\"@id\":\"https:\/\/www.noticiasradioreflejos.com.ar\/2021\/registros-de-lluvias-en-la-zona-2\/\",\"url\":\"https:\/\/www.noticiasradioreflejos.com.ar\/2021\/registros-de-lluvias-en-la-zona-2\/\",\"name\":\"Registros de lluvias en la zona - Noticias Radio Reflejos\",\"isPartOf\":{\"@id\":\"https:\/\/www.noticiasradioreflejos.com.ar\/2021\/#website\"},\"datePublished\":\"2023-12-28T10:47:21+00:00\",\"dateModified\":\"2023-12-28T17:38:15+00:00\",\"author\":{\"@id\":\"https:\/\/www.noticiasradioreflejos.com.ar\/2021\/#\/schema\/person\/ad82545263dcc5ec0996818884fd5fb1\"},\"breadcrumb\":{\"@id\":\"https:\/\/www.noticiasradioreflejos.com.ar\/2021\/registros-de-lluvias-en-la-zona-2\/#breadcrumb\"},\"inLanguage\":\"es\",\"potentialAction\":[{\"@type\":\"ReadAction\",\"target\":[\"https:\/\/www.noticiasradioreflejos.com.ar\/2021\/registros-de-lluvias-en-la-zona-2\/\"]}]},{\"@type\":\"BreadcrumbList\",\"@id\":\"https:\/\/www.noticiasradioreflejos.com.ar\/2021\/registros-de-lluvias-en-la-zona-2\/#breadcrumb\",\"itemListElement\":[{\"@type\":\"ListItem\",\"position\":1,\"name\":\"Portada\",\"item\":\"https:\/\/www.noticiasradioreflejos.com.ar\/2021\/\"},{\"@type\":\"ListItem\",\"position\":2,\"name\":\"Registros de lluvias en la zona\"}]},{\"@type\":\"WebSite\",\"@id\":\"https:\/\/www.noticiasradioreflejos.com.ar\/2021\/#website\",\"url\":\"https:\/\/www.noticiasradioreflejos.com.ar\/2021\/\",\"name\":\"Noticias Radio Reflejos\",\"description\":\"Las noticias de mi comarca\",\"potentialAction\":[{\"@type\":\"SearchAction\",\"target\":{\"@type\":\"EntryPoint\",\"urlTemplate\":\"https:\/\/www.noticiasradioreflejos.com.ar\/2021\/?s={search_term_string}\"},\"query-input\":{\"@type\":\"PropertyValueSpecification\",\"valueRequired\":true,\"valueName\":\"search_term_string\"}}],\"inLanguage\":\"es\"},{\"@type\":\"Person\",\"@id\":\"https:\/\/www.noticiasradioreflejos.com.ar\/2021\/#\/schema\/person\/ad82545263dcc5ec0996818884fd5fb1\",\"name\":\"Arnaldo Botto\",\"image\":{\"@type\":\"ImageObject\",\"inLanguage\":\"es\",\"@id\":\"https:\/\/www.noticiasradioreflejos.com.ar\/2021\/#\/schema\/person\/image\/\",\"url\":\"https:\/\/secure.gravatar.com\/avatar\/55cb5e37c1efa326397366e6974cb338056df65cb50e7d64d1cf314e87504837?s=96&d=mm&r=g\",\"contentUrl\":\"https:\/\/secure.gravatar.com\/avatar\/55cb5e37c1efa326397366e6974cb338056df65cb50e7d64d1cf314e87504837?s=96&d=mm&r=g\",\"caption\":\"Arnaldo Botto\"},\"url\":\"https:\/\/www.noticiasradioreflejos.com.ar\/2021\/author\/arnaldo\/\"}]}<\/script>\n<!-- \/ Yoast SEO plugin. -->","yoast_head_json":{"title":"Registros de lluvias en la zona - Noticias Radio Reflejos","robots":{"index":"index","follow":"follow","max-snippet":"max-snippet:-1","max-image-preview":"max-image-preview:large","max-video-preview":"max-video-preview:-1"},"canonical":"https:\/\/www.noticiasradioreflejos.com.ar\/2021\/registros-de-lluvias-en-la-zona-2\/","og_locale":"es_ES","og_type":"article","og_title":"Registros de lluvias en la zona - Noticias Radio Reflejos","og_description":"Sierra de la Ventana y la zona serrana tuvieron el paso de la tormenta con actividad el\u00e9ctrica, truenos, algunas r\u00e1fagas de viento, un nuevo corte de energ\u00eda y 8 mm de lluvia.","og_url":"https:\/\/www.noticiasradioreflejos.com.ar\/2021\/registros-de-lluvias-en-la-zona-2\/","og_site_name":"Noticias Radio Reflejos","article_published_time":"2023-12-28T10:47:21+00:00","article_modified_time":"2023-12-28T17:38:15+00:00","og_image":[{"width":300,"height":200,"url":"https:\/\/www.noticiasradioreflejos.com.ar\/2021\/wp-content\/uploads\/2021\/07\/logosol300x200.png","type":"image\/png"}],"author":"Arnaldo Botto","twitter_card":"summary_large_image","schema":{"@context":"https:\/\/schema.org","@graph":[{"@type":"WebPage","@id":"https:\/\/www.noticiasradioreflejos.com.ar\/2021\/registros-de-lluvias-en-la-zona-2\/","url":"https:\/\/www.noticiasradioreflejos.com.ar\/2021\/registros-de-lluvias-en-la-zona-2\/","name":"Registros de lluvias en la zona - Noticias Radio Reflejos","isPartOf":{"@id":"https:\/\/www.noticiasradioreflejos.com.ar\/2021\/#website"},"datePublished":"2023-12-28T10:47:21+00:00","dateModified":"2023-12-28T17:38:15+00:00","author":{"@id":"https:\/\/www.noticiasradioreflejos.com.ar\/2021\/#\/schema\/person\/ad82545263dcc5ec0996818884fd5fb1"},"breadcrumb":{"@id":"https:\/\/www.noticiasradioreflejos.com.ar\/2021\/registros-de-lluvias-en-la-zona-2\/#breadcrumb"},"inLanguage":"es","potentialAction":[{"@type":"ReadAction","target":["https:\/\/www.noticiasradioreflejos.com.ar\/2021\/registros-de-lluvias-en-la-zona-2\/"]}]},{"@type":"BreadcrumbList","@id":"https:\/\/www.noticiasradioreflejos.com.ar\/2021\/registros-de-lluvias-en-la-zona-2\/#breadcrumb","itemListElement":[{"@type":"ListItem","position":1,"name":"Portada","item":"https:\/\/www.noticiasradioreflejos.com.ar\/2021\/"},{"@type":"ListItem","position":2,"name":"Registros de lluvias en la zona"}]},{"@type":"WebSite","@id":"https:\/\/www.noticiasradioreflejos.com.ar\/2021\/#website","url":"https:\/\/www.noticiasradioreflejos.com.ar\/2021\/","name":"Noticias Radio Reflejos","description":"Las noticias de mi comarca","potentialAction":[{"@type":"SearchAction","target":{"@type":"EntryPoint","urlTemplate":"https:\/\/www.noticiasradioreflejos.com.ar\/2021\/?s={search_term_string}"},"query-input":{"@type":"PropertyValueSpecification","valueRequired":true,"valueName":"search_term_string"}}],"inLanguage":"es"},{"@type":"Person","@id":"https:\/\/www.noticiasradioreflejos.com.ar\/2021\/#\/schema\/person\/ad82545263dcc5ec0996818884fd5fb1","name":"Arnaldo Botto","image":{"@type":"ImageObject","inLanguage":"es","@id":"https:\/\/www.noticiasradioreflejos.com.ar\/2021\/#\/schema\/person\/image\/","url":"https:\/\/secure.gravatar.com\/avatar\/55cb5e37c1efa326397366e6974cb338056df65cb50e7d64d1cf314e87504837?s=96&d=mm&r=g","contentUrl":"https:\/\/secure.gravatar.com\/avatar\/55cb5e37c1efa326397366e6974cb338056df65cb50e7d64d1cf314e87504837?s=96&d=mm&r=g","caption":"Arnaldo Botto"},"url":"https:\/\/www.noticiasradioreflejos.com.ar\/2021\/author\/arnaldo\/"}]}},"_links":{"self":[{"href":"https:\/\/www.noticiasradioreflejos.com.ar\/2021\/wp-json\/wp\/v2\/posts\/97035","targetHints":{"allow":["GET"]}}],"collection":[{"href":"https:\/\/www.noticiasradioreflejos.com.ar\/2021\/wp-json\/wp\/v2\/posts"}],"about":[{"href":"https:\/\/www.noticiasradioreflejos.com.ar\/2021\/wp-json\/wp\/v2\/types\/post"}],"author":[{"embeddable":true,"href":"https:\/\/www.noticiasradioreflejos.com.ar\/2021\/wp-json\/wp\/v2\/users\/3"}],"replies":[{"embeddable":true,"href":"https:\/\/www.noticiasradioreflejos.com.ar\/2021\/wp-json\/wp\/v2\/comments?post=97035"}],"version-history":[{"count":4,"href":"https:\/\/www.noticiasradioreflejos.com.ar\/2021\/wp-json\/wp\/v2\/posts\/97035\/revisions"}],"predecessor-version":[{"id":97076,"href":"https:\/\/www.noticiasradioreflejos.com.ar\/2021\/wp-json\/wp\/v2\/posts\/97035\/revisions\/97076"}],"wp:attachment":[{"href":"https:\/\/www.noticiasradioreflejos.com.ar\/2021\/wp-json\/wp\/v2\/media?parent=97035"}],"wp:term":[{"taxonomy":"category","embeddable":true,"href":"https:\/\/www.noticiasradioreflejos.com.ar\/2021\/wp-json\/wp\/v2\/categories?post=97035"},{"taxonomy":"post_tag","embeddable":true,"href":"https:\/\/www.noticiasradioreflejos.com.ar\/2021\/wp-json\/wp\/v2\/tags?post=97035"}],"curies":[{"name":"wp","href":"https:\/\/api.w.org\/{rel}","templated":true}]}}