{"id":97020,"date":"2023-12-28T00:07:41","date_gmt":"2023-12-28T00:07:41","guid":{"rendered":"https:\/\/www.noticiasradioreflejos.com.ar\/2021\/?p=97020"},"modified":"2023-12-28T00:07:41","modified_gmt":"2023-12-28T00:07:41","slug":"tornquist-rechazo-al-dnu-de-milei","status":"publish","type":"post","link":"https:\/\/www.noticiasradioreflejos.com.ar\/2021\/tornquist-rechazo-al-dnu-de-milei\/","title":{"rendered":"Tornquist: Rechazo al DNU de Milei"},"content":{"rendered":"<div class=\"hnoti\">Representantes de gremios, colectivo de mujeres y organizaciones sindicales se concentraron hoy\u00a0 junto a vecinos. Elaboraron petitorio que entregaron a las autoridades.<\/div>\n<p><!--more--><\/p>\n<div class=\"text\">\n<p>Con la convocatoria del Partido Intransigente, Sindicato de trabajadores municipales de Tornquist, Colectivo feminista, Concejo municipal de mujeres Tornquist, Suteba, Moviendo Mayo, CTA y otros, se realiz\u00f3 frente al palacio municipal, una convocatoria que rechaza el DNU que envi\u00f3 el presidente Javier Milei en el paquete \u201cLey de \u00f3mnibus\u201d presentada hoy en el congreso de la naci\u00f3n.<\/p>\n<p>Durante la convocatoria varios de los presentes hicieron uso de la palabra y marcaron la peligrosidad de la derogaci\u00f3n de leyes que quitar\u00eda muchos derechos adquiridos en a\u00f1os anteriores.<\/p>\n<p>Una vez le\u00eddo el petitorio a cargo de Fernando Caffieri que resume el porque del rechazo a este DNU, el mismo fue firmado por todos los presentes y entregado a la presidente del HCD, Carmen Soverchia acompa\u00f1ada por la presidente del bloque del frente de todos Lic. Marcela Giemnez. Ambas informaron que lo elevar\u00e1n para la adhesi\u00f3n correspondiente.<\/p>\n<p>De la misma manera se expres\u00f3 el Secretario de Gobierno y Seguridad, Lic. Bruno Zacconi que excuso al Intendente por una reuni\u00f3n pactada con anterioridad y afirm\u00f3 que tambi\u00e9n adherir\u00e1n a dicho petitorio.<\/p>\n<p><strong>El texto del documento<\/strong><\/p>\n<p>Rechazamos el DNU 70\/23 de Javier Milei por tratarse de un paquete de medidas que excede las facultades del poder ejecutivo que invocando \u201ccorregir la crisis que enfrenta la econom\u00eda argentina\u201d pretende desregular la econom\u00eda con \u201cla inmediata eliminaci\u00f3n de barreras y restricciones estatales\u201d en favor de intereses extranjeros o de grupos econ\u00f3micos ultraconcentrados.<\/p>\n<p>Coicidimos con distintas voces en que El DNU es un \u201cbrutal avasallamiento de las facultades del Congreso\u00bby que el dictado de todo DNU es para una situaci\u00f3n excepcional, por lo tanto lo anunciado por el Presidente de la Naci\u00f3n no cumplir\u00eda con los requisitos constitucionales del art\u00edculo 99\u00ba inciso 3\u00ba.<\/p>\n<div class=\"google-auto-placed ap_container\"><ins class=\"adsbygoogle adsbygoogle-noablate\" data-ad-format=\"auto\" data-ad-client=\"ca-pub-2607286939871815\" data-adsbygoogle-status=\"done\" data-ad-status=\"unfilled\"><\/p>\n<div id=\"aswift_3_host\" tabindex=\"0\" title=\"Advertisement\" aria-label=\"Advertisement\"><iframe loading=\"lazy\" id=\"aswift_3\" src=\"https:\/\/googleads.g.doubleclick.net\/pagead\/ads?gdpr=0&amp;us_privacy=1---&amp;client=ca-pub-2607286939871815&amp;output=html&amp;h=280&amp;adk=3442719824&amp;adf=3079479925&amp;pi=t.aa~a.3185807366~i.7~rp.4&amp;w=806&amp;fwrn=4&amp;fwrnh=100&amp;lmt=1703721700&amp;num_ads=1&amp;rafmt=1&amp;armr=3&amp;sem=mc&amp;pwprc=9451609636&amp;ad_type=text_image&amp;format=806x280&amp;url=https%3A%2F%2Fwww.noticiastornquist.com.ar%2F2023%2F12%2F27%2Fhubo-concentracion-frente-al-municipio-en-rechazo-del-dnu-de-milei-1%2F&amp;ea=0&amp;fwr=0&amp;pra=3&amp;rh=200&amp;rw=806&amp;rpe=1&amp;resp_fmts=3&amp;wgl=1&amp;fa=27&amp;uach=WyJXaW5kb3dzIiwiMTAuMC4wIiwieDg2IiwiIiwiMTIwLjAuNjA5OS4xMzAiLG51bGwsMCxudWxsLCI2NCIsW1siTm90X0EgQnJhbmQiLCI4LjAuMC4wIl0sWyJDaHJvbWl1bSIsIjEyMC4wLjYwOTkuMTMwIl0sWyJHb29nbGUgQ2hyb21lIiwiMTIwLjAuNjA5OS4xMzAiXV0sMF0.&amp;dt=1703721699996&amp;bpp=2&amp;bdt=2934&amp;idt=-M&amp;shv=r20231207&amp;mjsv=m202312070101&amp;ptt=9&amp;saldr=aa&amp;abxe=1&amp;cookie=ID%3Df55420a673948c13%3AT%3D1700167560%3ART%3D1703696502%3AS%3DALNI_MYXVjVALMH6bfF-ng6oYmyhh4fu5g&amp;gpic=UID%3D00000ccd8dafef23%3AT%3D1700167560%3ART%3D1703696502%3AS%3DALNI_MbQ-FLsh_ukmCtP28_YiA0sv2k6mQ&amp;prev_fmts=328x250%2C0x0&amp;nras=2&amp;correlator=3749721409865&amp;frm=20&amp;pv=1&amp;ga_vid=1946552355.1700167560&amp;ga_sid=1703721699&amp;ga_hid=1402920657&amp;ga_fc=1&amp;ga_cid=1937287038.1703690292&amp;u_tz=-180&amp;u_his=1&amp;u_h=768&amp;u_w=1366&amp;u_ah=728&amp;u_aw=1366&amp;u_cd=24&amp;u_sd=0.9&amp;dmc=8&amp;adx=173&amp;ady=1407&amp;biw=1498&amp;bih=674&amp;scr_x=0&amp;scr_y=333&amp;eid=44759875%2C44759926%2C44759837%2C31080144%2C44798934%2C95320885%2C31078663%2C31078665%2C31078668%2C31078670&amp;oid=2&amp;pvsid=2932014728816181&amp;tmod=979078694&amp;uas=0&amp;nvt=1&amp;fc=384&amp;brdim=0%2C0%2C0%2C0%2C1366%2C0%2C1366%2C728%2C1517%2C674&amp;vis=1&amp;rsz=%7C%7Cs%7C&amp;abl=NS&amp;fu=128&amp;bc=31&amp;td=1&amp;psd=W251bGwsbnVsbCxudWxsLDNd&amp;nt=1&amp;ifi=4&amp;uci=a!4&amp;btvi=1&amp;fsb=1&amp;dtd=69\" name=\"aswift_3\" width=\"806\" height=\"0\" frameborder=\"0\" marginwidth=\"0\" marginheight=\"0\" scrolling=\"no\" sandbox=\"allow-forms allow-popups allow-popups-to-escape-sandbox allow-same-origin allow-scripts allow-top-navigation-by-user-activation\" data-google-container-id=\"a!4\" data-google-query-id=\"CPC_8_XpsIMDFdrSuAgdSKQMfA\" data-load-complete=\"true\" data-mce-fragment=\"1\"><\/iframe><\/div>\n<p><\/ins><\/div>\n<p>El decreto describe un contexto de la situaci\u00f3n econ\u00f3mica y fiscal de la Argentina calific\u00e1ndola de \u201ccrisis terminal\u201d, adscribi\u00e9ndole toda la responsabilidad a la gesti\u00f3n que acaba de terminar su mandato y desentendi\u00e9ndose de la responsabilidad y activa participaci\u00f3n en el colosal endeudamiento y desequilibrios fiscales generados por los funcionarios de la gesti\u00f3n Macrista, que ahora est\u00e1n puestos en funciones nuevamente por Milei.<\/p>\n<p>El mandatario anunci\u00f3 sin sonrojarse a trav\u00e9s del DNU, que la inflaci\u00f3n entre diciembre y febrero ser\u00e1 entre el 20% y el 40% mensual, sin referirse a c\u00f3mo la clase trabajadora podr\u00e1 palear esta situaci\u00f3n, y qui\u00e9n sabe los pr\u00f3ximos meses, con los magros salarios y los \u00edndices de pobreza, que son de p\u00fablico conocimiento.<\/p>\n<div class=\"google-auto-placed ap_container\"><ins class=\"adsbygoogle adsbygoogle-noablate\" data-ad-format=\"auto\" data-ad-client=\"ca-pub-2607286939871815\" data-adsbygoogle-status=\"done\" data-ad-status=\"unfilled\"><\/p>\n<div id=\"aswift_4_host\" tabindex=\"0\" title=\"Advertisement\" aria-label=\"Advertisement\"><iframe loading=\"lazy\" id=\"aswift_4\" src=\"https:\/\/googleads.g.doubleclick.net\/pagead\/ads?gdpr=0&amp;us_privacy=1---&amp;client=ca-pub-2607286939871815&amp;output=html&amp;h=280&amp;adk=3442719824&amp;adf=38922830&amp;pi=t.aa~a.3185807366~i.9~rp.4&amp;w=806&amp;fwrn=4&amp;fwrnh=100&amp;lmt=1703721700&amp;num_ads=1&amp;rafmt=1&amp;armr=3&amp;sem=mc&amp;pwprc=9451609636&amp;ad_type=text_image&amp;format=806x280&amp;url=https%3A%2F%2Fwww.noticiastornquist.com.ar%2F2023%2F12%2F27%2Fhubo-concentracion-frente-al-municipio-en-rechazo-del-dnu-de-milei-1%2F&amp;ea=0&amp;fwr=0&amp;pra=3&amp;rh=200&amp;rw=806&amp;rpe=1&amp;resp_fmts=3&amp;wgl=1&amp;fa=27&amp;uach=WyJXaW5kb3dzIiwiMTAuMC4wIiwieDg2IiwiIiwiMTIwLjAuNjA5OS4xMzAiLG51bGwsMCxudWxsLCI2NCIsW1siTm90X0EgQnJhbmQiLCI4LjAuMC4wIl0sWyJDaHJvbWl1bSIsIjEyMC4wLjYwOTkuMTMwIl0sWyJHb29nbGUgQ2hyb21lIiwiMTIwLjAuNjA5OS4xMzAiXV0sMF0.&amp;dt=1703721699996&amp;bpp=3&amp;bdt=2934&amp;idt=-M&amp;shv=r20231207&amp;mjsv=m202312070101&amp;ptt=9&amp;saldr=aa&amp;abxe=1&amp;cookie=ID%3Df55420a673948c13%3AT%3D1700167560%3ART%3D1703696502%3AS%3DALNI_MYXVjVALMH6bfF-ng6oYmyhh4fu5g&amp;gpic=UID%3D00000ccd8dafef23%3AT%3D1700167560%3ART%3D1703696502%3AS%3DALNI_MbQ-FLsh_ukmCtP28_YiA0sv2k6mQ&amp;prev_fmts=328x250%2C0x0%2C806x280&amp;nras=3&amp;correlator=3749721409865&amp;frm=20&amp;pv=1&amp;ga_vid=1946552355.1700167560&amp;ga_sid=1703721699&amp;ga_hid=1402920657&amp;ga_fc=1&amp;ga_cid=1937287038.1703690292&amp;u_tz=-180&amp;u_his=1&amp;u_h=768&amp;u_w=1366&amp;u_ah=728&amp;u_aw=1366&amp;u_cd=24&amp;u_sd=0.9&amp;dmc=8&amp;adx=173&amp;ady=1977&amp;biw=1498&amp;bih=674&amp;scr_x=0&amp;scr_y=333&amp;eid=44759875%2C44759926%2C44759837%2C31080144%2C44798934%2C95320885%2C31078663%2C31078665%2C31078668%2C31078670&amp;oid=2&amp;pvsid=2932014728816181&amp;tmod=979078694&amp;uas=0&amp;nvt=1&amp;fc=384&amp;brdim=0%2C0%2C0%2C0%2C1366%2C0%2C1366%2C728%2C1517%2C674&amp;vis=1&amp;rsz=%7C%7Cs%7C&amp;abl=NS&amp;fu=128&amp;bc=31&amp;td=1&amp;psd=W251bGwsbnVsbCxudWxsLDNd&amp;nt=1&amp;ifi=5&amp;uci=a!5&amp;btvi=2&amp;fsb=1&amp;dtd=91\" name=\"aswift_4\" width=\"806\" height=\"0\" frameborder=\"0\" marginwidth=\"0\" marginheight=\"0\" scrolling=\"no\" sandbox=\"allow-forms allow-popups allow-popups-to-escape-sandbox allow-same-origin allow-scripts allow-top-navigation-by-user-activation\" data-google-container-id=\"a!5\" data-google-query-id=\"CMqt9fXpsIMDFcbOuAgdwbkCwQ\" data-load-complete=\"true\" data-mce-fragment=\"1\"><\/iframe><\/div>\n<p><\/ins><\/div>\n<p>Sumado a esto, las medidas propuestas atentan directamente a fulminar la producci\u00f3n nacional, el ya deteriorado poder adquisitivo del pueblo e incluso de sus hogares, a trav\u00e9s de la derogaci\u00f3n las Leyes N\u00b0 20.680 de Abastecimiento, N\u00b0 18.875 de Compre Nacional -parcialmente, N\u00b0 21.608 de Promoci\u00f3n Industrial, N\u00b0 27.437 de Compre Argentino -parcialmente- y N\u00b0 27.545 de G\u00f3ndolas, N\u00b0 27.737 de alquileres, en conjunto con la derogaci\u00f3n de otras leyes comerciales, que concentrar\u00e1n a\u00fan m\u00e1s la riqueza de las grandes corporaciones del mercado.<\/p>\n<p>El DNU dice textualmente \u201cque frente a la crisis del sistema de salud es imperativo lograr reducciones contundentes en los costos de las prestaciones, lo que en definitiva redundar\u00e1 en un beneficio directo para la poblaci\u00f3n en general\u201d, \u00bfcomo se lograr\u00e1 esto eliminando controles, regulaciones y precios de medicamentos y prepagas?<\/p>\n<p>Derogar la Ley N\u00b0 26.737 que limita la compra de tierras en suelo argentino a extranjeros, implica lisa y llanamente rifar nuestras tierras al mejor postor \u00bfde qu\u00e9 manera la venta de vastos territorios de la naci\u00f3n podr\u00edan redundar en beneficio alguno para las y los argentinos?<\/p>\n<p>Tambi\u00e9n se pretenden derogar otras leyes relativas a la producci\u00f3n, como La Ley N\u00b0 18.905, que establece la Pol\u00edtica Nacional Vitivin\u00edcola y otras que protegen y promueven las econom\u00edas regionales y la estabilizaci\u00f3n del mercado interno. La eliminaci\u00f3n de estas regulaciones afecta gravemente la producci\u00f3n, la comercializaci\u00f3n, y el consumo interno de esto productos.<\/p>\n<div class=\"google-auto-placed ap_container\"><ins class=\"adsbygoogle adsbygoogle-noablate\" data-ad-format=\"auto\" data-ad-client=\"ca-pub-2607286939871815\" data-adsbygoogle-status=\"done\" data-ad-status=\"unfilled\"><\/p>\n<div id=\"aswift_5_host\" tabindex=\"0\" title=\"Advertisement\" aria-label=\"Advertisement\"><iframe loading=\"lazy\" id=\"aswift_5\" src=\"https:\/\/googleads.g.doubleclick.net\/pagead\/ads?gdpr=0&amp;us_privacy=1---&amp;client=ca-pub-2607286939871815&amp;output=html&amp;h=280&amp;adk=3442719824&amp;adf=4198503530&amp;pi=t.aa~a.3185807366~i.13~rp.4&amp;w=806&amp;fwrn=4&amp;fwrnh=100&amp;lmt=1703721700&amp;num_ads=1&amp;rafmt=1&amp;armr=3&amp;sem=mc&amp;pwprc=9451609636&amp;ad_type=text_image&amp;format=806x280&amp;url=https%3A%2F%2Fwww.noticiastornquist.com.ar%2F2023%2F12%2F27%2Fhubo-concentracion-frente-al-municipio-en-rechazo-del-dnu-de-milei-1%2F&amp;ea=0&amp;fwr=0&amp;pra=3&amp;rh=200&amp;rw=806&amp;rpe=1&amp;resp_fmts=3&amp;wgl=1&amp;fa=27&amp;uach=WyJXaW5kb3dzIiwiMTAuMC4wIiwieDg2IiwiIiwiMTIwLjAuNjA5OS4xMzAiLG51bGwsMCxudWxsLCI2NCIsW1siTm90X0EgQnJhbmQiLCI4LjAuMC4wIl0sWyJDaHJvbWl1bSIsIjEyMC4wLjYwOTkuMTMwIl0sWyJHb29nbGUgQ2hyb21lIiwiMTIwLjAuNjA5OS4xMzAiXV0sMF0.&amp;dt=1703721699996&amp;bpp=2&amp;bdt=2934&amp;idt=2&amp;shv=r20231207&amp;mjsv=m202312070101&amp;ptt=9&amp;saldr=aa&amp;abxe=1&amp;cookie=ID%3Df55420a673948c13%3AT%3D1700167560%3ART%3D1703696502%3AS%3DALNI_MYXVjVALMH6bfF-ng6oYmyhh4fu5g&amp;gpic=UID%3D00000ccd8dafef23%3AT%3D1700167560%3ART%3D1703696502%3AS%3DALNI_MbQ-FLsh_ukmCtP28_YiA0sv2k6mQ&amp;prev_fmts=328x250%2C0x0%2C806x280%2C806x280&amp;nras=4&amp;correlator=3749721409865&amp;frm=20&amp;pv=1&amp;ga_vid=1946552355.1700167560&amp;ga_sid=1703721699&amp;ga_hid=1402920657&amp;ga_fc=1&amp;ga_cid=1937287038.1703690292&amp;u_tz=-180&amp;u_his=1&amp;u_h=768&amp;u_w=1366&amp;u_ah=728&amp;u_aw=1366&amp;u_cd=24&amp;u_sd=0.9&amp;dmc=8&amp;adx=173&amp;ady=2794&amp;biw=1498&amp;bih=674&amp;scr_x=0&amp;scr_y=333&amp;eid=44759875%2C44759926%2C44759837%2C31080144%2C44798934%2C95320885%2C31078663%2C31078665%2C31078668%2C31078670&amp;oid=2&amp;pvsid=2932014728816181&amp;tmod=979078694&amp;uas=0&amp;nvt=1&amp;fc=384&amp;brdim=0%2C0%2C0%2C0%2C1366%2C0%2C1366%2C728%2C1517%2C674&amp;vis=1&amp;rsz=%7C%7Cs%7C&amp;abl=NS&amp;fu=128&amp;bc=31&amp;td=1&amp;psd=W251bGwsbnVsbCxudWxsLDNd&amp;nt=1&amp;ifi=6&amp;uci=a!6&amp;btvi=3&amp;fsb=1&amp;dtd=130\" name=\"aswift_5\" width=\"806\" height=\"0\" frameborder=\"0\" marginwidth=\"0\" marginheight=\"0\" scrolling=\"no\" sandbox=\"allow-forms allow-popups allow-popups-to-escape-sandbox allow-same-origin allow-scripts allow-top-navigation-by-user-activation\" data-google-container-id=\"a!6\" data-google-query-id=\"CKSx-vXpsIMDFWjo_QUd_GMPyQ\" data-load-complete=\"true\" data-mce-fragment=\"1\"><\/iframe><\/div>\n<p><\/ins><\/div>\n<p>La derogaci\u00f3n de normas que regulan la actividad minera y energ\u00e9ticas, permitiendo el saqueo de nuestros recursos dar\u00e1 como resultado la devastaci\u00f3n de territorios contaminando y expulsando a sus pobladores y aumentando exponencialmente los costos en estos servicios para toda la poblaci\u00f3n.<\/p>\n<p>Ya se ha visto que la privatizaci\u00f3n de las empresas p\u00fablicas o el desprendimiento de la participaci\u00f3n del Estado nacional en sociedades an\u00f3nimas. No mejora su rendimiento ni competitividad, solo genera formidables negocios para quienes las adquieren, vasta ver los ejemplos de los noventa como Nuestra Aerol\u00ednea de bandera que fue literalmente desguazada por sus operadores privados y hoy es una empresa super\u00e1vitaria en manos estatales.<\/p>\n<p>Estas medidas solo profundizar\u00e1n la crisis en que se encuentran las y los trabajadores argentinos, Resulta beneficiosa \u00fanicamente para la casta Financiara-Econ\u00f3mica que eventualmente acceder\u00e1 a hacer negocios en estos \u00e1mbitos. Las privatizaciones junto a la quita de subsidios a la energ\u00eda, ser\u00e1 letal para los asalariados, vasta recordar las subas del 3000% en las boletas del Macrismo.<\/p>\n<p>En cuanto a la situaci\u00f3n de las y los trabajadores en relaci\u00f3n de dependencia, el DNU expresa que los emprendimientos privados son lo \u201cmejor para la contenci\u00f3n social\u201d y pretende serlo a trav\u00e9s del empleo. Pero al mismo tiempo propone una modificaci\u00f3n a leyes de protecci\u00f3n de derechos laborales y la derogaci\u00f3n de la Ley 25.323[1] esto claramente atenta contra la estabilidad laboral.<\/p>\n<div class=\"google-auto-placed ap_container\"><ins class=\"adsbygoogle adsbygoogle-noablate\" data-ad-format=\"auto\" data-ad-client=\"ca-pub-2607286939871815\" data-adsbygoogle-status=\"done\" data-ad-status=\"unfilled\"><\/p>\n<div id=\"aswift_6_host\" tabindex=\"0\" title=\"Advertisement\" aria-label=\"Advertisement\"><iframe loading=\"lazy\" id=\"aswift_6\" src=\"https:\/\/googleads.g.doubleclick.net\/pagead\/ads?gdpr=0&amp;us_privacy=1---&amp;client=ca-pub-2607286939871815&amp;output=html&amp;h=280&amp;adk=3442719824&amp;adf=1665571118&amp;pi=t.aa~a.3185807366~i.17~rp.4&amp;w=806&amp;fwrn=4&amp;fwrnh=100&amp;lmt=1703721701&amp;num_ads=1&amp;rafmt=1&amp;armr=3&amp;sem=mc&amp;pwprc=9451609636&amp;ad_type=text_image&amp;format=806x280&amp;url=https%3A%2F%2Fwww.noticiastornquist.com.ar%2F2023%2F12%2F27%2Fhubo-concentracion-frente-al-municipio-en-rechazo-del-dnu-de-milei-1%2F&amp;ea=0&amp;fwr=0&amp;pra=3&amp;rh=200&amp;rw=806&amp;rpe=1&amp;resp_fmts=3&amp;wgl=1&amp;fa=27&amp;uach=WyJXaW5kb3dzIiwiMTAuMC4wIiwieDg2IiwiIiwiMTIwLjAuNjA5OS4xMzAiLG51bGwsMCxudWxsLCI2NCIsW1siTm90X0EgQnJhbmQiLCI4LjAuMC4wIl0sWyJDaHJvbWl1bSIsIjEyMC4wLjYwOTkuMTMwIl0sWyJHb29nbGUgQ2hyb21lIiwiMTIwLjAuNjA5OS4xMzAiXV0sMF0.&amp;dt=1703721700014&amp;bpp=4&amp;bdt=2952&amp;idt=4&amp;shv=r20231207&amp;mjsv=m202312070101&amp;ptt=9&amp;saldr=aa&amp;abxe=1&amp;cookie=ID%3Df55420a673948c13%3AT%3D1700167560%3ART%3D1703721699%3AS%3DALNI_MYXVjVALMH6bfF-ng6oYmyhh4fu5g&amp;gpic=UID%3D00000ccd8dafef23%3AT%3D1700167560%3ART%3D1703721699%3AS%3DALNI_MbQ-FLsh_ukmCtP28_YiA0sv2k6mQ&amp;prev_fmts=328x250%2C0x0%2C806x280%2C806x280%2C806x280%2C1498x674&amp;nras=6&amp;correlator=3749721409865&amp;frm=20&amp;pv=1&amp;ga_vid=1946552355.1700167560&amp;ga_sid=1703721699&amp;ga_hid=1402920657&amp;ga_fc=1&amp;ga_cid=1937287038.1703690292&amp;u_tz=-180&amp;u_his=1&amp;u_h=768&amp;u_w=1366&amp;u_ah=728&amp;u_aw=1366&amp;u_cd=24&amp;u_sd=0.9&amp;dmc=8&amp;adx=173&amp;ady=2771&amp;biw=1498&amp;bih=674&amp;scr_x=0&amp;scr_y=333&amp;eid=44759875%2C44759926%2C44759837%2C31080144%2C44798934%2C95320885%2C31078663%2C31078665%2C31078668%2C31078670&amp;oid=2&amp;pvsid=2932014728816181&amp;tmod=979078694&amp;uas=3&amp;nvt=1&amp;fc=384&amp;brdim=0%2C0%2C0%2C0%2C1366%2C0%2C1366%2C728%2C1517%2C674&amp;vis=1&amp;rsz=%7C%7Cs%7C&amp;abl=NS&amp;fu=128&amp;bc=31&amp;td=1&amp;psd=W251bGwsbnVsbCxudWxsLDNd&amp;nt=1&amp;ifi=7&amp;uci=a!7&amp;btvi=4&amp;fsb=1&amp;dtd=1019\" name=\"aswift_6\" width=\"806\" height=\"0\" frameborder=\"0\" marginwidth=\"0\" marginheight=\"0\" scrolling=\"no\" sandbox=\"allow-forms allow-popups allow-popups-to-escape-sandbox allow-same-origin allow-scripts allow-top-navigation-by-user-activation\" data-google-container-id=\"a!7\" data-google-query-id=\"CJOfsPbpsIMDFfLT_QUdkd4MYg\" data-load-complete=\"true\" data-mce-fragment=\"1\"><\/iframe><\/div>\n<p><\/ins><\/div>\n<p>Las regulaciones laborales que pretende modificar Milei, las Leyes Nros. 14.250, 14.546, 20.744. 23.551, 24.013, 25.345, 25.877, 26.727, 26.844 y 27.555 son invocadas a \u201clos efectos de mejorar y simplificar los procesos de registraci\u00f3n, darle seguridad jur\u00eddica a la relaci\u00f3n laboral, aumentar el per\u00edodo de prueba (de tres a ocho meses), redefinir la procedencia de los descuentos salariales convencionales, autorizar a las convenciones colectivas a explorar mecanismos de indemnizaci\u00f3n alternativos a cargo del empleador, tal como se ha implementado en algunas actividades, revisar los criterios de ultractividad y evitar los bloqueos de actividades productivas\u201d que en la pr\u00e1ctica significa dar lugar a contratos sin relaci\u00f3n de dependencia m\u00e1s largos, por lo tanto la relaci\u00f3n laboral es m\u00e1s inestable, se pretende que el mismo empleado genere los recursos para su potencial indemnizaci\u00f3n por despido, e impida el derecho a huelga. \u00bfC\u00f3mo pueden estas medidas beneficiar a los sectores asalariados, si reducen sus derechos laborales? \u00bfQui\u00e9n est\u00e1 pagando el ajuste en este contrato?<\/p>\n<p>Por todo esto concluimos que el Presidente Milei ha incurrido en estafa electoral, ya que lleg\u00f3 al poder prometiendo hacer recortes sobre los costos que supuestamente generaba \u201cla casta pol\u00edtica\u201d sin embargo hadado v\u00eda libre a las grandes corporaciones que se beneficiar\u00e1n ampliamente con la derogaci\u00f3n de las leyes mencionadas y otras m\u00e1s. Nos preguntamos cu\u00e1les de estas medidas apuntan a reducir el gasto que supone la casta pol\u00edtica. Estas leyes que se pretenden borrar de un plumazo, fueron conquistadas con a\u00f1os de luchas colectivas.<\/p>\n<p>Con esta brutal desregulaci\u00f3n de la vida de la poblaci\u00f3n lo \u00fanico que se garantiza es ser sometidxs por lxs grandes grupos econ\u00f3micos, no tener manejo como Estado de sectores estrat\u00e9gicos como son la energ\u00eda y la miner\u00eda, no tener estabilidad en el trabajo, \u00a0La suba los costos de producci\u00f3n destruyendo la competitividad con productos importados.<\/p>\n<p>En resumen la libertad de ser sometidos y sin derechos. Remarcamos que dentro de nuestros derechos como ciudadanos y ciudadanas, las mujeres y disidencias sexuales, dentro de la clase trabajadora, son las primeras perjudicadas en la cadena de vulnerabilidad.<\/p>\n<div class=\"google-auto-placed ap_container\"><ins class=\"adsbygoogle adsbygoogle-noablate\" data-ad-format=\"auto\" data-ad-client=\"ca-pub-2607286939871815\" data-adsbygoogle-status=\"done\" data-ad-status=\"unfilled\"><\/p>\n<div id=\"aswift_7_host\" tabindex=\"0\" title=\"Advertisement\" aria-label=\"Advertisement\"><iframe loading=\"lazy\" id=\"aswift_7\" src=\"https:\/\/googleads.g.doubleclick.net\/pagead\/ads?gdpr=0&amp;us_privacy=1---&amp;client=ca-pub-2607286939871815&amp;output=html&amp;h=280&amp;adk=3442719824&amp;adf=2424768243&amp;pi=t.aa~a.3185807366~i.21~rp.4&amp;w=806&amp;fwrn=4&amp;fwrnh=100&amp;lmt=1703721702&amp;num_ads=1&amp;rafmt=1&amp;armr=3&amp;sem=mc&amp;pwprc=9451609636&amp;ad_type=text_image&amp;format=806x280&amp;url=https%3A%2F%2Fwww.noticiastornquist.com.ar%2F2023%2F12%2F27%2Fhubo-concentracion-frente-al-municipio-en-rechazo-del-dnu-de-milei-1%2F&amp;ea=0&amp;fwr=0&amp;pra=3&amp;rh=200&amp;rw=806&amp;rpe=1&amp;resp_fmts=3&amp;wgl=1&amp;fa=27&amp;uach=WyJXaW5kb3dzIiwiMTAuMC4wIiwieDg2IiwiIiwiMTIwLjAuNjA5OS4xMzAiLG51bGwsMCxudWxsLCI2NCIsW1siTm90X0EgQnJhbmQiLCI4LjAuMC4wIl0sWyJDaHJvbWl1bSIsIjEyMC4wLjYwOTkuMTMwIl0sWyJHb29nbGUgQ2hyb21lIiwiMTIwLjAuNjA5OS4xMzAiXV0sMF0.&amp;dt=1703721700022&amp;bpp=3&amp;bdt=2960&amp;idt=3&amp;shv=r20231207&amp;mjsv=m202312070101&amp;ptt=9&amp;saldr=aa&amp;abxe=1&amp;cookie=ID%3Df55420a673948c13%3AT%3D1700167560%3ART%3D1703721699%3AS%3DALNI_MYXVjVALMH6bfF-ng6oYmyhh4fu5g&amp;gpic=UID%3D00000ccd8dafef23%3AT%3D1700167560%3ART%3D1703721699%3AS%3DALNI_MbQ-FLsh_ukmCtP28_YiA0sv2k6mQ&amp;prev_fmts=328x250%2C0x0%2C806x280%2C806x280%2C806x280%2C1498x674%2C806x280&amp;nras=7&amp;correlator=3749721409865&amp;frm=20&amp;pv=1&amp;ga_vid=1946552355.1700167560&amp;ga_sid=1703721699&amp;ga_hid=1402920657&amp;ga_fc=1&amp;ga_cid=1937287038.1703690292&amp;u_tz=-180&amp;u_his=1&amp;u_h=768&amp;u_w=1366&amp;u_ah=728&amp;u_aw=1366&amp;u_cd=24&amp;u_sd=0.9&amp;dmc=8&amp;adx=173&amp;ady=3519&amp;biw=1498&amp;bih=674&amp;scr_x=0&amp;scr_y=849&amp;eid=44759875%2C44759926%2C44759837%2C31080144%2C44798934%2C95320885%2C31078663%2C31078665%2C31078668%2C31078670&amp;oid=2&amp;pvsid=2932014728816181&amp;tmod=979078694&amp;uas=3&amp;nvt=1&amp;fc=384&amp;brdim=0%2C0%2C0%2C0%2C1366%2C0%2C1366%2C728%2C1517%2C674&amp;vis=1&amp;rsz=%7C%7Cs%7C&amp;abl=NS&amp;fu=128&amp;bc=31&amp;td=1&amp;psd=W251bGwsbnVsbCxudWxsLDNd&amp;nt=1&amp;ifi=8&amp;uci=a!8&amp;btvi=5&amp;fsb=1&amp;dtd=2211\" name=\"aswift_7\" width=\"806\" height=\"0\" frameborder=\"0\" marginwidth=\"0\" marginheight=\"0\" scrolling=\"no\" sandbox=\"allow-forms allow-popups allow-popups-to-escape-sandbox allow-same-origin allow-scripts allow-top-navigation-by-user-activation\" data-google-container-id=\"a!8\" data-google-query-id=\"CIOQ-PbpsIMDFXL7_QUdppQKmQ\" data-load-complete=\"true\" data-mce-fragment=\"1\"><\/iframe><\/div>\n<p><\/ins><\/div>\n<p>Nos pronunciamos en estado de alerta y movilizaci\u00f3n.<\/p>\n<p>Por todo lo dicho anteriormente es que solicitamos a nuestros representantes del Honorable Concejo Deliberante que adhieran al rechazo del DNU 70\/23.<\/p>\n<p><strong><a href=\"https:\/\/www.facebook.com\/media\/set\/?set=a.862309719234862&amp;type=3\">FOTOS CONCENTRACION<\/a><\/strong><\/p>\n<p><iframe loading=\"lazy\" src=\"https:\/\/www.facebook.com\/plugins\/video.php?height=314&amp;href=https%3A%2F%2Fwww.facebook.com%2Fnoticastornquist%2Fvideos%2F736645115109904%2F&amp;show_text=false&amp;width=560&amp;t=0\" width=\"560\" height=\"314\" frameborder=\"0\" scrolling=\"no\" allowfullscreen=\"allowfullscreen\" data-mce-fragment=\"1\"><\/iframe><\/p>\n<p><iframe loading=\"lazy\" src=\"https:\/\/www.facebook.com\/plugins\/video.php?height=314&amp;href=https%3A%2F%2Fwww.facebook.com%2Fnoticastornquist%2Fvideos%2F7087089538016861%2F&amp;show_text=false&amp;width=560&amp;t=0\" width=\"560\" height=\"314\" frameborder=\"0\" scrolling=\"no\" allowfullscreen=\"allowfullscreen\" data-mce-fragment=\"1\"><\/iframe><\/p>\n<p><iframe loading=\"lazy\" src=\"https:\/\/www.facebook.com\/plugins\/video.php?height=314&amp;href=https%3A%2F%2Fwww.facebook.com%2Fnoticastornquist%2Fvideos%2F1405918936749335%2F&amp;show_text=false&amp;width=560&amp;t=0\" width=\"560\" height=\"314\" frameborder=\"0\" scrolling=\"no\" allowfullscreen=\"allowfullscreen\" data-mce-fragment=\"1\"><\/iframe><\/p>\n<p><iframe loading=\"lazy\" src=\"https:\/\/www.facebook.com\/plugins\/video.php?height=476&amp;href=https%3A%2F%2Fwww.facebook.com%2Fnoticastornquist%2Fvideos%2F904675647670205%2F&amp;show_text=false&amp;width=267&amp;t=0\" width=\"267\" height=\"476\" frameborder=\"0\" scrolling=\"no\" allowfullscreen=\"allowfullscreen\" data-mce-fragment=\"1\"><\/iframe><\/p>\n<p><iframe loading=\"lazy\" src=\"https:\/\/www.facebook.com\/plugins\/video.php?height=476&amp;href=https%3A%2F%2Fwww.facebook.com%2Fnoticastornquist%2Fvideos%2F324882657114718%2F&amp;show_text=false&amp;width=267&amp;t=0\" width=\"267\" height=\"476\" frameborder=\"0\" scrolling=\"no\" allowfullscreen=\"allowfullscreen\" data-mce-fragment=\"1\"><\/iframe><\/p>\n<\/div>\n<div>c<\/p>\n<div><\/div>\n<hr \/>\n<p><img decoding=\"async\" src=\"https:\/\/www.noticiastornquist.com.ar\/imagen.php?imagen=2023-12\/dsc0005-1280x768-2.jpg\" \/><\/p>\n<div><\/div>\n<hr \/>\n<p><img decoding=\"async\" src=\"https:\/\/www.noticiastornquist.com.ar\/imagen.php?imagen=2023-12\/dsc0012-1280x768-3.jpg\" \/><\/p>\n<div><\/div>\n<hr \/>\n<p><img decoding=\"async\" src=\"https:\/\/www.noticiastornquist.com.ar\/imagen.php?imagen=2023-12\/dsc0013-1280x768-1.jpg\" \/><\/p>\n<div><\/div>\n<hr \/>\n<p><img decoding=\"async\" src=\"https:\/\/www.noticiastornquist.com.ar\/imagen.php?imagen=2023-12\/dsc0018-1280x768-2.jpg\" \/><\/p>\n<div><\/div>\n<hr \/>\n<p><img decoding=\"async\" src=\"https:\/\/www.noticiastornquist.com.ar\/imagen.php?imagen=2023-12\/final-2.jpg\" \/><\/p>\n<div><\/div>\n<hr \/>\n<p><img decoding=\"async\" src=\"https:\/\/www.noticiastornquist.com.ar\/imagen.php?imagen=2023-12\/final.jpg\" \/><\/p>\n<div><\/div>\n<hr \/>\n<\/div>\n","protected":false},"excerpt":{"rendered":"<p>Representantes de gremios, colectivo de mujeres y organizaciones sindicales se concentraron hoy\u00a0 junto a vecinos. Elaboraron petitorio que entregaron a las autoridades.<\/p>\n","protected":false},"author":3,"featured_media":0,"comment_status":"closed","ping_status":"closed","sticky":false,"template":"","format":"standard","meta":{"footnotes":""},"categories":[24],"tags":[],"class_list":["post-97020","post","type-post","status-publish","format-standard","hentry","category-politica"],"yoast_head":"<!-- This site is optimized with the Yoast SEO plugin v25.9 - https:\/\/yoast.com\/wordpress\/plugins\/seo\/ -->\n<title>Tornquist: Rechazo al DNU de Milei - Noticias Radio Reflejos<\/title>\n<meta name=\"robots\" content=\"index, follow, max-snippet:-1, max-image-preview:large, max-video-preview:-1\" \/>\n<link rel=\"canonical\" href=\"https:\/\/www.noticiasradioreflejos.com.ar\/2021\/tornquist-rechazo-al-dnu-de-milei\/\" \/>\n<meta property=\"og:locale\" content=\"es_ES\" \/>\n<meta property=\"og:type\" content=\"article\" \/>\n<meta property=\"og:title\" content=\"Tornquist: Rechazo al DNU de Milei - Noticias Radio Reflejos\" \/>\n<meta property=\"og:description\" content=\"Representantes de gremios, colectivo de mujeres y organizaciones sindicales se concentraron hoy\u00a0 junto a vecinos. Elaboraron petitorio que entregaron a las autoridades.\" \/>\n<meta property=\"og:url\" content=\"https:\/\/www.noticiasradioreflejos.com.ar\/2021\/tornquist-rechazo-al-dnu-de-milei\/\" \/>\n<meta property=\"og:site_name\" content=\"Noticias Radio Reflejos\" \/>\n<meta property=\"article:published_time\" content=\"2023-12-28T00:07:41+00:00\" \/>\n<meta property=\"og:image\" content=\"https:\/\/www.noticiastornquist.com.ar\/imagen.php?imagen=2023-12\/dsc0005-1280x768-2.jpg\" \/>\n<meta name=\"author\" content=\"Arnaldo Botto\" \/>\n<meta name=\"twitter:card\" content=\"summary_large_image\" \/>\n<script type=\"application\/ld+json\" class=\"yoast-schema-graph\">{\"@context\":\"https:\/\/schema.org\",\"@graph\":[{\"@type\":\"WebPage\",\"@id\":\"https:\/\/www.noticiasradioreflejos.com.ar\/2021\/tornquist-rechazo-al-dnu-de-milei\/\",\"url\":\"https:\/\/www.noticiasradioreflejos.com.ar\/2021\/tornquist-rechazo-al-dnu-de-milei\/\",\"name\":\"Tornquist: Rechazo al DNU de Milei - Noticias Radio Reflejos\",\"isPartOf\":{\"@id\":\"https:\/\/www.noticiasradioreflejos.com.ar\/2021\/#website\"},\"primaryImageOfPage\":{\"@id\":\"https:\/\/www.noticiasradioreflejos.com.ar\/2021\/tornquist-rechazo-al-dnu-de-milei\/#primaryimage\"},\"image\":{\"@id\":\"https:\/\/www.noticiasradioreflejos.com.ar\/2021\/tornquist-rechazo-al-dnu-de-milei\/#primaryimage\"},\"thumbnailUrl\":\"https:\/\/www.noticiastornquist.com.ar\/imagen.php?imagen=2023-12\/dsc0005-1280x768-2.jpg\",\"datePublished\":\"2023-12-28T00:07:41+00:00\",\"author\":{\"@id\":\"https:\/\/www.noticiasradioreflejos.com.ar\/2021\/#\/schema\/person\/ad82545263dcc5ec0996818884fd5fb1\"},\"breadcrumb\":{\"@id\":\"https:\/\/www.noticiasradioreflejos.com.ar\/2021\/tornquist-rechazo-al-dnu-de-milei\/#breadcrumb\"},\"inLanguage\":\"es\",\"potentialAction\":[{\"@type\":\"ReadAction\",\"target\":[\"https:\/\/www.noticiasradioreflejos.com.ar\/2021\/tornquist-rechazo-al-dnu-de-milei\/\"]}]},{\"@type\":\"ImageObject\",\"inLanguage\":\"es\",\"@id\":\"https:\/\/www.noticiasradioreflejos.com.ar\/2021\/tornquist-rechazo-al-dnu-de-milei\/#primaryimage\",\"url\":\"https:\/\/www.noticiastornquist.com.ar\/imagen.php?imagen=2023-12\/dsc0005-1280x768-2.jpg\",\"contentUrl\":\"https:\/\/www.noticiastornquist.com.ar\/imagen.php?imagen=2023-12\/dsc0005-1280x768-2.jpg\"},{\"@type\":\"BreadcrumbList\",\"@id\":\"https:\/\/www.noticiasradioreflejos.com.ar\/2021\/tornquist-rechazo-al-dnu-de-milei\/#breadcrumb\",\"itemListElement\":[{\"@type\":\"ListItem\",\"position\":1,\"name\":\"Portada\",\"item\":\"https:\/\/www.noticiasradioreflejos.com.ar\/2021\/\"},{\"@type\":\"ListItem\",\"position\":2,\"name\":\"Tornquist: Rechazo al DNU de Milei\"}]},{\"@type\":\"WebSite\",\"@id\":\"https:\/\/www.noticiasradioreflejos.com.ar\/2021\/#website\",\"url\":\"https:\/\/www.noticiasradioreflejos.com.ar\/2021\/\",\"name\":\"Noticias Radio Reflejos\",\"description\":\"Las noticias de mi comarca\",\"potentialAction\":[{\"@type\":\"SearchAction\",\"target\":{\"@type\":\"EntryPoint\",\"urlTemplate\":\"https:\/\/www.noticiasradioreflejos.com.ar\/2021\/?s={search_term_string}\"},\"query-input\":{\"@type\":\"PropertyValueSpecification\",\"valueRequired\":true,\"valueName\":\"search_term_string\"}}],\"inLanguage\":\"es\"},{\"@type\":\"Person\",\"@id\":\"https:\/\/www.noticiasradioreflejos.com.ar\/2021\/#\/schema\/person\/ad82545263dcc5ec0996818884fd5fb1\",\"name\":\"Arnaldo Botto\",\"image\":{\"@type\":\"ImageObject\",\"inLanguage\":\"es\",\"@id\":\"https:\/\/www.noticiasradioreflejos.com.ar\/2021\/#\/schema\/person\/image\/\",\"url\":\"https:\/\/secure.gravatar.com\/avatar\/55cb5e37c1efa326397366e6974cb338056df65cb50e7d64d1cf314e87504837?s=96&d=mm&r=g\",\"contentUrl\":\"https:\/\/secure.gravatar.com\/avatar\/55cb5e37c1efa326397366e6974cb338056df65cb50e7d64d1cf314e87504837?s=96&d=mm&r=g\",\"caption\":\"Arnaldo Botto\"},\"url\":\"https:\/\/www.noticiasradioreflejos.com.ar\/2021\/author\/arnaldo\/\"}]}<\/script>\n<!-- \/ Yoast SEO plugin. -->","yoast_head_json":{"title":"Tornquist: Rechazo al DNU de Milei - Noticias Radio Reflejos","robots":{"index":"index","follow":"follow","max-snippet":"max-snippet:-1","max-image-preview":"max-image-preview:large","max-video-preview":"max-video-preview:-1"},"canonical":"https:\/\/www.noticiasradioreflejos.com.ar\/2021\/tornquist-rechazo-al-dnu-de-milei\/","og_locale":"es_ES","og_type":"article","og_title":"Tornquist: Rechazo al DNU de Milei - Noticias Radio Reflejos","og_description":"Representantes de gremios, colectivo de mujeres y organizaciones sindicales se concentraron hoy\u00a0 junto a vecinos. Elaboraron petitorio que entregaron a las autoridades.","og_url":"https:\/\/www.noticiasradioreflejos.com.ar\/2021\/tornquist-rechazo-al-dnu-de-milei\/","og_site_name":"Noticias Radio Reflejos","article_published_time":"2023-12-28T00:07:41+00:00","og_image":[{"url":"https:\/\/www.noticiastornquist.com.ar\/imagen.php?imagen=2023-12\/dsc0005-1280x768-2.jpg","type":"","width":"","height":""}],"author":"Arnaldo Botto","twitter_card":"summary_large_image","schema":{"@context":"https:\/\/schema.org","@graph":[{"@type":"WebPage","@id":"https:\/\/www.noticiasradioreflejos.com.ar\/2021\/tornquist-rechazo-al-dnu-de-milei\/","url":"https:\/\/www.noticiasradioreflejos.com.ar\/2021\/tornquist-rechazo-al-dnu-de-milei\/","name":"Tornquist: Rechazo al DNU de Milei - Noticias Radio Reflejos","isPartOf":{"@id":"https:\/\/www.noticiasradioreflejos.com.ar\/2021\/#website"},"primaryImageOfPage":{"@id":"https:\/\/www.noticiasradioreflejos.com.ar\/2021\/tornquist-rechazo-al-dnu-de-milei\/#primaryimage"},"image":{"@id":"https:\/\/www.noticiasradioreflejos.com.ar\/2021\/tornquist-rechazo-al-dnu-de-milei\/#primaryimage"},"thumbnailUrl":"https:\/\/www.noticiastornquist.com.ar\/imagen.php?imagen=2023-12\/dsc0005-1280x768-2.jpg","datePublished":"2023-12-28T00:07:41+00:00","author":{"@id":"https:\/\/www.noticiasradioreflejos.com.ar\/2021\/#\/schema\/person\/ad82545263dcc5ec0996818884fd5fb1"},"breadcrumb":{"@id":"https:\/\/www.noticiasradioreflejos.com.ar\/2021\/tornquist-rechazo-al-dnu-de-milei\/#breadcrumb"},"inLanguage":"es","potentialAction":[{"@type":"ReadAction","target":["https:\/\/www.noticiasradioreflejos.com.ar\/2021\/tornquist-rechazo-al-dnu-de-milei\/"]}]},{"@type":"ImageObject","inLanguage":"es","@id":"https:\/\/www.noticiasradioreflejos.com.ar\/2021\/tornquist-rechazo-al-dnu-de-milei\/#primaryimage","url":"https:\/\/www.noticiastornquist.com.ar\/imagen.php?imagen=2023-12\/dsc0005-1280x768-2.jpg","contentUrl":"https:\/\/www.noticiastornquist.com.ar\/imagen.php?imagen=2023-12\/dsc0005-1280x768-2.jpg"},{"@type":"BreadcrumbList","@id":"https:\/\/www.noticiasradioreflejos.com.ar\/2021\/tornquist-rechazo-al-dnu-de-milei\/#breadcrumb","itemListElement":[{"@type":"ListItem","position":1,"name":"Portada","item":"https:\/\/www.noticiasradioreflejos.com.ar\/2021\/"},{"@type":"ListItem","position":2,"name":"Tornquist: Rechazo al DNU de Milei"}]},{"@type":"WebSite","@id":"https:\/\/www.noticiasradioreflejos.com.ar\/2021\/#website","url":"https:\/\/www.noticiasradioreflejos.com.ar\/2021\/","name":"Noticias Radio Reflejos","description":"Las noticias de mi comarca","potentialAction":[{"@type":"SearchAction","target":{"@type":"EntryPoint","urlTemplate":"https:\/\/www.noticiasradioreflejos.com.ar\/2021\/?s={search_term_string}"},"query-input":{"@type":"PropertyValueSpecification","valueRequired":true,"valueName":"search_term_string"}}],"inLanguage":"es"},{"@type":"Person","@id":"https:\/\/www.noticiasradioreflejos.com.ar\/2021\/#\/schema\/person\/ad82545263dcc5ec0996818884fd5fb1","name":"Arnaldo Botto","image":{"@type":"ImageObject","inLanguage":"es","@id":"https:\/\/www.noticiasradioreflejos.com.ar\/2021\/#\/schema\/person\/image\/","url":"https:\/\/secure.gravatar.com\/avatar\/55cb5e37c1efa326397366e6974cb338056df65cb50e7d64d1cf314e87504837?s=96&d=mm&r=g","contentUrl":"https:\/\/secure.gravatar.com\/avatar\/55cb5e37c1efa326397366e6974cb338056df65cb50e7d64d1cf314e87504837?s=96&d=mm&r=g","caption":"Arnaldo Botto"},"url":"https:\/\/www.noticiasradioreflejos.com.ar\/2021\/author\/arnaldo\/"}]}},"_links":{"self":[{"href":"https:\/\/www.noticiasradioreflejos.com.ar\/2021\/wp-json\/wp\/v2\/posts\/97020","targetHints":{"allow":["GET"]}}],"collection":[{"href":"https:\/\/www.noticiasradioreflejos.com.ar\/2021\/wp-json\/wp\/v2\/posts"}],"about":[{"href":"https:\/\/www.noticiasradioreflejos.com.ar\/2021\/wp-json\/wp\/v2\/types\/post"}],"author":[{"embeddable":true,"href":"https:\/\/www.noticiasradioreflejos.com.ar\/2021\/wp-json\/wp\/v2\/users\/3"}],"replies":[{"embeddable":true,"href":"https:\/\/www.noticiasradioreflejos.com.ar\/2021\/wp-json\/wp\/v2\/comments?post=97020"}],"version-history":[{"count":1,"href":"https:\/\/www.noticiasradioreflejos.com.ar\/2021\/wp-json\/wp\/v2\/posts\/97020\/revisions"}],"predecessor-version":[{"id":97022,"href":"https:\/\/www.noticiasradioreflejos.com.ar\/2021\/wp-json\/wp\/v2\/posts\/97020\/revisions\/97022"}],"wp:attachment":[{"href":"https:\/\/www.noticiasradioreflejos.com.ar\/2021\/wp-json\/wp\/v2\/media?parent=97020"}],"wp:term":[{"taxonomy":"category","embeddable":true,"href":"https:\/\/www.noticiasradioreflejos.com.ar\/2021\/wp-json\/wp\/v2\/categories?post=97020"},{"taxonomy":"post_tag","embeddable":true,"href":"https:\/\/www.noticiasradioreflejos.com.ar\/2021\/wp-json\/wp\/v2\/tags?post=97020"}],"curies":[{"name":"wp","href":"https:\/\/api.w.org\/{rel}","templated":true}]}}