{"id":97015,"date":"2023-12-27T23:56:42","date_gmt":"2023-12-27T23:56:42","guid":{"rendered":"https:\/\/www.noticiasradioreflejos.com.ar\/2021\/?p=97015"},"modified":"2023-12-27T23:56:42","modified_gmt":"2023-12-27T23:56:42","slug":"la-cgt-y-organizaciones-sociales-se-manifestaron-contra-el-dnu-de-milei","status":"publish","type":"post","link":"https:\/\/www.noticiasradioreflejos.com.ar\/2021\/la-cgt-y-organizaciones-sociales-se-manifestaron-contra-el-dnu-de-milei\/","title":{"rendered":"La CGT y organizaciones sociales se manifestaron contra el DNU de Milei"},"content":{"rendered":"<p>Una vez m\u00e1s, la resoluci\u00f3n de Javier Milei fue objeto de movilizaciones por parte de diversos sectores sociales. En tanto, la Confederaci\u00f3n General del Trabajo busc\u00f3 invalidar el decreto de necesidad y urgencia, pero fue rechazado.<\/p>\n<p><!--more--><\/p>\n<div class=\"et_pb_row et_pb_row_1_tb_body\">\n<div class=\"et_pb_column et_pb_column_2_3 et_pb_column_2_tb_body et_pb_css_mix_blend_mode_passthrough et-last-child et_pb_column_empty\"><\/div>\n<\/div>\n<div class=\"et_pb_row et_pb_row_2_tb_body\">\n<div class=\"et_pb_column et_pb_column_3_5 et_pb_column_3_tb_body et_pb_css_mix_blend_mode_passthrough\">\n<div class=\"et_pb_with_border et_pb_module et_pb_post_content et_pb_post_content_0_tb_body\">\n<figure class=\"wp-block-image size-full\"><img loading=\"lazy\" decoding=\"async\" class=\"wp-image-155625 entered lazyloaded\" title=\"La CGT y organizaciones sociales se manifestaron contra el DNU de Milei 1\" src=\"https:\/\/www.notaalpie.com.ar\/wp-content\/webp-express\/webp-images\/uploads\/2023\/12\/1-Pedro-Ramos-Nota-al-Pie-1.jpg.webp\" sizes=\"auto, (max-width: 950px) 100vw, 950px\" srcset=\"https:\/\/www.notaalpie.com.ar\/wp-content\/webp-express\/webp-images\/uploads\/2023\/12\/1-Pedro-Ramos-Nota-al-Pie-1.jpg.webp 950w, https:\/\/www.notaalpie.com.ar\/wp-content\/webp-express\/webp-images\/uploads\/2023\/12\/1-Pedro-Ramos-Nota-al-Pie-1-650x383.jpg.webp 650w, https:\/\/www.notaalpie.com.ar\/wp-content\/webp-express\/webp-images\/uploads\/2023\/12\/1-Pedro-Ramos-Nota-al-Pie-1-768x453.jpg.webp 768w\" alt=\"CGT concentraci\u00f3n\" width=\"950\" height=\"560\" data-lazy-srcset=\"https:\/\/www.notaalpie.com.ar\/wp-content\/webp-express\/webp-images\/uploads\/2023\/12\/1-Pedro-Ramos-Nota-al-Pie-1.jpg.webp 950w, https:\/\/www.notaalpie.com.ar\/wp-content\/webp-express\/webp-images\/uploads\/2023\/12\/1-Pedro-Ramos-Nota-al-Pie-1-650x383.jpg.webp 650w, https:\/\/www.notaalpie.com.ar\/wp-content\/webp-express\/webp-images\/uploads\/2023\/12\/1-Pedro-Ramos-Nota-al-Pie-1-768x453.jpg.webp 768w\" data-lazy-sizes=\"(max-width: 950px) 100vw, 950px\" data-lazy-src=\"https:\/\/www.notaalpie.com.ar\/wp-content\/webp-express\/webp-images\/uploads\/2023\/12\/1-Pedro-Ramos-Nota-al-Pie-1.jpg.webp\" data-ll-status=\"loaded\" \/><\/figure>\n<\/div>\n<\/div>\n<\/div>\n<p>La CGT, CTA, CTA-A y organizaciones sociales realizaron una masiva movilizaci\u00f3n en contra del DNU firmado por el presidente electo, Javier Milei. Cr\u00e9dito: Pedro Ramos, Nota al Pie.<\/p>\n<hr class=\"wp-block-separator has-alpha-channel-opacity is-style-wide\" \/>\n<p>La\u00a0<a href=\"https:\/\/www.notaalpie.com.ar\/2023\/12\/26\/freno-a-milei-libres-del-sur-cgt\/\"><mark class=\"has-inline-color has-vivid-green-cyan-color\">movilizaci\u00f3n masiva frente a\u00a0<strong>Tribunales<\/strong><\/mark><\/a>, convocada por la<strong>\u00a0Confederaci\u00f3n General del Trabajo<\/strong>\u00a0(<strong>CGT<\/strong>), a la cual se unieron la\u00a0<strong>CTA\u00a0<\/strong>y la\u00a0<strong>CTA-A<\/strong>, junto con otras asociaciones de trabajadores y organizaciones sociales, concluy\u00f3 con la lectura de un comunicado por parte de la central obrera.<\/p>\n<p>La CGT ven\u00eda de presentar una medida cautelar contra el\u00a0<strong>Decreto de Necesidad y Urgencia<\/strong>\u00a0(<strong>DNU<\/strong>) ante la justicia, la cual fue rechazada mientras se llevaba a cabo la concentraci\u00f3n, ya que el mismo a\u00fan no se encuentra en vigencia.<\/p>\n<p>De manera simult\u00e1nea,\u00a0<strong>Manuel Adorni<\/strong>, vocero presidencial, comunic\u00f3 que la denominada\u00a0<a href=\"https:\/\/www.notaalpie.com.ar\/2023\/12\/27\/milei-paquete-de-leyes-libertarias\/\"><strong><mark class=\"has-inline-color has-vivid-green-cyan-color\">\u201cley \u00f3mnibus\u201d<\/mark><\/strong><\/a>, conocida oficialmente como\u00a0<em>\u201cLey de Bases y Punto de partida para la Libertad de los Argentinos\u201d<\/em>\u00a0ser\u00e1 enviada al\u00a0<strong>Congreso<\/strong>.<\/p>\n<h2 class=\"wp-block-heading\"><strong>Una concentraci\u00f3n masiva<\/strong><\/h2>\n<p>La concentraci\u00f3n en\u00a0<strong>Plaza Lavalle<\/strong>, frente al<strong>\u00a0Palacio de Tribunales<\/strong>, transcurri\u00f3 de manera pac\u00edfica durante todo el d\u00eda en la ciudad de\u00a0<strong>Buenos Aires<\/strong>. Sin embargo, durante la desconcentraci\u00f3n hubo momentos de tensi\u00f3n cuando un colectivo atropell\u00f3 a un polic\u00eda de la ciudad que estaba formando parte del cord\u00f3n policial para impedir el corte de la calle.<\/p>\n<p>Tras ello, se produjeron incidentes que resultaron en siete detenidos, mientras que el efectivo atropellado fue ingresado en el\u00a0<strong>Hospital Italiano<\/strong>, aunque se encuentra fuera de peligro. Mientras tanto, el\u00a0<a href=\"https:\/\/www.notaalpie.com.ar\/2023\/12\/26\/congreso-comision-bicameral-dnu\/\"><mark class=\"has-inline-color has-vivid-green-cyan-color\">Congreso intentar\u00e1 establecer la\u00a0<strong>Comisi\u00f3n Bicameral<\/strong><\/mark><\/a>\u00a0para analizar el DNU de Javier Milei.<\/p>\n<h2 class=\"wp-block-heading\"><strong>El documento de la CGT<\/strong><\/h2>\n<p>La CGT present\u00f3 un amparo ante la justicia para invalidar el DNU del gobierno, firmado po<strong>r H\u00e9ctor Daer<\/strong>,\u00a0<strong>Carlos Acu\u00f1a\u00a0<\/strong>y\u00a0<strong>Pablo Moyano<\/strong>. En respuesta, el juez\u00a0<strong>Jos\u00e9 Ignacio Ramonet<\/strong>\u00a0rechaz\u00f3 la presentaci\u00f3n debido a que el DNU a\u00fan no entr\u00f3 en vigor.<\/p>\n<p>Como resultado, la CGT deber\u00e1 presentar nuevamente la cautelar a partir del viernes, cuando todas las modificaciones del decreto comiencen a regir. En concreto, la presentaci\u00f3n buscaba suspender las modificaciones al r\u00e9gimen laboral introducidas por el DNU 70\/2023.<\/p>\n<p>Antes de dispersar la manifestaci\u00f3n, la CGT dio a conocer un documento titulado \u201csomos los trabajadores, no somos la casta\u201d, en el que criticaron fuertemente al presidente Javier Milei y solicitaron intervenci\u00f3n judicial.<\/p>\n<figure class=\"wp-block-image size-full\"><img loading=\"lazy\" decoding=\"async\" class=\"wp-image-155628 entered lazyloaded\" title=\"La CGT y organizaciones sociales se manifestaron contra el DNU de Milei 2\" src=\"https:\/\/www.notaalpie.com.ar\/wp-content\/webp-express\/webp-images\/uploads\/2023\/12\/3-Pedro-Ramos-Nota-al-Pie-1.jpg.webp\" sizes=\"auto, (max-width: 950px) 100vw, 950px\" srcset=\"https:\/\/www.notaalpie.com.ar\/wp-content\/webp-express\/webp-images\/uploads\/2023\/12\/3-Pedro-Ramos-Nota-al-Pie-1.jpg.webp 950w, https:\/\/www.notaalpie.com.ar\/wp-content\/webp-express\/webp-images\/uploads\/2023\/12\/3-Pedro-Ramos-Nota-al-Pie-1-650x432.jpg.webp 650w, https:\/\/www.notaalpie.com.ar\/wp-content\/webp-express\/webp-images\/uploads\/2023\/12\/3-Pedro-Ramos-Nota-al-Pie-1-768x511.jpg.webp 768w\" alt=\"CGT concentraci\u00f3n\" width=\"950\" height=\"632\" data-lazy-srcset=\"https:\/\/www.notaalpie.com.ar\/wp-content\/webp-express\/webp-images\/uploads\/2023\/12\/3-Pedro-Ramos-Nota-al-Pie-1.jpg.webp 950w, https:\/\/www.notaalpie.com.ar\/wp-content\/webp-express\/webp-images\/uploads\/2023\/12\/3-Pedro-Ramos-Nota-al-Pie-1-650x432.jpg.webp 650w, https:\/\/www.notaalpie.com.ar\/wp-content\/webp-express\/webp-images\/uploads\/2023\/12\/3-Pedro-Ramos-Nota-al-Pie-1-768x511.jpg.webp 768w\" data-lazy-sizes=\"(max-width: 950px) 100vw, 950px\" data-lazy-src=\"https:\/\/www.notaalpie.com.ar\/wp-content\/webp-express\/webp-images\/uploads\/2023\/12\/3-Pedro-Ramos-Nota-al-Pie-1.jpg.webp\" data-ll-status=\"loaded\" \/><\/figure>\n<p>A las medidas del DNU de Milei, hoy se sum\u00f3 la presentaci\u00f3n de la Ley \u00d3mnibus que deber\u00e1 pasar por el Congreso de la Naci\u00f3n. Cr\u00e9dito: Pedro Ramos, Nota al Pie.<\/p>\n<hr class=\"wp-block-separator has-alpha-channel-opacity is-style-wide\" \/>\n<p>\u201cEl Presidente\u00a0prometi\u00f3 hacer un ajuste que lo pagar\u00eda lo que \u00e9l denomina casta pol\u00edtica, y que los trabajadores recibir\u00edamos los beneficios de ese recorte\u201d, indicaron. Al mismo tiempo, precisaron que el DNU contiene \u201cmedidas arbitrarias, anticonstitucionales y lesivas de un vasto n\u00famero de derechos civiles, comerciales y sociales\u201d.<\/p>\n<p>En resumidas cuentas, detallan que introducen una \u201cferoz reforma laboral regresiva\u201d que se propone \u201ccercenar la actividad sindical y solo privilegiar intereses empresariales\u201d.<\/p>\n<p>Por otra parte, afirmaron que \u201ccualquier plan de Gobierno que exija modificaci\u00f3n, derogaci\u00f3n o creaci\u00f3n de leyes debe, imprescindiblemente, pasar por el debate parlamentario\u201d.<\/p>\n<p>En este sentido, desde la Confederaci\u00f3n instaron a la Justicia a cumplir con \u201cla funci\u00f3n de contralor del Poder Ejecutivo y declare la inconstitucionalidad del DNU\u201d.<\/p>\n<p>\u201cSer legal es respetar la\u00a0<strong>Constituci\u00f3n Nacional<\/strong>. Ser leg\u00edtimo es convencer a las mayor\u00edas\u201d, con un mensaje para Javier Milei: \u201cNo se confunda se\u00f1or presidente. No somos la casta. Somos trabajadores\u201d, concluyeron en el comunicado.<\/p>\n<h2 class=\"wp-block-heading\"><strong>\u00bfHabr\u00e1 un paro general?<\/strong><\/h2>\n<p>Una de las preguntas y demandas de amplios sectores es que la CGT convoque a un paro general. En ese sentido, el comit\u00e9 confederal de la central obrera se reunir\u00e1 ma\u00f1ana para aprobar un plan de acci\u00f3n contra el DNU del gobierno.<\/p>\n<p>Uno de los que habl\u00f3 ante los medios hoy fue uno de los l\u00edderes de la CGT, H\u00e9ctor Daer, quien afirm\u00f3 que necesitan \u201cla mejor estrategia para revertir el DNU\u201d.<\/p>\n<p>\u201cSi el DNU entra en vigencia, nuestro pa\u00eds y el gobierno estatal cambiar\u00e1n para siempre\u201d, agreg\u00f3, al tiempo que celebr\u00f3 la masiva convocatoria: \u201cLa gente quer\u00eda respaldar este pedido a la justicia para que se derogue el DNU\u201d.<\/p>\n<p>Por su parte, otro de los co-secretarios generales,\u00a0<strong>Pablo Moyano<\/strong>, adelant\u00f3 que ma\u00f1ana \u201cseguramente se va a aprobar un plan de lucha para rechazar este DNU\u00a0que va en contra de los trabajadores y del pa\u00eds\u201d.<\/p>\n<figure class=\"wp-block-image size-full\"><img loading=\"lazy\" decoding=\"async\" class=\"wp-image-155627 entered lazyloaded\" title=\"La CGT y organizaciones sociales se manifestaron contra el DNU de Milei 3\" src=\"https:\/\/www.notaalpie.com.ar\/wp-content\/webp-express\/webp-images\/uploads\/2023\/12\/2-Pedro-Ramos-Nota-al-Pie-3.jpg.webp\" sizes=\"auto, (max-width: 950px) 100vw, 950px\" srcset=\"https:\/\/www.notaalpie.com.ar\/wp-content\/webp-express\/webp-images\/uploads\/2023\/12\/2-Pedro-Ramos-Nota-al-Pie-3.jpg.webp 950w, https:\/\/www.notaalpie.com.ar\/wp-content\/webp-express\/webp-images\/uploads\/2023\/12\/2-Pedro-Ramos-Nota-al-Pie-3-650x432.jpg.webp 650w, https:\/\/www.notaalpie.com.ar\/wp-content\/webp-express\/webp-images\/uploads\/2023\/12\/2-Pedro-Ramos-Nota-al-Pie-3-768x511.jpg.webp 768w\" alt=\"CGT\" width=\"950\" height=\"632\" data-lazy-srcset=\"https:\/\/www.notaalpie.com.ar\/wp-content\/webp-express\/webp-images\/uploads\/2023\/12\/2-Pedro-Ramos-Nota-al-Pie-3.jpg.webp 950w, https:\/\/www.notaalpie.com.ar\/wp-content\/webp-express\/webp-images\/uploads\/2023\/12\/2-Pedro-Ramos-Nota-al-Pie-3-650x432.jpg.webp 650w, https:\/\/www.notaalpie.com.ar\/wp-content\/webp-express\/webp-images\/uploads\/2023\/12\/2-Pedro-Ramos-Nota-al-Pie-3-768x511.jpg.webp 768w\" data-lazy-sizes=\"(max-width: 950px) 100vw, 950px\" data-lazy-src=\"https:\/\/www.notaalpie.com.ar\/wp-content\/webp-express\/webp-images\/uploads\/2023\/12\/2-Pedro-Ramos-Nota-al-Pie-3.jpg.webp\" data-ll-status=\"loaded\" \/><figcaption class=\"wp-element-caption\">\u201cParo general\u201d, es el pedido recurrente. La CGT no quiso confirmar la medida y avisaron que se reunir\u00e1n ma\u00f1ana para definir el plan de lucha. Cr\u00e9dito: Pedro Ramos, Nota al Pie.<\/figcaption><\/figure>\n<hr class=\"wp-block-separator has-alpha-channel-opacity is-style-wide\" \/>\n<h2 class=\"wp-block-heading\"><strong>Se present\u00f3 la Ley \u00d3mnibus<\/strong><\/h2>\n<p>Una de las noticias destacadas del d\u00eda fue el comunicado del portavoz presidencial Manuel Adorni, que se dio a conocer durante la marcha hacia los Tribunales.<\/p>\n<p>Despu\u00e9s de la firma del DNU, al gobierno nacional le faltaba enviar la tan mencionada \u201cley \u00f3mnibus\u201d junto con un conjunto de leyes para ser discutidas en el Congreso durante las sesiones extraordinarias.<\/p>\n<p>En ese contexto, Adorni confirm\u00f3 su env\u00edo al\u00a0<strong>Poder Legislativo\u00a0<\/strong>y revel\u00f3 el nombre del proyecto, que se denomina \u201c<em>Ley de Bases y Punto de partida para la Libertad de los Argentinos\u201d.\u00a0<\/em><\/p>\n<p>Seg\u00fan se explic\u00f3, el nombre del proyecto se eligi\u00f3 en homenaje a\u00a0<strong>Juan Bautista Alberdi<\/strong>. En este sentido, el portavoz del presidente adelant\u00f3 que se trata de reformas \u201cprofundas, necesarias y urgentes en materia tributaria, laboral, penal, energ\u00e9tica y electoral\u201d.<\/p>\n<p>Adem\u00e1s, a\u00f1adi\u00f3 que se trata de un \u201ccomplemento al decreto de necesidad y urgencia, con el objetivo de garantizar la libertad de todos los argentinos\u201d.<\/p>\n<h2 class=\"wp-block-heading\"><strong>\u00bfDe qu\u00e9 trata el proyecto?<\/strong><\/h2>\n<p>En su contenido, el proyecto de ley declara la \u201cemergencia p\u00fablica\u201d en diversas \u00e1reas como la econ\u00f3mica, financiera, fiscal, previsional, de seguridad, defensa, tarifaria, energ\u00e9tica, sanitaria, administrativa y social hasta el 31 de diciembre de 2025.<\/p>\n<p>En cuanto a los temas m\u00e1s destacados, se encuentra el impuesto a las ganancias, con la intenci\u00f3n de volver a implementarlo a pesar de que el propio Milei hab\u00eda votado a favor de eliminarlo cuando\u00a0<strong>Sergio Massa\u00a0<\/strong>lo decidi\u00f3.<\/p>\n<p>Otro tema importante es la modificaci\u00f3n del sistema pol\u00edtico, con la derogaci\u00f3n de las elecciones\u00a0<strong>Primarias Abiertas Simult\u00e1neas y Obligatorias\u00a0<\/strong>(<strong>PASO<\/strong>).<\/p>\n<p>Adem\u00e1s, se propone la privatizaci\u00f3n de empresas p\u00fablicas, especialmente aquellas de propiedad estatal total o mayoritaria, como\u00a0<strong>Aerol\u00edneas Argentinas<\/strong>,\u00a0<strong>YPF\u00a0<\/strong>y el\u00a0<strong>Banco Naci\u00f3n<\/strong>, entre otras.<\/p>\n<p>Tambi\u00e9n se busca endurecer las penas para quienes participen en protestas callejeras, mediante la modificaci\u00f3n del art\u00edculo 194 del\u00a0<strong>C\u00f3digo Penal<\/strong>. Asimismo, se propone la reforma del art\u00edculo 34 para ampliar la definici\u00f3n de leg\u00edtima defensa, lo cual podr\u00eda aumentar los casos de uso excesivo de la fuerza.<\/p>\n<p>Estas son algunas de las medidas incluidas en este paquete de leyes que deber\u00e1 ser debatido en el Congreso de la Naci\u00f3n.<\/p>\n<p>&nbsp;<\/p>\n<p>&nbsp;<\/p>\n<ul>\n<li>\n<div class=\"pp-author-boxes-avatar\"><img loading=\"lazy\" decoding=\"async\" class=\"avatar avatar-35 photo entered lazyloaded\" src=\"https:\/\/www.notaalpie.com.ar\/wp-content\/webp-express\/webp-images\/uploads\/2022\/11\/avatar_user_37_1667859003-35x35.png.webp\" srcset=\"https:\/\/www.notaalpie.com.ar\/wp-content\/webp-express\/webp-images\/uploads\/2022\/11\/avatar_user_37_1667859003-70x70.png.webp 2x\" alt=\"Martin Lamberti\" width=\"35\" height=\"35\" data-lazy-srcset=\"https:\/\/www.notaalpie.com.ar\/wp-content\/webp-express\/webp-images\/uploads\/2022\/11\/avatar_user_37_1667859003-70x70.png.webp 2x\" data-lazy-src=\"https:\/\/www.notaalpie.com.ar\/wp-content\/webp-express\/webp-images\/uploads\/2022\/11\/avatar_user_37_1667859003-35x35.png.webp\" data-ll-status=\"loaded\" \/><\/div>\n<div class=\"pp-author-boxes-avatar-details\">\n<div class=\"pp-author-boxes-name multiple-authors-name\"><a class=\"author url fn\" title=\"Martin Lamberti\" href=\"https:\/\/www.notaalpie.com.ar\/author\/martinlamberti\/\" rel=\"author\">Martin Lamberti<\/a> &#8211; Nota al Pi\u00e9<\/div>\n<\/div>\n<\/li>\n<\/ul>\n","protected":false},"excerpt":{"rendered":"<p>Una vez m\u00e1s, la resoluci\u00f3n de Javier Milei fue objeto de movilizaciones por parte de diversos sectores sociales. En tanto, la Confederaci\u00f3n General del Trabajo busc\u00f3 invalidar el decreto de necesidad y urgencia, pero fue rechazado.<\/p>\n","protected":false},"author":3,"featured_media":0,"comment_status":"closed","ping_status":"closed","sticky":false,"template":"","format":"standard","meta":{"footnotes":""},"categories":[1],"tags":[],"class_list":["post-97015","post","type-post","status-publish","format-standard","hentry","category-sin-categoria"],"yoast_head":"<!-- This site is optimized with the Yoast SEO plugin v25.9 - https:\/\/yoast.com\/wordpress\/plugins\/seo\/ -->\n<title>La CGT y organizaciones sociales se manifestaron contra el DNU de Milei - Noticias Radio Reflejos<\/title>\n<meta name=\"robots\" content=\"index, follow, max-snippet:-1, max-image-preview:large, max-video-preview:-1\" \/>\n<link rel=\"canonical\" href=\"https:\/\/www.noticiasradioreflejos.com.ar\/2021\/la-cgt-y-organizaciones-sociales-se-manifestaron-contra-el-dnu-de-milei\/\" \/>\n<meta property=\"og:locale\" content=\"es_ES\" \/>\n<meta property=\"og:type\" content=\"article\" \/>\n<meta property=\"og:title\" content=\"La CGT y organizaciones sociales se manifestaron contra el DNU de Milei - Noticias Radio Reflejos\" \/>\n<meta property=\"og:description\" content=\"Una vez m\u00e1s, la resoluci\u00f3n de Javier Milei fue objeto de movilizaciones por parte de diversos sectores sociales. En tanto, la Confederaci\u00f3n General del Trabajo busc\u00f3 invalidar el decreto de necesidad y urgencia, pero fue rechazado.\" \/>\n<meta property=\"og:url\" content=\"https:\/\/www.noticiasradioreflejos.com.ar\/2021\/la-cgt-y-organizaciones-sociales-se-manifestaron-contra-el-dnu-de-milei\/\" \/>\n<meta property=\"og:site_name\" content=\"Noticias Radio Reflejos\" \/>\n<meta property=\"article:published_time\" content=\"2023-12-27T23:56:42+00:00\" \/>\n<meta property=\"og:image\" content=\"https:\/\/www.notaalpie.com.ar\/wp-content\/webp-express\/webp-images\/uploads\/2023\/12\/1-Pedro-Ramos-Nota-al-Pie-1.jpg.webp\" \/>\n<meta name=\"author\" content=\"Arnaldo Botto\" \/>\n<meta name=\"twitter:card\" content=\"summary_large_image\" \/>\n<script type=\"application\/ld+json\" class=\"yoast-schema-graph\">{\"@context\":\"https:\/\/schema.org\",\"@graph\":[{\"@type\":\"WebPage\",\"@id\":\"https:\/\/www.noticiasradioreflejos.com.ar\/2021\/la-cgt-y-organizaciones-sociales-se-manifestaron-contra-el-dnu-de-milei\/\",\"url\":\"https:\/\/www.noticiasradioreflejos.com.ar\/2021\/la-cgt-y-organizaciones-sociales-se-manifestaron-contra-el-dnu-de-milei\/\",\"name\":\"La CGT y organizaciones sociales se manifestaron contra el DNU de Milei - Noticias Radio Reflejos\",\"isPartOf\":{\"@id\":\"https:\/\/www.noticiasradioreflejos.com.ar\/2021\/#website\"},\"primaryImageOfPage\":{\"@id\":\"https:\/\/www.noticiasradioreflejos.com.ar\/2021\/la-cgt-y-organizaciones-sociales-se-manifestaron-contra-el-dnu-de-milei\/#primaryimage\"},\"image\":{\"@id\":\"https:\/\/www.noticiasradioreflejos.com.ar\/2021\/la-cgt-y-organizaciones-sociales-se-manifestaron-contra-el-dnu-de-milei\/#primaryimage\"},\"thumbnailUrl\":\"https:\/\/www.notaalpie.com.ar\/wp-content\/webp-express\/webp-images\/uploads\/2023\/12\/1-Pedro-Ramos-Nota-al-Pie-1.jpg.webp\",\"datePublished\":\"2023-12-27T23:56:42+00:00\",\"author\":{\"@id\":\"https:\/\/www.noticiasradioreflejos.com.ar\/2021\/#\/schema\/person\/ad82545263dcc5ec0996818884fd5fb1\"},\"breadcrumb\":{\"@id\":\"https:\/\/www.noticiasradioreflejos.com.ar\/2021\/la-cgt-y-organizaciones-sociales-se-manifestaron-contra-el-dnu-de-milei\/#breadcrumb\"},\"inLanguage\":\"es\",\"potentialAction\":[{\"@type\":\"ReadAction\",\"target\":[\"https:\/\/www.noticiasradioreflejos.com.ar\/2021\/la-cgt-y-organizaciones-sociales-se-manifestaron-contra-el-dnu-de-milei\/\"]}]},{\"@type\":\"ImageObject\",\"inLanguage\":\"es\",\"@id\":\"https:\/\/www.noticiasradioreflejos.com.ar\/2021\/la-cgt-y-organizaciones-sociales-se-manifestaron-contra-el-dnu-de-milei\/#primaryimage\",\"url\":\"https:\/\/www.notaalpie.com.ar\/wp-content\/webp-express\/webp-images\/uploads\/2023\/12\/1-Pedro-Ramos-Nota-al-Pie-1.jpg.webp\",\"contentUrl\":\"https:\/\/www.notaalpie.com.ar\/wp-content\/webp-express\/webp-images\/uploads\/2023\/12\/1-Pedro-Ramos-Nota-al-Pie-1.jpg.webp\"},{\"@type\":\"BreadcrumbList\",\"@id\":\"https:\/\/www.noticiasradioreflejos.com.ar\/2021\/la-cgt-y-organizaciones-sociales-se-manifestaron-contra-el-dnu-de-milei\/#breadcrumb\",\"itemListElement\":[{\"@type\":\"ListItem\",\"position\":1,\"name\":\"Portada\",\"item\":\"https:\/\/www.noticiasradioreflejos.com.ar\/2021\/\"},{\"@type\":\"ListItem\",\"position\":2,\"name\":\"La CGT y organizaciones sociales se manifestaron contra el DNU de Milei\"}]},{\"@type\":\"WebSite\",\"@id\":\"https:\/\/www.noticiasradioreflejos.com.ar\/2021\/#website\",\"url\":\"https:\/\/www.noticiasradioreflejos.com.ar\/2021\/\",\"name\":\"Noticias Radio Reflejos\",\"description\":\"Las noticias de mi comarca\",\"potentialAction\":[{\"@type\":\"SearchAction\",\"target\":{\"@type\":\"EntryPoint\",\"urlTemplate\":\"https:\/\/www.noticiasradioreflejos.com.ar\/2021\/?s={search_term_string}\"},\"query-input\":{\"@type\":\"PropertyValueSpecification\",\"valueRequired\":true,\"valueName\":\"search_term_string\"}}],\"inLanguage\":\"es\"},{\"@type\":\"Person\",\"@id\":\"https:\/\/www.noticiasradioreflejos.com.ar\/2021\/#\/schema\/person\/ad82545263dcc5ec0996818884fd5fb1\",\"name\":\"Arnaldo Botto\",\"image\":{\"@type\":\"ImageObject\",\"inLanguage\":\"es\",\"@id\":\"https:\/\/www.noticiasradioreflejos.com.ar\/2021\/#\/schema\/person\/image\/\",\"url\":\"https:\/\/secure.gravatar.com\/avatar\/55cb5e37c1efa326397366e6974cb338056df65cb50e7d64d1cf314e87504837?s=96&d=mm&r=g\",\"contentUrl\":\"https:\/\/secure.gravatar.com\/avatar\/55cb5e37c1efa326397366e6974cb338056df65cb50e7d64d1cf314e87504837?s=96&d=mm&r=g\",\"caption\":\"Arnaldo Botto\"},\"url\":\"https:\/\/www.noticiasradioreflejos.com.ar\/2021\/author\/arnaldo\/\"}]}<\/script>\n<!-- \/ Yoast SEO plugin. -->","yoast_head_json":{"title":"La CGT y organizaciones sociales se manifestaron contra el DNU de Milei - Noticias Radio Reflejos","robots":{"index":"index","follow":"follow","max-snippet":"max-snippet:-1","max-image-preview":"max-image-preview:large","max-video-preview":"max-video-preview:-1"},"canonical":"https:\/\/www.noticiasradioreflejos.com.ar\/2021\/la-cgt-y-organizaciones-sociales-se-manifestaron-contra-el-dnu-de-milei\/","og_locale":"es_ES","og_type":"article","og_title":"La CGT y organizaciones sociales se manifestaron contra el DNU de Milei - Noticias Radio Reflejos","og_description":"Una vez m\u00e1s, la resoluci\u00f3n de Javier Milei fue objeto de movilizaciones por parte de diversos sectores sociales. En tanto, la Confederaci\u00f3n General del Trabajo busc\u00f3 invalidar el decreto de necesidad y urgencia, pero fue rechazado.","og_url":"https:\/\/www.noticiasradioreflejos.com.ar\/2021\/la-cgt-y-organizaciones-sociales-se-manifestaron-contra-el-dnu-de-milei\/","og_site_name":"Noticias Radio Reflejos","article_published_time":"2023-12-27T23:56:42+00:00","og_image":[{"url":"https:\/\/www.notaalpie.com.ar\/wp-content\/webp-express\/webp-images\/uploads\/2023\/12\/1-Pedro-Ramos-Nota-al-Pie-1.jpg.webp","type":"","width":"","height":""}],"author":"Arnaldo Botto","twitter_card":"summary_large_image","schema":{"@context":"https:\/\/schema.org","@graph":[{"@type":"WebPage","@id":"https:\/\/www.noticiasradioreflejos.com.ar\/2021\/la-cgt-y-organizaciones-sociales-se-manifestaron-contra-el-dnu-de-milei\/","url":"https:\/\/www.noticiasradioreflejos.com.ar\/2021\/la-cgt-y-organizaciones-sociales-se-manifestaron-contra-el-dnu-de-milei\/","name":"La CGT y organizaciones sociales se manifestaron contra el DNU de Milei - Noticias Radio Reflejos","isPartOf":{"@id":"https:\/\/www.noticiasradioreflejos.com.ar\/2021\/#website"},"primaryImageOfPage":{"@id":"https:\/\/www.noticiasradioreflejos.com.ar\/2021\/la-cgt-y-organizaciones-sociales-se-manifestaron-contra-el-dnu-de-milei\/#primaryimage"},"image":{"@id":"https:\/\/www.noticiasradioreflejos.com.ar\/2021\/la-cgt-y-organizaciones-sociales-se-manifestaron-contra-el-dnu-de-milei\/#primaryimage"},"thumbnailUrl":"https:\/\/www.notaalpie.com.ar\/wp-content\/webp-express\/webp-images\/uploads\/2023\/12\/1-Pedro-Ramos-Nota-al-Pie-1.jpg.webp","datePublished":"2023-12-27T23:56:42+00:00","author":{"@id":"https:\/\/www.noticiasradioreflejos.com.ar\/2021\/#\/schema\/person\/ad82545263dcc5ec0996818884fd5fb1"},"breadcrumb":{"@id":"https:\/\/www.noticiasradioreflejos.com.ar\/2021\/la-cgt-y-organizaciones-sociales-se-manifestaron-contra-el-dnu-de-milei\/#breadcrumb"},"inLanguage":"es","potentialAction":[{"@type":"ReadAction","target":["https:\/\/www.noticiasradioreflejos.com.ar\/2021\/la-cgt-y-organizaciones-sociales-se-manifestaron-contra-el-dnu-de-milei\/"]}]},{"@type":"ImageObject","inLanguage":"es","@id":"https:\/\/www.noticiasradioreflejos.com.ar\/2021\/la-cgt-y-organizaciones-sociales-se-manifestaron-contra-el-dnu-de-milei\/#primaryimage","url":"https:\/\/www.notaalpie.com.ar\/wp-content\/webp-express\/webp-images\/uploads\/2023\/12\/1-Pedro-Ramos-Nota-al-Pie-1.jpg.webp","contentUrl":"https:\/\/www.notaalpie.com.ar\/wp-content\/webp-express\/webp-images\/uploads\/2023\/12\/1-Pedro-Ramos-Nota-al-Pie-1.jpg.webp"},{"@type":"BreadcrumbList","@id":"https:\/\/www.noticiasradioreflejos.com.ar\/2021\/la-cgt-y-organizaciones-sociales-se-manifestaron-contra-el-dnu-de-milei\/#breadcrumb","itemListElement":[{"@type":"ListItem","position":1,"name":"Portada","item":"https:\/\/www.noticiasradioreflejos.com.ar\/2021\/"},{"@type":"ListItem","position":2,"name":"La CGT y organizaciones sociales se manifestaron contra el DNU de Milei"}]},{"@type":"WebSite","@id":"https:\/\/www.noticiasradioreflejos.com.ar\/2021\/#website","url":"https:\/\/www.noticiasradioreflejos.com.ar\/2021\/","name":"Noticias Radio Reflejos","description":"Las noticias de mi comarca","potentialAction":[{"@type":"SearchAction","target":{"@type":"EntryPoint","urlTemplate":"https:\/\/www.noticiasradioreflejos.com.ar\/2021\/?s={search_term_string}"},"query-input":{"@type":"PropertyValueSpecification","valueRequired":true,"valueName":"search_term_string"}}],"inLanguage":"es"},{"@type":"Person","@id":"https:\/\/www.noticiasradioreflejos.com.ar\/2021\/#\/schema\/person\/ad82545263dcc5ec0996818884fd5fb1","name":"Arnaldo Botto","image":{"@type":"ImageObject","inLanguage":"es","@id":"https:\/\/www.noticiasradioreflejos.com.ar\/2021\/#\/schema\/person\/image\/","url":"https:\/\/secure.gravatar.com\/avatar\/55cb5e37c1efa326397366e6974cb338056df65cb50e7d64d1cf314e87504837?s=96&d=mm&r=g","contentUrl":"https:\/\/secure.gravatar.com\/avatar\/55cb5e37c1efa326397366e6974cb338056df65cb50e7d64d1cf314e87504837?s=96&d=mm&r=g","caption":"Arnaldo Botto"},"url":"https:\/\/www.noticiasradioreflejos.com.ar\/2021\/author\/arnaldo\/"}]}},"_links":{"self":[{"href":"https:\/\/www.noticiasradioreflejos.com.ar\/2021\/wp-json\/wp\/v2\/posts\/97015","targetHints":{"allow":["GET"]}}],"collection":[{"href":"https:\/\/www.noticiasradioreflejos.com.ar\/2021\/wp-json\/wp\/v2\/posts"}],"about":[{"href":"https:\/\/www.noticiasradioreflejos.com.ar\/2021\/wp-json\/wp\/v2\/types\/post"}],"author":[{"embeddable":true,"href":"https:\/\/www.noticiasradioreflejos.com.ar\/2021\/wp-json\/wp\/v2\/users\/3"}],"replies":[{"embeddable":true,"href":"https:\/\/www.noticiasradioreflejos.com.ar\/2021\/wp-json\/wp\/v2\/comments?post=97015"}],"version-history":[{"count":1,"href":"https:\/\/www.noticiasradioreflejos.com.ar\/2021\/wp-json\/wp\/v2\/posts\/97015\/revisions"}],"predecessor-version":[{"id":97017,"href":"https:\/\/www.noticiasradioreflejos.com.ar\/2021\/wp-json\/wp\/v2\/posts\/97015\/revisions\/97017"}],"wp:attachment":[{"href":"https:\/\/www.noticiasradioreflejos.com.ar\/2021\/wp-json\/wp\/v2\/media?parent=97015"}],"wp:term":[{"taxonomy":"category","embeddable":true,"href":"https:\/\/www.noticiasradioreflejos.com.ar\/2021\/wp-json\/wp\/v2\/categories?post=97015"},{"taxonomy":"post_tag","embeddable":true,"href":"https:\/\/www.noticiasradioreflejos.com.ar\/2021\/wp-json\/wp\/v2\/tags?post=97015"}],"curies":[{"name":"wp","href":"https:\/\/api.w.org\/{rel}","templated":true}]}}