{"id":97011,"date":"2023-12-28T00:00:09","date_gmt":"2023-12-28T00:00:09","guid":{"rendered":"https:\/\/www.noticiasradioreflejos.com.ar\/2021\/?p=97011"},"modified":"2023-12-28T00:00:09","modified_gmt":"2023-12-28T00:00:09","slug":"crisis-de-agua-en-villa-entre-manana-y-el-viernes-estara-normalizado-el-servicio","status":"publish","type":"post","link":"https:\/\/www.noticiasradioreflejos.com.ar\/2021\/crisis-de-agua-en-villa-entre-manana-y-el-viernes-estara-normalizado-el-servicio\/","title":{"rendered":"Crisis de agua en Villa: \u201centre ma\u00f1ana y el viernes estar\u00e1 normalizado el servicio\u201d"},"content":{"rendered":"<p>As\u00ed lo confirm\u00f3 el Secretario de Gobierno Bruno Zacconi al tiempo que asegur\u00f3 que \u201cdesde inicios del 2022 vamos comprando bombas pr\u00e1cticamente todos los meses\u201d.<!--more--><\/p>\n<p>Esta ma\u00f1ana el Secretario de Gobierno Bruno Zacconi confirm\u00f3 que en las pr\u00f3ximas horas el suministro de agua en Villa Ventana comenzar\u00e1 a normalizarse.<\/p>\n<p>As\u00ed lo hizo saber mediante una entrevista con FM De la Ciudad en donde subray\u00f3 que \u201ces un tema que nos ocupa y nos preocupa desde el momento que pas\u00f3, y antes de todo lo que sucedi\u00f3 tambi\u00e9n\u201d.<\/p>\n<p>En esa l\u00ednea explic\u00f3 que \u201cla bomba que vamos a colocar entre la noche de hoy y ma\u00f1ana a la ma\u00f1ana est\u00e1 comprada desde el 1 de diciembre. Venimos trabajando para prestar un servicio normal en Villa Ventana\u201d.<\/p>\n<p>De todas maneras quiso dejar en claro que \u201clas inversiones se vienen haciendo. Desde inicios del 2022 vamos comprando bombas pr\u00e1cticamente todos los meses, con costos aproximados de cuatro a cinco millones de pesos. Buscamos que todo el sistema de Villa tenga bombeo\u201d.<\/p>\n<p>Repasando lo ocurrido afirm\u00f3 que \u201cla bomba que se quem\u00f3 puntualmente es muy particular, es de alt\u00edsima presi\u00f3n, tiene que impulsar cerca de 2500 metros por 150 metros de altura, que es de donde entra el agua a la Villa hasta la cisterna\u201d.<\/p>\n<p>Aclarando que \u201cno escapa a la situaci\u00f3n del pa\u00eds con el tema componentes importados. Ven\u00edamos previendo de tener un segundo back up. Nos pas\u00f3 que har\u00e1 unos 15 d\u00edas se quema el primer motor de la bomba y a los diez d\u00edas, con el temporal, se quem\u00f3 el back up de esa bomba y nos deja sin la posibilidad de rebombear\u201d.<\/p>\n<p>Acto seguido resalt\u00f3 que \u201cma\u00f1ana deber\u00eda normalizarse el llenado de las cisternas y producto de eso calculamos que entre ma\u00f1ana y el viernes estar\u00e1 normalizado el servicio\u201d.<\/p>\n<p>Sobre las medidas paliativas que dispusieron, cont\u00f3 que \u201cdesde un primer momento lo que se dispuso desde la delegaci\u00f3n fue la entrega de agua domiciliaria a aquellos vecinos que no pod\u00edan llenar sus tanques. No es que est\u00e1 cortado el servicio, sino reducido a tres horas con menos caudal. El domingo 24 comenzaron a asistir a los vecinos de la Villa cuatro camiones, ya sea a domicilios o cisternas. Adem\u00e1s de eso entregamos agua envasada a trav\u00e9s de la delegaci\u00f3n\u201d.<\/p>\n<p>Agregando adem\u00e1s que \u201cel mismo d\u00eda que tuvimos la manifestaci\u00f3n hab\u00eda situaciones de riego con cisternas que se abastecen de la red de agua potable. Eso no quita que tenemos que reconocer que hay una situaci\u00f3n cr\u00edtica en Villa. Pero estamos trabajando\u201d.<\/p>\n<p><iframe loading=\"lazy\" src=\"https:\/\/w.soundcloud.com\/player\/?url=https%3A\/\/api.soundcloud.com\/tracks\/1701166803&amp;color=%23ff5500&amp;auto_play=false&amp;hide_related=false&amp;show_comments=true&amp;show_user=true&amp;show_reposts=false&amp;show_teaser=true\" width=\"100%\" height=\"166\" frameborder=\"no\" scrolling=\"no\"><\/iframe><\/p>\n<div style=\"font-size: 10px; color: #cccccc; line-break: anywhere; word-break: normal; overflow: hidden; white-space: nowrap; text-overflow: ellipsis; font-family: Interstate,Lucida Grande,Lucida Sans Unicode,Lucida Sans,Garuda,Verdana,Tahoma,sans-serif; font-weight: 100;\"><a style=\"color: #cccccc; text-decoration: none;\" title=\"fmreflejos 103.7\" href=\"https:\/\/soundcloud.com\/fmreflejos-103-7\" target=\"_blank\" rel=\"noopener\">fmreflejos 103.7<\/a> \u00b7 <a style=\"color: #cccccc; text-decoration: none;\" title=\"Nota - Bruno - Zaconni - 2712 - 1\" href=\"https:\/\/soundcloud.com\/fmreflejos-103-7\/nota-bruno-zaconni-2712-1\" target=\"_blank\" rel=\"noopener\">Nota &#8211; Bruno &#8211; Zaconni &#8211; 2712 &#8211; 1<\/a><\/div>\n","protected":false},"excerpt":{"rendered":"<p>As\u00ed lo confirm\u00f3 el Secretario de Gobierno Bruno Zacconi al tiempo que asegur\u00f3 que \u201cdesde inicios del 2022 vamos comprando bombas pr\u00e1cticamente todos los meses\u201d.<\/p>\n","protected":false},"author":3,"featured_media":97018,"comment_status":"closed","ping_status":"closed","sticky":false,"template":"","format":"standard","meta":{"footnotes":""},"categories":[28,26],"tags":[48],"class_list":["post-97011","post","type-post","status-publish","format-standard","has-post-thumbnail","hentry","category-municipales","category-sociedad","tag-destacada"],"yoast_head":"<!-- This site is optimized with the Yoast SEO plugin v25.9 - https:\/\/yoast.com\/wordpress\/plugins\/seo\/ -->\n<title>Crisis de agua en Villa: \u201centre ma\u00f1ana y el viernes estar\u00e1 normalizado el servicio\u201d - Noticias Radio Reflejos<\/title>\n<meta name=\"robots\" content=\"index, follow, max-snippet:-1, max-image-preview:large, max-video-preview:-1\" \/>\n<link rel=\"canonical\" href=\"https:\/\/www.noticiasradioreflejos.com.ar\/2021\/crisis-de-agua-en-villa-entre-manana-y-el-viernes-estara-normalizado-el-servicio\/\" \/>\n<meta property=\"og:locale\" content=\"es_ES\" \/>\n<meta property=\"og:type\" content=\"article\" \/>\n<meta property=\"og:title\" content=\"Crisis de agua en Villa: \u201centre ma\u00f1ana y el viernes estar\u00e1 normalizado el servicio\u201d - Noticias Radio Reflejos\" \/>\n<meta property=\"og:description\" content=\"As\u00ed lo confirm\u00f3 el Secretario de Gobierno Bruno Zacconi al tiempo que asegur\u00f3 que \u201cdesde inicios del 2022 vamos comprando bombas pr\u00e1cticamente todos los meses\u201d.\" \/>\n<meta property=\"og:url\" content=\"https:\/\/www.noticiasradioreflejos.com.ar\/2021\/crisis-de-agua-en-villa-entre-manana-y-el-viernes-estara-normalizado-el-servicio\/\" \/>\n<meta property=\"og:site_name\" content=\"Noticias Radio Reflejos\" \/>\n<meta property=\"article:published_time\" content=\"2023-12-28T00:00:09+00:00\" \/>\n<meta property=\"og:image\" content=\"https:\/\/www.noticiasradioreflejos.com.ar\/2021\/wp-content\/uploads\/2023\/12\/53422717333_34a5caa885_c.jpg\" \/>\n\t<meta property=\"og:image:width\" content=\"800\" \/>\n\t<meta property=\"og:image:height\" content=\"450\" \/>\n\t<meta property=\"og:image:type\" content=\"image\/jpeg\" \/>\n<meta name=\"author\" content=\"Arnaldo Botto\" \/>\n<meta name=\"twitter:card\" content=\"summary_large_image\" \/>\n<script type=\"application\/ld+json\" class=\"yoast-schema-graph\">{\"@context\":\"https:\/\/schema.org\",\"@graph\":[{\"@type\":\"WebPage\",\"@id\":\"https:\/\/www.noticiasradioreflejos.com.ar\/2021\/crisis-de-agua-en-villa-entre-manana-y-el-viernes-estara-normalizado-el-servicio\/\",\"url\":\"https:\/\/www.noticiasradioreflejos.com.ar\/2021\/crisis-de-agua-en-villa-entre-manana-y-el-viernes-estara-normalizado-el-servicio\/\",\"name\":\"Crisis de agua en Villa: \u201centre ma\u00f1ana y el viernes estar\u00e1 normalizado el servicio\u201d - Noticias Radio Reflejos\",\"isPartOf\":{\"@id\":\"https:\/\/www.noticiasradioreflejos.com.ar\/2021\/#website\"},\"primaryImageOfPage\":{\"@id\":\"https:\/\/www.noticiasradioreflejos.com.ar\/2021\/crisis-de-agua-en-villa-entre-manana-y-el-viernes-estara-normalizado-el-servicio\/#primaryimage\"},\"image\":{\"@id\":\"https:\/\/www.noticiasradioreflejos.com.ar\/2021\/crisis-de-agua-en-villa-entre-manana-y-el-viernes-estara-normalizado-el-servicio\/#primaryimage\"},\"thumbnailUrl\":\"https:\/\/www.noticiasradioreflejos.com.ar\/2021\/wp-content\/uploads\/2023\/12\/53422717333_34a5caa885_c.jpg\",\"datePublished\":\"2023-12-28T00:00:09+00:00\",\"author\":{\"@id\":\"https:\/\/www.noticiasradioreflejos.com.ar\/2021\/#\/schema\/person\/ad82545263dcc5ec0996818884fd5fb1\"},\"breadcrumb\":{\"@id\":\"https:\/\/www.noticiasradioreflejos.com.ar\/2021\/crisis-de-agua-en-villa-entre-manana-y-el-viernes-estara-normalizado-el-servicio\/#breadcrumb\"},\"inLanguage\":\"es\",\"potentialAction\":[{\"@type\":\"ReadAction\",\"target\":[\"https:\/\/www.noticiasradioreflejos.com.ar\/2021\/crisis-de-agua-en-villa-entre-manana-y-el-viernes-estara-normalizado-el-servicio\/\"]}]},{\"@type\":\"ImageObject\",\"inLanguage\":\"es\",\"@id\":\"https:\/\/www.noticiasradioreflejos.com.ar\/2021\/crisis-de-agua-en-villa-entre-manana-y-el-viernes-estara-normalizado-el-servicio\/#primaryimage\",\"url\":\"https:\/\/www.noticiasradioreflejos.com.ar\/2021\/wp-content\/uploads\/2023\/12\/53422717333_34a5caa885_c.jpg\",\"contentUrl\":\"https:\/\/www.noticiasradioreflejos.com.ar\/2021\/wp-content\/uploads\/2023\/12\/53422717333_34a5caa885_c.jpg\",\"width\":800,\"height\":450},{\"@type\":\"BreadcrumbList\",\"@id\":\"https:\/\/www.noticiasradioreflejos.com.ar\/2021\/crisis-de-agua-en-villa-entre-manana-y-el-viernes-estara-normalizado-el-servicio\/#breadcrumb\",\"itemListElement\":[{\"@type\":\"ListItem\",\"position\":1,\"name\":\"Portada\",\"item\":\"https:\/\/www.noticiasradioreflejos.com.ar\/2021\/\"},{\"@type\":\"ListItem\",\"position\":2,\"name\":\"Crisis de agua en Villa: \u201centre ma\u00f1ana y el viernes estar\u00e1 normalizado el servicio\u201d\"}]},{\"@type\":\"WebSite\",\"@id\":\"https:\/\/www.noticiasradioreflejos.com.ar\/2021\/#website\",\"url\":\"https:\/\/www.noticiasradioreflejos.com.ar\/2021\/\",\"name\":\"Noticias Radio Reflejos\",\"description\":\"Las noticias de mi comarca\",\"potentialAction\":[{\"@type\":\"SearchAction\",\"target\":{\"@type\":\"EntryPoint\",\"urlTemplate\":\"https:\/\/www.noticiasradioreflejos.com.ar\/2021\/?s={search_term_string}\"},\"query-input\":{\"@type\":\"PropertyValueSpecification\",\"valueRequired\":true,\"valueName\":\"search_term_string\"}}],\"inLanguage\":\"es\"},{\"@type\":\"Person\",\"@id\":\"https:\/\/www.noticiasradioreflejos.com.ar\/2021\/#\/schema\/person\/ad82545263dcc5ec0996818884fd5fb1\",\"name\":\"Arnaldo Botto\",\"image\":{\"@type\":\"ImageObject\",\"inLanguage\":\"es\",\"@id\":\"https:\/\/www.noticiasradioreflejos.com.ar\/2021\/#\/schema\/person\/image\/\",\"url\":\"https:\/\/secure.gravatar.com\/avatar\/55cb5e37c1efa326397366e6974cb338056df65cb50e7d64d1cf314e87504837?s=96&d=mm&r=g\",\"contentUrl\":\"https:\/\/secure.gravatar.com\/avatar\/55cb5e37c1efa326397366e6974cb338056df65cb50e7d64d1cf314e87504837?s=96&d=mm&r=g\",\"caption\":\"Arnaldo Botto\"},\"url\":\"https:\/\/www.noticiasradioreflejos.com.ar\/2021\/author\/arnaldo\/\"}]}<\/script>\n<!-- \/ Yoast SEO plugin. -->","yoast_head_json":{"title":"Crisis de agua en Villa: \u201centre ma\u00f1ana y el viernes estar\u00e1 normalizado el servicio\u201d - Noticias Radio Reflejos","robots":{"index":"index","follow":"follow","max-snippet":"max-snippet:-1","max-image-preview":"max-image-preview:large","max-video-preview":"max-video-preview:-1"},"canonical":"https:\/\/www.noticiasradioreflejos.com.ar\/2021\/crisis-de-agua-en-villa-entre-manana-y-el-viernes-estara-normalizado-el-servicio\/","og_locale":"es_ES","og_type":"article","og_title":"Crisis de agua en Villa: \u201centre ma\u00f1ana y el viernes estar\u00e1 normalizado el servicio\u201d - Noticias Radio Reflejos","og_description":"As\u00ed lo confirm\u00f3 el Secretario de Gobierno Bruno Zacconi al tiempo que asegur\u00f3 que \u201cdesde inicios del 2022 vamos comprando bombas pr\u00e1cticamente todos los meses\u201d.","og_url":"https:\/\/www.noticiasradioreflejos.com.ar\/2021\/crisis-de-agua-en-villa-entre-manana-y-el-viernes-estara-normalizado-el-servicio\/","og_site_name":"Noticias Radio Reflejos","article_published_time":"2023-12-28T00:00:09+00:00","og_image":[{"width":800,"height":450,"url":"https:\/\/www.noticiasradioreflejos.com.ar\/2021\/wp-content\/uploads\/2023\/12\/53422717333_34a5caa885_c.jpg","type":"image\/jpeg"}],"author":"Arnaldo Botto","twitter_card":"summary_large_image","schema":{"@context":"https:\/\/schema.org","@graph":[{"@type":"WebPage","@id":"https:\/\/www.noticiasradioreflejos.com.ar\/2021\/crisis-de-agua-en-villa-entre-manana-y-el-viernes-estara-normalizado-el-servicio\/","url":"https:\/\/www.noticiasradioreflejos.com.ar\/2021\/crisis-de-agua-en-villa-entre-manana-y-el-viernes-estara-normalizado-el-servicio\/","name":"Crisis de agua en Villa: \u201centre ma\u00f1ana y el viernes estar\u00e1 normalizado el servicio\u201d - Noticias Radio Reflejos","isPartOf":{"@id":"https:\/\/www.noticiasradioreflejos.com.ar\/2021\/#website"},"primaryImageOfPage":{"@id":"https:\/\/www.noticiasradioreflejos.com.ar\/2021\/crisis-de-agua-en-villa-entre-manana-y-el-viernes-estara-normalizado-el-servicio\/#primaryimage"},"image":{"@id":"https:\/\/www.noticiasradioreflejos.com.ar\/2021\/crisis-de-agua-en-villa-entre-manana-y-el-viernes-estara-normalizado-el-servicio\/#primaryimage"},"thumbnailUrl":"https:\/\/www.noticiasradioreflejos.com.ar\/2021\/wp-content\/uploads\/2023\/12\/53422717333_34a5caa885_c.jpg","datePublished":"2023-12-28T00:00:09+00:00","author":{"@id":"https:\/\/www.noticiasradioreflejos.com.ar\/2021\/#\/schema\/person\/ad82545263dcc5ec0996818884fd5fb1"},"breadcrumb":{"@id":"https:\/\/www.noticiasradioreflejos.com.ar\/2021\/crisis-de-agua-en-villa-entre-manana-y-el-viernes-estara-normalizado-el-servicio\/#breadcrumb"},"inLanguage":"es","potentialAction":[{"@type":"ReadAction","target":["https:\/\/www.noticiasradioreflejos.com.ar\/2021\/crisis-de-agua-en-villa-entre-manana-y-el-viernes-estara-normalizado-el-servicio\/"]}]},{"@type":"ImageObject","inLanguage":"es","@id":"https:\/\/www.noticiasradioreflejos.com.ar\/2021\/crisis-de-agua-en-villa-entre-manana-y-el-viernes-estara-normalizado-el-servicio\/#primaryimage","url":"https:\/\/www.noticiasradioreflejos.com.ar\/2021\/wp-content\/uploads\/2023\/12\/53422717333_34a5caa885_c.jpg","contentUrl":"https:\/\/www.noticiasradioreflejos.com.ar\/2021\/wp-content\/uploads\/2023\/12\/53422717333_34a5caa885_c.jpg","width":800,"height":450},{"@type":"BreadcrumbList","@id":"https:\/\/www.noticiasradioreflejos.com.ar\/2021\/crisis-de-agua-en-villa-entre-manana-y-el-viernes-estara-normalizado-el-servicio\/#breadcrumb","itemListElement":[{"@type":"ListItem","position":1,"name":"Portada","item":"https:\/\/www.noticiasradioreflejos.com.ar\/2021\/"},{"@type":"ListItem","position":2,"name":"Crisis de agua en Villa: \u201centre ma\u00f1ana y el viernes estar\u00e1 normalizado el servicio\u201d"}]},{"@type":"WebSite","@id":"https:\/\/www.noticiasradioreflejos.com.ar\/2021\/#website","url":"https:\/\/www.noticiasradioreflejos.com.ar\/2021\/","name":"Noticias Radio Reflejos","description":"Las noticias de mi comarca","potentialAction":[{"@type":"SearchAction","target":{"@type":"EntryPoint","urlTemplate":"https:\/\/www.noticiasradioreflejos.com.ar\/2021\/?s={search_term_string}"},"query-input":{"@type":"PropertyValueSpecification","valueRequired":true,"valueName":"search_term_string"}}],"inLanguage":"es"},{"@type":"Person","@id":"https:\/\/www.noticiasradioreflejos.com.ar\/2021\/#\/schema\/person\/ad82545263dcc5ec0996818884fd5fb1","name":"Arnaldo Botto","image":{"@type":"ImageObject","inLanguage":"es","@id":"https:\/\/www.noticiasradioreflejos.com.ar\/2021\/#\/schema\/person\/image\/","url":"https:\/\/secure.gravatar.com\/avatar\/55cb5e37c1efa326397366e6974cb338056df65cb50e7d64d1cf314e87504837?s=96&d=mm&r=g","contentUrl":"https:\/\/secure.gravatar.com\/avatar\/55cb5e37c1efa326397366e6974cb338056df65cb50e7d64d1cf314e87504837?s=96&d=mm&r=g","caption":"Arnaldo Botto"},"url":"https:\/\/www.noticiasradioreflejos.com.ar\/2021\/author\/arnaldo\/"}]}},"_links":{"self":[{"href":"https:\/\/www.noticiasradioreflejos.com.ar\/2021\/wp-json\/wp\/v2\/posts\/97011","targetHints":{"allow":["GET"]}}],"collection":[{"href":"https:\/\/www.noticiasradioreflejos.com.ar\/2021\/wp-json\/wp\/v2\/posts"}],"about":[{"href":"https:\/\/www.noticiasradioreflejos.com.ar\/2021\/wp-json\/wp\/v2\/types\/post"}],"author":[{"embeddable":true,"href":"https:\/\/www.noticiasradioreflejos.com.ar\/2021\/wp-json\/wp\/v2\/users\/3"}],"replies":[{"embeddable":true,"href":"https:\/\/www.noticiasradioreflejos.com.ar\/2021\/wp-json\/wp\/v2\/comments?post=97011"}],"version-history":[{"count":2,"href":"https:\/\/www.noticiasradioreflejos.com.ar\/2021\/wp-json\/wp\/v2\/posts\/97011\/revisions"}],"predecessor-version":[{"id":97019,"href":"https:\/\/www.noticiasradioreflejos.com.ar\/2021\/wp-json\/wp\/v2\/posts\/97011\/revisions\/97019"}],"wp:featuredmedia":[{"embeddable":true,"href":"https:\/\/www.noticiasradioreflejos.com.ar\/2021\/wp-json\/wp\/v2\/media\/97018"}],"wp:attachment":[{"href":"https:\/\/www.noticiasradioreflejos.com.ar\/2021\/wp-json\/wp\/v2\/media?parent=97011"}],"wp:term":[{"taxonomy":"category","embeddable":true,"href":"https:\/\/www.noticiasradioreflejos.com.ar\/2021\/wp-json\/wp\/v2\/categories?post=97011"},{"taxonomy":"post_tag","embeddable":true,"href":"https:\/\/www.noticiasradioreflejos.com.ar\/2021\/wp-json\/wp\/v2\/tags?post=97011"}],"curies":[{"name":"wp","href":"https:\/\/api.w.org\/{rel}","templated":true}]}}