{"id":96995,"date":"2023-12-27T15:15:59","date_gmt":"2023-12-27T15:15:59","guid":{"rendered":"https:\/\/www.noticiasradioreflejos.com.ar\/2021\/?p=96995"},"modified":"2023-12-27T15:15:59","modified_gmt":"2023-12-27T15:15:59","slug":"monotributo-2024-cuanto-pagaran-los-contribuyentes-de-cada-categoria","status":"publish","type":"post","link":"https:\/\/www.noticiasradioreflejos.com.ar\/2021\/monotributo-2024-cuanto-pagaran-los-contribuyentes-de-cada-categoria\/","title":{"rendered":"Monotributo 2024: cu\u00e1nto pagar\u00e1n los contribuyentes de cada categor\u00eda"},"content":{"rendered":"<p>La AFIP public\u00f3 los valores del r\u00e9gimen simplificado para peque\u00f1os contribuyentes; c\u00f3mo quedar\u00e1 cada escala en el inicio del nuevo a\u00f1o; quejas de los expertos porque la suba fue inferior a la inflaci\u00f3n<!--more--><\/p>\n<div class=\"body-article\">\n<div class=\"visual__image\"><img loading=\"lazy\" decoding=\"async\" class=\" lazyload\" src=\"https:\/\/www.infobae.com\/new-resizer\/ZqQ6iLmk8S_KljlZGbcsBFfgrsY=\/420x236\/filters:format(webp):quality(85)\/cloudfront-us-east-1.images.arcpublishing.com\/infobae\/MBWJDUOVBBD73P7VAAFQNILQ6Y.jpg%20420w\" sizes=\"auto, (min-width: 1560px) 856px, (min-width: 1000px) calc(74.63vw - 293px), (min-width: 780px) calc(100vw - 376px), (min-width: 580px) calc(100vw - 32px), 100vw\" srcset=\"https:\/\/www.infobae.com\/new-resizer\/ZqQ6iLmk8S_KljlZGbcsBFfgrsY=\/420x236\/filters:format(webp):quality(85)\/cloudfront-us-east-1.images.arcpublishing.com\/infobae\/MBWJDUOVBBD73P7VAAFQNILQ6Y.jpg 420w,https:\/\/www.infobae.com\/new-resizer\/jL2e9hLk7m5gTih33eQa7cMGq2o=\/768x432\/filters:format(webp):quality(85)\/cloudfront-us-east-1.images.arcpublishing.com\/infobae\/MBWJDUOVBBD73P7VAAFQNILQ6Y.jpg 768w,https:\/\/www.infobae.com\/new-resizer\/YWXS82lBeII5vlxsC1LwGXezi8Y=\/992x558\/filters:format(webp):quality(85)\/cloudfront-us-east-1.images.arcpublishing.com\/infobae\/MBWJDUOVBBD73P7VAAFQNILQ6Y.jpg 992w,https:\/\/www.infobae.com\/new-resizer\/fHHeLy2uMvzeunipwg7u_I9QV_k=\/1200x675\/filters:format(webp):quality(85)\/cloudfront-us-east-1.images.arcpublishing.com\/infobae\/MBWJDUOVBBD73P7VAAFQNILQ6Y.jpg 1200w,https:\/\/www.infobae.com\/new-resizer\/8cuc5BaYH-NDeq-LMwm2FI2R0go=\/1440x810\/filters:format(webp):quality(85)\/cloudfront-us-east-1.images.arcpublishing.com\/infobae\/MBWJDUOVBBD73P7VAAFQNILQ6Y.jpg 1440w\" alt=\"Monotributo 2024: cu\u00e1nto pagar\u00e1n los contribuyentes de cada categor\u00eda\" width=\"1920\" height=\"1080\" data-src=\"https:\/\/www.infobae.com\/new-resizer\/ZqQ6iLmk8S_KljlZGbcsBFfgrsY=\/420x236\/filters:format(webp):quality(85)\/cloudfront-us-east-1.images.arcpublishing.com\/infobae\/MBWJDUOVBBD73P7VAAFQNILQ6Y.jpg 420w\" \/><em><strong>Monotributo 2024: cu\u00e1nto pagar\u00e1n los contribuyentes de cada categor\u00eda<\/strong><\/em><\/div>\n<p data-mrf-recirculation=\"Links inline\">\n<p class=\"paragraph\" data-mrf-recirculation=\"Links inline\">La Administraci\u00f3n Federal de Ingresos P\u00fablicos (AFIP) public\u00f3 hoy los valores del r\u00e9gimen simplificado para peque\u00f1os contribuyentes para el 2024. All\u00ed estableci\u00f3 cu\u00e1nto se pagar\u00e1 en cada categor\u00eda el a\u00f1o pr\u00f3ximo.<\/p>\n<p class=\"paragraph\" data-mrf-recirculation=\"Links inline\">Al respecto, el contador<b>\u00a0Marcos Felice<\/b>\u00a0indic\u00f3 a\u00a0<b>Infobae\u00a0<\/b>que \u201cla AFIP public\u00f3 los valores de los par\u00e1metros y montos a ingresar vigentes a partir del 1 de enero de 2024\u2033. Adem\u00e1s, precis\u00f3 que hubo una actualizaci\u00f3n anual del \u201c110,90% en los montos a pagar, alquileres devengados y precio m\u00e1ximo unitario de venta\u201d. En cambio, luego de la actualizaci\u00f3n de julio, se incrementaron el \u201c42,09% los par\u00e1metros de facturaci\u00f3n\u201d. El organismo no difundi\u00f3 ninguna precisi\u00f3n sobre esta cuesti\u00f3n.<\/p>\n<div class=\"rawHTML raw_html \">\n<div class=\"flourish-embed flourish-table\" data-src=\"visualisation\/16276647\">\n<p><iframe title=\"Interactive or visual content\" src=\"https:\/\/flo.uri.sh\/visualisation\/16276647\/embed?auto=1\" frameborder=\"0\" scrolling=\"no\" sandbox=\"allow-same-origin allow-forms allow-scripts allow-downloads allow-popups allow-popups-to-escape-sandbox allow-top-navigation-by-user-activation\" data-mce-fragment=\"1\"><\/iframe><\/p>\n<div class=\"flourish-credit\"><a href=\"https:\/\/flourish.studio\/visualisations\/create-a-table\/?utm_source=showcase&amp;utm_campaign=visualisation\/16276647\" target=\"_top\" rel=\"noopener\"><img decoding=\"async\" src=\"https:\/\/public.flourish.studio\/resources\/bosh.svg\" alt=\"Flourish logo\" \/>A Flourish table<\/a><\/div>\n<\/div>\n<\/div>\n<p class=\"paragraph\" data-mrf-recirculation=\"Links inline\">\u201cEs una actualizaci\u00f3n insuficiente teniendo en cuenta el nivel inflacionario actual y sobre todo el que se prev\u00e9 para los primeros meses de 2024. Esto va a hacer que muchos queden excluidos o tengan que recategorizarse y pagar m\u00e1s, no por vender m\u00e1s sino por la suba de los precios\u201d, indic\u00f3 Felice. \u201cHoy deber\u00eda contemplarse una actualizaci\u00f3n m\u00ednimamente trimestral\u201d, agreg\u00f3 el experto.<\/p>\n<p class=\"paragraph\" data-mrf-recirculation=\"Links inline\">Por otra parte, sugiri\u00f3 \u201creformular los procedimientos de exclusi\u00f3n y pase al r\u00e9gimen general para que no sea una carga tan pesada\u201d.<\/p>\n<p class=\"paragraph\" data-mrf-recirculation=\"Links inline\">Adem\u00e1s, Felice record\u00f3 que, por decisi\u00f3n del gobierno anterior, \u201cest\u00e1n suspendidas hasta el 31\/12 las exclusiones de oficio por controles sist\u00e9micos y eso a\u00fan no se prorrog\u00f3\u201d.<\/p>\n<div class=\"news-module\" data-mrf-recirculation=\"IL_jywDmRSiRkuNMDCXjrDR7g\" data-testid=\"text-html\" data-mrf-experience=\"IL_jywDmRSiRkuNMDCXjrDR7g\">\n<div class=\"recommended-card__info\">\n<div class=\"recommended-card__info-button recommended-card__info-button--deportes\"><\/div>\n<\/div>\n<\/div>\n<p class=\"paragraph\" data-mrf-recirculation=\"Links inline\">\u201cLa actualizaci\u00f3n es completamente insuficiente teniendo en cuenta que Inflaci\u00f3n acumulada anual a noviembre 2023 seg\u00fan INDEC fue del 148,2% y la Inflaci\u00f3n interanual a noviembre 2023 del 160,9%. Urge modificaci\u00f3n del r\u00e9gimen y de la modalidad de actualizaci\u00f3n de par\u00e1metros y escalas. En los primeros meses de 2024 se va a ver una catarata de excluidos y de recategorizados a las categor\u00edas m\u00e1s altas del r\u00e9gimen. Va a crecer el \u201cenanismo fiscal\u201d ya que muchos van a ocultar ventas e ingresos para no salir del Monotributo y dar el salto al r\u00e9gimen general. Debe corregirse esta situaci\u00f3n ya mismo\u201c, precis\u00f3 en su Blog del contador.<\/p>\n<div class=\"visual__image\"><img loading=\"lazy\" decoding=\"async\" class=\" lazyload\" src=\"https:\/\/www.infobae.com\/new-resizer\/z0g5aJJmKY4dKep44wxUXv9PlqI=\/420x236\/filters:format(webp):quality(85)\/cloudfront-us-east-1.images.arcpublishing.com\/infobae\/26RR4F7S6FAFHOBOFFYBKLCZVM.jpg%20420w\" sizes=\"auto, (min-width: 1560px) 856px, (min-width: 1000px) calc(74.63vw - 293px), (min-width: 780px) calc(100vw - 376px), (min-width: 580px) calc(100vw - 32px), 100vw\" srcset=\"https:\/\/www.infobae.com\/new-resizer\/z0g5aJJmKY4dKep44wxUXv9PlqI=\/420x236\/filters:format(webp):quality(85)\/cloudfront-us-east-1.images.arcpublishing.com\/infobae\/26RR4F7S6FAFHOBOFFYBKLCZVM.jpg 420w,https:\/\/www.infobae.com\/new-resizer\/hyKfJZ6V_FXjf7cmMJjIO_jdwLo=\/768x432\/filters:format(webp):quality(85)\/cloudfront-us-east-1.images.arcpublishing.com\/infobae\/26RR4F7S6FAFHOBOFFYBKLCZVM.jpg 768w,https:\/\/www.infobae.com\/new-resizer\/iNiBzqrt2OV65CwV0bNKFcpsEs8=\/992x558\/filters:format(webp):quality(85)\/cloudfront-us-east-1.images.arcpublishing.com\/infobae\/26RR4F7S6FAFHOBOFFYBKLCZVM.jpg 992w,https:\/\/www.infobae.com\/new-resizer\/9eqs-jiLa-MpoPJe_UIKBcnlAfs=\/1200x675\/filters:format(webp):quality(85)\/cloudfront-us-east-1.images.arcpublishing.com\/infobae\/26RR4F7S6FAFHOBOFFYBKLCZVM.jpg 1200w,https:\/\/www.infobae.com\/new-resizer\/Y5cmyfrW-ItavWFTkmkC-E096AA=\/1440x810\/filters:format(webp):quality(85)\/cloudfront-us-east-1.images.arcpublishing.com\/infobae\/26RR4F7S6FAFHOBOFFYBKLCZVM.jpg 1440w\" alt=\"Florencia Misrahi, titular de la AFIP \" width=\"1920\" height=\"1080\" data-src=\"https:\/\/www.infobae.com\/new-resizer\/z0g5aJJmKY4dKep44wxUXv9PlqI=\/420x236\/filters:format(webp):quality(85)\/cloudfront-us-east-1.images.arcpublishing.com\/infobae\/26RR4F7S6FAFHOBOFFYBKLCZVM.jpg 420w\" \/><em>Florencia Misrahi, titular de la AFIP<\/em><\/div>\n<p data-mrf-recirculation=\"Links inline\">\n<p class=\"paragraph\" data-mrf-recirculation=\"Links inline\">\u201cDeber\u00edan suspenderse al menos hasta que se estabilice la econom\u00eda y se reformule el r\u00e9gimen simplificado\u201d, indic\u00f3.<\/p>\n<p class=\"paragraph\" data-mrf-recirculation=\"Links inline\">La recategorizaci\u00f3n, seg\u00fan la AFIP, es una evaluaci\u00f3n de par\u00e1metros que deben realizar los monotributistas para saber si se encuadran en la misma categor\u00eda en la que est\u00e1n o deben modificarla. Si los par\u00e1metros superan o son inferiores a los de la categor\u00eda vigente, corresponde realizar la recategorizaci\u00f3n.<\/p>\n<p class=\"paragraph\" data-mrf-recirculation=\"Links inline\">No deber\u00e1n efectuar ninguna acci\u00f3n quienes mantengan la misma categor\u00eda, ni quienes tengan menos de 6 meses de actividad, expres\u00f3 el organismo en su p\u00e1gina web. Los per\u00edodos de recategorizaci\u00f3n son cada 6 meses, en enero y julio, y cuando llegan se debe evaluar la actividad de los \u00faltimos 12 meses. Si hubo cambios en los ingresos, alquileres, superficie del local o energ\u00eda consumida, hay que\u00a0ingresar con clave fiscal para recategorizarse; si no se hace, se entiende que no hubo cambios y se permanece en la misma categor\u00eda.<\/p>\n<p class=\"paragraph\" data-mrf-recirculation=\"Links inline\">La recategorizaci\u00f3n se realiza del 1 al 20 de enero y julio; los pasos para recategorizarse est\u00e1n detallados en la gu\u00eda\u00a0\u201cRecategorizaci\u00f3n de Monotributo\u201d de la AFIP.<\/p>\n<p class=\"paragraph\" data-mrf-recirculation=\"Links inline\">Para determinar la\u00a0<b>categor\u00eda\u00a0<\/b>en la que corresponde ubicarse dentro del monotributo, hay que tomar en cuenta en relaci\u00f3n a los \u00faltimos 12 meses los ingresos brutos acumulados; la energ\u00eda el\u00e9ctrica consumida y los alquileres devengados y\/o la superficie afectada a la actividad. Luego, se deben comparar estos valores con la\u00a0<b>tabla de categor\u00edas del monotributo<\/b>\u00a0vigente para saber cu\u00e1l le corresponde al contribuyente.<\/p>\n<h2 class=\"header headline-class-h2\">As\u00ed qued\u00f3 cada categor\u00eda:<\/h2>\n<p class=\"paragraph\" data-mrf-recirculation=\"Links inline\"><b>Categor\u00eda A<\/b><\/p>\n<p class=\"paragraph\" data-mrf-recirculation=\"Links inline\">La categor\u00eda A del monotributo es la m\u00e1s b\u00e1sica y est\u00e1 dirigida a los peque\u00f1os contribuyentes que realizan actividades de servicios o venta de bienes. El tope de facturaci\u00f3n anual para esta categor\u00eda es de $2.108.279. El pago mensual es de $1.049, que incluye el impuesto, la jubilaci\u00f3n y la obra social. El total a pagar por mes es de $12.128,39.<\/p>\n<p class=\"paragraph\" data-mrf-recirculation=\"Links inline\"><b>Categor\u00eda B<\/b><\/p>\n<p class=\"paragraph\" data-mrf-recirculation=\"Links inline\">La categor\u00eda B del monotributo es similar a la categor\u00eda A, pero con un tope de facturaci\u00f3n anual mayor, de $3.133.928. El pago mensual es de $2.019, que incluye el impuesto, la jubilaci\u00f3n y la obra social. El total a pagar por mes es de $13.561,75.<\/p>\n<p class=\"paragraph\" data-mrf-recirculation=\"Links inline\"><b>Categor\u00eda C<\/b><\/p>\n<p class=\"paragraph\" data-mrf-recirculation=\"Links inline\">La categor\u00eda C del monotributo tiene un tope de facturaci\u00f3n anual de $4.387.500. El pago mensual es de $3.091, que incluye el impuesto, la jubilaci\u00f3n y la obra social. El total a pagar por mes es de $15.095,15.<\/p>\n<p class=\"paragraph\" data-mrf-recirculation=\"Links inline\"><b>Categor\u00eda D<\/b><\/p>\n<p class=\"paragraph\" data-mrf-recirculation=\"Links inline\">La categor\u00eda D tiene un tope de facturaci\u00f3n anual de $5.449.072. El pago mensual es de $4.163, que incluye el impuesto, la jubilaci\u00f3n y la obra social. El total a pagar por mes es de $16.626,57.<\/p>\n<p class=\"paragraph\" data-mrf-recirculation=\"Links inline\"><b>Categor\u00eda E<\/b><\/p>\n<p class=\"paragraph\" data-mrf-recirculation=\"Links inline\">La categor\u00eda E tiene un tope de facturaci\u00f3n anual de $6.416.502. El pago mensual es de $5.235, que incluye el impuesto, la jubilaci\u00f3n y la obra social. Sin embargo, el aporte a la obra social es mayor que el pago mensual, por lo que el total a pagar por mes es de $8.511.<\/p>\n<p class=\"paragraph\" data-mrf-recirculation=\"Links inline\"><b>Categor\u00eda F<\/b><\/p>\n<p class=\"paragraph\" data-mrf-recirculation=\"Links inline\">La categor\u00eda F tiene un tope de facturaci\u00f3n anual de $8.020.627. El pago mensual es de $6.327, que incluye el impuesto, la jubilaci\u00f3n y la obra social. El total a pagar por mes es de $19.450,17.<\/p>\n<p class=\"paragraph\" data-mrf-recirculation=\"Links inline\"><b>Categor\u00eda G<\/b><\/p>\n<p class=\"paragraph\" data-mrf-recirculation=\"Links inline\">La categor\u00eda G tiene un tope de facturaci\u00f3n anual de $9.624.753. El pago mensual es de $7.419, que incluye el impuesto, la jubilaci\u00f3n y la obra social. El total a pagar por mes es de $21.052,57.<\/p>\n<p class=\"paragraph\" data-mrf-recirculation=\"Links inline\"><b>Categor\u00eda H<\/b><\/p>\n<p class=\"paragraph\" data-mrf-recirculation=\"Links inline\">La categor\u00eda H tiene un tope de facturaci\u00f3n anual de $11.916.360. El pago mensual es de $8.511, que incluye el impuesto, la jubilaci\u00f3n y la obra social. El total a pagar por mes es de $22.563,89.<\/p>\n<p class=\"paragraph\" data-mrf-recirculation=\"Links inline\"><b>Categor\u00eda I<\/b><\/p>\n<p class=\"paragraph\" data-mrf-recirculation=\"Links inline\">La categor\u00eda I es similar a la categor\u00eda H, pero est\u00e1 dirigida a los contribuyentes que realizan actividades de venta de bienes. El tope de facturaci\u00f3n anual es el mismo, de $11.916.360. El pago mensual es tambi\u00e9n de $8.511, que incluye el impuesto, la jubilaci\u00f3n y la obra social. El total a pagar por mes es de $22.563,89.<\/p>\n<p class=\"paragraph\" data-mrf-recirculation=\"Links inline\"><b>Categor\u00eda J<\/b><\/p>\n<p class=\"paragraph\" data-mrf-recirculation=\"Links inline\">La categor\u00eda J tiene un tope de facturaci\u00f3n anual de $16.957.898. El pago mensual es de $12.643, que incluye el impuesto, la jubilaci\u00f3n y la obra social. El total a pagar por mes es de $25.196,17.<\/p>\n<p class=\"paragraph\" data-mrf-recirculation=\"Links inline\"><b>Categor\u00eda K<\/b><\/p>\n<p class=\"paragraph\" data-mrf-recirculation=\"Links inline\">La categor\u00eda K es similar a la categor\u00eda J, pero est\u00e1 dirigida a los contribuyentes que realizan actividades de venta de bienes. El tope de facturaci\u00f3n anual es el mismo, de $16.957.898. El pago mensual es tambi\u00e9n de $12.643, que incluye el impuesto, la jubilaci\u00f3n y la obra social. El total a pagar por mes es de $25.196,17.<\/p>\n<h2 class=\"header headline-class-h2\">Monotributo 2023: paso a paso c\u00f3mo realizar la recategorizaci\u00f3n<\/h2>\n<ol class=\"list\" data-icon=\"\u2b24\">\n<li data-icon=\"\u2b24\">Entrar a la p\u00e1gina de\u00a0AFIP | Monotributo.<\/li>\n<li data-icon=\"\u2b24\">Ingresar con CUIL\/CUIT\/CDI y Clave Fiscal.<\/li>\n<li data-icon=\"\u2b24\">Elegir la opci\u00f3n \u201cRecategorizaci\u00f3n\u201d.<\/li>\n<li data-icon=\"\u2b24\">El sistema mostrar\u00e1 la categor\u00eda vigente y los topes m\u00e1ximos.<\/li>\n<li data-icon=\"\u2b24\">Luego, seleccionar la opci\u00f3n \u201cContinuar recategorizaci\u00f3n\u201d.<\/li>\n<li data-icon=\"\u2b24\">Dar a conocer el monto facturado en los \u00faltimos 12 meses.<\/li>\n<li data-icon=\"\u2b24\">Informar los datos correspondientes a la actividad personal, seg\u00fan solicite el sistema.<\/li>\n<li data-icon=\"\u2b24\">El esquema mostrar\u00e1 la categor\u00eda correspondiente.<\/li>\n<li data-icon=\"\u2b24\">Chequear la informaci\u00f3n brindada.<\/li>\n<li data-icon=\"\u2b24\">Si la informaci\u00f3n es correcta, hacer clic en \u201cConfirmar categor\u00eda\u201d.<\/li>\n<li data-icon=\"\u2b24\">El sistema informar\u00e1 si el cambio se desarroll\u00f3 de forma correcta y se podr\u00e1 imprimir la credencial.<\/li>\n<\/ol>\n<\/div>\n","protected":false},"excerpt":{"rendered":"<p>La AFIP public\u00f3 los valores del r\u00e9gimen simplificado para peque\u00f1os contribuyentes; c\u00f3mo quedar\u00e1 cada escala en el inicio del nuevo a\u00f1o; quejas de los expertos porque la suba fue inferior a la inflaci\u00f3n<\/p>\n","protected":false},"author":3,"featured_media":55951,"comment_status":"closed","ping_status":"closed","sticky":false,"template":"","format":"standard","meta":{"footnotes":""},"categories":[36],"tags":[],"class_list":["post-96995","post","type-post","status-publish","format-standard","has-post-thumbnail","hentry","category-economia"],"yoast_head":"<!-- This site is optimized with the Yoast SEO plugin v25.9 - https:\/\/yoast.com\/wordpress\/plugins\/seo\/ -->\n<title>Monotributo 2024: cu\u00e1nto pagar\u00e1n los contribuyentes de cada categor\u00eda - Noticias Radio Reflejos<\/title>\n<meta name=\"robots\" content=\"index, follow, max-snippet:-1, max-image-preview:large, max-video-preview:-1\" \/>\n<link rel=\"canonical\" href=\"https:\/\/www.noticiasradioreflejos.com.ar\/2021\/monotributo-2024-cuanto-pagaran-los-contribuyentes-de-cada-categoria\/\" \/>\n<meta property=\"og:locale\" content=\"es_ES\" \/>\n<meta property=\"og:type\" content=\"article\" \/>\n<meta property=\"og:title\" content=\"Monotributo 2024: cu\u00e1nto pagar\u00e1n los contribuyentes de cada categor\u00eda - Noticias Radio Reflejos\" \/>\n<meta property=\"og:description\" content=\"La AFIP public\u00f3 los valores del r\u00e9gimen simplificado para peque\u00f1os contribuyentes; c\u00f3mo quedar\u00e1 cada escala en el inicio del nuevo a\u00f1o; quejas de los expertos porque la suba fue inferior a la inflaci\u00f3n\" \/>\n<meta property=\"og:url\" content=\"https:\/\/www.noticiasradioreflejos.com.ar\/2021\/monotributo-2024-cuanto-pagaran-los-contribuyentes-de-cada-categoria\/\" \/>\n<meta property=\"og:site_name\" content=\"Noticias Radio Reflejos\" \/>\n<meta property=\"article:published_time\" content=\"2023-12-27T15:15:59+00:00\" \/>\n<meta property=\"og:image\" content=\"https:\/\/www.noticiasradioreflejos.com.ar\/2021\/wp-content\/uploads\/2021\/04\/afip.jpg\" \/>\n\t<meta property=\"og:image:width\" content=\"1004\" \/>\n\t<meta property=\"og:image:height\" content=\"669\" \/>\n\t<meta property=\"og:image:type\" content=\"image\/jpeg\" \/>\n<meta name=\"author\" content=\"Arnaldo Botto\" \/>\n<meta name=\"twitter:card\" content=\"summary_large_image\" \/>\n<script type=\"application\/ld+json\" class=\"yoast-schema-graph\">{\"@context\":\"https:\/\/schema.org\",\"@graph\":[{\"@type\":\"WebPage\",\"@id\":\"https:\/\/www.noticiasradioreflejos.com.ar\/2021\/monotributo-2024-cuanto-pagaran-los-contribuyentes-de-cada-categoria\/\",\"url\":\"https:\/\/www.noticiasradioreflejos.com.ar\/2021\/monotributo-2024-cuanto-pagaran-los-contribuyentes-de-cada-categoria\/\",\"name\":\"Monotributo 2024: cu\u00e1nto pagar\u00e1n los contribuyentes de cada categor\u00eda - Noticias Radio Reflejos\",\"isPartOf\":{\"@id\":\"https:\/\/www.noticiasradioreflejos.com.ar\/2021\/#website\"},\"primaryImageOfPage\":{\"@id\":\"https:\/\/www.noticiasradioreflejos.com.ar\/2021\/monotributo-2024-cuanto-pagaran-los-contribuyentes-de-cada-categoria\/#primaryimage\"},\"image\":{\"@id\":\"https:\/\/www.noticiasradioreflejos.com.ar\/2021\/monotributo-2024-cuanto-pagaran-los-contribuyentes-de-cada-categoria\/#primaryimage\"},\"thumbnailUrl\":\"https:\/\/www.noticiasradioreflejos.com.ar\/2021\/wp-content\/uploads\/2021\/04\/afip.jpg\",\"datePublished\":\"2023-12-27T15:15:59+00:00\",\"author\":{\"@id\":\"https:\/\/www.noticiasradioreflejos.com.ar\/2021\/#\/schema\/person\/ad82545263dcc5ec0996818884fd5fb1\"},\"breadcrumb\":{\"@id\":\"https:\/\/www.noticiasradioreflejos.com.ar\/2021\/monotributo-2024-cuanto-pagaran-los-contribuyentes-de-cada-categoria\/#breadcrumb\"},\"inLanguage\":\"es\",\"potentialAction\":[{\"@type\":\"ReadAction\",\"target\":[\"https:\/\/www.noticiasradioreflejos.com.ar\/2021\/monotributo-2024-cuanto-pagaran-los-contribuyentes-de-cada-categoria\/\"]}]},{\"@type\":\"ImageObject\",\"inLanguage\":\"es\",\"@id\":\"https:\/\/www.noticiasradioreflejos.com.ar\/2021\/monotributo-2024-cuanto-pagaran-los-contribuyentes-de-cada-categoria\/#primaryimage\",\"url\":\"https:\/\/www.noticiasradioreflejos.com.ar\/2021\/wp-content\/uploads\/2021\/04\/afip.jpg\",\"contentUrl\":\"https:\/\/www.noticiasradioreflejos.com.ar\/2021\/wp-content\/uploads\/2021\/04\/afip.jpg\",\"width\":1004,\"height\":669},{\"@type\":\"BreadcrumbList\",\"@id\":\"https:\/\/www.noticiasradioreflejos.com.ar\/2021\/monotributo-2024-cuanto-pagaran-los-contribuyentes-de-cada-categoria\/#breadcrumb\",\"itemListElement\":[{\"@type\":\"ListItem\",\"position\":1,\"name\":\"Portada\",\"item\":\"https:\/\/www.noticiasradioreflejos.com.ar\/2021\/\"},{\"@type\":\"ListItem\",\"position\":2,\"name\":\"Monotributo 2024: cu\u00e1nto pagar\u00e1n los contribuyentes de cada categor\u00eda\"}]},{\"@type\":\"WebSite\",\"@id\":\"https:\/\/www.noticiasradioreflejos.com.ar\/2021\/#website\",\"url\":\"https:\/\/www.noticiasradioreflejos.com.ar\/2021\/\",\"name\":\"Noticias Radio Reflejos\",\"description\":\"Las noticias de mi comarca\",\"potentialAction\":[{\"@type\":\"SearchAction\",\"target\":{\"@type\":\"EntryPoint\",\"urlTemplate\":\"https:\/\/www.noticiasradioreflejos.com.ar\/2021\/?s={search_term_string}\"},\"query-input\":{\"@type\":\"PropertyValueSpecification\",\"valueRequired\":true,\"valueName\":\"search_term_string\"}}],\"inLanguage\":\"es\"},{\"@type\":\"Person\",\"@id\":\"https:\/\/www.noticiasradioreflejos.com.ar\/2021\/#\/schema\/person\/ad82545263dcc5ec0996818884fd5fb1\",\"name\":\"Arnaldo Botto\",\"image\":{\"@type\":\"ImageObject\",\"inLanguage\":\"es\",\"@id\":\"https:\/\/www.noticiasradioreflejos.com.ar\/2021\/#\/schema\/person\/image\/\",\"url\":\"https:\/\/secure.gravatar.com\/avatar\/55cb5e37c1efa326397366e6974cb338056df65cb50e7d64d1cf314e87504837?s=96&d=mm&r=g\",\"contentUrl\":\"https:\/\/secure.gravatar.com\/avatar\/55cb5e37c1efa326397366e6974cb338056df65cb50e7d64d1cf314e87504837?s=96&d=mm&r=g\",\"caption\":\"Arnaldo Botto\"},\"url\":\"https:\/\/www.noticiasradioreflejos.com.ar\/2021\/author\/arnaldo\/\"}]}<\/script>\n<!-- \/ Yoast SEO plugin. -->","yoast_head_json":{"title":"Monotributo 2024: cu\u00e1nto pagar\u00e1n los contribuyentes de cada categor\u00eda - Noticias Radio Reflejos","robots":{"index":"index","follow":"follow","max-snippet":"max-snippet:-1","max-image-preview":"max-image-preview:large","max-video-preview":"max-video-preview:-1"},"canonical":"https:\/\/www.noticiasradioreflejos.com.ar\/2021\/monotributo-2024-cuanto-pagaran-los-contribuyentes-de-cada-categoria\/","og_locale":"es_ES","og_type":"article","og_title":"Monotributo 2024: cu\u00e1nto pagar\u00e1n los contribuyentes de cada categor\u00eda - Noticias Radio Reflejos","og_description":"La AFIP public\u00f3 los valores del r\u00e9gimen simplificado para peque\u00f1os contribuyentes; c\u00f3mo quedar\u00e1 cada escala en el inicio del nuevo a\u00f1o; quejas de los expertos porque la suba fue inferior a la inflaci\u00f3n","og_url":"https:\/\/www.noticiasradioreflejos.com.ar\/2021\/monotributo-2024-cuanto-pagaran-los-contribuyentes-de-cada-categoria\/","og_site_name":"Noticias Radio Reflejos","article_published_time":"2023-12-27T15:15:59+00:00","og_image":[{"width":1004,"height":669,"url":"https:\/\/www.noticiasradioreflejos.com.ar\/2021\/wp-content\/uploads\/2021\/04\/afip.jpg","type":"image\/jpeg"}],"author":"Arnaldo Botto","twitter_card":"summary_large_image","schema":{"@context":"https:\/\/schema.org","@graph":[{"@type":"WebPage","@id":"https:\/\/www.noticiasradioreflejos.com.ar\/2021\/monotributo-2024-cuanto-pagaran-los-contribuyentes-de-cada-categoria\/","url":"https:\/\/www.noticiasradioreflejos.com.ar\/2021\/monotributo-2024-cuanto-pagaran-los-contribuyentes-de-cada-categoria\/","name":"Monotributo 2024: cu\u00e1nto pagar\u00e1n los contribuyentes de cada categor\u00eda - Noticias Radio Reflejos","isPartOf":{"@id":"https:\/\/www.noticiasradioreflejos.com.ar\/2021\/#website"},"primaryImageOfPage":{"@id":"https:\/\/www.noticiasradioreflejos.com.ar\/2021\/monotributo-2024-cuanto-pagaran-los-contribuyentes-de-cada-categoria\/#primaryimage"},"image":{"@id":"https:\/\/www.noticiasradioreflejos.com.ar\/2021\/monotributo-2024-cuanto-pagaran-los-contribuyentes-de-cada-categoria\/#primaryimage"},"thumbnailUrl":"https:\/\/www.noticiasradioreflejos.com.ar\/2021\/wp-content\/uploads\/2021\/04\/afip.jpg","datePublished":"2023-12-27T15:15:59+00:00","author":{"@id":"https:\/\/www.noticiasradioreflejos.com.ar\/2021\/#\/schema\/person\/ad82545263dcc5ec0996818884fd5fb1"},"breadcrumb":{"@id":"https:\/\/www.noticiasradioreflejos.com.ar\/2021\/monotributo-2024-cuanto-pagaran-los-contribuyentes-de-cada-categoria\/#breadcrumb"},"inLanguage":"es","potentialAction":[{"@type":"ReadAction","target":["https:\/\/www.noticiasradioreflejos.com.ar\/2021\/monotributo-2024-cuanto-pagaran-los-contribuyentes-de-cada-categoria\/"]}]},{"@type":"ImageObject","inLanguage":"es","@id":"https:\/\/www.noticiasradioreflejos.com.ar\/2021\/monotributo-2024-cuanto-pagaran-los-contribuyentes-de-cada-categoria\/#primaryimage","url":"https:\/\/www.noticiasradioreflejos.com.ar\/2021\/wp-content\/uploads\/2021\/04\/afip.jpg","contentUrl":"https:\/\/www.noticiasradioreflejos.com.ar\/2021\/wp-content\/uploads\/2021\/04\/afip.jpg","width":1004,"height":669},{"@type":"BreadcrumbList","@id":"https:\/\/www.noticiasradioreflejos.com.ar\/2021\/monotributo-2024-cuanto-pagaran-los-contribuyentes-de-cada-categoria\/#breadcrumb","itemListElement":[{"@type":"ListItem","position":1,"name":"Portada","item":"https:\/\/www.noticiasradioreflejos.com.ar\/2021\/"},{"@type":"ListItem","position":2,"name":"Monotributo 2024: cu\u00e1nto pagar\u00e1n los contribuyentes de cada categor\u00eda"}]},{"@type":"WebSite","@id":"https:\/\/www.noticiasradioreflejos.com.ar\/2021\/#website","url":"https:\/\/www.noticiasradioreflejos.com.ar\/2021\/","name":"Noticias Radio Reflejos","description":"Las noticias de mi comarca","potentialAction":[{"@type":"SearchAction","target":{"@type":"EntryPoint","urlTemplate":"https:\/\/www.noticiasradioreflejos.com.ar\/2021\/?s={search_term_string}"},"query-input":{"@type":"PropertyValueSpecification","valueRequired":true,"valueName":"search_term_string"}}],"inLanguage":"es"},{"@type":"Person","@id":"https:\/\/www.noticiasradioreflejos.com.ar\/2021\/#\/schema\/person\/ad82545263dcc5ec0996818884fd5fb1","name":"Arnaldo Botto","image":{"@type":"ImageObject","inLanguage":"es","@id":"https:\/\/www.noticiasradioreflejos.com.ar\/2021\/#\/schema\/person\/image\/","url":"https:\/\/secure.gravatar.com\/avatar\/55cb5e37c1efa326397366e6974cb338056df65cb50e7d64d1cf314e87504837?s=96&d=mm&r=g","contentUrl":"https:\/\/secure.gravatar.com\/avatar\/55cb5e37c1efa326397366e6974cb338056df65cb50e7d64d1cf314e87504837?s=96&d=mm&r=g","caption":"Arnaldo Botto"},"url":"https:\/\/www.noticiasradioreflejos.com.ar\/2021\/author\/arnaldo\/"}]}},"_links":{"self":[{"href":"https:\/\/www.noticiasradioreflejos.com.ar\/2021\/wp-json\/wp\/v2\/posts\/96995","targetHints":{"allow":["GET"]}}],"collection":[{"href":"https:\/\/www.noticiasradioreflejos.com.ar\/2021\/wp-json\/wp\/v2\/posts"}],"about":[{"href":"https:\/\/www.noticiasradioreflejos.com.ar\/2021\/wp-json\/wp\/v2\/types\/post"}],"author":[{"embeddable":true,"href":"https:\/\/www.noticiasradioreflejos.com.ar\/2021\/wp-json\/wp\/v2\/users\/3"}],"replies":[{"embeddable":true,"href":"https:\/\/www.noticiasradioreflejos.com.ar\/2021\/wp-json\/wp\/v2\/comments?post=96995"}],"version-history":[{"count":1,"href":"https:\/\/www.noticiasradioreflejos.com.ar\/2021\/wp-json\/wp\/v2\/posts\/96995\/revisions"}],"predecessor-version":[{"id":96996,"href":"https:\/\/www.noticiasradioreflejos.com.ar\/2021\/wp-json\/wp\/v2\/posts\/96995\/revisions\/96996"}],"wp:featuredmedia":[{"embeddable":true,"href":"https:\/\/www.noticiasradioreflejos.com.ar\/2021\/wp-json\/wp\/v2\/media\/55951"}],"wp:attachment":[{"href":"https:\/\/www.noticiasradioreflejos.com.ar\/2021\/wp-json\/wp\/v2\/media?parent=96995"}],"wp:term":[{"taxonomy":"category","embeddable":true,"href":"https:\/\/www.noticiasradioreflejos.com.ar\/2021\/wp-json\/wp\/v2\/categories?post=96995"},{"taxonomy":"post_tag","embeddable":true,"href":"https:\/\/www.noticiasradioreflejos.com.ar\/2021\/wp-json\/wp\/v2\/tags?post=96995"}],"curies":[{"name":"wp","href":"https:\/\/api.w.org\/{rel}","templated":true}]}}