{"id":96993,"date":"2023-12-27T17:08:49","date_gmt":"2023-12-27T17:08:49","guid":{"rendered":"https:\/\/www.noticiasradioreflejos.com.ar\/2021\/?p=96993"},"modified":"2023-12-27T17:39:07","modified_gmt":"2023-12-27T17:39:07","slug":"hemos-hecho-un-trabajo-de-mucho-crecimiento-en-tema-de-politicas-de-genero","status":"publish","type":"post","link":"https:\/\/www.noticiasradioreflejos.com.ar\/2021\/hemos-hecho-un-trabajo-de-mucho-crecimiento-en-tema-de-politicas-de-genero\/","title":{"rendered":"\u201cHemos hecho un trabajo de mucho crecimiento en tema de pol\u00edticas de g\u00e9nero\u201d"},"content":{"rendered":"<p>As\u00ed lo asegur\u00f3 Silvia Zaballa, Directora regional del Ministerio de las Mujeres de la Provincia, en relaci\u00f3n al balance de estos cuatro a\u00f1os. \u201cNunca hubo que convencer a nadie del Ministerio para que venga al interior\u201d afirm\u00f3.<!--more--><\/p>\n<p>El cierre de a\u00f1o siempre sirve de referencia para hacer balances de ciclos, y en ese tenor fue que Silvia Zaballa, Directora regional del Ministerio Provincial de las Mujeres, hizo un recuento de lo cosechado en estos cuatro a\u00f1os de gesti\u00f3n.<\/p>\n<p>&nbsp;<\/p>\n<p><a title=\"Silvia Zaballa, Ministerio mujeres (1)\" href=\"https:\/\/www.flickr.com\/photos\/182279889@N02\/53424849094\/in\/dateposted-public\/\" data-flickr-embed=\"true\" data-footer=\"true\"><img loading=\"lazy\" decoding=\"async\" src=\"https:\/\/live.staticflickr.com\/65535\/53424849094_2022e5f01a_c.jpg\" alt=\"Silvia Zaballa, Ministerio mujeres (1)\" width=\"800\" height=\"539\" \/><\/a><\/p>\n<p>&nbsp;<\/p>\n<p>Al respecto afirm\u00f3 que \u201carmamos un informe regional haciendo un balance, primero vimos c\u00f3mo est\u00e1bamos cuando llegamos a la gesti\u00f3n, con programas que a\u00fan existen, trazando un paralelismo, y luego viendo el crecimiento\u201d.<\/p>\n<p>Recordando, explic\u00f3 que \u201csolo hab\u00eda espacios de g\u00e9nero en Villarino, en Bah\u00eda Blanca, en Rosales y en Tres Lomas. Luego pasamos revista sobre el trabajo en conjunto con Regi\u00f3n Sanitaria sobre interrupciones de embarazos, tambi\u00e9n Ley Micaela, sobre capacitaciones y dispositivos de masculinidades\u201d.<\/p>\n<p>Ante ese panorama \u201chab\u00eda mucho por hacer en nuestra regi\u00f3n y en ese sentido empezamos a trabajar y generar, de tal manera que ahora tenemos \u00e1reas de g\u00e9nero en todos los municipios, articulamos con organismos nacionales y provinciales. Interactuamos con un mont\u00f3n de organismos\u201d.<\/p>\n<p><a href=\"https:\/\/www.noticiasradioreflejos.com.ar\/2021\/crean-programa-ateneos-de-casos-criticos-y-alto-riesgo-para-atender-violencia-de-genero\/estela-diaz-silvia-zaballa-bordoni\/\" rel=\"attachment wp-att-84471\"><img loading=\"lazy\" decoding=\"async\" class=\"aligncenter size-full wp-image-84471\" src=\"https:\/\/www.noticiasradioreflejos.com.ar\/2021\/wp-content\/uploads\/2023\/02\/estela-Diaz-Silvia-zaballa-bordoni.jpg\" alt=\"\" width=\"1024\" height=\"683\" srcset=\"https:\/\/www.noticiasradioreflejos.com.ar\/2021\/wp-content\/uploads\/2023\/02\/estela-Diaz-Silvia-zaballa-bordoni.jpg 1024w, https:\/\/www.noticiasradioreflejos.com.ar\/2021\/wp-content\/uploads\/2023\/02\/estela-Diaz-Silvia-zaballa-bordoni-300x200.jpg 300w, https:\/\/www.noticiasradioreflejos.com.ar\/2021\/wp-content\/uploads\/2023\/02\/estela-Diaz-Silvia-zaballa-bordoni-768x512.jpg 768w, https:\/\/www.noticiasradioreflejos.com.ar\/2021\/wp-content\/uploads\/2023\/02\/estela-Diaz-Silvia-zaballa-bordoni-750x500.jpg 750w\" sizes=\"auto, (max-width: 1024px) 100vw, 1024px\" \/><\/a><\/p>\n<p>De all\u00ed que \u201ccuando empezamos a escribirlo fue muy impactante, porque no nos hab\u00edamos dado cuenta como hab\u00eda avanzado y crecido todo el trabajo que ven\u00edamos realizando\u201d.<\/p>\n<p>En otro pasaje de la charla resalt\u00f3 que \u201cnunca tuve que decirle a alguien del Ministerio que ten\u00eda que venir. Nunca hubo que convencer a nadie para que vaya por ejemplo a Patagones y as\u00ed con todos los distritos. Pese a la pandemia hemos hecho un trabajo de mucho crecimiento en tema de pol\u00edtica de g\u00e9nero\u201d.<\/p>\n<p><iframe loading=\"lazy\" src=\"https:\/\/w.soundcloud.com\/player\/?url=https%3A\/\/api.soundcloud.com\/tracks\/1700911509&amp;color=%23ff5500&amp;auto_play=false&amp;hide_related=false&amp;show_comments=true&amp;show_user=true&amp;show_reposts=false&amp;show_teaser=true\" width=\"100%\" height=\"166\" frameborder=\"no\" scrolling=\"no\"><\/iframe><\/p>\n<div style=\"font-size: 10px; color: #cccccc; line-break: anywhere; word-break: normal; overflow: hidden; white-space: nowrap; text-overflow: ellipsis; font-family: Interstate,Lucida Grande,Lucida Sans Unicode,Lucida Sans,Garuda,Verdana,Tahoma,sans-serif; font-weight: 100;\"><a style=\"color: #cccccc; text-decoration: none;\" title=\"fmreflejos 103.7\" href=\"https:\/\/soundcloud.com\/fmreflejos-103-7\" target=\"_blank\" rel=\"noopener\">fmreflejos 103.7<\/a> \u00b7 <a style=\"color: #cccccc; text-decoration: none;\" title=\"Silvia Zaballa 27 - 12\" href=\"https:\/\/soundcloud.com\/fmreflejos-103-7\/silvia-zaballa-27-12\" target=\"_blank\" rel=\"noopener\">Silvia Zaballa 27 &#8211; 12<\/a><\/div>\n<h4><a title=\"Silvia Zaballa, Ministerio mujeres (4)\" href=\"https:\/\/www.flickr.com\/photos\/182279889@N02\/53424849029\/in\/dateposted-public\/\" data-flickr-embed=\"true\" data-footer=\"true\"><img loading=\"lazy\" decoding=\"async\" src=\"https:\/\/live.staticflickr.com\/65535\/53424849029_08c36bcbac_c.jpg\" alt=\"Silvia Zaballa, Ministerio mujeres (4)\" width=\"800\" height=\"539\" \/><\/a><\/h4>\n<h4>\n<p>Informe de Gesti\u00f3n<\/h4>\n<p style=\"margin: 12px auto 6px auto; font-family: Helvetica,Arial,Sans-serif; font-style: normal; font-variant: normal; font-weight: normal; font-size: 14px; line-height: normal; font-size-adjust: none; font-stretch: normal; -x-system-font: none; display: block;\"><a style=\"text-decoration: underline;\" title=\"View Informe de Gestion 2019 \u2013 2023 Version Corta 20-Dic on Scribd\" href=\"https:\/\/www.scribd.com\/document\/695130557\/Informe-de-Gestion-2019-2023-Version-Corta-20-Dic#from_embed\">Informe de Gestion 2019 \u2013 2023 Version Corta 20-Dic<\/a> by <a style=\"text-decoration: underline;\" title=\"View FM Reflejos Sierra de la Ventana's profile on Scribd\" href=\"https:\/\/es.scribd.com\/user\/128459674\/FM-Reflejos-Sierra-de-la-Ventana#from_embed\">FM Reflejos Sierra de la Ventana<\/a> on Scribd<\/p>\n<p><iframe loading=\"lazy\" id=\"doc_78300\" class=\"scribd_iframe_embed\" title=\"Informe de Gestion 2019 \u2013 2023 Version Corta 20-Dic\" src=\"https:\/\/es.scribd.com\/embeds\/695130557\/content?start_page=1&amp;view_mode=scroll&amp;access_key=key-RoS2qnTHZ2lAXsEOU5wL\" width=\"100%\" height=\"600\" frameborder=\"0\" scrolling=\"no\" data-auto-height=\"true\" data-aspect-ratio=\"0.707221350078493\"><\/iframe><script type=\"text\/javascript\">(function() { var scribd = document.createElement(\"script\"); scribd.type = \"text\/javascript\"; scribd.async = true; scribd.src = \"https:\/\/es.scribd.com\/javascripts\/embed_code\/inject.js\"; var s = document.getElementsByTagName(\"script\")[0]; s.parentNode.insertBefore(scribd, s); })();<\/script><\/p>\n","protected":false},"excerpt":{"rendered":"<p>As\u00ed lo asegur\u00f3 Silvia Zaballa, Directora regional del Ministerio de las Mujeres de la Provincia, en relaci\u00f3n al balance de estos cuatro a\u00f1os. \u201cNunca hubo que convencer a nadie del Ministerio para que venga al interior\u201d afirm\u00f3.<\/p>\n","protected":false},"author":3,"featured_media":0,"comment_status":"closed","ping_status":"closed","sticky":false,"template":"","format":"standard","meta":{"footnotes":""},"categories":[24,26],"tags":[48],"class_list":["post-96993","post","type-post","status-publish","format-standard","hentry","category-politica","category-sociedad","tag-destacada"],"yoast_head":"<!-- This site is optimized with the Yoast SEO plugin v25.9 - https:\/\/yoast.com\/wordpress\/plugins\/seo\/ -->\n<title>\u201cHemos hecho un trabajo de mucho crecimiento en tema de pol\u00edticas de g\u00e9nero\u201d - Noticias Radio Reflejos<\/title>\n<meta name=\"robots\" content=\"index, follow, max-snippet:-1, max-image-preview:large, max-video-preview:-1\" \/>\n<link rel=\"canonical\" href=\"https:\/\/www.noticiasradioreflejos.com.ar\/2021\/hemos-hecho-un-trabajo-de-mucho-crecimiento-en-tema-de-politicas-de-genero\/\" \/>\n<meta property=\"og:locale\" content=\"es_ES\" \/>\n<meta property=\"og:type\" content=\"article\" \/>\n<meta property=\"og:title\" content=\"\u201cHemos hecho un trabajo de mucho crecimiento en tema de pol\u00edticas de g\u00e9nero\u201d - Noticias Radio Reflejos\" \/>\n<meta property=\"og:description\" content=\"As\u00ed lo asegur\u00f3 Silvia Zaballa, Directora regional del Ministerio de las Mujeres de la Provincia, en relaci\u00f3n al balance de estos cuatro a\u00f1os. \u201cNunca hubo que convencer a nadie del Ministerio para que venga al interior\u201d afirm\u00f3.\" \/>\n<meta property=\"og:url\" content=\"https:\/\/www.noticiasradioreflejos.com.ar\/2021\/hemos-hecho-un-trabajo-de-mucho-crecimiento-en-tema-de-politicas-de-genero\/\" \/>\n<meta property=\"og:site_name\" content=\"Noticias Radio Reflejos\" \/>\n<meta property=\"article:published_time\" content=\"2023-12-27T17:08:49+00:00\" \/>\n<meta property=\"article:modified_time\" content=\"2023-12-27T17:39:07+00:00\" \/>\n<meta property=\"og:image\" content=\"https:\/\/live.staticflickr.com\/65535\/53424849094_2022e5f01a_c.jpg\" \/>\n<meta name=\"author\" content=\"Arnaldo Botto\" \/>\n<meta name=\"twitter:card\" content=\"summary_large_image\" \/>\n<script type=\"application\/ld+json\" class=\"yoast-schema-graph\">{\"@context\":\"https:\/\/schema.org\",\"@graph\":[{\"@type\":\"WebPage\",\"@id\":\"https:\/\/www.noticiasradioreflejos.com.ar\/2021\/hemos-hecho-un-trabajo-de-mucho-crecimiento-en-tema-de-politicas-de-genero\/\",\"url\":\"https:\/\/www.noticiasradioreflejos.com.ar\/2021\/hemos-hecho-un-trabajo-de-mucho-crecimiento-en-tema-de-politicas-de-genero\/\",\"name\":\"\u201cHemos hecho un trabajo de mucho crecimiento en tema de pol\u00edticas de g\u00e9nero\u201d - Noticias Radio Reflejos\",\"isPartOf\":{\"@id\":\"https:\/\/www.noticiasradioreflejos.com.ar\/2021\/#website\"},\"primaryImageOfPage\":{\"@id\":\"https:\/\/www.noticiasradioreflejos.com.ar\/2021\/hemos-hecho-un-trabajo-de-mucho-crecimiento-en-tema-de-politicas-de-genero\/#primaryimage\"},\"image\":{\"@id\":\"https:\/\/www.noticiasradioreflejos.com.ar\/2021\/hemos-hecho-un-trabajo-de-mucho-crecimiento-en-tema-de-politicas-de-genero\/#primaryimage\"},\"thumbnailUrl\":\"https:\/\/live.staticflickr.com\/65535\/53424849094_2022e5f01a_c.jpg\",\"datePublished\":\"2023-12-27T17:08:49+00:00\",\"dateModified\":\"2023-12-27T17:39:07+00:00\",\"author\":{\"@id\":\"https:\/\/www.noticiasradioreflejos.com.ar\/2021\/#\/schema\/person\/ad82545263dcc5ec0996818884fd5fb1\"},\"breadcrumb\":{\"@id\":\"https:\/\/www.noticiasradioreflejos.com.ar\/2021\/hemos-hecho-un-trabajo-de-mucho-crecimiento-en-tema-de-politicas-de-genero\/#breadcrumb\"},\"inLanguage\":\"es\",\"potentialAction\":[{\"@type\":\"ReadAction\",\"target\":[\"https:\/\/www.noticiasradioreflejos.com.ar\/2021\/hemos-hecho-un-trabajo-de-mucho-crecimiento-en-tema-de-politicas-de-genero\/\"]}]},{\"@type\":\"ImageObject\",\"inLanguage\":\"es\",\"@id\":\"https:\/\/www.noticiasradioreflejos.com.ar\/2021\/hemos-hecho-un-trabajo-de-mucho-crecimiento-en-tema-de-politicas-de-genero\/#primaryimage\",\"url\":\"https:\/\/live.staticflickr.com\/65535\/53424849094_2022e5f01a_c.jpg\",\"contentUrl\":\"https:\/\/live.staticflickr.com\/65535\/53424849094_2022e5f01a_c.jpg\"},{\"@type\":\"BreadcrumbList\",\"@id\":\"https:\/\/www.noticiasradioreflejos.com.ar\/2021\/hemos-hecho-un-trabajo-de-mucho-crecimiento-en-tema-de-politicas-de-genero\/#breadcrumb\",\"itemListElement\":[{\"@type\":\"ListItem\",\"position\":1,\"name\":\"Portada\",\"item\":\"https:\/\/www.noticiasradioreflejos.com.ar\/2021\/\"},{\"@type\":\"ListItem\",\"position\":2,\"name\":\"\u201cHemos hecho un trabajo de mucho crecimiento en tema de pol\u00edticas de g\u00e9nero\u201d\"}]},{\"@type\":\"WebSite\",\"@id\":\"https:\/\/www.noticiasradioreflejos.com.ar\/2021\/#website\",\"url\":\"https:\/\/www.noticiasradioreflejos.com.ar\/2021\/\",\"name\":\"Noticias Radio Reflejos\",\"description\":\"Las noticias de mi comarca\",\"potentialAction\":[{\"@type\":\"SearchAction\",\"target\":{\"@type\":\"EntryPoint\",\"urlTemplate\":\"https:\/\/www.noticiasradioreflejos.com.ar\/2021\/?s={search_term_string}\"},\"query-input\":{\"@type\":\"PropertyValueSpecification\",\"valueRequired\":true,\"valueName\":\"search_term_string\"}}],\"inLanguage\":\"es\"},{\"@type\":\"Person\",\"@id\":\"https:\/\/www.noticiasradioreflejos.com.ar\/2021\/#\/schema\/person\/ad82545263dcc5ec0996818884fd5fb1\",\"name\":\"Arnaldo Botto\",\"image\":{\"@type\":\"ImageObject\",\"inLanguage\":\"es\",\"@id\":\"https:\/\/www.noticiasradioreflejos.com.ar\/2021\/#\/schema\/person\/image\/\",\"url\":\"https:\/\/secure.gravatar.com\/avatar\/55cb5e37c1efa326397366e6974cb338056df65cb50e7d64d1cf314e87504837?s=96&d=mm&r=g\",\"contentUrl\":\"https:\/\/secure.gravatar.com\/avatar\/55cb5e37c1efa326397366e6974cb338056df65cb50e7d64d1cf314e87504837?s=96&d=mm&r=g\",\"caption\":\"Arnaldo Botto\"},\"url\":\"https:\/\/www.noticiasradioreflejos.com.ar\/2021\/author\/arnaldo\/\"}]}<\/script>\n<!-- \/ Yoast SEO plugin. -->","yoast_head_json":{"title":"\u201cHemos hecho un trabajo de mucho crecimiento en tema de pol\u00edticas de g\u00e9nero\u201d - Noticias Radio Reflejos","robots":{"index":"index","follow":"follow","max-snippet":"max-snippet:-1","max-image-preview":"max-image-preview:large","max-video-preview":"max-video-preview:-1"},"canonical":"https:\/\/www.noticiasradioreflejos.com.ar\/2021\/hemos-hecho-un-trabajo-de-mucho-crecimiento-en-tema-de-politicas-de-genero\/","og_locale":"es_ES","og_type":"article","og_title":"\u201cHemos hecho un trabajo de mucho crecimiento en tema de pol\u00edticas de g\u00e9nero\u201d - Noticias Radio Reflejos","og_description":"As\u00ed lo asegur\u00f3 Silvia Zaballa, Directora regional del Ministerio de las Mujeres de la Provincia, en relaci\u00f3n al balance de estos cuatro a\u00f1os. \u201cNunca hubo que convencer a nadie del Ministerio para que venga al interior\u201d afirm\u00f3.","og_url":"https:\/\/www.noticiasradioreflejos.com.ar\/2021\/hemos-hecho-un-trabajo-de-mucho-crecimiento-en-tema-de-politicas-de-genero\/","og_site_name":"Noticias Radio Reflejos","article_published_time":"2023-12-27T17:08:49+00:00","article_modified_time":"2023-12-27T17:39:07+00:00","og_image":[{"url":"https:\/\/live.staticflickr.com\/65535\/53424849094_2022e5f01a_c.jpg","type":"","width":"","height":""}],"author":"Arnaldo Botto","twitter_card":"summary_large_image","schema":{"@context":"https:\/\/schema.org","@graph":[{"@type":"WebPage","@id":"https:\/\/www.noticiasradioreflejos.com.ar\/2021\/hemos-hecho-un-trabajo-de-mucho-crecimiento-en-tema-de-politicas-de-genero\/","url":"https:\/\/www.noticiasradioreflejos.com.ar\/2021\/hemos-hecho-un-trabajo-de-mucho-crecimiento-en-tema-de-politicas-de-genero\/","name":"\u201cHemos hecho un trabajo de mucho crecimiento en tema de pol\u00edticas de g\u00e9nero\u201d - Noticias Radio Reflejos","isPartOf":{"@id":"https:\/\/www.noticiasradioreflejos.com.ar\/2021\/#website"},"primaryImageOfPage":{"@id":"https:\/\/www.noticiasradioreflejos.com.ar\/2021\/hemos-hecho-un-trabajo-de-mucho-crecimiento-en-tema-de-politicas-de-genero\/#primaryimage"},"image":{"@id":"https:\/\/www.noticiasradioreflejos.com.ar\/2021\/hemos-hecho-un-trabajo-de-mucho-crecimiento-en-tema-de-politicas-de-genero\/#primaryimage"},"thumbnailUrl":"https:\/\/live.staticflickr.com\/65535\/53424849094_2022e5f01a_c.jpg","datePublished":"2023-12-27T17:08:49+00:00","dateModified":"2023-12-27T17:39:07+00:00","author":{"@id":"https:\/\/www.noticiasradioreflejos.com.ar\/2021\/#\/schema\/person\/ad82545263dcc5ec0996818884fd5fb1"},"breadcrumb":{"@id":"https:\/\/www.noticiasradioreflejos.com.ar\/2021\/hemos-hecho-un-trabajo-de-mucho-crecimiento-en-tema-de-politicas-de-genero\/#breadcrumb"},"inLanguage":"es","potentialAction":[{"@type":"ReadAction","target":["https:\/\/www.noticiasradioreflejos.com.ar\/2021\/hemos-hecho-un-trabajo-de-mucho-crecimiento-en-tema-de-politicas-de-genero\/"]}]},{"@type":"ImageObject","inLanguage":"es","@id":"https:\/\/www.noticiasradioreflejos.com.ar\/2021\/hemos-hecho-un-trabajo-de-mucho-crecimiento-en-tema-de-politicas-de-genero\/#primaryimage","url":"https:\/\/live.staticflickr.com\/65535\/53424849094_2022e5f01a_c.jpg","contentUrl":"https:\/\/live.staticflickr.com\/65535\/53424849094_2022e5f01a_c.jpg"},{"@type":"BreadcrumbList","@id":"https:\/\/www.noticiasradioreflejos.com.ar\/2021\/hemos-hecho-un-trabajo-de-mucho-crecimiento-en-tema-de-politicas-de-genero\/#breadcrumb","itemListElement":[{"@type":"ListItem","position":1,"name":"Portada","item":"https:\/\/www.noticiasradioreflejos.com.ar\/2021\/"},{"@type":"ListItem","position":2,"name":"\u201cHemos hecho un trabajo de mucho crecimiento en tema de pol\u00edticas de g\u00e9nero\u201d"}]},{"@type":"WebSite","@id":"https:\/\/www.noticiasradioreflejos.com.ar\/2021\/#website","url":"https:\/\/www.noticiasradioreflejos.com.ar\/2021\/","name":"Noticias Radio Reflejos","description":"Las noticias de mi comarca","potentialAction":[{"@type":"SearchAction","target":{"@type":"EntryPoint","urlTemplate":"https:\/\/www.noticiasradioreflejos.com.ar\/2021\/?s={search_term_string}"},"query-input":{"@type":"PropertyValueSpecification","valueRequired":true,"valueName":"search_term_string"}}],"inLanguage":"es"},{"@type":"Person","@id":"https:\/\/www.noticiasradioreflejos.com.ar\/2021\/#\/schema\/person\/ad82545263dcc5ec0996818884fd5fb1","name":"Arnaldo Botto","image":{"@type":"ImageObject","inLanguage":"es","@id":"https:\/\/www.noticiasradioreflejos.com.ar\/2021\/#\/schema\/person\/image\/","url":"https:\/\/secure.gravatar.com\/avatar\/55cb5e37c1efa326397366e6974cb338056df65cb50e7d64d1cf314e87504837?s=96&d=mm&r=g","contentUrl":"https:\/\/secure.gravatar.com\/avatar\/55cb5e37c1efa326397366e6974cb338056df65cb50e7d64d1cf314e87504837?s=96&d=mm&r=g","caption":"Arnaldo Botto"},"url":"https:\/\/www.noticiasradioreflejos.com.ar\/2021\/author\/arnaldo\/"}]}},"_links":{"self":[{"href":"https:\/\/www.noticiasradioreflejos.com.ar\/2021\/wp-json\/wp\/v2\/posts\/96993","targetHints":{"allow":["GET"]}}],"collection":[{"href":"https:\/\/www.noticiasradioreflejos.com.ar\/2021\/wp-json\/wp\/v2\/posts"}],"about":[{"href":"https:\/\/www.noticiasradioreflejos.com.ar\/2021\/wp-json\/wp\/v2\/types\/post"}],"author":[{"embeddable":true,"href":"https:\/\/www.noticiasradioreflejos.com.ar\/2021\/wp-json\/wp\/v2\/users\/3"}],"replies":[{"embeddable":true,"href":"https:\/\/www.noticiasradioreflejos.com.ar\/2021\/wp-json\/wp\/v2\/comments?post=96993"}],"version-history":[{"count":3,"href":"https:\/\/www.noticiasradioreflejos.com.ar\/2021\/wp-json\/wp\/v2\/posts\/96993\/revisions"}],"predecessor-version":[{"id":97010,"href":"https:\/\/www.noticiasradioreflejos.com.ar\/2021\/wp-json\/wp\/v2\/posts\/96993\/revisions\/97010"}],"wp:attachment":[{"href":"https:\/\/www.noticiasradioreflejos.com.ar\/2021\/wp-json\/wp\/v2\/media?parent=96993"}],"wp:term":[{"taxonomy":"category","embeddable":true,"href":"https:\/\/www.noticiasradioreflejos.com.ar\/2021\/wp-json\/wp\/v2\/categories?post=96993"},{"taxonomy":"post_tag","embeddable":true,"href":"https:\/\/www.noticiasradioreflejos.com.ar\/2021\/wp-json\/wp\/v2\/tags?post=96993"}],"curies":[{"name":"wp","href":"https:\/\/api.w.org\/{rel}","templated":true}]}}