{"id":96990,"date":"2023-12-27T14:12:49","date_gmt":"2023-12-27T14:12:49","guid":{"rendered":"https:\/\/www.noticiasradioreflejos.com.ar\/2021\/?p=96990"},"modified":"2023-12-27T14:12:49","modified_gmt":"2023-12-27T14:12:49","slug":"el-tren-solidario-partio-a-bahia-blanca-con-alimentos-para-los-afectados-por-el-temporal","status":"publish","type":"post","link":"https:\/\/www.noticiasradioreflejos.com.ar\/2021\/el-tren-solidario-partio-a-bahia-blanca-con-alimentos-para-los-afectados-por-el-temporal\/","title":{"rendered":"El Tren Solidario parti\u00f3 a Bah\u00eda Blanca con alimentos para los afectados por el temporal"},"content":{"rendered":"<div class=\"wrapper-header\">\n<div class=\"container-xl\">\n<div class=\"row\">\n<div class=\"col-12\">\n<div class=\"head-content mb-4\">\n<div class=\"my-3\">\n<div class=\"social mt-3\">La formaci\u00f3n, que sali\u00f3 de Constituci\u00f3n y que cuenta con el apoyo de Trenes Argentinos y de los sindicatos La Fraternidad, Uni\u00f3n Ferroviaria, UPSF y Se\u00f1aleros Ferroviarios, llegar\u00e1 este mi\u00e9rcoles a la ciudad del sur bonaerense con 7.500 kilos de comida no perecedera, ropa y agua mineral.<\/div>\n<\/div>\n<\/div>\n<\/div>\n<\/div>\n<\/div>\n<\/div>\n<p><!--more--><\/p>\n<div class=\"wrapper-editable-content\">\n<div class=\"wrapper-editable-content\">\n<div class=\"container-md\">\n<div class=\"row\">\n<div class=\"col-md-12 speak\">\n<div class=\"paragraph\">\n<figure class=\"mb-3\"><img decoding=\"async\" class=\" lazy \" src=\"https:\/\/www.telam.com.ar\/thumbs\/bluesteel\/advf\/imagenes\/2023\/12\/658b5bc2791a2_1200.jpg\" alt=\"En su 49 cruzada solidaria el Tren Solidario arribar a Baha Blanca con 7500 kilos de comida ropa y agua mineral Foto X\" width=\"100%\" height=\"100%\" \/><\/p>\n<div class=\"media-icons\"><em>En su 49\u00b0 cruzada solidaria, el Tren Solidario arribar\u00e1 a Bah\u00eda Blanca con 7.500 kilos de comida, ropa y agua mineral \/ Foto: X<\/em><\/div>\n<\/figure>\n<p><strong>El Tren Solidario parti\u00f3 este martes a Bah\u00eda Blanca con m\u00e1s de 7.500 kilos de alimentos destinados a los damnificados por el temporal\u00a0<\/strong>que azot\u00f3 la ciudad provocando la muerte de 13 personas, cientos de heridos, miles de evacuados y da\u00f1os materiales millonarios.<\/p>\n<p><strong>La formaci\u00f3n que parti\u00f3 el pasado martes desde la estaci\u00f3n Plaza Constituci\u00f3n del ferrocarril Roca arrib\u00f3 pasadas las 8.30 a Bah\u00eda Blanca<\/strong>\u00a0donde fue recibido con un fuerte aplauso por el intendente Federico Susbielles, entre otras autoridades comunales y vecinos.<\/p>\n<p>Se trata de la 49na. cruzada solidaria de esta especial formaci\u00f3n ferroviaria, que lleva alimentos no perecederos, prendas de vestir, agua mineral y elementos de limpieza, que ser\u00e1n distribuidos en comedores escolares, hogares e iglesias de Bah\u00eda Blanca que fueron afectadas por el temporal.<\/p>\n<p>Al respecto, Susbielles dijo:\u00a0<strong>\u00abToda mano solidaria que llega a Bah\u00eda emociona, se agradece, son muchos esfuerzos que se han sido sumando\u00bb.<\/strong><\/p>\n<figure class=\"mb-3\"><img decoding=\"async\" class=\" lazy \" src=\"https:\/\/www.telam.com.ar\/thumbs\/bluesteel\/advf\/imagenes\/2023\/12\/658b5bc257b46_1200.jpg\" alt=\"Foto X\" width=\"100%\" height=\"100%\" \/><\/p>\n<div class=\"media-icons\">Foto: X<\/div>\n<\/figure>\n<p>\u00abVa llegando el acompa\u00f1amiento de todo el pa\u00eds que sin duda nos hace falta, estamos volviendo a normalizar, tenemos mucho por hacer en la reconstrucci\u00f3n y est\u00e1 claro que la seguridad alimentaria es un tema importante para lo que viene\u00bb, afirm\u00f3 el intendente a la prensa.<\/p>\n<p>Por su parte el director del Tren Solidario, Sergio Rojas, expres\u00f3:\u00a0<strong>\u00abHemos juntado 7.500 kilos que van a ser distribuidos en las instituciones que hemos trabajado junto al municipio\u00bb.<\/strong><\/p>\n<p>\u00abNos pone contentos ayudar desde nuestro lugar y que el ferrocarril que est\u00e1n importante para nuestro pa\u00eds sea tomado en cuenta como lo venimos haciendo desde hace mucho tiempo\u00bb, dijo.<\/p>\n<p>Rojas expres\u00f3 que\u00a0<strong>\u00aben una \u00e9poca tan importante como son las fiestas poder dar una ayuda de nuestro lugar es muy gratificante y llena de emoci\u00f3n\u00bb.<\/strong><\/p>\n<p>La cruzada cont\u00f3 con el apoyo de los dos sindicatos ferroviarios La Fraternidad, Uni\u00f3n Ferroviaria, UPSF y Se\u00f1aleros Ferroviarios que, adem\u00e1s de donaciones, aportan el personal para poder realizar la corrida de este Tren Solidario.<\/p>\n<figure class=\"mb-3\"><img decoding=\"async\" class=\" lazy \" src=\"https:\/\/www.telam.com.ar\/thumbs\/bluesteel\/advf\/imagenes\/2023\/12\/658b5bc298d76_1200.jpg\" alt=\"Foto X\" width=\"100%\" height=\"100%\" \/><\/p>\n<div class=\"media-icons\">Foto: X<\/div>\n<\/figure>\n<p>Adem\u00e1s, cuenta con el apoyo operativo de Trenes Argentinos que aporta la operaci\u00f3n ferroviaria y el material rodante para la concreci\u00f3n de la cruzada solidaria, conjuntamente con Ferrosur Roca y Ferroexpreso Pampeano.<\/p>\n<p><strong>El Tren Solidario viene llevando adelante cruzadas desde el 2001<\/strong>, y durante estos a\u00f1os visitaron m\u00e1s de 48 localidades a lo largo y ancho del pa\u00eds, se recorrieron unos 31.778 kil\u00f3metros transportando 742.000 kilos de alimentos a poblados donde hace m\u00e1s de dos d\u00e9cadas que no llegan los trenes de pasajeros.<\/p>\n<p>La organizaci\u00f3n de cada Tren Solidario la lleva adelante la Revista Rieles (www.rieles.com), un medio de informaci\u00f3n especializado del sector ferroviario con m\u00e1s de 32 a\u00f1os de trayectoria.<\/p><\/div>\n<\/div>\n<\/div>\n<\/div>\n<\/div>\n<\/div>\n","protected":false},"excerpt":{"rendered":"<p>La formaci\u00f3n, que sali\u00f3 de Constituci\u00f3n y que cuenta con el apoyo de Trenes Argentinos y de los sindicatos La Fraternidad, Uni\u00f3n Ferroviaria, UPSF y Se\u00f1aleros Ferroviarios, llegar\u00e1 este mi\u00e9rcoles a la ciudad del sur bonaerense con 7.500 kilos de comida no perecedera, ropa y agua mineral.<\/p>\n","protected":false},"author":3,"featured_media":0,"comment_status":"closed","ping_status":"closed","sticky":false,"template":"","format":"standard","meta":{"footnotes":""},"categories":[26],"tags":[],"class_list":["post-96990","post","type-post","status-publish","format-standard","hentry","category-sociedad"],"yoast_head":"<!-- This site is optimized with the Yoast SEO plugin v25.9 - https:\/\/yoast.com\/wordpress\/plugins\/seo\/ -->\n<title>El Tren Solidario parti\u00f3 a Bah\u00eda Blanca con alimentos para los afectados por el temporal - Noticias Radio Reflejos<\/title>\n<meta name=\"robots\" content=\"index, follow, max-snippet:-1, max-image-preview:large, max-video-preview:-1\" \/>\n<link rel=\"canonical\" href=\"https:\/\/www.noticiasradioreflejos.com.ar\/2021\/el-tren-solidario-partio-a-bahia-blanca-con-alimentos-para-los-afectados-por-el-temporal\/\" \/>\n<meta property=\"og:locale\" content=\"es_ES\" \/>\n<meta property=\"og:type\" content=\"article\" \/>\n<meta property=\"og:title\" content=\"El Tren Solidario parti\u00f3 a Bah\u00eda Blanca con alimentos para los afectados por el temporal - Noticias Radio Reflejos\" \/>\n<meta property=\"og:description\" content=\"La formaci\u00f3n, que sali\u00f3 de Constituci\u00f3n y que cuenta con el apoyo de Trenes Argentinos y de los sindicatos La Fraternidad, Uni\u00f3n Ferroviaria, UPSF y Se\u00f1aleros Ferroviarios, llegar\u00e1 este mi\u00e9rcoles a la ciudad del sur bonaerense con 7.500 kilos de comida no perecedera, ropa y agua mineral.\" \/>\n<meta property=\"og:url\" content=\"https:\/\/www.noticiasradioreflejos.com.ar\/2021\/el-tren-solidario-partio-a-bahia-blanca-con-alimentos-para-los-afectados-por-el-temporal\/\" \/>\n<meta property=\"og:site_name\" content=\"Noticias Radio Reflejos\" \/>\n<meta property=\"article:published_time\" content=\"2023-12-27T14:12:49+00:00\" \/>\n<meta property=\"og:image\" content=\"https:\/\/www.telam.com.ar\/thumbs\/bluesteel\/advf\/imagenes\/2023\/12\/658b5bc2791a2_1200.jpg\" \/>\n<meta name=\"author\" content=\"Arnaldo Botto\" \/>\n<meta name=\"twitter:card\" content=\"summary_large_image\" \/>\n<script type=\"application\/ld+json\" class=\"yoast-schema-graph\">{\"@context\":\"https:\/\/schema.org\",\"@graph\":[{\"@type\":\"WebPage\",\"@id\":\"https:\/\/www.noticiasradioreflejos.com.ar\/2021\/el-tren-solidario-partio-a-bahia-blanca-con-alimentos-para-los-afectados-por-el-temporal\/\",\"url\":\"https:\/\/www.noticiasradioreflejos.com.ar\/2021\/el-tren-solidario-partio-a-bahia-blanca-con-alimentos-para-los-afectados-por-el-temporal\/\",\"name\":\"El Tren Solidario parti\u00f3 a Bah\u00eda Blanca con alimentos para los afectados por el temporal - Noticias Radio Reflejos\",\"isPartOf\":{\"@id\":\"https:\/\/www.noticiasradioreflejos.com.ar\/2021\/#website\"},\"primaryImageOfPage\":{\"@id\":\"https:\/\/www.noticiasradioreflejos.com.ar\/2021\/el-tren-solidario-partio-a-bahia-blanca-con-alimentos-para-los-afectados-por-el-temporal\/#primaryimage\"},\"image\":{\"@id\":\"https:\/\/www.noticiasradioreflejos.com.ar\/2021\/el-tren-solidario-partio-a-bahia-blanca-con-alimentos-para-los-afectados-por-el-temporal\/#primaryimage\"},\"thumbnailUrl\":\"https:\/\/www.telam.com.ar\/thumbs\/bluesteel\/advf\/imagenes\/2023\/12\/658b5bc2791a2_1200.jpg\",\"datePublished\":\"2023-12-27T14:12:49+00:00\",\"author\":{\"@id\":\"https:\/\/www.noticiasradioreflejos.com.ar\/2021\/#\/schema\/person\/ad82545263dcc5ec0996818884fd5fb1\"},\"breadcrumb\":{\"@id\":\"https:\/\/www.noticiasradioreflejos.com.ar\/2021\/el-tren-solidario-partio-a-bahia-blanca-con-alimentos-para-los-afectados-por-el-temporal\/#breadcrumb\"},\"inLanguage\":\"es\",\"potentialAction\":[{\"@type\":\"ReadAction\",\"target\":[\"https:\/\/www.noticiasradioreflejos.com.ar\/2021\/el-tren-solidario-partio-a-bahia-blanca-con-alimentos-para-los-afectados-por-el-temporal\/\"]}]},{\"@type\":\"ImageObject\",\"inLanguage\":\"es\",\"@id\":\"https:\/\/www.noticiasradioreflejos.com.ar\/2021\/el-tren-solidario-partio-a-bahia-blanca-con-alimentos-para-los-afectados-por-el-temporal\/#primaryimage\",\"url\":\"https:\/\/www.telam.com.ar\/thumbs\/bluesteel\/advf\/imagenes\/2023\/12\/658b5bc2791a2_1200.jpg\",\"contentUrl\":\"https:\/\/www.telam.com.ar\/thumbs\/bluesteel\/advf\/imagenes\/2023\/12\/658b5bc2791a2_1200.jpg\"},{\"@type\":\"BreadcrumbList\",\"@id\":\"https:\/\/www.noticiasradioreflejos.com.ar\/2021\/el-tren-solidario-partio-a-bahia-blanca-con-alimentos-para-los-afectados-por-el-temporal\/#breadcrumb\",\"itemListElement\":[{\"@type\":\"ListItem\",\"position\":1,\"name\":\"Portada\",\"item\":\"https:\/\/www.noticiasradioreflejos.com.ar\/2021\/\"},{\"@type\":\"ListItem\",\"position\":2,\"name\":\"El Tren Solidario parti\u00f3 a Bah\u00eda Blanca con alimentos para los afectados por el temporal\"}]},{\"@type\":\"WebSite\",\"@id\":\"https:\/\/www.noticiasradioreflejos.com.ar\/2021\/#website\",\"url\":\"https:\/\/www.noticiasradioreflejos.com.ar\/2021\/\",\"name\":\"Noticias Radio Reflejos\",\"description\":\"Las noticias de mi comarca\",\"potentialAction\":[{\"@type\":\"SearchAction\",\"target\":{\"@type\":\"EntryPoint\",\"urlTemplate\":\"https:\/\/www.noticiasradioreflejos.com.ar\/2021\/?s={search_term_string}\"},\"query-input\":{\"@type\":\"PropertyValueSpecification\",\"valueRequired\":true,\"valueName\":\"search_term_string\"}}],\"inLanguage\":\"es\"},{\"@type\":\"Person\",\"@id\":\"https:\/\/www.noticiasradioreflejos.com.ar\/2021\/#\/schema\/person\/ad82545263dcc5ec0996818884fd5fb1\",\"name\":\"Arnaldo Botto\",\"image\":{\"@type\":\"ImageObject\",\"inLanguage\":\"es\",\"@id\":\"https:\/\/www.noticiasradioreflejos.com.ar\/2021\/#\/schema\/person\/image\/\",\"url\":\"https:\/\/secure.gravatar.com\/avatar\/55cb5e37c1efa326397366e6974cb338056df65cb50e7d64d1cf314e87504837?s=96&d=mm&r=g\",\"contentUrl\":\"https:\/\/secure.gravatar.com\/avatar\/55cb5e37c1efa326397366e6974cb338056df65cb50e7d64d1cf314e87504837?s=96&d=mm&r=g\",\"caption\":\"Arnaldo Botto\"},\"url\":\"https:\/\/www.noticiasradioreflejos.com.ar\/2021\/author\/arnaldo\/\"}]}<\/script>\n<!-- \/ Yoast SEO plugin. -->","yoast_head_json":{"title":"El Tren Solidario parti\u00f3 a Bah\u00eda Blanca con alimentos para los afectados por el temporal - Noticias Radio Reflejos","robots":{"index":"index","follow":"follow","max-snippet":"max-snippet:-1","max-image-preview":"max-image-preview:large","max-video-preview":"max-video-preview:-1"},"canonical":"https:\/\/www.noticiasradioreflejos.com.ar\/2021\/el-tren-solidario-partio-a-bahia-blanca-con-alimentos-para-los-afectados-por-el-temporal\/","og_locale":"es_ES","og_type":"article","og_title":"El Tren Solidario parti\u00f3 a Bah\u00eda Blanca con alimentos para los afectados por el temporal - Noticias Radio Reflejos","og_description":"La formaci\u00f3n, que sali\u00f3 de Constituci\u00f3n y que cuenta con el apoyo de Trenes Argentinos y de los sindicatos La Fraternidad, Uni\u00f3n Ferroviaria, UPSF y Se\u00f1aleros Ferroviarios, llegar\u00e1 este mi\u00e9rcoles a la ciudad del sur bonaerense con 7.500 kilos de comida no perecedera, ropa y agua mineral.","og_url":"https:\/\/www.noticiasradioreflejos.com.ar\/2021\/el-tren-solidario-partio-a-bahia-blanca-con-alimentos-para-los-afectados-por-el-temporal\/","og_site_name":"Noticias Radio Reflejos","article_published_time":"2023-12-27T14:12:49+00:00","og_image":[{"url":"https:\/\/www.telam.com.ar\/thumbs\/bluesteel\/advf\/imagenes\/2023\/12\/658b5bc2791a2_1200.jpg","type":"","width":"","height":""}],"author":"Arnaldo Botto","twitter_card":"summary_large_image","schema":{"@context":"https:\/\/schema.org","@graph":[{"@type":"WebPage","@id":"https:\/\/www.noticiasradioreflejos.com.ar\/2021\/el-tren-solidario-partio-a-bahia-blanca-con-alimentos-para-los-afectados-por-el-temporal\/","url":"https:\/\/www.noticiasradioreflejos.com.ar\/2021\/el-tren-solidario-partio-a-bahia-blanca-con-alimentos-para-los-afectados-por-el-temporal\/","name":"El Tren Solidario parti\u00f3 a Bah\u00eda Blanca con alimentos para los afectados por el temporal - Noticias Radio Reflejos","isPartOf":{"@id":"https:\/\/www.noticiasradioreflejos.com.ar\/2021\/#website"},"primaryImageOfPage":{"@id":"https:\/\/www.noticiasradioreflejos.com.ar\/2021\/el-tren-solidario-partio-a-bahia-blanca-con-alimentos-para-los-afectados-por-el-temporal\/#primaryimage"},"image":{"@id":"https:\/\/www.noticiasradioreflejos.com.ar\/2021\/el-tren-solidario-partio-a-bahia-blanca-con-alimentos-para-los-afectados-por-el-temporal\/#primaryimage"},"thumbnailUrl":"https:\/\/www.telam.com.ar\/thumbs\/bluesteel\/advf\/imagenes\/2023\/12\/658b5bc2791a2_1200.jpg","datePublished":"2023-12-27T14:12:49+00:00","author":{"@id":"https:\/\/www.noticiasradioreflejos.com.ar\/2021\/#\/schema\/person\/ad82545263dcc5ec0996818884fd5fb1"},"breadcrumb":{"@id":"https:\/\/www.noticiasradioreflejos.com.ar\/2021\/el-tren-solidario-partio-a-bahia-blanca-con-alimentos-para-los-afectados-por-el-temporal\/#breadcrumb"},"inLanguage":"es","potentialAction":[{"@type":"ReadAction","target":["https:\/\/www.noticiasradioreflejos.com.ar\/2021\/el-tren-solidario-partio-a-bahia-blanca-con-alimentos-para-los-afectados-por-el-temporal\/"]}]},{"@type":"ImageObject","inLanguage":"es","@id":"https:\/\/www.noticiasradioreflejos.com.ar\/2021\/el-tren-solidario-partio-a-bahia-blanca-con-alimentos-para-los-afectados-por-el-temporal\/#primaryimage","url":"https:\/\/www.telam.com.ar\/thumbs\/bluesteel\/advf\/imagenes\/2023\/12\/658b5bc2791a2_1200.jpg","contentUrl":"https:\/\/www.telam.com.ar\/thumbs\/bluesteel\/advf\/imagenes\/2023\/12\/658b5bc2791a2_1200.jpg"},{"@type":"BreadcrumbList","@id":"https:\/\/www.noticiasradioreflejos.com.ar\/2021\/el-tren-solidario-partio-a-bahia-blanca-con-alimentos-para-los-afectados-por-el-temporal\/#breadcrumb","itemListElement":[{"@type":"ListItem","position":1,"name":"Portada","item":"https:\/\/www.noticiasradioreflejos.com.ar\/2021\/"},{"@type":"ListItem","position":2,"name":"El Tren Solidario parti\u00f3 a Bah\u00eda Blanca con alimentos para los afectados por el temporal"}]},{"@type":"WebSite","@id":"https:\/\/www.noticiasradioreflejos.com.ar\/2021\/#website","url":"https:\/\/www.noticiasradioreflejos.com.ar\/2021\/","name":"Noticias Radio Reflejos","description":"Las noticias de mi comarca","potentialAction":[{"@type":"SearchAction","target":{"@type":"EntryPoint","urlTemplate":"https:\/\/www.noticiasradioreflejos.com.ar\/2021\/?s={search_term_string}"},"query-input":{"@type":"PropertyValueSpecification","valueRequired":true,"valueName":"search_term_string"}}],"inLanguage":"es"},{"@type":"Person","@id":"https:\/\/www.noticiasradioreflejos.com.ar\/2021\/#\/schema\/person\/ad82545263dcc5ec0996818884fd5fb1","name":"Arnaldo Botto","image":{"@type":"ImageObject","inLanguage":"es","@id":"https:\/\/www.noticiasradioreflejos.com.ar\/2021\/#\/schema\/person\/image\/","url":"https:\/\/secure.gravatar.com\/avatar\/55cb5e37c1efa326397366e6974cb338056df65cb50e7d64d1cf314e87504837?s=96&d=mm&r=g","contentUrl":"https:\/\/secure.gravatar.com\/avatar\/55cb5e37c1efa326397366e6974cb338056df65cb50e7d64d1cf314e87504837?s=96&d=mm&r=g","caption":"Arnaldo Botto"},"url":"https:\/\/www.noticiasradioreflejos.com.ar\/2021\/author\/arnaldo\/"}]}},"_links":{"self":[{"href":"https:\/\/www.noticiasradioreflejos.com.ar\/2021\/wp-json\/wp\/v2\/posts\/96990","targetHints":{"allow":["GET"]}}],"collection":[{"href":"https:\/\/www.noticiasradioreflejos.com.ar\/2021\/wp-json\/wp\/v2\/posts"}],"about":[{"href":"https:\/\/www.noticiasradioreflejos.com.ar\/2021\/wp-json\/wp\/v2\/types\/post"}],"author":[{"embeddable":true,"href":"https:\/\/www.noticiasradioreflejos.com.ar\/2021\/wp-json\/wp\/v2\/users\/3"}],"replies":[{"embeddable":true,"href":"https:\/\/www.noticiasradioreflejos.com.ar\/2021\/wp-json\/wp\/v2\/comments?post=96990"}],"version-history":[{"count":1,"href":"https:\/\/www.noticiasradioreflejos.com.ar\/2021\/wp-json\/wp\/v2\/posts\/96990\/revisions"}],"predecessor-version":[{"id":96992,"href":"https:\/\/www.noticiasradioreflejos.com.ar\/2021\/wp-json\/wp\/v2\/posts\/96990\/revisions\/96992"}],"wp:attachment":[{"href":"https:\/\/www.noticiasradioreflejos.com.ar\/2021\/wp-json\/wp\/v2\/media?parent=96990"}],"wp:term":[{"taxonomy":"category","embeddable":true,"href":"https:\/\/www.noticiasradioreflejos.com.ar\/2021\/wp-json\/wp\/v2\/categories?post=96990"},{"taxonomy":"post_tag","embeddable":true,"href":"https:\/\/www.noticiasradioreflejos.com.ar\/2021\/wp-json\/wp\/v2\/tags?post=96990"}],"curies":[{"name":"wp","href":"https:\/\/api.w.org\/{rel}","templated":true}]}}