{"id":96983,"date":"2023-12-27T11:43:33","date_gmt":"2023-12-27T11:43:33","guid":{"rendered":"https:\/\/www.noticiasradioreflejos.com.ar\/2021\/?p=96983"},"modified":"2023-12-27T11:43:33","modified_gmt":"2023-12-27T11:43:33","slug":"abajo-el-dnu-habra-movilizacion-y-concentracion-frente-al-palacio-municipal","status":"publish","type":"post","link":"https:\/\/www.noticiasradioreflejos.com.ar\/2021\/abajo-el-dnu-habra-movilizacion-y-concentracion-frente-al-palacio-municipal\/","title":{"rendered":"\u00abAbajo el DNU\u00bb: Habr\u00e1 movilizaci\u00f3n y concentraci\u00f3n frente al palacio municipal"},"content":{"rendered":"<p>Organizaciones pol\u00edticas,\u00a0 sindicales y vecinos, convocan a una concentraci\u00f3n en la <strong>plaza Ernesto Tornquist<\/strong>,\u00a0 este mi\u00e9rcoles 27 de diciembre a las 16,30 horas bajo el lema <strong>\u00abNi un ajuste ajuste m\u00e1s, ni un derecho menos\u00bb.<\/strong><!--more--><\/p>\n<p><a title=\"WhatsApp Image 2023-12-26 at 14.44.15\" href=\"https:\/\/www.flickr.com\/photos\/182279889@N02\/53423979366\/in\/dateposted-public\/\" data-flickr-embed=\"true\" data-footer=\"true\"><img loading=\"lazy\" decoding=\"async\" src=\"https:\/\/live.staticflickr.com\/65535\/53423979366_c226992166_c.jpg\" alt=\"WhatsApp Image 2023-12-26 at 14.44.15\" width=\"800\" height=\"800\" \/><\/a><script async src=\"\/\/embedr.flickr.com\/assets\/client-code.js\" charset=\"utf-8\"><\/script><\/p>\n","protected":false},"excerpt":{"rendered":"<p>Organizaciones pol\u00edticas,\u00a0 sindicales y vecinos, convocan a una concentraci\u00f3n en la plaza Ernesto Tornquist,\u00a0 este mi\u00e9rcoles 27 de diciembre a las 16,30 horas bajo el lema \u00abNi un ajuste ajuste m\u00e1s, ni un derecho menos\u00bb.<\/p>\n","protected":false},"author":3,"featured_media":0,"comment_status":"closed","ping_status":"closed","sticky":false,"template":"","format":"standard","meta":{"footnotes":""},"categories":[24],"tags":[],"class_list":["post-96983","post","type-post","status-publish","format-standard","hentry","category-politica"],"yoast_head":"<!-- This site is optimized with the Yoast SEO plugin v25.9 - https:\/\/yoast.com\/wordpress\/plugins\/seo\/ -->\n<title>&quot;Abajo el DNU&quot;: Habr\u00e1 movilizaci\u00f3n y concentraci\u00f3n frente al palacio municipal - Noticias Radio Reflejos<\/title>\n<meta name=\"robots\" content=\"index, follow, max-snippet:-1, max-image-preview:large, max-video-preview:-1\" \/>\n<link rel=\"canonical\" href=\"https:\/\/www.noticiasradioreflejos.com.ar\/2021\/abajo-el-dnu-habra-movilizacion-y-concentracion-frente-al-palacio-municipal\/\" \/>\n<meta property=\"og:locale\" content=\"es_ES\" \/>\n<meta property=\"og:type\" content=\"article\" \/>\n<meta property=\"og:title\" content=\"&quot;Abajo el DNU&quot;: Habr\u00e1 movilizaci\u00f3n y concentraci\u00f3n frente al palacio municipal - Noticias Radio Reflejos\" \/>\n<meta property=\"og:description\" content=\"Organizaciones pol\u00edticas,\u00a0 sindicales y vecinos, convocan a una concentraci\u00f3n en la plaza Ernesto Tornquist,\u00a0 este mi\u00e9rcoles 27 de diciembre a las 16,30 horas bajo el lema \u00abNi un ajuste ajuste m\u00e1s, ni un derecho menos\u00bb.\" \/>\n<meta property=\"og:url\" content=\"https:\/\/www.noticiasradioreflejos.com.ar\/2021\/abajo-el-dnu-habra-movilizacion-y-concentracion-frente-al-palacio-municipal\/\" \/>\n<meta property=\"og:site_name\" content=\"Noticias Radio Reflejos\" \/>\n<meta property=\"article:published_time\" content=\"2023-12-27T11:43:33+00:00\" \/>\n<meta property=\"og:image\" content=\"https:\/\/live.staticflickr.com\/65535\/53423979366_c226992166_c.jpg\" \/>\n<meta name=\"author\" content=\"Arnaldo Botto\" \/>\n<meta name=\"twitter:card\" content=\"summary_large_image\" \/>\n<script type=\"application\/ld+json\" class=\"yoast-schema-graph\">{\"@context\":\"https:\/\/schema.org\",\"@graph\":[{\"@type\":\"WebPage\",\"@id\":\"https:\/\/www.noticiasradioreflejos.com.ar\/2021\/abajo-el-dnu-habra-movilizacion-y-concentracion-frente-al-palacio-municipal\/\",\"url\":\"https:\/\/www.noticiasradioreflejos.com.ar\/2021\/abajo-el-dnu-habra-movilizacion-y-concentracion-frente-al-palacio-municipal\/\",\"name\":\"\\\"Abajo el DNU\\\": Habr\u00e1 movilizaci\u00f3n y concentraci\u00f3n frente al palacio municipal - Noticias Radio Reflejos\",\"isPartOf\":{\"@id\":\"https:\/\/www.noticiasradioreflejos.com.ar\/2021\/#website\"},\"primaryImageOfPage\":{\"@id\":\"https:\/\/www.noticiasradioreflejos.com.ar\/2021\/abajo-el-dnu-habra-movilizacion-y-concentracion-frente-al-palacio-municipal\/#primaryimage\"},\"image\":{\"@id\":\"https:\/\/www.noticiasradioreflejos.com.ar\/2021\/abajo-el-dnu-habra-movilizacion-y-concentracion-frente-al-palacio-municipal\/#primaryimage\"},\"thumbnailUrl\":\"https:\/\/live.staticflickr.com\/65535\/53423979366_c226992166_c.jpg\",\"datePublished\":\"2023-12-27T11:43:33+00:00\",\"author\":{\"@id\":\"https:\/\/www.noticiasradioreflejos.com.ar\/2021\/#\/schema\/person\/ad82545263dcc5ec0996818884fd5fb1\"},\"breadcrumb\":{\"@id\":\"https:\/\/www.noticiasradioreflejos.com.ar\/2021\/abajo-el-dnu-habra-movilizacion-y-concentracion-frente-al-palacio-municipal\/#breadcrumb\"},\"inLanguage\":\"es\",\"potentialAction\":[{\"@type\":\"ReadAction\",\"target\":[\"https:\/\/www.noticiasradioreflejos.com.ar\/2021\/abajo-el-dnu-habra-movilizacion-y-concentracion-frente-al-palacio-municipal\/\"]}]},{\"@type\":\"ImageObject\",\"inLanguage\":\"es\",\"@id\":\"https:\/\/www.noticiasradioreflejos.com.ar\/2021\/abajo-el-dnu-habra-movilizacion-y-concentracion-frente-al-palacio-municipal\/#primaryimage\",\"url\":\"https:\/\/live.staticflickr.com\/65535\/53423979366_c226992166_c.jpg\",\"contentUrl\":\"https:\/\/live.staticflickr.com\/65535\/53423979366_c226992166_c.jpg\"},{\"@type\":\"BreadcrumbList\",\"@id\":\"https:\/\/www.noticiasradioreflejos.com.ar\/2021\/abajo-el-dnu-habra-movilizacion-y-concentracion-frente-al-palacio-municipal\/#breadcrumb\",\"itemListElement\":[{\"@type\":\"ListItem\",\"position\":1,\"name\":\"Portada\",\"item\":\"https:\/\/www.noticiasradioreflejos.com.ar\/2021\/\"},{\"@type\":\"ListItem\",\"position\":2,\"name\":\"\u00abAbajo el DNU\u00bb: Habr\u00e1 movilizaci\u00f3n y concentraci\u00f3n frente al palacio municipal\"}]},{\"@type\":\"WebSite\",\"@id\":\"https:\/\/www.noticiasradioreflejos.com.ar\/2021\/#website\",\"url\":\"https:\/\/www.noticiasradioreflejos.com.ar\/2021\/\",\"name\":\"Noticias Radio Reflejos\",\"description\":\"Las noticias de mi comarca\",\"potentialAction\":[{\"@type\":\"SearchAction\",\"target\":{\"@type\":\"EntryPoint\",\"urlTemplate\":\"https:\/\/www.noticiasradioreflejos.com.ar\/2021\/?s={search_term_string}\"},\"query-input\":{\"@type\":\"PropertyValueSpecification\",\"valueRequired\":true,\"valueName\":\"search_term_string\"}}],\"inLanguage\":\"es\"},{\"@type\":\"Person\",\"@id\":\"https:\/\/www.noticiasradioreflejos.com.ar\/2021\/#\/schema\/person\/ad82545263dcc5ec0996818884fd5fb1\",\"name\":\"Arnaldo Botto\",\"image\":{\"@type\":\"ImageObject\",\"inLanguage\":\"es\",\"@id\":\"https:\/\/www.noticiasradioreflejos.com.ar\/2021\/#\/schema\/person\/image\/\",\"url\":\"https:\/\/secure.gravatar.com\/avatar\/55cb5e37c1efa326397366e6974cb338056df65cb50e7d64d1cf314e87504837?s=96&d=mm&r=g\",\"contentUrl\":\"https:\/\/secure.gravatar.com\/avatar\/55cb5e37c1efa326397366e6974cb338056df65cb50e7d64d1cf314e87504837?s=96&d=mm&r=g\",\"caption\":\"Arnaldo Botto\"},\"url\":\"https:\/\/www.noticiasradioreflejos.com.ar\/2021\/author\/arnaldo\/\"}]}<\/script>\n<!-- \/ Yoast SEO plugin. -->","yoast_head_json":{"title":"\"Abajo el DNU\": Habr\u00e1 movilizaci\u00f3n y concentraci\u00f3n frente al palacio municipal - Noticias Radio Reflejos","robots":{"index":"index","follow":"follow","max-snippet":"max-snippet:-1","max-image-preview":"max-image-preview:large","max-video-preview":"max-video-preview:-1"},"canonical":"https:\/\/www.noticiasradioreflejos.com.ar\/2021\/abajo-el-dnu-habra-movilizacion-y-concentracion-frente-al-palacio-municipal\/","og_locale":"es_ES","og_type":"article","og_title":"\"Abajo el DNU\": Habr\u00e1 movilizaci\u00f3n y concentraci\u00f3n frente al palacio municipal - Noticias Radio Reflejos","og_description":"Organizaciones pol\u00edticas,\u00a0 sindicales y vecinos, convocan a una concentraci\u00f3n en la plaza Ernesto Tornquist,\u00a0 este mi\u00e9rcoles 27 de diciembre a las 16,30 horas bajo el lema \u00abNi un ajuste ajuste m\u00e1s, ni un derecho menos\u00bb.","og_url":"https:\/\/www.noticiasradioreflejos.com.ar\/2021\/abajo-el-dnu-habra-movilizacion-y-concentracion-frente-al-palacio-municipal\/","og_site_name":"Noticias Radio Reflejos","article_published_time":"2023-12-27T11:43:33+00:00","og_image":[{"url":"https:\/\/live.staticflickr.com\/65535\/53423979366_c226992166_c.jpg","type":"","width":"","height":""}],"author":"Arnaldo Botto","twitter_card":"summary_large_image","schema":{"@context":"https:\/\/schema.org","@graph":[{"@type":"WebPage","@id":"https:\/\/www.noticiasradioreflejos.com.ar\/2021\/abajo-el-dnu-habra-movilizacion-y-concentracion-frente-al-palacio-municipal\/","url":"https:\/\/www.noticiasradioreflejos.com.ar\/2021\/abajo-el-dnu-habra-movilizacion-y-concentracion-frente-al-palacio-municipal\/","name":"\"Abajo el DNU\": Habr\u00e1 movilizaci\u00f3n y concentraci\u00f3n frente al palacio municipal - Noticias Radio Reflejos","isPartOf":{"@id":"https:\/\/www.noticiasradioreflejos.com.ar\/2021\/#website"},"primaryImageOfPage":{"@id":"https:\/\/www.noticiasradioreflejos.com.ar\/2021\/abajo-el-dnu-habra-movilizacion-y-concentracion-frente-al-palacio-municipal\/#primaryimage"},"image":{"@id":"https:\/\/www.noticiasradioreflejos.com.ar\/2021\/abajo-el-dnu-habra-movilizacion-y-concentracion-frente-al-palacio-municipal\/#primaryimage"},"thumbnailUrl":"https:\/\/live.staticflickr.com\/65535\/53423979366_c226992166_c.jpg","datePublished":"2023-12-27T11:43:33+00:00","author":{"@id":"https:\/\/www.noticiasradioreflejos.com.ar\/2021\/#\/schema\/person\/ad82545263dcc5ec0996818884fd5fb1"},"breadcrumb":{"@id":"https:\/\/www.noticiasradioreflejos.com.ar\/2021\/abajo-el-dnu-habra-movilizacion-y-concentracion-frente-al-palacio-municipal\/#breadcrumb"},"inLanguage":"es","potentialAction":[{"@type":"ReadAction","target":["https:\/\/www.noticiasradioreflejos.com.ar\/2021\/abajo-el-dnu-habra-movilizacion-y-concentracion-frente-al-palacio-municipal\/"]}]},{"@type":"ImageObject","inLanguage":"es","@id":"https:\/\/www.noticiasradioreflejos.com.ar\/2021\/abajo-el-dnu-habra-movilizacion-y-concentracion-frente-al-palacio-municipal\/#primaryimage","url":"https:\/\/live.staticflickr.com\/65535\/53423979366_c226992166_c.jpg","contentUrl":"https:\/\/live.staticflickr.com\/65535\/53423979366_c226992166_c.jpg"},{"@type":"BreadcrumbList","@id":"https:\/\/www.noticiasradioreflejos.com.ar\/2021\/abajo-el-dnu-habra-movilizacion-y-concentracion-frente-al-palacio-municipal\/#breadcrumb","itemListElement":[{"@type":"ListItem","position":1,"name":"Portada","item":"https:\/\/www.noticiasradioreflejos.com.ar\/2021\/"},{"@type":"ListItem","position":2,"name":"\u00abAbajo el DNU\u00bb: Habr\u00e1 movilizaci\u00f3n y concentraci\u00f3n frente al palacio municipal"}]},{"@type":"WebSite","@id":"https:\/\/www.noticiasradioreflejos.com.ar\/2021\/#website","url":"https:\/\/www.noticiasradioreflejos.com.ar\/2021\/","name":"Noticias Radio Reflejos","description":"Las noticias de mi comarca","potentialAction":[{"@type":"SearchAction","target":{"@type":"EntryPoint","urlTemplate":"https:\/\/www.noticiasradioreflejos.com.ar\/2021\/?s={search_term_string}"},"query-input":{"@type":"PropertyValueSpecification","valueRequired":true,"valueName":"search_term_string"}}],"inLanguage":"es"},{"@type":"Person","@id":"https:\/\/www.noticiasradioreflejos.com.ar\/2021\/#\/schema\/person\/ad82545263dcc5ec0996818884fd5fb1","name":"Arnaldo Botto","image":{"@type":"ImageObject","inLanguage":"es","@id":"https:\/\/www.noticiasradioreflejos.com.ar\/2021\/#\/schema\/person\/image\/","url":"https:\/\/secure.gravatar.com\/avatar\/55cb5e37c1efa326397366e6974cb338056df65cb50e7d64d1cf314e87504837?s=96&d=mm&r=g","contentUrl":"https:\/\/secure.gravatar.com\/avatar\/55cb5e37c1efa326397366e6974cb338056df65cb50e7d64d1cf314e87504837?s=96&d=mm&r=g","caption":"Arnaldo Botto"},"url":"https:\/\/www.noticiasradioreflejos.com.ar\/2021\/author\/arnaldo\/"}]}},"_links":{"self":[{"href":"https:\/\/www.noticiasradioreflejos.com.ar\/2021\/wp-json\/wp\/v2\/posts\/96983","targetHints":{"allow":["GET"]}}],"collection":[{"href":"https:\/\/www.noticiasradioreflejos.com.ar\/2021\/wp-json\/wp\/v2\/posts"}],"about":[{"href":"https:\/\/www.noticiasradioreflejos.com.ar\/2021\/wp-json\/wp\/v2\/types\/post"}],"author":[{"embeddable":true,"href":"https:\/\/www.noticiasradioreflejos.com.ar\/2021\/wp-json\/wp\/v2\/users\/3"}],"replies":[{"embeddable":true,"href":"https:\/\/www.noticiasradioreflejos.com.ar\/2021\/wp-json\/wp\/v2\/comments?post=96983"}],"version-history":[{"count":1,"href":"https:\/\/www.noticiasradioreflejos.com.ar\/2021\/wp-json\/wp\/v2\/posts\/96983\/revisions"}],"predecessor-version":[{"id":96985,"href":"https:\/\/www.noticiasradioreflejos.com.ar\/2021\/wp-json\/wp\/v2\/posts\/96983\/revisions\/96985"}],"wp:attachment":[{"href":"https:\/\/www.noticiasradioreflejos.com.ar\/2021\/wp-json\/wp\/v2\/media?parent=96983"}],"wp:term":[{"taxonomy":"category","embeddable":true,"href":"https:\/\/www.noticiasradioreflejos.com.ar\/2021\/wp-json\/wp\/v2\/categories?post=96983"},{"taxonomy":"post_tag","embeddable":true,"href":"https:\/\/www.noticiasradioreflejos.com.ar\/2021\/wp-json\/wp\/v2\/tags?post=96983"}],"curies":[{"name":"wp","href":"https:\/\/api.w.org\/{rel}","templated":true}]}}