{"id":96980,"date":"2023-12-27T11:33:04","date_gmt":"2023-12-27T11:33:04","guid":{"rendered":"https:\/\/www.noticiasradioreflejos.com.ar\/2021\/?p=96980"},"modified":"2023-12-27T12:14:13","modified_gmt":"2023-12-27T12:14:13","slug":"en-la-provincia-vtv-documentacion-y-papeles-al-dia","status":"publish","type":"post","link":"https:\/\/www.noticiasradioreflejos.com.ar\/2021\/en-la-provincia-vtv-documentacion-y-papeles-al-dia\/","title":{"rendered":"En la Provincia, VTV, documentaci\u00f3n y papeles al d\u00eda"},"content":{"rendered":"<div class=\"field field-name-field-volanta-noticia field-type-text field-label-hidden\">\n<div class=\"field-items\">\n<div class=\"field-item even\">Desde el Ministerio de Transporte bonaerense, conducido por Jorge D\u2019Onofrio, se aclara que no ha cambiado el marco legal vigente para circular.<\/div>\n<\/div>\n<\/div>\n<p><!--more--><\/p>\n<div class=\"field field-name-field-fecha-noti-transporte field-type-datetime field-label-hidden\">\n<div class=\"field-items\">\n<div class=\"field-item even\"><\/div>\n<\/div>\n<\/div>\n<div class=\"field field-name-field-img-noticias-transporte field-type-image field-label-hidden\">\n<div class=\"field-items\">\n<div class=\"field-item even\"><img loading=\"lazy\" decoding=\"async\" title=\"En la Provincia, VTV, documentaci\u00f3n y papeles al d\u00eda\" src=\"https:\/\/www.gba.gob.ar\/sites\/default\/files\/transporte\/noticias\/images\/sssavtv.jpg\" alt=\"En la Provincia, VTV, documentaci\u00f3n y papeles al d\u00eda\" width=\"700\" height=\"466\" data-uw-rm-alt-original=\"En la Provincia, VTV, documentaci\u00f3n y papeles al d\u00eda\" \/><\/div>\n<\/div>\n<\/div>\n<div class=\"field field-name-field-epigrafe-img-noticia field-type-text field-label-hidden\">\n<div class=\"field-items\">\n<div class=\"field-item even\">En la Provincia, VTV, documentaci\u00f3n y papeles al d\u00eda.<\/div>\n<\/div>\n<\/div>\n<div class=\"field field-name-body field-type-text-with-summary field-label-hidden\">\n<div class=\"field-items\">\n<div class=\"field-item even\">\n<p>Ante la confusa y err\u00f3nea informaci\u00f3n que ha circulado a partir del Decreto de Necesidad y Urgencia publicado por el Gobierno nacional, el Ministerio de Transporte de la Provincia de Buenos Aires, a cargo de Jorge D\u2019Onofrio, subray\u00f3 la plena vigencia de la ley de Tr\u00e1nsito bonaerense. Es decir, las reglas b\u00e1sicas para circular por el territorio provincial no se ven afectadas ante una eventual modificaci\u00f3n de la normativa nacional.<\/p>\n<p>En territorio bonaerense, el Decreto 532\/09 regula la obligatoriedad de circular con la VTV actualizada tanto para veh\u00edculos privados como para transportes de pasajeros y cargas. En ese sentido, contin\u00faa en vigencia la Ley de Tr\u00e1nsito N\u00b0 13.927, la cual estipula penalidades como multas y retenci\u00f3n de licencia para quienes conduzcan sin cumplir los requisitos de la VTV. Lo mismo ocurre con la p\u00f3liza de seguro.<\/p>\n<p>Asimismo, se debe contar con la documentaci\u00f3n obligatoria, la cual involucra: el Documento Nacional de Identidad (DNI) de el o la automovilista; la Licencia de conducir vigente; la C\u00e9dula verde o, en caso de circular con un veh\u00edculo que no sea de su propiedad, la C\u00e9dula azul. Adem\u00e1s de la mencionada VTV, y los comprobantes del seguro y de pago de Patente para constatar que ambos est\u00e9n al d\u00eda.<\/p>\n<p>A su vez, resulta fundamental viajar con los elementos de seguridad en condiciones; se debe contar con matafuegos recargado y balizas port\u00e1tiles (triangulares y reflectivas); que las y los menores de 10 a\u00f1os vayan\u00a0 en el asiento trasero en sus respectivas Silla de Retenci\u00f3n Infantil (SRI) y las mascotas con arn\u00e9s de seguridad; llevar las luces bajas encendidas; no exceder los l\u00edmites de velocidad; no conducir manipulando el celular, habiendo consumido alcohol y\/o estupefacientes o sin estar bien descansado.<\/p>\n<p>Por \u00faltimo, queda estrictamente prohibido desplazarse por las banquinas como si fuesen un carril m\u00e1s, ya que es una zona utilizada para emergencias o desperfectos t\u00e9cnicos. En ese sentido, se intensificar\u00e1n los controles de Seguridad Vial en puntos estrat\u00e9gicos para garantizar la protecci\u00f3n de la vida y consolidar caminos seguros en la Provincia.<\/p>\n<\/div>\n<\/div>\n<\/div>\n","protected":false},"excerpt":{"rendered":"<p>Desde el Ministerio de Transporte bonaerense, conducido por Jorge D\u2019Onofrio, se aclara que no ha cambiado el marco legal vigente para circular.<\/p>\n","protected":false},"author":3,"featured_media":96981,"comment_status":"closed","ping_status":"closed","sticky":false,"template":"","format":"standard","meta":{"footnotes":""},"categories":[24,33],"tags":[48],"class_list":["post-96980","post","type-post","status-publish","format-standard","has-post-thumbnail","hentry","category-politica","category-turismo","tag-destacada"],"yoast_head":"<!-- This site is optimized with the Yoast SEO plugin v25.9 - https:\/\/yoast.com\/wordpress\/plugins\/seo\/ -->\n<title>En la Provincia, VTV, documentaci\u00f3n y papeles al d\u00eda - Noticias Radio Reflejos<\/title>\n<meta name=\"robots\" content=\"index, follow, max-snippet:-1, max-image-preview:large, max-video-preview:-1\" \/>\n<link rel=\"canonical\" href=\"https:\/\/www.noticiasradioreflejos.com.ar\/2021\/en-la-provincia-vtv-documentacion-y-papeles-al-dia\/\" \/>\n<meta property=\"og:locale\" content=\"es_ES\" \/>\n<meta property=\"og:type\" content=\"article\" \/>\n<meta property=\"og:title\" content=\"En la Provincia, VTV, documentaci\u00f3n y papeles al d\u00eda - Noticias Radio Reflejos\" \/>\n<meta property=\"og:description\" content=\"Desde el Ministerio de Transporte bonaerense, conducido por Jorge D\u2019Onofrio, se aclara que no ha cambiado el marco legal vigente para circular.\" \/>\n<meta property=\"og:url\" content=\"https:\/\/www.noticiasradioreflejos.com.ar\/2021\/en-la-provincia-vtv-documentacion-y-papeles-al-dia\/\" \/>\n<meta property=\"og:site_name\" content=\"Noticias Radio Reflejos\" \/>\n<meta property=\"article:published_time\" content=\"2023-12-27T11:33:04+00:00\" \/>\n<meta property=\"article:modified_time\" content=\"2023-12-27T12:14:13+00:00\" \/>\n<meta property=\"og:image\" content=\"https:\/\/www.noticiasradioreflejos.com.ar\/2021\/wp-content\/uploads\/2023\/12\/vtv-Seguridad-Vial.jpg\" \/>\n\t<meta property=\"og:image:width\" content=\"700\" \/>\n\t<meta property=\"og:image:height\" content=\"466\" \/>\n\t<meta property=\"og:image:type\" content=\"image\/jpeg\" \/>\n<meta name=\"author\" content=\"Arnaldo Botto\" \/>\n<meta name=\"twitter:card\" content=\"summary_large_image\" \/>\n<script type=\"application\/ld+json\" class=\"yoast-schema-graph\">{\"@context\":\"https:\/\/schema.org\",\"@graph\":[{\"@type\":\"WebPage\",\"@id\":\"https:\/\/www.noticiasradioreflejos.com.ar\/2021\/en-la-provincia-vtv-documentacion-y-papeles-al-dia\/\",\"url\":\"https:\/\/www.noticiasradioreflejos.com.ar\/2021\/en-la-provincia-vtv-documentacion-y-papeles-al-dia\/\",\"name\":\"En la Provincia, VTV, documentaci\u00f3n y papeles al d\u00eda - Noticias Radio Reflejos\",\"isPartOf\":{\"@id\":\"https:\/\/www.noticiasradioreflejos.com.ar\/2021\/#website\"},\"primaryImageOfPage\":{\"@id\":\"https:\/\/www.noticiasradioreflejos.com.ar\/2021\/en-la-provincia-vtv-documentacion-y-papeles-al-dia\/#primaryimage\"},\"image\":{\"@id\":\"https:\/\/www.noticiasradioreflejos.com.ar\/2021\/en-la-provincia-vtv-documentacion-y-papeles-al-dia\/#primaryimage\"},\"thumbnailUrl\":\"https:\/\/www.noticiasradioreflejos.com.ar\/2021\/wp-content\/uploads\/2023\/12\/vtv-Seguridad-Vial.jpg\",\"datePublished\":\"2023-12-27T11:33:04+00:00\",\"dateModified\":\"2023-12-27T12:14:13+00:00\",\"author\":{\"@id\":\"https:\/\/www.noticiasradioreflejos.com.ar\/2021\/#\/schema\/person\/ad82545263dcc5ec0996818884fd5fb1\"},\"breadcrumb\":{\"@id\":\"https:\/\/www.noticiasradioreflejos.com.ar\/2021\/en-la-provincia-vtv-documentacion-y-papeles-al-dia\/#breadcrumb\"},\"inLanguage\":\"es\",\"potentialAction\":[{\"@type\":\"ReadAction\",\"target\":[\"https:\/\/www.noticiasradioreflejos.com.ar\/2021\/en-la-provincia-vtv-documentacion-y-papeles-al-dia\/\"]}]},{\"@type\":\"ImageObject\",\"inLanguage\":\"es\",\"@id\":\"https:\/\/www.noticiasradioreflejos.com.ar\/2021\/en-la-provincia-vtv-documentacion-y-papeles-al-dia\/#primaryimage\",\"url\":\"https:\/\/www.noticiasradioreflejos.com.ar\/2021\/wp-content\/uploads\/2023\/12\/vtv-Seguridad-Vial.jpg\",\"contentUrl\":\"https:\/\/www.noticiasradioreflejos.com.ar\/2021\/wp-content\/uploads\/2023\/12\/vtv-Seguridad-Vial.jpg\",\"width\":700,\"height\":466},{\"@type\":\"BreadcrumbList\",\"@id\":\"https:\/\/www.noticiasradioreflejos.com.ar\/2021\/en-la-provincia-vtv-documentacion-y-papeles-al-dia\/#breadcrumb\",\"itemListElement\":[{\"@type\":\"ListItem\",\"position\":1,\"name\":\"Portada\",\"item\":\"https:\/\/www.noticiasradioreflejos.com.ar\/2021\/\"},{\"@type\":\"ListItem\",\"position\":2,\"name\":\"En la Provincia, VTV, documentaci\u00f3n y papeles al d\u00eda\"}]},{\"@type\":\"WebSite\",\"@id\":\"https:\/\/www.noticiasradioreflejos.com.ar\/2021\/#website\",\"url\":\"https:\/\/www.noticiasradioreflejos.com.ar\/2021\/\",\"name\":\"Noticias Radio Reflejos\",\"description\":\"Las noticias de mi comarca\",\"potentialAction\":[{\"@type\":\"SearchAction\",\"target\":{\"@type\":\"EntryPoint\",\"urlTemplate\":\"https:\/\/www.noticiasradioreflejos.com.ar\/2021\/?s={search_term_string}\"},\"query-input\":{\"@type\":\"PropertyValueSpecification\",\"valueRequired\":true,\"valueName\":\"search_term_string\"}}],\"inLanguage\":\"es\"},{\"@type\":\"Person\",\"@id\":\"https:\/\/www.noticiasradioreflejos.com.ar\/2021\/#\/schema\/person\/ad82545263dcc5ec0996818884fd5fb1\",\"name\":\"Arnaldo Botto\",\"image\":{\"@type\":\"ImageObject\",\"inLanguage\":\"es\",\"@id\":\"https:\/\/www.noticiasradioreflejos.com.ar\/2021\/#\/schema\/person\/image\/\",\"url\":\"https:\/\/secure.gravatar.com\/avatar\/55cb5e37c1efa326397366e6974cb338056df65cb50e7d64d1cf314e87504837?s=96&d=mm&r=g\",\"contentUrl\":\"https:\/\/secure.gravatar.com\/avatar\/55cb5e37c1efa326397366e6974cb338056df65cb50e7d64d1cf314e87504837?s=96&d=mm&r=g\",\"caption\":\"Arnaldo Botto\"},\"url\":\"https:\/\/www.noticiasradioreflejos.com.ar\/2021\/author\/arnaldo\/\"}]}<\/script>\n<!-- \/ Yoast SEO plugin. -->","yoast_head_json":{"title":"En la Provincia, VTV, documentaci\u00f3n y papeles al d\u00eda - Noticias Radio Reflejos","robots":{"index":"index","follow":"follow","max-snippet":"max-snippet:-1","max-image-preview":"max-image-preview:large","max-video-preview":"max-video-preview:-1"},"canonical":"https:\/\/www.noticiasradioreflejos.com.ar\/2021\/en-la-provincia-vtv-documentacion-y-papeles-al-dia\/","og_locale":"es_ES","og_type":"article","og_title":"En la Provincia, VTV, documentaci\u00f3n y papeles al d\u00eda - Noticias Radio Reflejos","og_description":"Desde el Ministerio de Transporte bonaerense, conducido por Jorge D\u2019Onofrio, se aclara que no ha cambiado el marco legal vigente para circular.","og_url":"https:\/\/www.noticiasradioreflejos.com.ar\/2021\/en-la-provincia-vtv-documentacion-y-papeles-al-dia\/","og_site_name":"Noticias Radio Reflejos","article_published_time":"2023-12-27T11:33:04+00:00","article_modified_time":"2023-12-27T12:14:13+00:00","og_image":[{"width":700,"height":466,"url":"https:\/\/www.noticiasradioreflejos.com.ar\/2021\/wp-content\/uploads\/2023\/12\/vtv-Seguridad-Vial.jpg","type":"image\/jpeg"}],"author":"Arnaldo Botto","twitter_card":"summary_large_image","schema":{"@context":"https:\/\/schema.org","@graph":[{"@type":"WebPage","@id":"https:\/\/www.noticiasradioreflejos.com.ar\/2021\/en-la-provincia-vtv-documentacion-y-papeles-al-dia\/","url":"https:\/\/www.noticiasradioreflejos.com.ar\/2021\/en-la-provincia-vtv-documentacion-y-papeles-al-dia\/","name":"En la Provincia, VTV, documentaci\u00f3n y papeles al d\u00eda - Noticias Radio Reflejos","isPartOf":{"@id":"https:\/\/www.noticiasradioreflejos.com.ar\/2021\/#website"},"primaryImageOfPage":{"@id":"https:\/\/www.noticiasradioreflejos.com.ar\/2021\/en-la-provincia-vtv-documentacion-y-papeles-al-dia\/#primaryimage"},"image":{"@id":"https:\/\/www.noticiasradioreflejos.com.ar\/2021\/en-la-provincia-vtv-documentacion-y-papeles-al-dia\/#primaryimage"},"thumbnailUrl":"https:\/\/www.noticiasradioreflejos.com.ar\/2021\/wp-content\/uploads\/2023\/12\/vtv-Seguridad-Vial.jpg","datePublished":"2023-12-27T11:33:04+00:00","dateModified":"2023-12-27T12:14:13+00:00","author":{"@id":"https:\/\/www.noticiasradioreflejos.com.ar\/2021\/#\/schema\/person\/ad82545263dcc5ec0996818884fd5fb1"},"breadcrumb":{"@id":"https:\/\/www.noticiasradioreflejos.com.ar\/2021\/en-la-provincia-vtv-documentacion-y-papeles-al-dia\/#breadcrumb"},"inLanguage":"es","potentialAction":[{"@type":"ReadAction","target":["https:\/\/www.noticiasradioreflejos.com.ar\/2021\/en-la-provincia-vtv-documentacion-y-papeles-al-dia\/"]}]},{"@type":"ImageObject","inLanguage":"es","@id":"https:\/\/www.noticiasradioreflejos.com.ar\/2021\/en-la-provincia-vtv-documentacion-y-papeles-al-dia\/#primaryimage","url":"https:\/\/www.noticiasradioreflejos.com.ar\/2021\/wp-content\/uploads\/2023\/12\/vtv-Seguridad-Vial.jpg","contentUrl":"https:\/\/www.noticiasradioreflejos.com.ar\/2021\/wp-content\/uploads\/2023\/12\/vtv-Seguridad-Vial.jpg","width":700,"height":466},{"@type":"BreadcrumbList","@id":"https:\/\/www.noticiasradioreflejos.com.ar\/2021\/en-la-provincia-vtv-documentacion-y-papeles-al-dia\/#breadcrumb","itemListElement":[{"@type":"ListItem","position":1,"name":"Portada","item":"https:\/\/www.noticiasradioreflejos.com.ar\/2021\/"},{"@type":"ListItem","position":2,"name":"En la Provincia, VTV, documentaci\u00f3n y papeles al d\u00eda"}]},{"@type":"WebSite","@id":"https:\/\/www.noticiasradioreflejos.com.ar\/2021\/#website","url":"https:\/\/www.noticiasradioreflejos.com.ar\/2021\/","name":"Noticias Radio Reflejos","description":"Las noticias de mi comarca","potentialAction":[{"@type":"SearchAction","target":{"@type":"EntryPoint","urlTemplate":"https:\/\/www.noticiasradioreflejos.com.ar\/2021\/?s={search_term_string}"},"query-input":{"@type":"PropertyValueSpecification","valueRequired":true,"valueName":"search_term_string"}}],"inLanguage":"es"},{"@type":"Person","@id":"https:\/\/www.noticiasradioreflejos.com.ar\/2021\/#\/schema\/person\/ad82545263dcc5ec0996818884fd5fb1","name":"Arnaldo Botto","image":{"@type":"ImageObject","inLanguage":"es","@id":"https:\/\/www.noticiasradioreflejos.com.ar\/2021\/#\/schema\/person\/image\/","url":"https:\/\/secure.gravatar.com\/avatar\/55cb5e37c1efa326397366e6974cb338056df65cb50e7d64d1cf314e87504837?s=96&d=mm&r=g","contentUrl":"https:\/\/secure.gravatar.com\/avatar\/55cb5e37c1efa326397366e6974cb338056df65cb50e7d64d1cf314e87504837?s=96&d=mm&r=g","caption":"Arnaldo Botto"},"url":"https:\/\/www.noticiasradioreflejos.com.ar\/2021\/author\/arnaldo\/"}]}},"_links":{"self":[{"href":"https:\/\/www.noticiasradioreflejos.com.ar\/2021\/wp-json\/wp\/v2\/posts\/96980","targetHints":{"allow":["GET"]}}],"collection":[{"href":"https:\/\/www.noticiasradioreflejos.com.ar\/2021\/wp-json\/wp\/v2\/posts"}],"about":[{"href":"https:\/\/www.noticiasradioreflejos.com.ar\/2021\/wp-json\/wp\/v2\/types\/post"}],"author":[{"embeddable":true,"href":"https:\/\/www.noticiasradioreflejos.com.ar\/2021\/wp-json\/wp\/v2\/users\/3"}],"replies":[{"embeddable":true,"href":"https:\/\/www.noticiasradioreflejos.com.ar\/2021\/wp-json\/wp\/v2\/comments?post=96980"}],"version-history":[{"count":1,"href":"https:\/\/www.noticiasradioreflejos.com.ar\/2021\/wp-json\/wp\/v2\/posts\/96980\/revisions"}],"predecessor-version":[{"id":96982,"href":"https:\/\/www.noticiasradioreflejos.com.ar\/2021\/wp-json\/wp\/v2\/posts\/96980\/revisions\/96982"}],"wp:featuredmedia":[{"embeddable":true,"href":"https:\/\/www.noticiasradioreflejos.com.ar\/2021\/wp-json\/wp\/v2\/media\/96981"}],"wp:attachment":[{"href":"https:\/\/www.noticiasradioreflejos.com.ar\/2021\/wp-json\/wp\/v2\/media?parent=96980"}],"wp:term":[{"taxonomy":"category","embeddable":true,"href":"https:\/\/www.noticiasradioreflejos.com.ar\/2021\/wp-json\/wp\/v2\/categories?post=96980"},{"taxonomy":"post_tag","embeddable":true,"href":"https:\/\/www.noticiasradioreflejos.com.ar\/2021\/wp-json\/wp\/v2\/tags?post=96980"}],"curies":[{"name":"wp","href":"https:\/\/api.w.org\/{rel}","templated":true}]}}