{"id":96978,"date":"2023-12-27T11:27:55","date_gmt":"2023-12-27T11:27:55","guid":{"rendered":"https:\/\/www.noticiasradioreflejos.com.ar\/2021\/?p=96978"},"modified":"2023-12-27T11:27:55","modified_gmt":"2023-12-27T11:27:55","slug":"constitucionalistas-advirtieron-que-un-plebiscito-sobre-el-dnu-de-javier-milei-no-seria-vinculante-para-su-aprobacion","status":"publish","type":"post","link":"https:\/\/www.noticiasradioreflejos.com.ar\/2021\/constitucionalistas-advirtieron-que-un-plebiscito-sobre-el-dnu-de-javier-milei-no-seria-vinculante-para-su-aprobacion\/","title":{"rendered":"Constitucionalistas advirtieron que un plebiscito sobre el DNU de Javier Milei no ser\u00eda vinculante para su aprobaci\u00f3n"},"content":{"rendered":"<p>Especialistas consultados por Infobae explicaron que, aunque se llame a una consulta popular para impulsar el decreto, la norma deber\u00e1 tener el visto bueno de al menos una de las C\u00e1maras del Congreso para entrar en vigencia<!--more--><\/p>\n<article class=\"article\">\n<div class=\"body-article\">\n<p class=\"paragraph\" data-mrf-recirculation=\"Links inline\">El\u00a0<a href=\"https:\/\/www.infobae.com\/politica\/2023\/12\/26\/la-cgt-se-reune-con-el-bloque-k-en-el-senado-y-ratifico-que-definira-el-jueves-si-convoca-a-un-paro-general\/\" target=\"_blank\" rel=\"noopener noreferrer\" data-mrf-link=\"https:\/\/www.infobae.com\/politica\/2023\/12\/26\/la-cgt-se-reune-con-el-bloque-k-en-el-senado-y-ratifico-que-definira-el-jueves-si-convoca-a-un-paro-general\/\"><b>Decreto de Necesidad y Urgencia (DNU)<\/b><\/a>\u00a0sobre la desregulaci\u00f3n econ\u00f3mica y laboral del presidente<a href=\"https:\/\/www.infobae.com\/politica\/2023\/12\/27\/grave-denuncia-de-javier-milei-la-lentitud-que-le-ponen-los-legisladores-al-debate-del-dnu-es-porque-buscan-coimas\/\" target=\"_blank\" rel=\"noopener noreferrer\" data-mrf-link=\"https:\/\/www.infobae.com\/politica\/2023\/12\/27\/grave-denuncia-de-javier-milei-la-lentitud-que-le-ponen-los-legisladores-al-debate-del-dnu-es-porque-buscan-coimas\/\">\u00a0<b>Javier Milei<\/b><\/a><b>\u00a0<\/b>todav\u00eda espera por tener la aprobaci\u00f3n en\u00a0<a href=\"https:\/\/www.infobae.com\/politica\/2023\/12\/27\/la-ucr-en-el-senado-presento-una-ley-espejo-al-dnu-de-milei-y-busca-imponer-seis-meses-de-plazo-para-la-discusion\/\" target=\"_blank\" rel=\"noopener noreferrer\" data-mrf-link=\"https:\/\/www.infobae.com\/politica\/2023\/12\/27\/la-ucr-en-el-senado-presento-una-ley-espejo-al-dnu-de-milei-y-busca-imponer-seis-meses-de-plazo-para-la-discusion\/\">el<b>\u00a0Congreso<\/b><\/a>, en medio de la postura de la oposici\u00f3n que busca reunir los votos para anularlo. Ante este escenario, el mandatario adelant\u00f3 que baraja la posibilidad de convocar a un\u00a0<b>plebiscito<\/b>, pero\u00a0<b>abogados constitucionalistas advierten que el resultado no ser\u00eda vinculante<\/b>.<\/p>\n<p>https:\/\/cdn.jwplayer.com\/previews\/c8ZuBCqY<\/p>\n<\/div>\n<p class=\"paragraph\" data-mrf-recirculation=\"Links inline\">Al ser consultado por\u00a0<i>Luis Majul<\/i>\u00a0al aire de<i>\u00a0LN+<\/i>\u00a0sobre si podr\u00eda llamar\u00eda a una consulta popular en el caso de que el decreto sea rechazado por el Congreso,\u00a0<a href=\"https:\/\/www.infobae.com\/politica\/2023\/12\/27\/javier-milei-adelanto-que-si-el-congreso-rechaza-el-dnu-que-desregula-la-economia-llamara-a-un-plebiscito\/\" target=\"_blank\" rel=\"noopener noreferrer\" data-mrf-link=\"https:\/\/www.infobae.com\/politica\/2023\/12\/27\/javier-milei-adelanto-que-si-el-congreso-rechaza-el-dnu-que-desregula-la-economia-llamara-a-un-plebiscito\/\">Milei contest\u00f3: \u201cObviamente\u201d<\/a>. \u201cEl mega decreto tiene m\u00e1s de 75% de aprobaci\u00f3n, entonces que me expliquen, por qu\u00e9 quieren algo en contra de la gente\u201d, agreg\u00f3.<\/p>\n<p class=\"paragraph\" data-mrf-recirculation=\"Links inline\">En este contexto, abogados constitucionalistas, consultados por<b>\u00a0Infobae<\/b>, advierten que el Poder Ejecutivo no puede convocar a una consulta popular vinculante. De acuerdo con la ley 25.432, convocar a una consulta popular vinculante es una atribuci\u00f3n del Parlamento. En ese sentido,\u00a0<a href=\"https:\/\/www.infobae.com\/tag\/andres-gil-dominguez\/\" target=\"_blank\" rel=\"noopener noreferrer\" data-mrf-link=\"https:\/\/www.infobae.com\/tag\/andres-gil-dominguez\/\"><b>Andr\u00e9s Gil Dom\u00ednguez<\/b><\/a> explic\u00f3 \u201cla consulta popular vinculante la convoca el Congreso y deber\u00eda ser votada por mayor\u00eda y para que sea v\u00e1lida tiene que haber participado m\u00e1s del 35 por ciento del padr\u00f3n electoral\u201d.<\/p>\n<div class=\"news-module\" data-mrf-recirculation=\"IL_fDnzC8mRS1mNrVLfypczMQ\" data-testid=\"text-html\" data-mrf-experience=\"IL_fDnzC8mRS1mNrVLfypczMQ\">\n<div class=\"recommended-card__info\">\n<div class=\"recommended-card__info-button recommended-card__info-button--deportes\"><\/div>\n<\/div>\n<\/div>\n<div class=\"visual__image\"><img loading=\"lazy\" decoding=\"async\" class=\" lazyload\" src=\"https:\/\/www.infobae.com\/new-resizer\/FeTdd9wkYaZDbthmrZVpc5J6dEk=\/420x236\/filters:format(webp):quality(85)\/cloudfront-us-east-1.images.arcpublishing.com\/infobae\/7MQAQGGQHBHCLBX4W37T52IQFU.jpg%20420w\" sizes=\"auto, (min-width: 1560px) 856px, (min-width: 1000px) calc(74.63vw - 293px), (min-width: 780px) calc(100vw - 376px), (min-width: 580px) calc(100vw - 32px), 100vw\" srcset=\"https:\/\/www.infobae.com\/new-resizer\/FeTdd9wkYaZDbthmrZVpc5J6dEk=\/420x236\/filters:format(webp):quality(85)\/cloudfront-us-east-1.images.arcpublishing.com\/infobae\/7MQAQGGQHBHCLBX4W37T52IQFU.jpg 420w,https:\/\/www.infobae.com\/new-resizer\/9myElqQX-hsYct5Nq33bYJO4keI=\/768x432\/filters:format(webp):quality(85)\/cloudfront-us-east-1.images.arcpublishing.com\/infobae\/7MQAQGGQHBHCLBX4W37T52IQFU.jpg 768w,https:\/\/www.infobae.com\/new-resizer\/jsjzKCjzd8Yad57nQ_gwopv1WxU=\/992x558\/filters:format(webp):quality(85)\/cloudfront-us-east-1.images.arcpublishing.com\/infobae\/7MQAQGGQHBHCLBX4W37T52IQFU.jpg 992w,https:\/\/www.infobae.com\/new-resizer\/QyuuFQidTUq4NZbpd9n-hDD6bFM=\/1200x675\/filters:format(webp):quality(85)\/cloudfront-us-east-1.images.arcpublishing.com\/infobae\/7MQAQGGQHBHCLBX4W37T52IQFU.jpg 1200w,https:\/\/www.infobae.com\/new-resizer\/0oxFHBaIMjrN3iPDTM-ixbFa9Y0=\/1440x810\/filters:format(webp):quality(85)\/cloudfront-us-east-1.images.arcpublishing.com\/infobae\/7MQAQGGQHBHCLBX4W37T52IQFU.jpg 1440w\" alt=\"El abogado constitucionalista Andr\u00e9s Gil Dom\u00ednguez\" width=\"1920\" height=\"1080\" data-src=\"https:\/\/www.infobae.com\/new-resizer\/FeTdd9wkYaZDbthmrZVpc5J6dEk=\/420x236\/filters:format(webp):quality(85)\/cloudfront-us-east-1.images.arcpublishing.com\/infobae\/7MQAQGGQHBHCLBX4W37T52IQFU.jpg 420w\" \/>El abogado constitucionalista Andr\u00e9s Gil Dom\u00ednguez<\/div>\n<p class=\"paragraph\" data-mrf-recirculation=\"Links inline\">Por esto mismo, remarc\u00f3 que \u201c<b>el Presidente no tiene esta facultad<\/b>\u201d. En todo caso, podr\u00eda solicitar una\u00a0<b>consulta popular no vinculante<\/b>\u00a0s\u00f3lo sobre cuestiones propias de su administraci\u00f3n.<\/p>\n<p class=\"paragraph\" data-mrf-recirculation=\"Links inline\">Esta \u00faltima fue definida por<b>\u00a0Diego Armesto<\/b>\u00a0como \u201ctodo asunto de inter\u00e9s general para la Naci\u00f3n,\u00a0<b>con excepci\u00f3n de aquellos proyectos de ley cuyo procedimiento de sanci\u00f3n se encuentre especialmente reglado por la Constituci\u00f3n Nacional<\/b>\u201d.<\/p>\n<div class=\"news-module\" data-mrf-recirculation=\"IL_-wd-gci6QsulDJBntUpS5Q\" data-testid=\"text-html\" data-mrf-experience=\"IL_-wd-gci6QsulDJBntUpS5Q\">\n<div class=\"recommended-card__info\">\n<div class=\"recommended-card__info-button recommended-card__info-button--deportes\"><\/div>\n<\/div>\n<\/div>\n<p class=\"paragraph\" data-mrf-recirculation=\"Links inline\">As\u00ed, el abogado constitucionalista profundiz\u00f3 que, cuando el mandatario convoca a plebiscito, adem\u00e1s de ser no vinculante, \u201c<b>el voto es no obligatorio<\/b>\u201d. De esta manera, \u201cel resultado de la consulta no genera una obligaci\u00f3n al Congreso para que se apruebe la misma\u201d, en l\u00ednea con sus declaraciones. \u201cTodo proyecto de ley o decisi\u00f3n pol\u00edtica objeto de consulta, debe se\u00f1alar claramente la o las preguntas a contestar por el electorado, cuyas respuestas no admitir\u00e1n m\u00e1s alternativa que la del s\u00ed o el no\u201d, indic\u00f3.<\/p>\n<p class=\"paragraph\" data-mrf-recirculation=\"Links inline\">En esa l\u00ednea, el profesor de Derecho Constitucional\u00a0<b>F\u00e9lix Lonigro\u00a0<\/b>ratific\u00f3 que solo una convocatoria como se plantea podr\u00eda hacerla el Congreso, ya que \u201cel Presidente<b>\u00a0no puede llamar a una consulta popular ni vinculante, ni no vinculante sobre cuestiones que corresponden al Poder Legislativo<\/b>, como lo son los puntos del mega decreto\u201d. Y agreg\u00f3: \u201cAun cuando convocara el Congreso, dif\u00edcilmente la\u00a0<b>Justicia Electoral\u00a0<\/b>autorice una consulta por s\u00ed o por no, sobre un decreto con m\u00e1s de cien cuestiones\u201d.<\/p>\n<div class=\"visual__image\"><img loading=\"lazy\" decoding=\"async\" class=\" lazyload\" src=\"https:\/\/www.infobae.com\/new-resizer\/rfij4Gnn1InpVFqokROc6chDheE=\/420x280\/filters:format(webp):quality(85)\/cloudfront-us-east-1.images.arcpublishing.com\/infobae\/BPW2TBX5QRAJ5GH7RN5GQXL6DI.JPG%20420w\" sizes=\"auto, (min-width: 1560px) 856px, (min-width: 1000px) calc(74.63vw - 293px), (min-width: 780px) calc(100vw - 376px), (min-width: 580px) calc(100vw - 32px), 100vw\" srcset=\"https:\/\/www.infobae.com\/new-resizer\/rfij4Gnn1InpVFqokROc6chDheE=\/420x280\/filters:format(webp):quality(85)\/cloudfront-us-east-1.images.arcpublishing.com\/infobae\/BPW2TBX5QRAJ5GH7RN5GQXL6DI.JPG 420w,https:\/\/www.infobae.com\/new-resizer\/6h70X0qThaMwqfh8I616ayF6fWo=\/768x512\/filters:format(webp):quality(85)\/cloudfront-us-east-1.images.arcpublishing.com\/infobae\/BPW2TBX5QRAJ5GH7RN5GQXL6DI.JPG 768w,https:\/\/www.infobae.com\/new-resizer\/PtAPouBeyVzDfmZmHfotCHRxaHE=\/992x661\/filters:format(webp):quality(85)\/cloudfront-us-east-1.images.arcpublishing.com\/infobae\/BPW2TBX5QRAJ5GH7RN5GQXL6DI.JPG 992w,https:\/\/www.infobae.com\/new-resizer\/QyEjXTqQGeRJH-cqZT63tem7vH0=\/1200x800\/filters:format(webp):quality(85)\/cloudfront-us-east-1.images.arcpublishing.com\/infobae\/BPW2TBX5QRAJ5GH7RN5GQXL6DI.JPG 1200w,https:\/\/www.infobae.com\/new-resizer\/jm_gllLAsXwW3VCz_p6GBe8H28o=\/1440x960\/filters:format(webp):quality(85)\/cloudfront-us-east-1.images.arcpublishing.com\/infobae\/BPW2TBX5QRAJ5GH7RN5GQXL6DI.JPG 1440w\" alt=\"El Congreso es el \u00fanico organismo que puede convocar a una consulta popular vinculante (Fotos: Gino Mantovani\/Comunicaci\u00f3n Senado)\" width=\"3000\" height=\"2000\" data-src=\"https:\/\/www.infobae.com\/new-resizer\/rfij4Gnn1InpVFqokROc6chDheE=\/420x280\/filters:format(webp):quality(85)\/cloudfront-us-east-1.images.arcpublishing.com\/infobae\/BPW2TBX5QRAJ5GH7RN5GQXL6DI.JPG 420w\" \/>El Congreso es el \u00fanico organismo que puede convocar a una consulta popular vinculante (Fotos: Gino Mantovani\/Comunicaci\u00f3n Senado)<\/div>\n<p class=\"paragraph\" data-mrf-recirculation=\"Links inline\">Los especialistas consultados citan al art\u00edculo 40 de la Constituci\u00f3n Nacional que sostiene: \u201cEl Congreso, a iniciativa de la C\u00e1mara de Diputados, podr\u00e1 someter a consulta popular un proyecto de ley. La ley de convocatoria no podr\u00e1 ser vetada. El voto afirmativo del proyecto por el pueblo de la Naci\u00f3n lo convertir\u00e1 en ley y su promulgaci\u00f3n ser\u00e1 autom\u00e1tica. El Congreso o el presidente de la Naci\u00f3n,\u00a0<b>dentro de sus respectivas competencias<\/b>, podr\u00e1n convocar a consulta popular no vinculante\u201d.<\/p>\n<p class=\"paragraph\" data-mrf-recirculation=\"Links inline\">De este art\u00edculo, los abogados\u00a0<b>Daniel Sabsay<\/b>\u00a0y\u00a0<b>Ra\u00fal Ferreyra\u00a0<\/b>destacaron que el jefe de Estado puede hacer siempre y cuando se refiera a cuestiones de sus \u201crespectivas competencias\u201d. \u201cEs un tema muy peligroso porque\u00a0<b>es como pasar por encima del Poder Legislativo<\/b>\u201d, consider\u00f3 Sabsay.<\/p>\n<p class=\"paragraph\" data-mrf-recirculation=\"Links inline\">Ferreyra, por su parte, explic\u00f3 que \u201cla Constituci\u00f3n proh\u00edbe las formas plebiscitarias que basadas en la \u2018aclamaci\u00f3n\u2019 implican, precisamente, una negaci\u00f3n de la democracia representativa\u201d. De esta manera, reflexion\u00f3: \u201cUna proclamaci\u00f3n por v\u00eda plebiscitaria, adem\u00e1s,<b>\u00a0vulnerar\u00eda el principio republicano basado en la separaci\u00f3n de funciones<\/b>. As\u00ed, por imperativo constitucional \u2018todos los actos del gobierno republicano\u2019 deben ser racionales bajo pena de manifiesta inconstitucionalidad\u201d.<\/p>\n<div class=\"visual__image\"><img loading=\"lazy\" decoding=\"async\" class=\" lazyload\" src=\"https:\/\/www.infobae.com\/new-resizer\/JySpuM-21HUGyfMlT4CLC5GkKT0=\/420x236\/filters:format(webp):quality(85)\/cloudfront-us-east-1.images.arcpublishing.com\/infobae\/HPBNFWEZDRC3RECGON3BN4WLKY.jpg%20420w\" sizes=\"auto, (min-width: 1560px) 856px, (min-width: 1000px) calc(74.63vw - 293px), (min-width: 780px) calc(100vw - 376px), (min-width: 580px) calc(100vw - 32px), 100vw\" srcset=\"https:\/\/www.infobae.com\/new-resizer\/JySpuM-21HUGyfMlT4CLC5GkKT0=\/420x236\/filters:format(webp):quality(85)\/cloudfront-us-east-1.images.arcpublishing.com\/infobae\/HPBNFWEZDRC3RECGON3BN4WLKY.jpg 420w,https:\/\/www.infobae.com\/new-resizer\/ynx1Ju7TE4cBlE_LqShFt8bYKBE=\/768x432\/filters:format(webp):quality(85)\/cloudfront-us-east-1.images.arcpublishing.com\/infobae\/HPBNFWEZDRC3RECGON3BN4WLKY.jpg 768w,https:\/\/www.infobae.com\/new-resizer\/ZoQeKw-Dha5zWjkvM6CKgwRynBk=\/992x558\/filters:format(webp):quality(85)\/cloudfront-us-east-1.images.arcpublishing.com\/infobae\/HPBNFWEZDRC3RECGON3BN4WLKY.jpg 992w,https:\/\/www.infobae.com\/new-resizer\/rvPsW0L1gfQ7PlTBROt2rcy1eU4=\/1200x675\/filters:format(webp):quality(85)\/cloudfront-us-east-1.images.arcpublishing.com\/infobae\/HPBNFWEZDRC3RECGON3BN4WLKY.jpg 1200w,https:\/\/www.infobae.com\/new-resizer\/ti6GQy9VCDbxz6qFPeNCET24nB0=\/1440x810\/filters:format(webp):quality(85)\/cloudfront-us-east-1.images.arcpublishing.com\/infobae\/HPBNFWEZDRC3RECGON3BN4WLKY.jpg 1440w\" alt=\"Daniel Sabsay cuestion\u00f3 la idea de someter a un plebiscito el DNU\" width=\"1920\" height=\"1080\" data-src=\"https:\/\/www.infobae.com\/new-resizer\/JySpuM-21HUGyfMlT4CLC5GkKT0=\/420x236\/filters:format(webp):quality(85)\/cloudfront-us-east-1.images.arcpublishing.com\/infobae\/HPBNFWEZDRC3RECGON3BN4WLKY.jpg 420w\" \/><em>Daniel Sabsay cuestion\u00f3 la idea de someter a un plebiscito el DNU<\/em><\/div>\n<p class=\"paragraph\" data-mrf-recirculation=\"Links inline\">\u201cQueda manifiestamente claro que llamar una consulta para reformar \u2018centenar\u2019 de leyes es irracional y por ello incompatible con la forma republicana\u201d, expres\u00f3 antes de destacar que se consumar\u00eda una \u201c<b>agresi\u00f3n a la democracia representativa<\/b>\u201d, en el caso de que Javier Milei avance con su iniciativa.<\/p>\n<p class=\"paragraph\" data-mrf-recirculation=\"Links inline\">A las consideraciones de sus colegas,\u00a0<b>Alejandro Fargosi<\/b>\u00a0sum\u00f3 que \u201csu resultado no ser\u00eda obligatorio para el Congreso, pero obviamente, tendr\u00eda un gran efecto pol\u00edtico\u201d.<\/p>\n<p class=\"paragraph\" data-mrf-recirculation=\"Links inline\">De igual forma, el DNU espera ser tratado por la\u00a0<b>Comisi\u00f3n Bicameral Permanente<\/b>, que estar\u00eda pr\u00f3xima a conformarse. En paralelo, los legisladores se preparan para las sesiones extraordinarias que se extender\u00e1n desde el 26 de diciembre y el 31 de enero, en cuyo temario el Gobierno no incluy\u00f3 el decreto que apuesta por desregular la econom\u00eda.<\/p>\n<\/article>\n","protected":false},"excerpt":{"rendered":"<p>Especialistas consultados por Infobae explicaron que, aunque se llame a una consulta popular para impulsar el decreto, la norma deber\u00e1 tener el visto bueno de al menos una de las C\u00e1maras del Congreso para entrar en vigencia<\/p>\n","protected":false},"author":3,"featured_media":70265,"comment_status":"closed","ping_status":"closed","sticky":false,"template":"","format":"standard","meta":{"footnotes":""},"categories":[57,24],"tags":[],"class_list":["post-96978","post","type-post","status-publish","format-standard","has-post-thumbnail","hentry","category-judiciales","category-politica"],"yoast_head":"<!-- This site is optimized with the Yoast SEO plugin v25.9 - https:\/\/yoast.com\/wordpress\/plugins\/seo\/ -->\n<title>Constitucionalistas advirtieron que un plebiscito sobre el DNU de Javier Milei no ser\u00eda vinculante para su aprobaci\u00f3n - Noticias Radio Reflejos<\/title>\n<meta name=\"robots\" content=\"index, follow, max-snippet:-1, max-image-preview:large, max-video-preview:-1\" \/>\n<link rel=\"canonical\" href=\"https:\/\/www.noticiasradioreflejos.com.ar\/2021\/constitucionalistas-advirtieron-que-un-plebiscito-sobre-el-dnu-de-javier-milei-no-seria-vinculante-para-su-aprobacion\/\" \/>\n<meta property=\"og:locale\" content=\"es_ES\" \/>\n<meta property=\"og:type\" content=\"article\" \/>\n<meta property=\"og:title\" content=\"Constitucionalistas advirtieron que un plebiscito sobre el DNU de Javier Milei no ser\u00eda vinculante para su aprobaci\u00f3n - Noticias Radio Reflejos\" \/>\n<meta property=\"og:description\" content=\"Especialistas consultados por Infobae explicaron que, aunque se llame a una consulta popular para impulsar el decreto, la norma deber\u00e1 tener el visto bueno de al menos una de las C\u00e1maras del Congreso para entrar en vigencia\" \/>\n<meta property=\"og:url\" content=\"https:\/\/www.noticiasradioreflejos.com.ar\/2021\/constitucionalistas-advirtieron-que-un-plebiscito-sobre-el-dnu-de-javier-milei-no-seria-vinculante-para-su-aprobacion\/\" \/>\n<meta property=\"og:site_name\" content=\"Noticias Radio Reflejos\" \/>\n<meta property=\"article:published_time\" content=\"2023-12-27T11:27:55+00:00\" \/>\n<meta property=\"og:image\" content=\"https:\/\/www.noticiasradioreflejos.com.ar\/2021\/wp-content\/uploads\/2022\/04\/Congresode-la-Nacion.jpg\" \/>\n\t<meta property=\"og:image:width\" content=\"900\" \/>\n\t<meta property=\"og:image:height\" content=\"506\" \/>\n\t<meta property=\"og:image:type\" content=\"image\/jpeg\" \/>\n<meta name=\"author\" content=\"Arnaldo Botto\" \/>\n<meta name=\"twitter:card\" content=\"summary_large_image\" \/>\n<script type=\"application\/ld+json\" class=\"yoast-schema-graph\">{\"@context\":\"https:\/\/schema.org\",\"@graph\":[{\"@type\":\"WebPage\",\"@id\":\"https:\/\/www.noticiasradioreflejos.com.ar\/2021\/constitucionalistas-advirtieron-que-un-plebiscito-sobre-el-dnu-de-javier-milei-no-seria-vinculante-para-su-aprobacion\/\",\"url\":\"https:\/\/www.noticiasradioreflejos.com.ar\/2021\/constitucionalistas-advirtieron-que-un-plebiscito-sobre-el-dnu-de-javier-milei-no-seria-vinculante-para-su-aprobacion\/\",\"name\":\"Constitucionalistas advirtieron que un plebiscito sobre el DNU de Javier Milei no ser\u00eda vinculante para su aprobaci\u00f3n - Noticias Radio Reflejos\",\"isPartOf\":{\"@id\":\"https:\/\/www.noticiasradioreflejos.com.ar\/2021\/#website\"},\"primaryImageOfPage\":{\"@id\":\"https:\/\/www.noticiasradioreflejos.com.ar\/2021\/constitucionalistas-advirtieron-que-un-plebiscito-sobre-el-dnu-de-javier-milei-no-seria-vinculante-para-su-aprobacion\/#primaryimage\"},\"image\":{\"@id\":\"https:\/\/www.noticiasradioreflejos.com.ar\/2021\/constitucionalistas-advirtieron-que-un-plebiscito-sobre-el-dnu-de-javier-milei-no-seria-vinculante-para-su-aprobacion\/#primaryimage\"},\"thumbnailUrl\":\"https:\/\/www.noticiasradioreflejos.com.ar\/2021\/wp-content\/uploads\/2022\/04\/Congresode-la-Nacion.jpg\",\"datePublished\":\"2023-12-27T11:27:55+00:00\",\"author\":{\"@id\":\"https:\/\/www.noticiasradioreflejos.com.ar\/2021\/#\/schema\/person\/ad82545263dcc5ec0996818884fd5fb1\"},\"breadcrumb\":{\"@id\":\"https:\/\/www.noticiasradioreflejos.com.ar\/2021\/constitucionalistas-advirtieron-que-un-plebiscito-sobre-el-dnu-de-javier-milei-no-seria-vinculante-para-su-aprobacion\/#breadcrumb\"},\"inLanguage\":\"es\",\"potentialAction\":[{\"@type\":\"ReadAction\",\"target\":[\"https:\/\/www.noticiasradioreflejos.com.ar\/2021\/constitucionalistas-advirtieron-que-un-plebiscito-sobre-el-dnu-de-javier-milei-no-seria-vinculante-para-su-aprobacion\/\"]}]},{\"@type\":\"ImageObject\",\"inLanguage\":\"es\",\"@id\":\"https:\/\/www.noticiasradioreflejos.com.ar\/2021\/constitucionalistas-advirtieron-que-un-plebiscito-sobre-el-dnu-de-javier-milei-no-seria-vinculante-para-su-aprobacion\/#primaryimage\",\"url\":\"https:\/\/www.noticiasradioreflejos.com.ar\/2021\/wp-content\/uploads\/2022\/04\/Congresode-la-Nacion.jpg\",\"contentUrl\":\"https:\/\/www.noticiasradioreflejos.com.ar\/2021\/wp-content\/uploads\/2022\/04\/Congresode-la-Nacion.jpg\",\"width\":900,\"height\":506},{\"@type\":\"BreadcrumbList\",\"@id\":\"https:\/\/www.noticiasradioreflejos.com.ar\/2021\/constitucionalistas-advirtieron-que-un-plebiscito-sobre-el-dnu-de-javier-milei-no-seria-vinculante-para-su-aprobacion\/#breadcrumb\",\"itemListElement\":[{\"@type\":\"ListItem\",\"position\":1,\"name\":\"Portada\",\"item\":\"https:\/\/www.noticiasradioreflejos.com.ar\/2021\/\"},{\"@type\":\"ListItem\",\"position\":2,\"name\":\"Constitucionalistas advirtieron que un plebiscito sobre el DNU de Javier Milei no ser\u00eda vinculante para su aprobaci\u00f3n\"}]},{\"@type\":\"WebSite\",\"@id\":\"https:\/\/www.noticiasradioreflejos.com.ar\/2021\/#website\",\"url\":\"https:\/\/www.noticiasradioreflejos.com.ar\/2021\/\",\"name\":\"Noticias Radio Reflejos\",\"description\":\"Las noticias de mi comarca\",\"potentialAction\":[{\"@type\":\"SearchAction\",\"target\":{\"@type\":\"EntryPoint\",\"urlTemplate\":\"https:\/\/www.noticiasradioreflejos.com.ar\/2021\/?s={search_term_string}\"},\"query-input\":{\"@type\":\"PropertyValueSpecification\",\"valueRequired\":true,\"valueName\":\"search_term_string\"}}],\"inLanguage\":\"es\"},{\"@type\":\"Person\",\"@id\":\"https:\/\/www.noticiasradioreflejos.com.ar\/2021\/#\/schema\/person\/ad82545263dcc5ec0996818884fd5fb1\",\"name\":\"Arnaldo Botto\",\"image\":{\"@type\":\"ImageObject\",\"inLanguage\":\"es\",\"@id\":\"https:\/\/www.noticiasradioreflejos.com.ar\/2021\/#\/schema\/person\/image\/\",\"url\":\"https:\/\/secure.gravatar.com\/avatar\/55cb5e37c1efa326397366e6974cb338056df65cb50e7d64d1cf314e87504837?s=96&d=mm&r=g\",\"contentUrl\":\"https:\/\/secure.gravatar.com\/avatar\/55cb5e37c1efa326397366e6974cb338056df65cb50e7d64d1cf314e87504837?s=96&d=mm&r=g\",\"caption\":\"Arnaldo Botto\"},\"url\":\"https:\/\/www.noticiasradioreflejos.com.ar\/2021\/author\/arnaldo\/\"}]}<\/script>\n<!-- \/ Yoast SEO plugin. -->","yoast_head_json":{"title":"Constitucionalistas advirtieron que un plebiscito sobre el DNU de Javier Milei no ser\u00eda vinculante para su aprobaci\u00f3n - Noticias Radio Reflejos","robots":{"index":"index","follow":"follow","max-snippet":"max-snippet:-1","max-image-preview":"max-image-preview:large","max-video-preview":"max-video-preview:-1"},"canonical":"https:\/\/www.noticiasradioreflejos.com.ar\/2021\/constitucionalistas-advirtieron-que-un-plebiscito-sobre-el-dnu-de-javier-milei-no-seria-vinculante-para-su-aprobacion\/","og_locale":"es_ES","og_type":"article","og_title":"Constitucionalistas advirtieron que un plebiscito sobre el DNU de Javier Milei no ser\u00eda vinculante para su aprobaci\u00f3n - Noticias Radio Reflejos","og_description":"Especialistas consultados por Infobae explicaron que, aunque se llame a una consulta popular para impulsar el decreto, la norma deber\u00e1 tener el visto bueno de al menos una de las C\u00e1maras del Congreso para entrar en vigencia","og_url":"https:\/\/www.noticiasradioreflejos.com.ar\/2021\/constitucionalistas-advirtieron-que-un-plebiscito-sobre-el-dnu-de-javier-milei-no-seria-vinculante-para-su-aprobacion\/","og_site_name":"Noticias Radio Reflejos","article_published_time":"2023-12-27T11:27:55+00:00","og_image":[{"width":900,"height":506,"url":"https:\/\/www.noticiasradioreflejos.com.ar\/2021\/wp-content\/uploads\/2022\/04\/Congresode-la-Nacion.jpg","type":"image\/jpeg"}],"author":"Arnaldo Botto","twitter_card":"summary_large_image","schema":{"@context":"https:\/\/schema.org","@graph":[{"@type":"WebPage","@id":"https:\/\/www.noticiasradioreflejos.com.ar\/2021\/constitucionalistas-advirtieron-que-un-plebiscito-sobre-el-dnu-de-javier-milei-no-seria-vinculante-para-su-aprobacion\/","url":"https:\/\/www.noticiasradioreflejos.com.ar\/2021\/constitucionalistas-advirtieron-que-un-plebiscito-sobre-el-dnu-de-javier-milei-no-seria-vinculante-para-su-aprobacion\/","name":"Constitucionalistas advirtieron que un plebiscito sobre el DNU de Javier Milei no ser\u00eda vinculante para su aprobaci\u00f3n - Noticias Radio Reflejos","isPartOf":{"@id":"https:\/\/www.noticiasradioreflejos.com.ar\/2021\/#website"},"primaryImageOfPage":{"@id":"https:\/\/www.noticiasradioreflejos.com.ar\/2021\/constitucionalistas-advirtieron-que-un-plebiscito-sobre-el-dnu-de-javier-milei-no-seria-vinculante-para-su-aprobacion\/#primaryimage"},"image":{"@id":"https:\/\/www.noticiasradioreflejos.com.ar\/2021\/constitucionalistas-advirtieron-que-un-plebiscito-sobre-el-dnu-de-javier-milei-no-seria-vinculante-para-su-aprobacion\/#primaryimage"},"thumbnailUrl":"https:\/\/www.noticiasradioreflejos.com.ar\/2021\/wp-content\/uploads\/2022\/04\/Congresode-la-Nacion.jpg","datePublished":"2023-12-27T11:27:55+00:00","author":{"@id":"https:\/\/www.noticiasradioreflejos.com.ar\/2021\/#\/schema\/person\/ad82545263dcc5ec0996818884fd5fb1"},"breadcrumb":{"@id":"https:\/\/www.noticiasradioreflejos.com.ar\/2021\/constitucionalistas-advirtieron-que-un-plebiscito-sobre-el-dnu-de-javier-milei-no-seria-vinculante-para-su-aprobacion\/#breadcrumb"},"inLanguage":"es","potentialAction":[{"@type":"ReadAction","target":["https:\/\/www.noticiasradioreflejos.com.ar\/2021\/constitucionalistas-advirtieron-que-un-plebiscito-sobre-el-dnu-de-javier-milei-no-seria-vinculante-para-su-aprobacion\/"]}]},{"@type":"ImageObject","inLanguage":"es","@id":"https:\/\/www.noticiasradioreflejos.com.ar\/2021\/constitucionalistas-advirtieron-que-un-plebiscito-sobre-el-dnu-de-javier-milei-no-seria-vinculante-para-su-aprobacion\/#primaryimage","url":"https:\/\/www.noticiasradioreflejos.com.ar\/2021\/wp-content\/uploads\/2022\/04\/Congresode-la-Nacion.jpg","contentUrl":"https:\/\/www.noticiasradioreflejos.com.ar\/2021\/wp-content\/uploads\/2022\/04\/Congresode-la-Nacion.jpg","width":900,"height":506},{"@type":"BreadcrumbList","@id":"https:\/\/www.noticiasradioreflejos.com.ar\/2021\/constitucionalistas-advirtieron-que-un-plebiscito-sobre-el-dnu-de-javier-milei-no-seria-vinculante-para-su-aprobacion\/#breadcrumb","itemListElement":[{"@type":"ListItem","position":1,"name":"Portada","item":"https:\/\/www.noticiasradioreflejos.com.ar\/2021\/"},{"@type":"ListItem","position":2,"name":"Constitucionalistas advirtieron que un plebiscito sobre el DNU de Javier Milei no ser\u00eda vinculante para su aprobaci\u00f3n"}]},{"@type":"WebSite","@id":"https:\/\/www.noticiasradioreflejos.com.ar\/2021\/#website","url":"https:\/\/www.noticiasradioreflejos.com.ar\/2021\/","name":"Noticias Radio Reflejos","description":"Las noticias de mi comarca","potentialAction":[{"@type":"SearchAction","target":{"@type":"EntryPoint","urlTemplate":"https:\/\/www.noticiasradioreflejos.com.ar\/2021\/?s={search_term_string}"},"query-input":{"@type":"PropertyValueSpecification","valueRequired":true,"valueName":"search_term_string"}}],"inLanguage":"es"},{"@type":"Person","@id":"https:\/\/www.noticiasradioreflejos.com.ar\/2021\/#\/schema\/person\/ad82545263dcc5ec0996818884fd5fb1","name":"Arnaldo Botto","image":{"@type":"ImageObject","inLanguage":"es","@id":"https:\/\/www.noticiasradioreflejos.com.ar\/2021\/#\/schema\/person\/image\/","url":"https:\/\/secure.gravatar.com\/avatar\/55cb5e37c1efa326397366e6974cb338056df65cb50e7d64d1cf314e87504837?s=96&d=mm&r=g","contentUrl":"https:\/\/secure.gravatar.com\/avatar\/55cb5e37c1efa326397366e6974cb338056df65cb50e7d64d1cf314e87504837?s=96&d=mm&r=g","caption":"Arnaldo Botto"},"url":"https:\/\/www.noticiasradioreflejos.com.ar\/2021\/author\/arnaldo\/"}]}},"_links":{"self":[{"href":"https:\/\/www.noticiasradioreflejos.com.ar\/2021\/wp-json\/wp\/v2\/posts\/96978","targetHints":{"allow":["GET"]}}],"collection":[{"href":"https:\/\/www.noticiasradioreflejos.com.ar\/2021\/wp-json\/wp\/v2\/posts"}],"about":[{"href":"https:\/\/www.noticiasradioreflejos.com.ar\/2021\/wp-json\/wp\/v2\/types\/post"}],"author":[{"embeddable":true,"href":"https:\/\/www.noticiasradioreflejos.com.ar\/2021\/wp-json\/wp\/v2\/users\/3"}],"replies":[{"embeddable":true,"href":"https:\/\/www.noticiasradioreflejos.com.ar\/2021\/wp-json\/wp\/v2\/comments?post=96978"}],"version-history":[{"count":1,"href":"https:\/\/www.noticiasradioreflejos.com.ar\/2021\/wp-json\/wp\/v2\/posts\/96978\/revisions"}],"predecessor-version":[{"id":96979,"href":"https:\/\/www.noticiasradioreflejos.com.ar\/2021\/wp-json\/wp\/v2\/posts\/96978\/revisions\/96979"}],"wp:featuredmedia":[{"embeddable":true,"href":"https:\/\/www.noticiasradioreflejos.com.ar\/2021\/wp-json\/wp\/v2\/media\/70265"}],"wp:attachment":[{"href":"https:\/\/www.noticiasradioreflejos.com.ar\/2021\/wp-json\/wp\/v2\/media?parent=96978"}],"wp:term":[{"taxonomy":"category","embeddable":true,"href":"https:\/\/www.noticiasradioreflejos.com.ar\/2021\/wp-json\/wp\/v2\/categories?post=96978"},{"taxonomy":"post_tag","embeddable":true,"href":"https:\/\/www.noticiasradioreflejos.com.ar\/2021\/wp-json\/wp\/v2\/tags?post=96978"}],"curies":[{"name":"wp","href":"https:\/\/api.w.org\/{rel}","templated":true}]}}