{"id":96968,"date":"2023-12-27T10:40:36","date_gmt":"2023-12-27T10:40:36","guid":{"rendered":"https:\/\/www.noticiasradioreflejos.com.ar\/2021\/?p=96968"},"modified":"2023-12-27T10:42:35","modified_gmt":"2023-12-27T10:42:35","slug":"la-cgt-marcha-a-tribunales-para-presentar-amparos-contra-el-dnu-de-milei","status":"publish","type":"post","link":"https:\/\/www.noticiasradioreflejos.com.ar\/2021\/la-cgt-marcha-a-tribunales-para-presentar-amparos-contra-el-dnu-de-milei\/","title":{"rendered":"La CGT marcha a Tribunales para presentar amparos contra el DNU de Milei"},"content":{"rendered":"<div class=\"wrapper-header\">\n<div class=\"container-xl\">\n<div class=\"row\">\n<div class=\"col-12\">\n<div class=\"head-content mb-4\">\n<div class=\"my-3\">\n<div class=\"social mt-3\">La central obrera presentar\u00e1 cautelares que buscan frenar los alcances del decreto de necesidad y urgencia que desregula la econom\u00eda y deroga leyes, algunas de ellas laborales. El Gobierno anunci\u00f3 que usar\u00e1 \u00abtodas las medidas de disuasi\u00f3n\u00bb.<\/div>\n<\/div>\n<\/div>\n<\/div>\n<\/div>\n<\/div>\n<\/div>\n<p><!--more--><\/p>\n<div class=\"wrapper-editable-content\">\n<div class=\"wrapper-info-note\">\n<div class=\"col-md-12\">\n<div class=\"wrapper-author-social\">\n<div class=\"author-box mb-4\">\n<div class=\"info\">\n<div class=\"time\"><\/div>\n<\/div>\n<\/div>\n<\/div>\n<\/div>\n<\/div>\n<div>\n<div class=\"wrapper-editable-content\">\n<div class=\"container-md\">\n<div class=\"row\">\n<div class=\"col-md-12 speak\">\n<div class=\"paragraph\">\n<figure class=\"mb-3\"><img decoding=\"async\" class=\" lazy \" src=\"https:\/\/www.telam.com.ar\/thumbs\/bluesteel\/advf\/imagenes\/2023\/03\/641b20c61550c_1200.jpg\" alt=\"Foto Archivo\" width=\"100%\" height=\"100%\" \/><\/p>\n<div class=\"media-icons\"><\/div><figcaption>Foto: Archivo.<\/figcaption><\/figure>\n<p><strong>La CGT, las dos CTA, la Unidad Piquetera y partidos de izquierda<\/strong>\u00a0se congregar\u00e1n este mi\u00e9rcoles, junto a otras organizaciones sociales y gremiales, en una manifestaci\u00f3n que se movilizar\u00e1 hacia Tribunales en rechazo al decreto de necesidad y urgencia (DNU) presidencial que implica una profunda desregulaci\u00f3n de la econom\u00eda y deroga m\u00faltiples leyes, algunas de ellas laborales, ante la cual el Gobierno advirti\u00f3 que utilizar\u00e1 \u00abtodas las medidas de disuasi\u00f3n\u00bb a su alcance, entre ellas el protocolo de orden p\u00fablico.<\/p>\n<p>La concentraci\u00f3n fue convocada por la CGT\u00a0<strong>a las 11 frente al Palacio de Justicia<\/strong>, en las calles Lavalle y Talcahuano, en el centro porte\u00f1o, con el objetivo de<strong>\u00a0acompa\u00f1ar la presentaci\u00f3n de una serie de medidas cautelares que frenen los alcances del DNU<\/strong> firmado por el presidente Javier Milei y presentado el mi\u00e9rcoles pasado en un mensaje difundido por cadena nacional.<\/p>\n<p>La CGT expres\u00f3 en los \u00faltimos d\u00edas su rechazo al decreto y para enfrentar esa decisi\u00f3n convoc\u00f3 a los trabajadores a marchar hacia Tribunales. Adem\u00e1s, anunci\u00f3 que\u00a0<strong>este jueves reunir\u00e1 al Comit\u00e9 Central Confederal para definir un plan de lucha\u00a0<\/strong>que podr\u00eda incluir una huelga nacional de 24 horas de duraci\u00f3n.<\/p>\n<p>Junto a la CGT tambi\u00e9n se movilizar\u00e1n la\u00a0<a href=\"https:\/\/www.telam.com.ar\/notas\/202312\/650363-las-dos-cta-marcharan-junto-a-cgt-el-miercoles-y-tendran-un-plenario-el-viernes.html\" target=\"_blank\" rel=\"noopener\">Central de Trabajadores de Argentina (CTA-T), la Aut\u00f3noma<\/a>\u00a0(CTA-A) y la Asociaci\u00f3n de Trabajadores del Estado (ATE), que al reclamo de inconstitucionalidad del DNU firmado por Milei le sum\u00f3 el repudio a la disposici\u00f3n oficial de\u00a0<a href=\"https:\/\/www.telam.com.ar\/notas\/202312\/650596-ate-movilizacion-cgt-dnu.html\" target=\"_blank\" rel=\"noopener\">despedir a 7.000 trabajadores de la Administraci\u00f3n P\u00fablica Nacional<\/a>, oficializada por medio de otro decreto publicado en el Bolet\u00edn Oficial.<\/p>\n<div class=\"jumbotron pt-4 mt-3\">\n<h3 class=\"module-title\">GREMIOS Y DIRIGENTES SIGUEN PRONUNCI\u00c1NDOSE CONTRA EL DNU Y MARCHAR\u00c1N A TRIBUNALES<\/h3>\n<p>Organizaciones sindicales confederadas en la CGT ratificaron su adhesi\u00f3n a la marcha de\u00a0<strong>este mi\u00e9rcoles hacia el Palacio de Justicia en rechazo del Decreto de Necesidad y Urgencia (DNU) del Gobierno<\/strong>, ocasi\u00f3n en la que presentar\u00e1n amparos para que la Corte Suprema de la Naci\u00f3n declare la nulidad de la medida.<\/p>\n<p>La\u00a0<strong>Asociaci\u00f3n Bancaria (AB) que lidera Sergio Palazzo<\/strong>\u00a0sostuvo en un documento que \u00aba pedido de la central obrera y para la organizaci\u00f3n y seguridad de los manifestantes, el sindicato y el Frente Sindical se concentrar\u00e1n en Libertad y Lavalle\u00bb desde las 10.30.<\/p>\n<p>El titular del\u00a0<strong>Sindicato de Personal de Dragado y Balizamiento (Dragybal), Juan Carlos Schmid<\/strong>, sostuvo que \u00abel DNU secundado por el Gabinete nacional decidi\u00f3 subvertir el orden constitucional\u00bb.<\/p>\n<p>El tambi\u00e9n secretario general de la<strong>\u00a0Federaci\u00f3n Mar\u00edtima, Portuaria y de la Industria Naval (Fempinra) y adjunto de la Confederaci\u00f3n Argentina de Trabajadores del Transporte (CATT)<\/strong>\u00a0se\u00f1al\u00f3 en un comunicado que \u00abMilei y su Gabinete decidieron subvertir el orden constitucional al pretender legislar arrog\u00e1ndose la suma del poder p\u00fablico\u00bb.<\/p>\n<p>Sergio Sasia, titular nacional de la\u00a0<strong>Uni\u00f3n Ferroviaria (UF) y de la CATT<\/strong>, convoc\u00f3 en un documento a \u00abla sensatez\u00bb para que el Gobierno revea la norma y recurra al Congreso para realizar las modificaciones legislativas que pudiese necesitar el pa\u00eds, pero \u00absin atropellar derechos laborales y sociales o quebrantar el aparato productivo\u00bb.<\/p>\n<p>Graciela Ale\u00f1\u00e1, secretaria general del\u00a0<strong>Sindicato de Trabajadores Viales y Afines (Stvyara) y de Igualdad de Oportunidades de la CGT<\/strong>, asegur\u00f3 que marchar\u00e1 hacia Tribunales porque el DNU \u00abes violatorio de la Constituci\u00f3n y del Estado de derecho indivicual, adem\u00e1s de atentar contra todos los derechos adquiridos de los trabajadores\u00bb.<\/p>\n<p>El jefe de la\u00a0<strong>Asociaci\u00f3n Argentina de Aeronavegantes (AAA) y secretario de Prensa de la CATT<\/strong>, Juan Pablo Brey, asegur\u00f3 que el DNU \u00abarrasa con m\u00e1s de un siglo de conquistas y derechos de los trabajadores y los deja librados a su suerte ante el mercado\u00bb.<\/p>\n<p>Mariano Moreno, secretario general del\u00a0<strong>Centro de Patrones y Oficiales Fluviales, de Pesca y Cabotaje Mar\u00edtimo<\/strong>, enfatiz\u00f3 que \u00abes imposible para el sindicalismo permitir que se pierdan todos esos derechos conquistados por generaciones y generaciones\u00bb, en tanto el Sindicato Conductores Navales (Siconara) explic\u00f3 que el DNU \u00abavasalla los derechos y arriesga la continuidad del funcionamiento de la obra social\u00bb de la actividad.<\/p>\n<p>Alberto Fantini, conductor de la Federaci\u00f3n Gremial del Personal de la Industria de la Carne y sus Derivados, puntualiz\u00f3 que el sindicato se movilizar\u00e1 \u00aben defensa de los derechos laborales, previsionales y sociales y por una Patria justa, libre y soberana\u00bb, a la vez que el jefe de la Federaci\u00f3n Nacional de Peones de Taxis (Fepetax), Jorge Garc\u00eda, denunci\u00f3 que \u00abse pretende arrasar con los derechos de los ciudadanos y enajenar de forma total la riqueza de la Naci\u00f3n de forma peor que lo hizo la dictadura\u00bb.<\/p>\n<p>Jos\u00e9 Pasotti, secretario general del Sindicato Obrero del Caucho y Afines (Socaya), destac\u00f3 que \u00abel gremio no permitir\u00e1 el avasallamiento de derechos laborales y conquistas\u00bb, y Mario Romero, quien encabeza la Asociaci\u00f3n del Personal del Instituto Nacional de Tecnolog\u00eda Agropecuaria (Apinta), expres\u00f3 su \u00abprofunda preocupaci\u00f3n\u00bb por \u00abel avasallamiento del Estado de derecho y sus bienes naturales\u00bb, a la vez que denunci\u00f3 que el DNU \u00abse opone a la vida democr\u00e1tica y a los derechos adquiridos en a\u00f1os de lucha\u00bb.<\/p>\n<\/div>\n<p><strong>\u00abQue nadie espere que aceptemos ni un solo despido\u00bb<\/strong>, se\u00f1al\u00f3 el secretario general de ATE, Rodolfo Aguiar.<\/p>\n<p>Este martes, el dirigente gremial confirm\u00f3 en un mensaje publicado en X (ex Twitter) la presentaci\u00f3n de una\u00a0<a href=\"http:\/\/www.telam.com.ar\/notas\/202312\/650648-ate-denuncia-penal-milei-dnu.html\" target=\"_blank\" rel=\"noopener\">denuncia penal contra Javier Milei por el DNU<\/a>\u00a0emitido la semana pasada, al considerar que se trata de una medida que incurri\u00f3, entre otros delitos, en el de abuso de la autoridad.<\/p>\n<p>En tanto, tambi\u00e9n anunciaron que machar\u00e1n a Tribunales la\u00a0<a href=\"https:\/\/www.telam.com.ar\/notas\/202312\/650626-utep-cgt-tribunales-dnu-protesta.html\" target=\"_blank\" rel=\"noopener\">Uni\u00f3n de Trabajadores de la Econom\u00eda Popula<\/a>r, el Frente de Organizaciones en Lucha, el\u00a0<a href=\"http:\/\/www.telam.com.ar\/notas\/202312\/650643-polo-obrero-unidad-piquetera-marcha.html\" target=\"_blank\" rel=\"noopener\">Polo Obrero y la Unidad Piquetera<\/a>.<\/p>\n<div class=\"video_repositive\">\n<div id=\"Om4W9jO8Pj8\" class=\"video_telam\">\n<div class=\"feature_article_inner\">\n<div class=\"feature_article_title\">\n<h2 class=\"text-center\">El Polo Obrero y la Unidad Piquetera marchar\u00e1n a Tribunales y exigen un paro nacional<\/h2>\n<h2 class=\"\">El Gobierno dijo que usar\u00e1 \u00abtodas las medidas de disuasi\u00f3n\u00bb<\/h2>\n<p>Entre las \u00abmedidas de disuasi\u00f3n\u00bb que el Gobierno dispondr\u00eda ante la protesta sindical, el portavoz presidencial Manuel Adorni le record\u00f3 a la ciudadan\u00eda que contin\u00faa abierta la<strong>\u00a0l\u00ednea telef\u00f3nica 134<\/strong>\u00a0para que se comuniquen all\u00ed quienes \u00abse sientan extorsionados para ir a movilizarse\u00bb, mientras que la ministra de Seguridad, Patricia Bullrich, hizo un llamado \u00aba la reflexi\u00f3n a quienes tienen planes sociales\u00bb, al afirmar que\u00a0<a href=\"https:\/\/www.telam.com.ar\/notas\/202312\/650630-gobierno-dnu-marchas.html\" target=\"_blank\" rel=\"noopener\">\u00abel que corta una calle, no cobra\u00bb<\/a>.<\/p>\n<p>Tanto Adorni como Bullrich, ambos en sendas ruedas de prensa, dijeron que\u00a0<a href=\"https:\/\/www.telam.com.ar\/notas\/202312\/649687-oficializaron-protocolo-seguridad-protestas-cortes-de-calles.html\" target=\"_blank\" rel=\"noopener\">se encuentra vigente el protocolo de orden p\u00fablico que el Gobierno que puso en marcha el mi\u00e9rcoles pasado<\/a>, cuando la agrupaci\u00f3n Unidad Piquetera march\u00f3 a la Plaza de Mayo para expresar distintos reclamos a Milei y recordar a las m\u00e1s de 30 personas muertas en las manifestaciones del 19 y 20 de diciembre de 2001.<\/p>\n<div class=\"video_repositive\">\n<div id=\"6BmPcg6qim0\" class=\"video_telam\">\n<div class=\"feature_article_inner\">\n<div class=\"feature_article_title\">\n<h2 class=\"text-center\">Bullrich reiter\u00f3 que quitar\u00e1n planes sociales a quienes corten calles<\/h2>\n<p>El\u00a0<strong>protocolo antipiquetes\u00a0<\/strong>prev\u00e9, entre otros puntos, la actuaci\u00f3n de las fuerzas de seguridad sin que necesariamente medie una orden judicial cuando una protesta impida el tr\u00e1nsito de personas o veh\u00edculos con cortes de calles, avenidas y rutas.<\/p>\n<p>\u00abEn este camino de los argentinos que quieren un pa\u00eds distinto, hay otros que no quieren cambiar, que anuncian marchas y protestas\u00bb, dijo Adorni con relaci\u00f3n a la medida de protesta convocada para ma\u00f1ana frente a los Tribunales porte\u00f1os.<\/p>\n<p>Al respecto, Bullrich destac\u00f3 que \u00abhace 16 d\u00edas que asumi\u00f3 este Gobierno\u00bb y la de ma\u00f1ana ser\u00e1 \u00abla tercera manifestaci\u00f3n\u00bb en su contra. \u00abEn vez de oponerse, ayuden a que el pa\u00eds salga adelante\u00bb, agreg\u00f3.<\/p>\n<figure class=\"mb-3\"><img decoding=\"async\" class=\" lazy \" src=\"https:\/\/www.telam.com.ar\/thumbs\/bluesteel\/advf\/imagenes\/2023\/12\/6585aa6c9cae6_1200.jpg\" alt=\"Foto archivo Alejandro Santa Cruz\" width=\"100%\" height=\"100%\" \/><\/p>\n<div class=\"media-icons\"><\/div><figcaption>Foto archivo: Alejandro Santa Cruz.<\/figcaption><\/figure>\n<h2 class=\"\">D&#8217;El\u00eda: \u00abEl DNU\u00a0consagra para todos los tiempos el modelo neoliberal conservador\u00bb<\/h2>\n<p>Por su parte, un grupo de organizaciones sociales confirm\u00f3 la realizaci\u00f3n una\u00a0<a href=\"https:\/\/www.telam.com.ar\/notas\/202312\/650621-protestas-dnu-la-matanza.html\" target=\"_blank\" rel=\"noopener\">protesta este jueves en el partido bonaerense de La Matanza<\/a>\u00a0en rechazo del DNU de desregulaci\u00f3n de la econom\u00eda.<\/p>\n<p>La protesta se llevar\u00e1 a cabo entre las 10 y las 14, en la ruta 3, entre las v\u00edas del ferrocarril y la calle Germ\u00e1n Abdala, a la altura de la localidad de Isidro Casanova.<\/p>\n<p>De la convocatoria participar\u00e1n la\u00a0<strong>Federaci\u00f3n de Tierra, Vivienda y H\u00e1bitat<\/strong>\u00a0(FTV), encabezada por Luis D&#8217;El\u00eda; la\u00a0<strong>Corriente Clasista y Combativa<\/strong>\u00a0(CCC); el\u00a0<strong>Movimiento Barrios de Pie<\/strong>; el\u00a0<strong>Frente Barrial de la CTA<\/strong>; el\u00a0<strong>Sindicato de los Canillitas<\/strong>; y\u00a0<strong>agrupaciones de jubilados y pensionados<\/strong>\u00a0de la Matanza, entre otros.<\/p>\n<p>\u00abEl pr\u00f3ximo jueves vamos a cortar la ruta 3 en La Matanza, que es un lugar hist\u00f3rico de los piquetes en el pa\u00eds, porque estamos frontalmente en contra del decreto \u00f3mnibus de (el presidente Javier) Milei que consagra para todos los tiempos el modelo neoliberal conservador en la Argentina\u00bb, confirm\u00f3 a T\u00e9lam D&#8217;El\u00eda.<\/p>\n<div class=\"jumbotron pt-4 mt-3\">\n<h3 class=\"module-title\">CON UN PARO DE 24 HORAS, LOS JUDICIALES SE SUMAN A LA CGT<\/h3>\n<p>La Uni\u00f3n de Empleados Judiciales de la Naci\u00f3n (Uejn), que lidera<strong>\u00a0Julio Piumato<\/strong>, anunci\u00f3 para este mi\u00e9rcoles un \u00abparo nacional por 24 horas acompa\u00f1ado de un acto en reclamo de la inmediata recomposici\u00f3n salarial correspondiente al mes de diciembre\u00bb, en coincidencia con la marcha de la CGT contra el DNU del Gobierno.<\/p>\n<p>Piumato indic\u00f3 a T\u00e9lam que\u00a0<strong>a partir de las 9 \u00abharemos un paro en todo el pa\u00eds sumado a un acto en Plaza Lavalle por el reclamo salarial<\/strong>, pues no tenemos cerrada todav\u00eda la recomposici\u00f3n de diciembre y estamos reclamando porque la inflaci\u00f3n se comi\u00f3 buena parte del salario\u00bb.<\/p>\n<p>\u00abEsta medida de fuerza la resolvimos antes de la convocatoria que realiz\u00f3 la CGT para presentar la demanda (contra el DNU), por eso hacemos el acto aqu\u00ed en Plaza Lavalle, sobre la calle Tucum\u00e1n. Lo vamos a hacer a partir de las 9 y en todas las delegaciones de la UEJN del pa\u00eds\u00bb, explic\u00f3.<\/p>\n<p>No obstante, resalt\u00f3 que<strong>\u00a0el gremio \u00abacompa\u00f1ar\u00e1 la presentaci\u00f3n del amparo de la CGT parta anular el DNU\u00bb<\/strong>.<\/p>\n<p><strong>\u00abHacemos el acto a las 9 y nos sumamos a la concentraci\u00f3n para plantear la inconstitucionalidad absoluta del DNU\u00bb<\/strong>, ampli\u00f3.<\/p>\n<p>&nbsp;<\/p>\n<\/div>\n<\/div>\n<\/div>\n<\/div>\n<\/div>\n<\/div>\n<\/div>\n<\/div>\n<p><span style=\"color: #000080;\"><em><strong>Fuente T\u00e9lam<\/strong><\/em><\/span><\/p>\n<\/div>\n<\/div>\n<\/div>\n<\/div>\n<\/div>\n<\/div>\n<\/div>\n<\/div>\n","protected":false},"excerpt":{"rendered":"<p>La central obrera presentar\u00e1 cautelares que buscan frenar los alcances del decreto de necesidad y urgencia que desregula la econom\u00eda y deroga leyes, algunas de ellas laborales. El Gobierno anunci\u00f3 que usar\u00e1 \u00abtodas las medidas de disuasi\u00f3n\u00bb.<\/p>\n","protected":false},"author":3,"featured_media":0,"comment_status":"closed","ping_status":"closed","sticky":false,"template":"","format":"standard","meta":{"footnotes":""},"categories":[36,24,26],"tags":[],"class_list":["post-96968","post","type-post","status-publish","format-standard","hentry","category-economia","category-politica","category-sociedad"],"yoast_head":"<!-- This site is optimized with the Yoast SEO plugin v25.9 - https:\/\/yoast.com\/wordpress\/plugins\/seo\/ -->\n<title>La CGT marcha a Tribunales para presentar amparos contra el DNU de Milei - Noticias Radio Reflejos<\/title>\n<meta name=\"robots\" content=\"index, follow, max-snippet:-1, max-image-preview:large, max-video-preview:-1\" \/>\n<link rel=\"canonical\" href=\"https:\/\/www.noticiasradioreflejos.com.ar\/2021\/la-cgt-marcha-a-tribunales-para-presentar-amparos-contra-el-dnu-de-milei\/\" \/>\n<meta property=\"og:locale\" content=\"es_ES\" \/>\n<meta property=\"og:type\" content=\"article\" \/>\n<meta property=\"og:title\" content=\"La CGT marcha a Tribunales para presentar amparos contra el DNU de Milei - Noticias Radio Reflejos\" \/>\n<meta property=\"og:description\" content=\"La central obrera presentar\u00e1 cautelares que buscan frenar los alcances del decreto de necesidad y urgencia que desregula la econom\u00eda y deroga leyes, algunas de ellas laborales. El Gobierno anunci\u00f3 que usar\u00e1 \u00abtodas las medidas de disuasi\u00f3n\u00bb.\" \/>\n<meta property=\"og:url\" content=\"https:\/\/www.noticiasradioreflejos.com.ar\/2021\/la-cgt-marcha-a-tribunales-para-presentar-amparos-contra-el-dnu-de-milei\/\" \/>\n<meta property=\"og:site_name\" content=\"Noticias Radio Reflejos\" \/>\n<meta property=\"article:published_time\" content=\"2023-12-27T10:40:36+00:00\" \/>\n<meta property=\"article:modified_time\" content=\"2023-12-27T10:42:35+00:00\" \/>\n<meta property=\"og:image\" content=\"https:\/\/www.telam.com.ar\/thumbs\/bluesteel\/advf\/imagenes\/2023\/03\/641b20c61550c_1200.jpg\" \/>\n<meta name=\"author\" content=\"Arnaldo Botto\" \/>\n<meta name=\"twitter:card\" content=\"summary_large_image\" \/>\n<script type=\"application\/ld+json\" class=\"yoast-schema-graph\">{\"@context\":\"https:\/\/schema.org\",\"@graph\":[{\"@type\":\"WebPage\",\"@id\":\"https:\/\/www.noticiasradioreflejos.com.ar\/2021\/la-cgt-marcha-a-tribunales-para-presentar-amparos-contra-el-dnu-de-milei\/\",\"url\":\"https:\/\/www.noticiasradioreflejos.com.ar\/2021\/la-cgt-marcha-a-tribunales-para-presentar-amparos-contra-el-dnu-de-milei\/\",\"name\":\"La CGT marcha a Tribunales para presentar amparos contra el DNU de Milei - Noticias Radio Reflejos\",\"isPartOf\":{\"@id\":\"https:\/\/www.noticiasradioreflejos.com.ar\/2021\/#website\"},\"primaryImageOfPage\":{\"@id\":\"https:\/\/www.noticiasradioreflejos.com.ar\/2021\/la-cgt-marcha-a-tribunales-para-presentar-amparos-contra-el-dnu-de-milei\/#primaryimage\"},\"image\":{\"@id\":\"https:\/\/www.noticiasradioreflejos.com.ar\/2021\/la-cgt-marcha-a-tribunales-para-presentar-amparos-contra-el-dnu-de-milei\/#primaryimage\"},\"thumbnailUrl\":\"https:\/\/www.telam.com.ar\/thumbs\/bluesteel\/advf\/imagenes\/2023\/03\/641b20c61550c_1200.jpg\",\"datePublished\":\"2023-12-27T10:40:36+00:00\",\"dateModified\":\"2023-12-27T10:42:35+00:00\",\"author\":{\"@id\":\"https:\/\/www.noticiasradioreflejos.com.ar\/2021\/#\/schema\/person\/ad82545263dcc5ec0996818884fd5fb1\"},\"breadcrumb\":{\"@id\":\"https:\/\/www.noticiasradioreflejos.com.ar\/2021\/la-cgt-marcha-a-tribunales-para-presentar-amparos-contra-el-dnu-de-milei\/#breadcrumb\"},\"inLanguage\":\"es\",\"potentialAction\":[{\"@type\":\"ReadAction\",\"target\":[\"https:\/\/www.noticiasradioreflejos.com.ar\/2021\/la-cgt-marcha-a-tribunales-para-presentar-amparos-contra-el-dnu-de-milei\/\"]}]},{\"@type\":\"ImageObject\",\"inLanguage\":\"es\",\"@id\":\"https:\/\/www.noticiasradioreflejos.com.ar\/2021\/la-cgt-marcha-a-tribunales-para-presentar-amparos-contra-el-dnu-de-milei\/#primaryimage\",\"url\":\"https:\/\/www.telam.com.ar\/thumbs\/bluesteel\/advf\/imagenes\/2023\/03\/641b20c61550c_1200.jpg\",\"contentUrl\":\"https:\/\/www.telam.com.ar\/thumbs\/bluesteel\/advf\/imagenes\/2023\/03\/641b20c61550c_1200.jpg\"},{\"@type\":\"BreadcrumbList\",\"@id\":\"https:\/\/www.noticiasradioreflejos.com.ar\/2021\/la-cgt-marcha-a-tribunales-para-presentar-amparos-contra-el-dnu-de-milei\/#breadcrumb\",\"itemListElement\":[{\"@type\":\"ListItem\",\"position\":1,\"name\":\"Portada\",\"item\":\"https:\/\/www.noticiasradioreflejos.com.ar\/2021\/\"},{\"@type\":\"ListItem\",\"position\":2,\"name\":\"La CGT marcha a Tribunales para presentar amparos contra el DNU de Milei\"}]},{\"@type\":\"WebSite\",\"@id\":\"https:\/\/www.noticiasradioreflejos.com.ar\/2021\/#website\",\"url\":\"https:\/\/www.noticiasradioreflejos.com.ar\/2021\/\",\"name\":\"Noticias Radio Reflejos\",\"description\":\"Las noticias de mi comarca\",\"potentialAction\":[{\"@type\":\"SearchAction\",\"target\":{\"@type\":\"EntryPoint\",\"urlTemplate\":\"https:\/\/www.noticiasradioreflejos.com.ar\/2021\/?s={search_term_string}\"},\"query-input\":{\"@type\":\"PropertyValueSpecification\",\"valueRequired\":true,\"valueName\":\"search_term_string\"}}],\"inLanguage\":\"es\"},{\"@type\":\"Person\",\"@id\":\"https:\/\/www.noticiasradioreflejos.com.ar\/2021\/#\/schema\/person\/ad82545263dcc5ec0996818884fd5fb1\",\"name\":\"Arnaldo Botto\",\"image\":{\"@type\":\"ImageObject\",\"inLanguage\":\"es\",\"@id\":\"https:\/\/www.noticiasradioreflejos.com.ar\/2021\/#\/schema\/person\/image\/\",\"url\":\"https:\/\/secure.gravatar.com\/avatar\/55cb5e37c1efa326397366e6974cb338056df65cb50e7d64d1cf314e87504837?s=96&d=mm&r=g\",\"contentUrl\":\"https:\/\/secure.gravatar.com\/avatar\/55cb5e37c1efa326397366e6974cb338056df65cb50e7d64d1cf314e87504837?s=96&d=mm&r=g\",\"caption\":\"Arnaldo Botto\"},\"url\":\"https:\/\/www.noticiasradioreflejos.com.ar\/2021\/author\/arnaldo\/\"}]}<\/script>\n<!-- \/ Yoast SEO plugin. -->","yoast_head_json":{"title":"La CGT marcha a Tribunales para presentar amparos contra el DNU de Milei - Noticias Radio Reflejos","robots":{"index":"index","follow":"follow","max-snippet":"max-snippet:-1","max-image-preview":"max-image-preview:large","max-video-preview":"max-video-preview:-1"},"canonical":"https:\/\/www.noticiasradioreflejos.com.ar\/2021\/la-cgt-marcha-a-tribunales-para-presentar-amparos-contra-el-dnu-de-milei\/","og_locale":"es_ES","og_type":"article","og_title":"La CGT marcha a Tribunales para presentar amparos contra el DNU de Milei - Noticias Radio Reflejos","og_description":"La central obrera presentar\u00e1 cautelares que buscan frenar los alcances del decreto de necesidad y urgencia que desregula la econom\u00eda y deroga leyes, algunas de ellas laborales. El Gobierno anunci\u00f3 que usar\u00e1 \u00abtodas las medidas de disuasi\u00f3n\u00bb.","og_url":"https:\/\/www.noticiasradioreflejos.com.ar\/2021\/la-cgt-marcha-a-tribunales-para-presentar-amparos-contra-el-dnu-de-milei\/","og_site_name":"Noticias Radio Reflejos","article_published_time":"2023-12-27T10:40:36+00:00","article_modified_time":"2023-12-27T10:42:35+00:00","og_image":[{"url":"https:\/\/www.telam.com.ar\/thumbs\/bluesteel\/advf\/imagenes\/2023\/03\/641b20c61550c_1200.jpg","type":"","width":"","height":""}],"author":"Arnaldo Botto","twitter_card":"summary_large_image","schema":{"@context":"https:\/\/schema.org","@graph":[{"@type":"WebPage","@id":"https:\/\/www.noticiasradioreflejos.com.ar\/2021\/la-cgt-marcha-a-tribunales-para-presentar-amparos-contra-el-dnu-de-milei\/","url":"https:\/\/www.noticiasradioreflejos.com.ar\/2021\/la-cgt-marcha-a-tribunales-para-presentar-amparos-contra-el-dnu-de-milei\/","name":"La CGT marcha a Tribunales para presentar amparos contra el DNU de Milei - Noticias Radio Reflejos","isPartOf":{"@id":"https:\/\/www.noticiasradioreflejos.com.ar\/2021\/#website"},"primaryImageOfPage":{"@id":"https:\/\/www.noticiasradioreflejos.com.ar\/2021\/la-cgt-marcha-a-tribunales-para-presentar-amparos-contra-el-dnu-de-milei\/#primaryimage"},"image":{"@id":"https:\/\/www.noticiasradioreflejos.com.ar\/2021\/la-cgt-marcha-a-tribunales-para-presentar-amparos-contra-el-dnu-de-milei\/#primaryimage"},"thumbnailUrl":"https:\/\/www.telam.com.ar\/thumbs\/bluesteel\/advf\/imagenes\/2023\/03\/641b20c61550c_1200.jpg","datePublished":"2023-12-27T10:40:36+00:00","dateModified":"2023-12-27T10:42:35+00:00","author":{"@id":"https:\/\/www.noticiasradioreflejos.com.ar\/2021\/#\/schema\/person\/ad82545263dcc5ec0996818884fd5fb1"},"breadcrumb":{"@id":"https:\/\/www.noticiasradioreflejos.com.ar\/2021\/la-cgt-marcha-a-tribunales-para-presentar-amparos-contra-el-dnu-de-milei\/#breadcrumb"},"inLanguage":"es","potentialAction":[{"@type":"ReadAction","target":["https:\/\/www.noticiasradioreflejos.com.ar\/2021\/la-cgt-marcha-a-tribunales-para-presentar-amparos-contra-el-dnu-de-milei\/"]}]},{"@type":"ImageObject","inLanguage":"es","@id":"https:\/\/www.noticiasradioreflejos.com.ar\/2021\/la-cgt-marcha-a-tribunales-para-presentar-amparos-contra-el-dnu-de-milei\/#primaryimage","url":"https:\/\/www.telam.com.ar\/thumbs\/bluesteel\/advf\/imagenes\/2023\/03\/641b20c61550c_1200.jpg","contentUrl":"https:\/\/www.telam.com.ar\/thumbs\/bluesteel\/advf\/imagenes\/2023\/03\/641b20c61550c_1200.jpg"},{"@type":"BreadcrumbList","@id":"https:\/\/www.noticiasradioreflejos.com.ar\/2021\/la-cgt-marcha-a-tribunales-para-presentar-amparos-contra-el-dnu-de-milei\/#breadcrumb","itemListElement":[{"@type":"ListItem","position":1,"name":"Portada","item":"https:\/\/www.noticiasradioreflejos.com.ar\/2021\/"},{"@type":"ListItem","position":2,"name":"La CGT marcha a Tribunales para presentar amparos contra el DNU de Milei"}]},{"@type":"WebSite","@id":"https:\/\/www.noticiasradioreflejos.com.ar\/2021\/#website","url":"https:\/\/www.noticiasradioreflejos.com.ar\/2021\/","name":"Noticias Radio Reflejos","description":"Las noticias de mi comarca","potentialAction":[{"@type":"SearchAction","target":{"@type":"EntryPoint","urlTemplate":"https:\/\/www.noticiasradioreflejos.com.ar\/2021\/?s={search_term_string}"},"query-input":{"@type":"PropertyValueSpecification","valueRequired":true,"valueName":"search_term_string"}}],"inLanguage":"es"},{"@type":"Person","@id":"https:\/\/www.noticiasradioreflejos.com.ar\/2021\/#\/schema\/person\/ad82545263dcc5ec0996818884fd5fb1","name":"Arnaldo Botto","image":{"@type":"ImageObject","inLanguage":"es","@id":"https:\/\/www.noticiasradioreflejos.com.ar\/2021\/#\/schema\/person\/image\/","url":"https:\/\/secure.gravatar.com\/avatar\/55cb5e37c1efa326397366e6974cb338056df65cb50e7d64d1cf314e87504837?s=96&d=mm&r=g","contentUrl":"https:\/\/secure.gravatar.com\/avatar\/55cb5e37c1efa326397366e6974cb338056df65cb50e7d64d1cf314e87504837?s=96&d=mm&r=g","caption":"Arnaldo Botto"},"url":"https:\/\/www.noticiasradioreflejos.com.ar\/2021\/author\/arnaldo\/"}]}},"_links":{"self":[{"href":"https:\/\/www.noticiasradioreflejos.com.ar\/2021\/wp-json\/wp\/v2\/posts\/96968","targetHints":{"allow":["GET"]}}],"collection":[{"href":"https:\/\/www.noticiasradioreflejos.com.ar\/2021\/wp-json\/wp\/v2\/posts"}],"about":[{"href":"https:\/\/www.noticiasradioreflejos.com.ar\/2021\/wp-json\/wp\/v2\/types\/post"}],"author":[{"embeddable":true,"href":"https:\/\/www.noticiasradioreflejos.com.ar\/2021\/wp-json\/wp\/v2\/users\/3"}],"replies":[{"embeddable":true,"href":"https:\/\/www.noticiasradioreflejos.com.ar\/2021\/wp-json\/wp\/v2\/comments?post=96968"}],"version-history":[{"count":2,"href":"https:\/\/www.noticiasradioreflejos.com.ar\/2021\/wp-json\/wp\/v2\/posts\/96968\/revisions"}],"predecessor-version":[{"id":96971,"href":"https:\/\/www.noticiasradioreflejos.com.ar\/2021\/wp-json\/wp\/v2\/posts\/96968\/revisions\/96971"}],"wp:attachment":[{"href":"https:\/\/www.noticiasradioreflejos.com.ar\/2021\/wp-json\/wp\/v2\/media?parent=96968"}],"wp:term":[{"taxonomy":"category","embeddable":true,"href":"https:\/\/www.noticiasradioreflejos.com.ar\/2021\/wp-json\/wp\/v2\/categories?post=96968"},{"taxonomy":"post_tag","embeddable":true,"href":"https:\/\/www.noticiasradioreflejos.com.ar\/2021\/wp-json\/wp\/v2\/tags?post=96968"}],"curies":[{"name":"wp","href":"https:\/\/api.w.org\/{rel}","templated":true}]}}