{"id":96957,"date":"2023-12-26T21:14:42","date_gmt":"2023-12-26T21:14:42","guid":{"rendered":"https:\/\/www.noticiasradioreflejos.com.ar\/2021\/?p=96957"},"modified":"2023-12-26T21:16:06","modified_gmt":"2023-12-26T21:16:06","slug":"ya-se-presentaron-al-menos-diez-amparos-judiciales-contra-el-dnu","status":"publish","type":"post","link":"https:\/\/www.noticiasradioreflejos.com.ar\/2021\/ya-se-presentaron-al-menos-diez-amparos-judiciales-contra-el-dnu\/","title":{"rendered":"Ya se presentaron al menos diez amparos judiciales contra el DNU"},"content":{"rendered":"<p>Uno de ellos, presentado por el el abogado constitucionalista Andr\u00e9s Gil Dom\u00ednguez, consiste en una \u00abacci\u00f3n declarativa de inconstitucionalidad\u00bb contra el Decreto de Necesidad y Urgencia 70\/2023, con un pedido de medida cautelar para suspender sus efectos hasta el dictado de sentencia definitiva.<!--more--><\/p>\n<p>El fuero en lo\u00a0<strong>Contencioso Administrativo Federal<\/strong>\u00a0recibi\u00f3 al menos diez amparos contra el decreto de necesidad y urgencia 70, de desregulaci\u00f3n econ\u00f3mica, con pedidos de medidas suspensivas hasta que se dicte sentencia de fondo en relaci\u00f3n a planteos de presunta inconstitucionalidad de la norma del gobierno de Javier Milei.<\/p>\n<p>En una de ellas, la radicada por el abogado constitucionalista\u00a0<strong>Andr\u00e9s Gil Dom\u00ednguez<\/strong>\u00a0qued\u00f3 designado este martes el nuevo juzgado, el Contencioso Administrativo Federal 7 luego que el letrado recus\u00f3 al magistrado sorteado inicialmente, Juan Pablo Cayssials, informaron fuentes judiciales.<\/p>\n<p>Gil Dom\u00ednguez present\u00f3 una<strong>\u00a0\u00abacci\u00f3n declarativa de inconstitucionalidad\u00bb<\/strong>\u00a0contra el Decreto de Necesidad y Urgencia 70\/2023, publicado en el Bolet\u00edn Oficial el 21 de diciembre \u00faltimo con un pedido de medida cautelar para suspender sus efectos hasta el dictado de sentencia definitiva.<\/p>\n<p>En el fuero en lo Contencioso Administrativo Federal de la ciudad de Buenos Aires se realizaron hasta el momento diez presentaciones judiciales contra el DNU, que resultaron sorteadas en diferentes juzgados.<\/p>\n<p>La primera fue la radicada la semana pasada por la\u00a0<strong>Asociaci\u00f3n Civil Observatorio del Derecho a la Ciudad<\/strong>, en la cual el viernes \u00faltimo el juez Esteban Furnari admiti\u00f3 la acci\u00f3n como un \u00abamparo colectivo\u00bb y dio vista a la fiscal\u00eda para que se determine si la causa es competencia de ese juzgado.\u00a0La acci\u00f3n judicial fue presentada por esa asociaci\u00f3n civil y organizaciones como ATE y CTA contra el decreto de desregulaci\u00f3n econ\u00f3mica.<\/p>\n<p>Tambi\u00e9n ingres\u00f3 una acci\u00f3n de amparo de la Asociaci\u00f3n Civil por un Hogar en Argentina, que qued\u00f3 radicada ante el Juzgado 12 de ese fuero.<\/p>\n<p><strong>Durante ete martes presentaron amparos el extitular del Colegio P\u00fablico de Abogados de la ciudad de Buenos Aires, Jorge Rizzo y otros seis firmados por Betina Stein, Laura Golcman, Nancy Beatriz Mateos, Mar\u00eda Reston, Mariana Fern\u00e1ndez y Norma Castro.<\/strong><\/p>\n<figure class=\"mb-3\"><img decoding=\"async\" class=\" lazy \" src=\"https:\/\/www.telam.com.ar\/thumbs\/bluesteel\/advf\/imagenes\/2023\/08\/64dcdacc3fa4d_1200.jpg\" alt=\"El abogado constitucionalista Andrs Gil Domnguez Foto archivo\" width=\"100%\" height=\"100%\" \/><\/p>\n<div class=\"media-icons\"><em>El abogado constitucionalista Andr\u00e9s Gil Dom\u00ednguez \/ Foto: archivo<\/em><\/div>\n<\/figure>\n<p>&nbsp;<\/p>\n<p>En su demanda, el abogado Gil Dominguez sostuvo que el DNU es \u00abcontrario a los art\u00edculos 1, 29, 30, 77 a 84 y 99 inciso 3 de la Constituci\u00f3n argentina\u00bb<\/p>\n<p>Gil Dominguez pidi\u00f3 que \u00aboportunamente dicte sentencia declarando la inconstitucionalidad y la nulidad absoluta e insanable del Decreto de Necesidad y Urgencia N\u00ba 70\/2023\u00bb.<\/p>\n<p>Adem\u00e1s reclam\u00f3 el dictado de una medida cautelar que suspenda sus efectos hasta que haya sentencia definitiva.<\/p>\n<p>\u00abVengo a solicitar en los t\u00e9rminos previstos por el art\u00edculo 195 y siguientes del C\u00f3digo Procesal Civil y Comercial y los art\u00edculos 13 y 15 de ley 26.854 el dictado de una medida cautelar de no innovar mediante la cual se suspendan los efectos del Decreto de Necesidad y Urgencia N\u00ba 70\/2023 hasta tanto se dicte sentencia definitiva en la presente causa\u00bb, consign\u00f3.<\/p>\n<p><strong>El abogado reclam\u00f3 que se declare la \u00abinconstitucionalidad y la nulidad absoluta e insanable del Decreto de Necesidad y Urgencia N\u00ba 70\/2023\u00bb.<\/strong><\/p>\n<p>\u00abEl Poder Ejecutivo Nacional mediante el dictado del Decreto de Necesidad y Urgencia N\u00ba 70\/2023 utiliza un mecanismo de legislaci\u00f3n excepcional previsto por el art. 99.3 de la Constituci\u00f3n argentina &#8211; de interpretaci\u00f3n y aplicaci\u00f3n restrictiva- para sustituir integralmente la funci\u00f3n legislativa a trav\u00e9s del abuso de derecho p\u00fablico y el desv\u00edo de poder\u00bb, denunci\u00f3 el constitucionalista.<\/p>\n<p>Tambi\u00e9n \u00abcon el objeto de realizar una reforma constitucional indirecta o encubierta por fuera del mecanismo previsto por la Constituci\u00f3n argentina\u00bb, advirti\u00f3.<\/p>\n<p><strong>\u00abDe esta manera, se verifica la existencia de una norma que pretende vulnerar el principio republicano, la divisi\u00f3n de poderes\u00bb<\/strong>, sostiene la demanda presentada.<\/p>\n","protected":false},"excerpt":{"rendered":"<p>Uno de ellos, presentado por el el abogado constitucionalista Andr\u00e9s Gil Dom\u00ednguez, consiste en una \u00abacci\u00f3n declarativa de inconstitucionalidad\u00bb contra el Decreto de Necesidad y Urgencia 70\/2023, con un pedido de medida cautelar para suspender sus efectos hasta el dictado de sentencia definitiva.<\/p>\n","protected":false},"author":3,"featured_media":0,"comment_status":"closed","ping_status":"closed","sticky":false,"template":"","format":"standard","meta":{"footnotes":""},"categories":[58,57,24],"tags":[],"class_list":["post-96957","post","type-post","status-publish","format-standard","hentry","category-gobierno","category-judiciales","category-politica"],"yoast_head":"<!-- This site is optimized with the Yoast SEO plugin v25.9 - https:\/\/yoast.com\/wordpress\/plugins\/seo\/ -->\n<title>Ya se presentaron al menos diez amparos judiciales contra el DNU - Noticias Radio Reflejos<\/title>\n<meta name=\"robots\" content=\"index, follow, max-snippet:-1, max-image-preview:large, max-video-preview:-1\" \/>\n<link rel=\"canonical\" href=\"https:\/\/www.noticiasradioreflejos.com.ar\/2021\/ya-se-presentaron-al-menos-diez-amparos-judiciales-contra-el-dnu\/\" \/>\n<meta property=\"og:locale\" content=\"es_ES\" \/>\n<meta property=\"og:type\" content=\"article\" \/>\n<meta property=\"og:title\" content=\"Ya se presentaron al menos diez amparos judiciales contra el DNU - Noticias Radio Reflejos\" \/>\n<meta property=\"og:description\" content=\"Uno de ellos, presentado por el el abogado constitucionalista Andr\u00e9s Gil Dom\u00ednguez, consiste en una \u00abacci\u00f3n declarativa de inconstitucionalidad\u00bb contra el Decreto de Necesidad y Urgencia 70\/2023, con un pedido de medida cautelar para suspender sus efectos hasta el dictado de sentencia definitiva.\" \/>\n<meta property=\"og:url\" content=\"https:\/\/www.noticiasradioreflejos.com.ar\/2021\/ya-se-presentaron-al-menos-diez-amparos-judiciales-contra-el-dnu\/\" \/>\n<meta property=\"og:site_name\" content=\"Noticias Radio Reflejos\" \/>\n<meta property=\"article:published_time\" content=\"2023-12-26T21:14:42+00:00\" \/>\n<meta property=\"article:modified_time\" content=\"2023-12-26T21:16:06+00:00\" \/>\n<meta property=\"og:image\" content=\"https:\/\/www.telam.com.ar\/thumbs\/bluesteel\/advf\/imagenes\/2023\/08\/64dcdacc3fa4d_1200.jpg\" \/>\n<meta name=\"author\" content=\"Arnaldo Botto\" \/>\n<meta name=\"twitter:card\" content=\"summary_large_image\" \/>\n<script type=\"application\/ld+json\" class=\"yoast-schema-graph\">{\"@context\":\"https:\/\/schema.org\",\"@graph\":[{\"@type\":\"WebPage\",\"@id\":\"https:\/\/www.noticiasradioreflejos.com.ar\/2021\/ya-se-presentaron-al-menos-diez-amparos-judiciales-contra-el-dnu\/\",\"url\":\"https:\/\/www.noticiasradioreflejos.com.ar\/2021\/ya-se-presentaron-al-menos-diez-amparos-judiciales-contra-el-dnu\/\",\"name\":\"Ya se presentaron al menos diez amparos judiciales contra el DNU - Noticias Radio Reflejos\",\"isPartOf\":{\"@id\":\"https:\/\/www.noticiasradioreflejos.com.ar\/2021\/#website\"},\"primaryImageOfPage\":{\"@id\":\"https:\/\/www.noticiasradioreflejos.com.ar\/2021\/ya-se-presentaron-al-menos-diez-amparos-judiciales-contra-el-dnu\/#primaryimage\"},\"image\":{\"@id\":\"https:\/\/www.noticiasradioreflejos.com.ar\/2021\/ya-se-presentaron-al-menos-diez-amparos-judiciales-contra-el-dnu\/#primaryimage\"},\"thumbnailUrl\":\"https:\/\/www.telam.com.ar\/thumbs\/bluesteel\/advf\/imagenes\/2023\/08\/64dcdacc3fa4d_1200.jpg\",\"datePublished\":\"2023-12-26T21:14:42+00:00\",\"dateModified\":\"2023-12-26T21:16:06+00:00\",\"author\":{\"@id\":\"https:\/\/www.noticiasradioreflejos.com.ar\/2021\/#\/schema\/person\/ad82545263dcc5ec0996818884fd5fb1\"},\"breadcrumb\":{\"@id\":\"https:\/\/www.noticiasradioreflejos.com.ar\/2021\/ya-se-presentaron-al-menos-diez-amparos-judiciales-contra-el-dnu\/#breadcrumb\"},\"inLanguage\":\"es\",\"potentialAction\":[{\"@type\":\"ReadAction\",\"target\":[\"https:\/\/www.noticiasradioreflejos.com.ar\/2021\/ya-se-presentaron-al-menos-diez-amparos-judiciales-contra-el-dnu\/\"]}]},{\"@type\":\"ImageObject\",\"inLanguage\":\"es\",\"@id\":\"https:\/\/www.noticiasradioreflejos.com.ar\/2021\/ya-se-presentaron-al-menos-diez-amparos-judiciales-contra-el-dnu\/#primaryimage\",\"url\":\"https:\/\/www.telam.com.ar\/thumbs\/bluesteel\/advf\/imagenes\/2023\/08\/64dcdacc3fa4d_1200.jpg\",\"contentUrl\":\"https:\/\/www.telam.com.ar\/thumbs\/bluesteel\/advf\/imagenes\/2023\/08\/64dcdacc3fa4d_1200.jpg\"},{\"@type\":\"BreadcrumbList\",\"@id\":\"https:\/\/www.noticiasradioreflejos.com.ar\/2021\/ya-se-presentaron-al-menos-diez-amparos-judiciales-contra-el-dnu\/#breadcrumb\",\"itemListElement\":[{\"@type\":\"ListItem\",\"position\":1,\"name\":\"Portada\",\"item\":\"https:\/\/www.noticiasradioreflejos.com.ar\/2021\/\"},{\"@type\":\"ListItem\",\"position\":2,\"name\":\"Ya se presentaron al menos diez amparos judiciales contra el DNU\"}]},{\"@type\":\"WebSite\",\"@id\":\"https:\/\/www.noticiasradioreflejos.com.ar\/2021\/#website\",\"url\":\"https:\/\/www.noticiasradioreflejos.com.ar\/2021\/\",\"name\":\"Noticias Radio Reflejos\",\"description\":\"Las noticias de mi comarca\",\"potentialAction\":[{\"@type\":\"SearchAction\",\"target\":{\"@type\":\"EntryPoint\",\"urlTemplate\":\"https:\/\/www.noticiasradioreflejos.com.ar\/2021\/?s={search_term_string}\"},\"query-input\":{\"@type\":\"PropertyValueSpecification\",\"valueRequired\":true,\"valueName\":\"search_term_string\"}}],\"inLanguage\":\"es\"},{\"@type\":\"Person\",\"@id\":\"https:\/\/www.noticiasradioreflejos.com.ar\/2021\/#\/schema\/person\/ad82545263dcc5ec0996818884fd5fb1\",\"name\":\"Arnaldo Botto\",\"image\":{\"@type\":\"ImageObject\",\"inLanguage\":\"es\",\"@id\":\"https:\/\/www.noticiasradioreflejos.com.ar\/2021\/#\/schema\/person\/image\/\",\"url\":\"https:\/\/secure.gravatar.com\/avatar\/55cb5e37c1efa326397366e6974cb338056df65cb50e7d64d1cf314e87504837?s=96&d=mm&r=g\",\"contentUrl\":\"https:\/\/secure.gravatar.com\/avatar\/55cb5e37c1efa326397366e6974cb338056df65cb50e7d64d1cf314e87504837?s=96&d=mm&r=g\",\"caption\":\"Arnaldo Botto\"},\"url\":\"https:\/\/www.noticiasradioreflejos.com.ar\/2021\/author\/arnaldo\/\"}]}<\/script>\n<!-- \/ Yoast SEO plugin. -->","yoast_head_json":{"title":"Ya se presentaron al menos diez amparos judiciales contra el DNU - Noticias Radio Reflejos","robots":{"index":"index","follow":"follow","max-snippet":"max-snippet:-1","max-image-preview":"max-image-preview:large","max-video-preview":"max-video-preview:-1"},"canonical":"https:\/\/www.noticiasradioreflejos.com.ar\/2021\/ya-se-presentaron-al-menos-diez-amparos-judiciales-contra-el-dnu\/","og_locale":"es_ES","og_type":"article","og_title":"Ya se presentaron al menos diez amparos judiciales contra el DNU - Noticias Radio Reflejos","og_description":"Uno de ellos, presentado por el el abogado constitucionalista Andr\u00e9s Gil Dom\u00ednguez, consiste en una \u00abacci\u00f3n declarativa de inconstitucionalidad\u00bb contra el Decreto de Necesidad y Urgencia 70\/2023, con un pedido de medida cautelar para suspender sus efectos hasta el dictado de sentencia definitiva.","og_url":"https:\/\/www.noticiasradioreflejos.com.ar\/2021\/ya-se-presentaron-al-menos-diez-amparos-judiciales-contra-el-dnu\/","og_site_name":"Noticias Radio Reflejos","article_published_time":"2023-12-26T21:14:42+00:00","article_modified_time":"2023-12-26T21:16:06+00:00","og_image":[{"url":"https:\/\/www.telam.com.ar\/thumbs\/bluesteel\/advf\/imagenes\/2023\/08\/64dcdacc3fa4d_1200.jpg","type":"","width":"","height":""}],"author":"Arnaldo Botto","twitter_card":"summary_large_image","schema":{"@context":"https:\/\/schema.org","@graph":[{"@type":"WebPage","@id":"https:\/\/www.noticiasradioreflejos.com.ar\/2021\/ya-se-presentaron-al-menos-diez-amparos-judiciales-contra-el-dnu\/","url":"https:\/\/www.noticiasradioreflejos.com.ar\/2021\/ya-se-presentaron-al-menos-diez-amparos-judiciales-contra-el-dnu\/","name":"Ya se presentaron al menos diez amparos judiciales contra el DNU - Noticias Radio Reflejos","isPartOf":{"@id":"https:\/\/www.noticiasradioreflejos.com.ar\/2021\/#website"},"primaryImageOfPage":{"@id":"https:\/\/www.noticiasradioreflejos.com.ar\/2021\/ya-se-presentaron-al-menos-diez-amparos-judiciales-contra-el-dnu\/#primaryimage"},"image":{"@id":"https:\/\/www.noticiasradioreflejos.com.ar\/2021\/ya-se-presentaron-al-menos-diez-amparos-judiciales-contra-el-dnu\/#primaryimage"},"thumbnailUrl":"https:\/\/www.telam.com.ar\/thumbs\/bluesteel\/advf\/imagenes\/2023\/08\/64dcdacc3fa4d_1200.jpg","datePublished":"2023-12-26T21:14:42+00:00","dateModified":"2023-12-26T21:16:06+00:00","author":{"@id":"https:\/\/www.noticiasradioreflejos.com.ar\/2021\/#\/schema\/person\/ad82545263dcc5ec0996818884fd5fb1"},"breadcrumb":{"@id":"https:\/\/www.noticiasradioreflejos.com.ar\/2021\/ya-se-presentaron-al-menos-diez-amparos-judiciales-contra-el-dnu\/#breadcrumb"},"inLanguage":"es","potentialAction":[{"@type":"ReadAction","target":["https:\/\/www.noticiasradioreflejos.com.ar\/2021\/ya-se-presentaron-al-menos-diez-amparos-judiciales-contra-el-dnu\/"]}]},{"@type":"ImageObject","inLanguage":"es","@id":"https:\/\/www.noticiasradioreflejos.com.ar\/2021\/ya-se-presentaron-al-menos-diez-amparos-judiciales-contra-el-dnu\/#primaryimage","url":"https:\/\/www.telam.com.ar\/thumbs\/bluesteel\/advf\/imagenes\/2023\/08\/64dcdacc3fa4d_1200.jpg","contentUrl":"https:\/\/www.telam.com.ar\/thumbs\/bluesteel\/advf\/imagenes\/2023\/08\/64dcdacc3fa4d_1200.jpg"},{"@type":"BreadcrumbList","@id":"https:\/\/www.noticiasradioreflejos.com.ar\/2021\/ya-se-presentaron-al-menos-diez-amparos-judiciales-contra-el-dnu\/#breadcrumb","itemListElement":[{"@type":"ListItem","position":1,"name":"Portada","item":"https:\/\/www.noticiasradioreflejos.com.ar\/2021\/"},{"@type":"ListItem","position":2,"name":"Ya se presentaron al menos diez amparos judiciales contra el DNU"}]},{"@type":"WebSite","@id":"https:\/\/www.noticiasradioreflejos.com.ar\/2021\/#website","url":"https:\/\/www.noticiasradioreflejos.com.ar\/2021\/","name":"Noticias Radio Reflejos","description":"Las noticias de mi comarca","potentialAction":[{"@type":"SearchAction","target":{"@type":"EntryPoint","urlTemplate":"https:\/\/www.noticiasradioreflejos.com.ar\/2021\/?s={search_term_string}"},"query-input":{"@type":"PropertyValueSpecification","valueRequired":true,"valueName":"search_term_string"}}],"inLanguage":"es"},{"@type":"Person","@id":"https:\/\/www.noticiasradioreflejos.com.ar\/2021\/#\/schema\/person\/ad82545263dcc5ec0996818884fd5fb1","name":"Arnaldo Botto","image":{"@type":"ImageObject","inLanguage":"es","@id":"https:\/\/www.noticiasradioreflejos.com.ar\/2021\/#\/schema\/person\/image\/","url":"https:\/\/secure.gravatar.com\/avatar\/55cb5e37c1efa326397366e6974cb338056df65cb50e7d64d1cf314e87504837?s=96&d=mm&r=g","contentUrl":"https:\/\/secure.gravatar.com\/avatar\/55cb5e37c1efa326397366e6974cb338056df65cb50e7d64d1cf314e87504837?s=96&d=mm&r=g","caption":"Arnaldo Botto"},"url":"https:\/\/www.noticiasradioreflejos.com.ar\/2021\/author\/arnaldo\/"}]}},"_links":{"self":[{"href":"https:\/\/www.noticiasradioreflejos.com.ar\/2021\/wp-json\/wp\/v2\/posts\/96957","targetHints":{"allow":["GET"]}}],"collection":[{"href":"https:\/\/www.noticiasradioreflejos.com.ar\/2021\/wp-json\/wp\/v2\/posts"}],"about":[{"href":"https:\/\/www.noticiasradioreflejos.com.ar\/2021\/wp-json\/wp\/v2\/types\/post"}],"author":[{"embeddable":true,"href":"https:\/\/www.noticiasradioreflejos.com.ar\/2021\/wp-json\/wp\/v2\/users\/3"}],"replies":[{"embeddable":true,"href":"https:\/\/www.noticiasradioreflejos.com.ar\/2021\/wp-json\/wp\/v2\/comments?post=96957"}],"version-history":[{"count":2,"href":"https:\/\/www.noticiasradioreflejos.com.ar\/2021\/wp-json\/wp\/v2\/posts\/96957\/revisions"}],"predecessor-version":[{"id":96959,"href":"https:\/\/www.noticiasradioreflejos.com.ar\/2021\/wp-json\/wp\/v2\/posts\/96957\/revisions\/96959"}],"wp:attachment":[{"href":"https:\/\/www.noticiasradioreflejos.com.ar\/2021\/wp-json\/wp\/v2\/media?parent=96957"}],"wp:term":[{"taxonomy":"category","embeddable":true,"href":"https:\/\/www.noticiasradioreflejos.com.ar\/2021\/wp-json\/wp\/v2\/categories?post=96957"},{"taxonomy":"post_tag","embeddable":true,"href":"https:\/\/www.noticiasradioreflejos.com.ar\/2021\/wp-json\/wp\/v2\/tags?post=96957"}],"curies":[{"name":"wp","href":"https:\/\/api.w.org\/{rel}","templated":true}]}}