{"id":96951,"date":"2023-12-26T21:03:05","date_gmt":"2023-12-26T21:03:05","guid":{"rendered":"https:\/\/www.noticiasradioreflejos.com.ar\/2021\/?p=96951"},"modified":"2023-12-26T21:04:32","modified_gmt":"2023-12-26T21:04:32","slug":"crisis-del-agua-en-villa-ventana-el-dinero-no-se-distribuye-en-lo-que-se-tiene-que-gastar","status":"publish","type":"post","link":"https:\/\/www.noticiasradioreflejos.com.ar\/2021\/crisis-del-agua-en-villa-ventana-el-dinero-no-se-distribuye-en-lo-que-se-tiene-que-gastar\/","title":{"rendered":"Crisis del agua en Villa Ventana: \u201cEl dinero no se distribuye en lo que se tiene que gastar\u201d"},"content":{"rendered":"<p>La presidenta de la <strong>Asociaci\u00f3n de Fomento, Mar\u00eda Cristina Cal\u00f3nico<\/strong> asegur\u00f3 que lo que pasa la localidad se debe a que el ejecutivo \u201cno trabaja con una proyecci\u00f3n, con una agenda\u201d. Y agreg\u00f3 sobre la reuni\u00f3n del domingo: \u201cA m\u00ed edad no estoy para que me vengan a dar lecciones de vida\u201d.<!--more--><\/p>\n<p>La presidenta de la Asociaci\u00f3n de Fomento de Villa Ventana, Mar\u00eda Cristina Cal\u00f3nico, se sum\u00f3 a las voces que dieron opini\u00f3n sobre la crisis de distribuci\u00f3n de agua que padece Villa Ventana.<\/p>\n<p>Al respecto no dudo en sostener que \u201cesto genera un inconveniente enorme al sector comercial y obviamente a las viviendas particulares. Estar con un tachito para hacer un ba\u00f1o polaco no da, cuando ya hubo un antecedente en Villa, aunque esa vez no hab\u00eda agua. Ahora s\u00ed hay pero no tenemos como distribuirla\u201d.<\/p>\n<p>De todas maneras recalc\u00f3 que \u201cpor m\u00e1s que me hablen de un rayo, de una bomba quemada, esto se podr\u00eda haber evitado, teniendo un equipo de emergencia para estos casos. Es lamentable porque uno deber\u00eda aprender de situaciones anteriores y trabajar con una proyecci\u00f3n, con una agenda\u201d.<\/p>\n<p>Subiendo la apuesta argument\u00f3 que \u201cquiz\u00e1s el dinero no se distribuye en lo que se tiene que gastar. No le podemos echar la culpa al intendente anterior, porque es el que est\u00e1 ahora, y el anterior del anterior tambi\u00e9n. Hay varias gestiones y esto se deber\u00eda haber solucionado. Lo mismo que el gobernador que no es nuevo\u201d.<\/p>\n<p>As\u00ed mismo enfatiz\u00f3 en que \u201clos fondos tienen que aparecer para tener una bomba m\u00e1s. Ojal\u00e1 en el tiempo tengamos dos de repuesto. Esto es falta de gesti\u00f3n. No le echemos la culpa al clima\u201d.<\/p>\n<p>Por \u00faltimo destac\u00f3 que \u201cestuve en la plaza representando a Fomento y lamentablemente escucho que dicen; esto va a servir para concientizar a la gente con el tema del agua. A mi edad no estoy para que me vengan a dar lecciones de vida. Todo el mundo est\u00e1 concientizado del manejo del agua; los que vivimos ac\u00e1 y los turistas\u201d.<\/p>\n<p><iframe loading=\"lazy\" width=\"100%\" height=\"166\" scrolling=\"no\" frameborder=\"no\" allow=\"autoplay\" src=\"https:\/\/w.soundcloud.com\/player\/?url=https%3A\/\/api.soundcloud.com\/tracks\/1700221785&#038;color=%23ff5500&#038;auto_play=false&#038;hide_related=false&#038;show_comments=true&#038;show_user=true&#038;show_reposts=false&#038;show_teaser=true\"><\/iframe><\/p>\n<div style=\"font-size: 10px; color: #cccccc;line-break: anywhere;word-break: normal;overflow: hidden;white-space: nowrap;text-overflow: ellipsis; font-family: Interstate,Lucida Grande,Lucida Sans Unicode,Lucida Sans,Garuda,Verdana,Tahoma,sans-serif;font-weight: 100;\"><a href=\"https:\/\/soundcloud.com\/fmreflejos-103-7\" title=\"fmreflejos 103.7\" target=\"_blank\" style=\"color: #cccccc; text-decoration: none;\" rel=\"noopener\">fmreflejos 103.7<\/a> \u00b7 <a href=\"https:\/\/soundcloud.com\/fmreflejos-103-7\/maria-cristina-calonico-26-12\" title=\"Maria Cristina Calonico 26 - 12\" target=\"_blank\" style=\"color: #cccccc; text-decoration: none;\" rel=\"noopener\">Maria Cristina Calonico 26 &#8211; 12<\/a><\/div>\n","protected":false},"excerpt":{"rendered":"<p>La presidenta de la Asociaci\u00f3n de Fomento, Mar\u00eda Cristina Cal\u00f3nico asegur\u00f3 que lo que pasa la localidad se debe a que el ejecutivo \u201cno trabaja con una proyecci\u00f3n, con una agenda\u201d. Y agreg\u00f3 sobre la reuni\u00f3n del domingo: \u201cA m\u00ed edad no estoy para que me vengan a dar lecciones de vida\u201d.<\/p>\n","protected":false},"author":3,"featured_media":96955,"comment_status":"closed","ping_status":"closed","sticky":false,"template":"","format":"standard","meta":{"footnotes":""},"categories":[26,33],"tags":[48],"class_list":["post-96951","post","type-post","status-publish","format-standard","has-post-thumbnail","hentry","category-sociedad","category-turismo","tag-destacada"],"yoast_head":"<!-- This site is optimized with the Yoast SEO plugin v25.9 - https:\/\/yoast.com\/wordpress\/plugins\/seo\/ -->\n<title>Crisis del agua en Villa Ventana: \u201cEl dinero no se distribuye en lo que se tiene que gastar\u201d - Noticias Radio Reflejos<\/title>\n<meta name=\"robots\" content=\"index, follow, max-snippet:-1, max-image-preview:large, max-video-preview:-1\" \/>\n<link rel=\"canonical\" href=\"https:\/\/www.noticiasradioreflejos.com.ar\/2021\/crisis-del-agua-en-villa-ventana-el-dinero-no-se-distribuye-en-lo-que-se-tiene-que-gastar\/\" \/>\n<meta property=\"og:locale\" content=\"es_ES\" \/>\n<meta property=\"og:type\" content=\"article\" \/>\n<meta property=\"og:title\" content=\"Crisis del agua en Villa Ventana: \u201cEl dinero no se distribuye en lo que se tiene que gastar\u201d - Noticias Radio Reflejos\" \/>\n<meta property=\"og:description\" content=\"La presidenta de la Asociaci\u00f3n de Fomento, Mar\u00eda Cristina Cal\u00f3nico asegur\u00f3 que lo que pasa la localidad se debe a que el ejecutivo \u201cno trabaja con una proyecci\u00f3n, con una agenda\u201d. Y agreg\u00f3 sobre la reuni\u00f3n del domingo: \u201cA m\u00ed edad no estoy para que me vengan a dar lecciones de vida\u201d.\" \/>\n<meta property=\"og:url\" content=\"https:\/\/www.noticiasradioreflejos.com.ar\/2021\/crisis-del-agua-en-villa-ventana-el-dinero-no-se-distribuye-en-lo-que-se-tiene-que-gastar\/\" \/>\n<meta property=\"og:site_name\" content=\"Noticias Radio Reflejos\" \/>\n<meta property=\"article:published_time\" content=\"2023-12-26T21:03:05+00:00\" \/>\n<meta property=\"article:modified_time\" content=\"2023-12-26T21:04:32+00:00\" \/>\n<meta property=\"og:image\" content=\"https:\/\/www.noticiasradioreflejos.com.ar\/2021\/wp-content\/uploads\/2023\/12\/Calonico.jpg\" \/>\n\t<meta property=\"og:image:width\" content=\"1366\" \/>\n\t<meta property=\"og:image:height\" content=\"768\" \/>\n\t<meta property=\"og:image:type\" content=\"image\/jpeg\" \/>\n<meta name=\"author\" content=\"Arnaldo Botto\" \/>\n<meta name=\"twitter:card\" content=\"summary_large_image\" \/>\n<script type=\"application\/ld+json\" class=\"yoast-schema-graph\">{\"@context\":\"https:\/\/schema.org\",\"@graph\":[{\"@type\":\"WebPage\",\"@id\":\"https:\/\/www.noticiasradioreflejos.com.ar\/2021\/crisis-del-agua-en-villa-ventana-el-dinero-no-se-distribuye-en-lo-que-se-tiene-que-gastar\/\",\"url\":\"https:\/\/www.noticiasradioreflejos.com.ar\/2021\/crisis-del-agua-en-villa-ventana-el-dinero-no-se-distribuye-en-lo-que-se-tiene-que-gastar\/\",\"name\":\"Crisis del agua en Villa Ventana: \u201cEl dinero no se distribuye en lo que se tiene que gastar\u201d - Noticias Radio Reflejos\",\"isPartOf\":{\"@id\":\"https:\/\/www.noticiasradioreflejos.com.ar\/2021\/#website\"},\"primaryImageOfPage\":{\"@id\":\"https:\/\/www.noticiasradioreflejos.com.ar\/2021\/crisis-del-agua-en-villa-ventana-el-dinero-no-se-distribuye-en-lo-que-se-tiene-que-gastar\/#primaryimage\"},\"image\":{\"@id\":\"https:\/\/www.noticiasradioreflejos.com.ar\/2021\/crisis-del-agua-en-villa-ventana-el-dinero-no-se-distribuye-en-lo-que-se-tiene-que-gastar\/#primaryimage\"},\"thumbnailUrl\":\"https:\/\/www.noticiasradioreflejos.com.ar\/2021\/wp-content\/uploads\/2023\/12\/Calonico.jpg\",\"datePublished\":\"2023-12-26T21:03:05+00:00\",\"dateModified\":\"2023-12-26T21:04:32+00:00\",\"author\":{\"@id\":\"https:\/\/www.noticiasradioreflejos.com.ar\/2021\/#\/schema\/person\/ad82545263dcc5ec0996818884fd5fb1\"},\"breadcrumb\":{\"@id\":\"https:\/\/www.noticiasradioreflejos.com.ar\/2021\/crisis-del-agua-en-villa-ventana-el-dinero-no-se-distribuye-en-lo-que-se-tiene-que-gastar\/#breadcrumb\"},\"inLanguage\":\"es\",\"potentialAction\":[{\"@type\":\"ReadAction\",\"target\":[\"https:\/\/www.noticiasradioreflejos.com.ar\/2021\/crisis-del-agua-en-villa-ventana-el-dinero-no-se-distribuye-en-lo-que-se-tiene-que-gastar\/\"]}]},{\"@type\":\"ImageObject\",\"inLanguage\":\"es\",\"@id\":\"https:\/\/www.noticiasradioreflejos.com.ar\/2021\/crisis-del-agua-en-villa-ventana-el-dinero-no-se-distribuye-en-lo-que-se-tiene-que-gastar\/#primaryimage\",\"url\":\"https:\/\/www.noticiasradioreflejos.com.ar\/2021\/wp-content\/uploads\/2023\/12\/Calonico.jpg\",\"contentUrl\":\"https:\/\/www.noticiasradioreflejos.com.ar\/2021\/wp-content\/uploads\/2023\/12\/Calonico.jpg\",\"width\":1366,\"height\":768},{\"@type\":\"BreadcrumbList\",\"@id\":\"https:\/\/www.noticiasradioreflejos.com.ar\/2021\/crisis-del-agua-en-villa-ventana-el-dinero-no-se-distribuye-en-lo-que-se-tiene-que-gastar\/#breadcrumb\",\"itemListElement\":[{\"@type\":\"ListItem\",\"position\":1,\"name\":\"Portada\",\"item\":\"https:\/\/www.noticiasradioreflejos.com.ar\/2021\/\"},{\"@type\":\"ListItem\",\"position\":2,\"name\":\"Crisis del agua en Villa Ventana: \u201cEl dinero no se distribuye en lo que se tiene que gastar\u201d\"}]},{\"@type\":\"WebSite\",\"@id\":\"https:\/\/www.noticiasradioreflejos.com.ar\/2021\/#website\",\"url\":\"https:\/\/www.noticiasradioreflejos.com.ar\/2021\/\",\"name\":\"Noticias Radio Reflejos\",\"description\":\"Las noticias de mi comarca\",\"potentialAction\":[{\"@type\":\"SearchAction\",\"target\":{\"@type\":\"EntryPoint\",\"urlTemplate\":\"https:\/\/www.noticiasradioreflejos.com.ar\/2021\/?s={search_term_string}\"},\"query-input\":{\"@type\":\"PropertyValueSpecification\",\"valueRequired\":true,\"valueName\":\"search_term_string\"}}],\"inLanguage\":\"es\"},{\"@type\":\"Person\",\"@id\":\"https:\/\/www.noticiasradioreflejos.com.ar\/2021\/#\/schema\/person\/ad82545263dcc5ec0996818884fd5fb1\",\"name\":\"Arnaldo Botto\",\"image\":{\"@type\":\"ImageObject\",\"inLanguage\":\"es\",\"@id\":\"https:\/\/www.noticiasradioreflejos.com.ar\/2021\/#\/schema\/person\/image\/\",\"url\":\"https:\/\/secure.gravatar.com\/avatar\/55cb5e37c1efa326397366e6974cb338056df65cb50e7d64d1cf314e87504837?s=96&d=mm&r=g\",\"contentUrl\":\"https:\/\/secure.gravatar.com\/avatar\/55cb5e37c1efa326397366e6974cb338056df65cb50e7d64d1cf314e87504837?s=96&d=mm&r=g\",\"caption\":\"Arnaldo Botto\"},\"url\":\"https:\/\/www.noticiasradioreflejos.com.ar\/2021\/author\/arnaldo\/\"}]}<\/script>\n<!-- \/ Yoast SEO plugin. -->","yoast_head_json":{"title":"Crisis del agua en Villa Ventana: \u201cEl dinero no se distribuye en lo que se tiene que gastar\u201d - Noticias Radio Reflejos","robots":{"index":"index","follow":"follow","max-snippet":"max-snippet:-1","max-image-preview":"max-image-preview:large","max-video-preview":"max-video-preview:-1"},"canonical":"https:\/\/www.noticiasradioreflejos.com.ar\/2021\/crisis-del-agua-en-villa-ventana-el-dinero-no-se-distribuye-en-lo-que-se-tiene-que-gastar\/","og_locale":"es_ES","og_type":"article","og_title":"Crisis del agua en Villa Ventana: \u201cEl dinero no se distribuye en lo que se tiene que gastar\u201d - Noticias Radio Reflejos","og_description":"La presidenta de la Asociaci\u00f3n de Fomento, Mar\u00eda Cristina Cal\u00f3nico asegur\u00f3 que lo que pasa la localidad se debe a que el ejecutivo \u201cno trabaja con una proyecci\u00f3n, con una agenda\u201d. Y agreg\u00f3 sobre la reuni\u00f3n del domingo: \u201cA m\u00ed edad no estoy para que me vengan a dar lecciones de vida\u201d.","og_url":"https:\/\/www.noticiasradioreflejos.com.ar\/2021\/crisis-del-agua-en-villa-ventana-el-dinero-no-se-distribuye-en-lo-que-se-tiene-que-gastar\/","og_site_name":"Noticias Radio Reflejos","article_published_time":"2023-12-26T21:03:05+00:00","article_modified_time":"2023-12-26T21:04:32+00:00","og_image":[{"width":1366,"height":768,"url":"https:\/\/www.noticiasradioreflejos.com.ar\/2021\/wp-content\/uploads\/2023\/12\/Calonico.jpg","type":"image\/jpeg"}],"author":"Arnaldo Botto","twitter_card":"summary_large_image","schema":{"@context":"https:\/\/schema.org","@graph":[{"@type":"WebPage","@id":"https:\/\/www.noticiasradioreflejos.com.ar\/2021\/crisis-del-agua-en-villa-ventana-el-dinero-no-se-distribuye-en-lo-que-se-tiene-que-gastar\/","url":"https:\/\/www.noticiasradioreflejos.com.ar\/2021\/crisis-del-agua-en-villa-ventana-el-dinero-no-se-distribuye-en-lo-que-se-tiene-que-gastar\/","name":"Crisis del agua en Villa Ventana: \u201cEl dinero no se distribuye en lo que se tiene que gastar\u201d - Noticias Radio Reflejos","isPartOf":{"@id":"https:\/\/www.noticiasradioreflejos.com.ar\/2021\/#website"},"primaryImageOfPage":{"@id":"https:\/\/www.noticiasradioreflejos.com.ar\/2021\/crisis-del-agua-en-villa-ventana-el-dinero-no-se-distribuye-en-lo-que-se-tiene-que-gastar\/#primaryimage"},"image":{"@id":"https:\/\/www.noticiasradioreflejos.com.ar\/2021\/crisis-del-agua-en-villa-ventana-el-dinero-no-se-distribuye-en-lo-que-se-tiene-que-gastar\/#primaryimage"},"thumbnailUrl":"https:\/\/www.noticiasradioreflejos.com.ar\/2021\/wp-content\/uploads\/2023\/12\/Calonico.jpg","datePublished":"2023-12-26T21:03:05+00:00","dateModified":"2023-12-26T21:04:32+00:00","author":{"@id":"https:\/\/www.noticiasradioreflejos.com.ar\/2021\/#\/schema\/person\/ad82545263dcc5ec0996818884fd5fb1"},"breadcrumb":{"@id":"https:\/\/www.noticiasradioreflejos.com.ar\/2021\/crisis-del-agua-en-villa-ventana-el-dinero-no-se-distribuye-en-lo-que-se-tiene-que-gastar\/#breadcrumb"},"inLanguage":"es","potentialAction":[{"@type":"ReadAction","target":["https:\/\/www.noticiasradioreflejos.com.ar\/2021\/crisis-del-agua-en-villa-ventana-el-dinero-no-se-distribuye-en-lo-que-se-tiene-que-gastar\/"]}]},{"@type":"ImageObject","inLanguage":"es","@id":"https:\/\/www.noticiasradioreflejos.com.ar\/2021\/crisis-del-agua-en-villa-ventana-el-dinero-no-se-distribuye-en-lo-que-se-tiene-que-gastar\/#primaryimage","url":"https:\/\/www.noticiasradioreflejos.com.ar\/2021\/wp-content\/uploads\/2023\/12\/Calonico.jpg","contentUrl":"https:\/\/www.noticiasradioreflejos.com.ar\/2021\/wp-content\/uploads\/2023\/12\/Calonico.jpg","width":1366,"height":768},{"@type":"BreadcrumbList","@id":"https:\/\/www.noticiasradioreflejos.com.ar\/2021\/crisis-del-agua-en-villa-ventana-el-dinero-no-se-distribuye-en-lo-que-se-tiene-que-gastar\/#breadcrumb","itemListElement":[{"@type":"ListItem","position":1,"name":"Portada","item":"https:\/\/www.noticiasradioreflejos.com.ar\/2021\/"},{"@type":"ListItem","position":2,"name":"Crisis del agua en Villa Ventana: \u201cEl dinero no se distribuye en lo que se tiene que gastar\u201d"}]},{"@type":"WebSite","@id":"https:\/\/www.noticiasradioreflejos.com.ar\/2021\/#website","url":"https:\/\/www.noticiasradioreflejos.com.ar\/2021\/","name":"Noticias Radio Reflejos","description":"Las noticias de mi comarca","potentialAction":[{"@type":"SearchAction","target":{"@type":"EntryPoint","urlTemplate":"https:\/\/www.noticiasradioreflejos.com.ar\/2021\/?s={search_term_string}"},"query-input":{"@type":"PropertyValueSpecification","valueRequired":true,"valueName":"search_term_string"}}],"inLanguage":"es"},{"@type":"Person","@id":"https:\/\/www.noticiasradioreflejos.com.ar\/2021\/#\/schema\/person\/ad82545263dcc5ec0996818884fd5fb1","name":"Arnaldo Botto","image":{"@type":"ImageObject","inLanguage":"es","@id":"https:\/\/www.noticiasradioreflejos.com.ar\/2021\/#\/schema\/person\/image\/","url":"https:\/\/secure.gravatar.com\/avatar\/55cb5e37c1efa326397366e6974cb338056df65cb50e7d64d1cf314e87504837?s=96&d=mm&r=g","contentUrl":"https:\/\/secure.gravatar.com\/avatar\/55cb5e37c1efa326397366e6974cb338056df65cb50e7d64d1cf314e87504837?s=96&d=mm&r=g","caption":"Arnaldo Botto"},"url":"https:\/\/www.noticiasradioreflejos.com.ar\/2021\/author\/arnaldo\/"}]}},"_links":{"self":[{"href":"https:\/\/www.noticiasradioreflejos.com.ar\/2021\/wp-json\/wp\/v2\/posts\/96951","targetHints":{"allow":["GET"]}}],"collection":[{"href":"https:\/\/www.noticiasradioreflejos.com.ar\/2021\/wp-json\/wp\/v2\/posts"}],"about":[{"href":"https:\/\/www.noticiasradioreflejos.com.ar\/2021\/wp-json\/wp\/v2\/types\/post"}],"author":[{"embeddable":true,"href":"https:\/\/www.noticiasradioreflejos.com.ar\/2021\/wp-json\/wp\/v2\/users\/3"}],"replies":[{"embeddable":true,"href":"https:\/\/www.noticiasradioreflejos.com.ar\/2021\/wp-json\/wp\/v2\/comments?post=96951"}],"version-history":[{"count":2,"href":"https:\/\/www.noticiasradioreflejos.com.ar\/2021\/wp-json\/wp\/v2\/posts\/96951\/revisions"}],"predecessor-version":[{"id":96956,"href":"https:\/\/www.noticiasradioreflejos.com.ar\/2021\/wp-json\/wp\/v2\/posts\/96951\/revisions\/96956"}],"wp:featuredmedia":[{"embeddable":true,"href":"https:\/\/www.noticiasradioreflejos.com.ar\/2021\/wp-json\/wp\/v2\/media\/96955"}],"wp:attachment":[{"href":"https:\/\/www.noticiasradioreflejos.com.ar\/2021\/wp-json\/wp\/v2\/media?parent=96951"}],"wp:term":[{"taxonomy":"category","embeddable":true,"href":"https:\/\/www.noticiasradioreflejos.com.ar\/2021\/wp-json\/wp\/v2\/categories?post=96951"},{"taxonomy":"post_tag","embeddable":true,"href":"https:\/\/www.noticiasradioreflejos.com.ar\/2021\/wp-json\/wp\/v2\/tags?post=96951"}],"curies":[{"name":"wp","href":"https:\/\/api.w.org\/{rel}","templated":true}]}}