{"id":96930,"date":"2023-12-26T16:47:12","date_gmt":"2023-12-26T16:47:12","guid":{"rendered":"https:\/\/www.noticiasradioreflejos.com.ar\/2021\/?p=96930"},"modified":"2023-12-26T16:47:12","modified_gmt":"2023-12-26T16:47:12","slug":"motos-continua-la-aplicacion-de-multas-por-ruidos-molestos-y-no-uso-de-casco","status":"publish","type":"post","link":"https:\/\/www.noticiasradioreflejos.com.ar\/2021\/motos-continua-la-aplicacion-de-multas-por-ruidos-molestos-y-no-uso-de-casco\/","title":{"rendered":"Motos: Contin\u00faa la aplicaci\u00f3n de multas por ruidos molestos y no uso de casco"},"content":{"rendered":"<p>La Secretar\u00eda de Gobierno y Seguridad de Tornquist Municipio, contin\u00faa realizando diferentes operativos de control del tr\u00e1nsito de motos, en el marco de la ordenanza N\u00b0 3347\/2021 que regula e infracciona la emisi\u00f3n de ruidos molestos en el distrito.<!--more--><\/p>\n<p>En ese sentido, en las \u00faltimas semanas, el cuerpo de inspectores labr\u00f3 una importante cantidad de multas por incumplimiento de la citada normativa, como as\u00ed tambi\u00e9n por la no utilizaci\u00f3n del casco obligatorio.<\/p>\n<p>Los controles seguir\u00e1n durante los pr\u00f3ximos d\u00edas y, a fin de generar un marco regulatorio m\u00e1s severo para la circulaci\u00f3n de motos, se est\u00e1 trabajando en la elaboraci\u00f3n de una nueva ordenanza.<\/p>\n<p>Cabe recordar que la actual legislaci\u00f3n considera ruidos molestos generados por veh\u00edculos a aquellos sonidos innecesarios o excesivos que, propag\u00e1ndose por v\u00eda \u00e1rea, afecten o sean capaces de afectar al p\u00fablico.<\/p>\n","protected":false},"excerpt":{"rendered":"<p>La Secretar\u00eda de Gobierno y Seguridad de Tornquist Municipio, contin\u00faa realizando diferentes operativos de control del tr\u00e1nsito de motos, en el marco de la ordenanza N\u00b0 3347\/2021 que regula e infracciona la emisi\u00f3n de ruidos molestos en el distrito.<\/p>\n","protected":false},"author":3,"featured_media":0,"comment_status":"closed","ping_status":"closed","sticky":false,"template":"","format":"standard","meta":{"footnotes":""},"categories":[28],"tags":[],"class_list":["post-96930","post","type-post","status-publish","format-standard","hentry","category-municipales"],"yoast_head":"<!-- This site is optimized with the Yoast SEO plugin v25.9 - https:\/\/yoast.com\/wordpress\/plugins\/seo\/ -->\n<title>Motos: Contin\u00faa la aplicaci\u00f3n de multas por ruidos molestos y no uso de casco - Noticias Radio Reflejos<\/title>\n<meta name=\"robots\" content=\"index, follow, max-snippet:-1, max-image-preview:large, max-video-preview:-1\" \/>\n<link rel=\"canonical\" href=\"https:\/\/www.noticiasradioreflejos.com.ar\/2021\/motos-continua-la-aplicacion-de-multas-por-ruidos-molestos-y-no-uso-de-casco\/\" \/>\n<meta property=\"og:locale\" content=\"es_ES\" \/>\n<meta property=\"og:type\" content=\"article\" \/>\n<meta property=\"og:title\" content=\"Motos: Contin\u00faa la aplicaci\u00f3n de multas por ruidos molestos y no uso de casco - Noticias Radio Reflejos\" \/>\n<meta property=\"og:description\" content=\"La Secretar\u00eda de Gobierno y Seguridad de Tornquist Municipio, contin\u00faa realizando diferentes operativos de control del tr\u00e1nsito de motos, en el marco de la ordenanza N\u00b0 3347\/2021 que regula e infracciona la emisi\u00f3n de ruidos molestos en el distrito.\" \/>\n<meta property=\"og:url\" content=\"https:\/\/www.noticiasradioreflejos.com.ar\/2021\/motos-continua-la-aplicacion-de-multas-por-ruidos-molestos-y-no-uso-de-casco\/\" \/>\n<meta property=\"og:site_name\" content=\"Noticias Radio Reflejos\" \/>\n<meta property=\"article:published_time\" content=\"2023-12-26T16:47:12+00:00\" \/>\n<meta property=\"og:image\" content=\"https:\/\/www.noticiasradioreflejos.com.ar\/2021\/wp-content\/uploads\/2021\/07\/logosol300x200.png\" \/>\n\t<meta property=\"og:image:width\" content=\"300\" \/>\n\t<meta property=\"og:image:height\" content=\"200\" \/>\n\t<meta property=\"og:image:type\" content=\"image\/png\" \/>\n<meta name=\"author\" content=\"Arnaldo Botto\" \/>\n<meta name=\"twitter:card\" content=\"summary_large_image\" \/>\n<script type=\"application\/ld+json\" class=\"yoast-schema-graph\">{\"@context\":\"https:\/\/schema.org\",\"@graph\":[{\"@type\":\"WebPage\",\"@id\":\"https:\/\/www.noticiasradioreflejos.com.ar\/2021\/motos-continua-la-aplicacion-de-multas-por-ruidos-molestos-y-no-uso-de-casco\/\",\"url\":\"https:\/\/www.noticiasradioreflejos.com.ar\/2021\/motos-continua-la-aplicacion-de-multas-por-ruidos-molestos-y-no-uso-de-casco\/\",\"name\":\"Motos: Contin\u00faa la aplicaci\u00f3n de multas por ruidos molestos y no uso de casco - Noticias Radio Reflejos\",\"isPartOf\":{\"@id\":\"https:\/\/www.noticiasradioreflejos.com.ar\/2021\/#website\"},\"datePublished\":\"2023-12-26T16:47:12+00:00\",\"author\":{\"@id\":\"https:\/\/www.noticiasradioreflejos.com.ar\/2021\/#\/schema\/person\/ad82545263dcc5ec0996818884fd5fb1\"},\"breadcrumb\":{\"@id\":\"https:\/\/www.noticiasradioreflejos.com.ar\/2021\/motos-continua-la-aplicacion-de-multas-por-ruidos-molestos-y-no-uso-de-casco\/#breadcrumb\"},\"inLanguage\":\"es\",\"potentialAction\":[{\"@type\":\"ReadAction\",\"target\":[\"https:\/\/www.noticiasradioreflejos.com.ar\/2021\/motos-continua-la-aplicacion-de-multas-por-ruidos-molestos-y-no-uso-de-casco\/\"]}]},{\"@type\":\"BreadcrumbList\",\"@id\":\"https:\/\/www.noticiasradioreflejos.com.ar\/2021\/motos-continua-la-aplicacion-de-multas-por-ruidos-molestos-y-no-uso-de-casco\/#breadcrumb\",\"itemListElement\":[{\"@type\":\"ListItem\",\"position\":1,\"name\":\"Portada\",\"item\":\"https:\/\/www.noticiasradioreflejos.com.ar\/2021\/\"},{\"@type\":\"ListItem\",\"position\":2,\"name\":\"Motos: Contin\u00faa la aplicaci\u00f3n de multas por ruidos molestos y no uso de casco\"}]},{\"@type\":\"WebSite\",\"@id\":\"https:\/\/www.noticiasradioreflejos.com.ar\/2021\/#website\",\"url\":\"https:\/\/www.noticiasradioreflejos.com.ar\/2021\/\",\"name\":\"Noticias Radio Reflejos\",\"description\":\"Las noticias de mi comarca\",\"potentialAction\":[{\"@type\":\"SearchAction\",\"target\":{\"@type\":\"EntryPoint\",\"urlTemplate\":\"https:\/\/www.noticiasradioreflejos.com.ar\/2021\/?s={search_term_string}\"},\"query-input\":{\"@type\":\"PropertyValueSpecification\",\"valueRequired\":true,\"valueName\":\"search_term_string\"}}],\"inLanguage\":\"es\"},{\"@type\":\"Person\",\"@id\":\"https:\/\/www.noticiasradioreflejos.com.ar\/2021\/#\/schema\/person\/ad82545263dcc5ec0996818884fd5fb1\",\"name\":\"Arnaldo Botto\",\"image\":{\"@type\":\"ImageObject\",\"inLanguage\":\"es\",\"@id\":\"https:\/\/www.noticiasradioreflejos.com.ar\/2021\/#\/schema\/person\/image\/\",\"url\":\"https:\/\/secure.gravatar.com\/avatar\/55cb5e37c1efa326397366e6974cb338056df65cb50e7d64d1cf314e87504837?s=96&d=mm&r=g\",\"contentUrl\":\"https:\/\/secure.gravatar.com\/avatar\/55cb5e37c1efa326397366e6974cb338056df65cb50e7d64d1cf314e87504837?s=96&d=mm&r=g\",\"caption\":\"Arnaldo Botto\"},\"url\":\"https:\/\/www.noticiasradioreflejos.com.ar\/2021\/author\/arnaldo\/\"}]}<\/script>\n<!-- \/ Yoast SEO plugin. -->","yoast_head_json":{"title":"Motos: Contin\u00faa la aplicaci\u00f3n de multas por ruidos molestos y no uso de casco - Noticias Radio Reflejos","robots":{"index":"index","follow":"follow","max-snippet":"max-snippet:-1","max-image-preview":"max-image-preview:large","max-video-preview":"max-video-preview:-1"},"canonical":"https:\/\/www.noticiasradioreflejos.com.ar\/2021\/motos-continua-la-aplicacion-de-multas-por-ruidos-molestos-y-no-uso-de-casco\/","og_locale":"es_ES","og_type":"article","og_title":"Motos: Contin\u00faa la aplicaci\u00f3n de multas por ruidos molestos y no uso de casco - Noticias Radio Reflejos","og_description":"La Secretar\u00eda de Gobierno y Seguridad de Tornquist Municipio, contin\u00faa realizando diferentes operativos de control del tr\u00e1nsito de motos, en el marco de la ordenanza N\u00b0 3347\/2021 que regula e infracciona la emisi\u00f3n de ruidos molestos en el distrito.","og_url":"https:\/\/www.noticiasradioreflejos.com.ar\/2021\/motos-continua-la-aplicacion-de-multas-por-ruidos-molestos-y-no-uso-de-casco\/","og_site_name":"Noticias Radio Reflejos","article_published_time":"2023-12-26T16:47:12+00:00","og_image":[{"width":300,"height":200,"url":"https:\/\/www.noticiasradioreflejos.com.ar\/2021\/wp-content\/uploads\/2021\/07\/logosol300x200.png","type":"image\/png"}],"author":"Arnaldo Botto","twitter_card":"summary_large_image","schema":{"@context":"https:\/\/schema.org","@graph":[{"@type":"WebPage","@id":"https:\/\/www.noticiasradioreflejos.com.ar\/2021\/motos-continua-la-aplicacion-de-multas-por-ruidos-molestos-y-no-uso-de-casco\/","url":"https:\/\/www.noticiasradioreflejos.com.ar\/2021\/motos-continua-la-aplicacion-de-multas-por-ruidos-molestos-y-no-uso-de-casco\/","name":"Motos: Contin\u00faa la aplicaci\u00f3n de multas por ruidos molestos y no uso de casco - Noticias Radio Reflejos","isPartOf":{"@id":"https:\/\/www.noticiasradioreflejos.com.ar\/2021\/#website"},"datePublished":"2023-12-26T16:47:12+00:00","author":{"@id":"https:\/\/www.noticiasradioreflejos.com.ar\/2021\/#\/schema\/person\/ad82545263dcc5ec0996818884fd5fb1"},"breadcrumb":{"@id":"https:\/\/www.noticiasradioreflejos.com.ar\/2021\/motos-continua-la-aplicacion-de-multas-por-ruidos-molestos-y-no-uso-de-casco\/#breadcrumb"},"inLanguage":"es","potentialAction":[{"@type":"ReadAction","target":["https:\/\/www.noticiasradioreflejos.com.ar\/2021\/motos-continua-la-aplicacion-de-multas-por-ruidos-molestos-y-no-uso-de-casco\/"]}]},{"@type":"BreadcrumbList","@id":"https:\/\/www.noticiasradioreflejos.com.ar\/2021\/motos-continua-la-aplicacion-de-multas-por-ruidos-molestos-y-no-uso-de-casco\/#breadcrumb","itemListElement":[{"@type":"ListItem","position":1,"name":"Portada","item":"https:\/\/www.noticiasradioreflejos.com.ar\/2021\/"},{"@type":"ListItem","position":2,"name":"Motos: Contin\u00faa la aplicaci\u00f3n de multas por ruidos molestos y no uso de casco"}]},{"@type":"WebSite","@id":"https:\/\/www.noticiasradioreflejos.com.ar\/2021\/#website","url":"https:\/\/www.noticiasradioreflejos.com.ar\/2021\/","name":"Noticias Radio Reflejos","description":"Las noticias de mi comarca","potentialAction":[{"@type":"SearchAction","target":{"@type":"EntryPoint","urlTemplate":"https:\/\/www.noticiasradioreflejos.com.ar\/2021\/?s={search_term_string}"},"query-input":{"@type":"PropertyValueSpecification","valueRequired":true,"valueName":"search_term_string"}}],"inLanguage":"es"},{"@type":"Person","@id":"https:\/\/www.noticiasradioreflejos.com.ar\/2021\/#\/schema\/person\/ad82545263dcc5ec0996818884fd5fb1","name":"Arnaldo Botto","image":{"@type":"ImageObject","inLanguage":"es","@id":"https:\/\/www.noticiasradioreflejos.com.ar\/2021\/#\/schema\/person\/image\/","url":"https:\/\/secure.gravatar.com\/avatar\/55cb5e37c1efa326397366e6974cb338056df65cb50e7d64d1cf314e87504837?s=96&d=mm&r=g","contentUrl":"https:\/\/secure.gravatar.com\/avatar\/55cb5e37c1efa326397366e6974cb338056df65cb50e7d64d1cf314e87504837?s=96&d=mm&r=g","caption":"Arnaldo Botto"},"url":"https:\/\/www.noticiasradioreflejos.com.ar\/2021\/author\/arnaldo\/"}]}},"_links":{"self":[{"href":"https:\/\/www.noticiasradioreflejos.com.ar\/2021\/wp-json\/wp\/v2\/posts\/96930","targetHints":{"allow":["GET"]}}],"collection":[{"href":"https:\/\/www.noticiasradioreflejos.com.ar\/2021\/wp-json\/wp\/v2\/posts"}],"about":[{"href":"https:\/\/www.noticiasradioreflejos.com.ar\/2021\/wp-json\/wp\/v2\/types\/post"}],"author":[{"embeddable":true,"href":"https:\/\/www.noticiasradioreflejos.com.ar\/2021\/wp-json\/wp\/v2\/users\/3"}],"replies":[{"embeddable":true,"href":"https:\/\/www.noticiasradioreflejos.com.ar\/2021\/wp-json\/wp\/v2\/comments?post=96930"}],"version-history":[{"count":1,"href":"https:\/\/www.noticiasradioreflejos.com.ar\/2021\/wp-json\/wp\/v2\/posts\/96930\/revisions"}],"predecessor-version":[{"id":96932,"href":"https:\/\/www.noticiasradioreflejos.com.ar\/2021\/wp-json\/wp\/v2\/posts\/96930\/revisions\/96932"}],"wp:attachment":[{"href":"https:\/\/www.noticiasradioreflejos.com.ar\/2021\/wp-json\/wp\/v2\/media?parent=96930"}],"wp:term":[{"taxonomy":"category","embeddable":true,"href":"https:\/\/www.noticiasradioreflejos.com.ar\/2021\/wp-json\/wp\/v2\/categories?post=96930"},{"taxonomy":"post_tag","embeddable":true,"href":"https:\/\/www.noticiasradioreflejos.com.ar\/2021\/wp-json\/wp\/v2\/tags?post=96930"}],"curies":[{"name":"wp","href":"https:\/\/api.w.org\/{rel}","templated":true}]}}