{"id":96921,"date":"2023-12-26T18:48:48","date_gmt":"2023-12-26T18:48:48","guid":{"rendered":"https:\/\/www.noticiasradioreflejos.com.ar\/2021\/?p=96921"},"modified":"2023-12-26T18:52:23","modified_gmt":"2023-12-26T18:52:23","slug":"crisis-del-agua-en-villa-es-un-desastre-por-falencia-del-ejecutivo-que-nunca-preve-con-antelacion","status":"publish","type":"post","link":"https:\/\/www.noticiasradioreflejos.com.ar\/2021\/crisis-del-agua-en-villa-es-un-desastre-por-falencia-del-ejecutivo-que-nunca-preve-con-antelacion\/","title":{"rendered":"Crisis del agua en Villa: \u201cEs un desastre por falencia del ejecutivo que nunca prev\u00e9 con antelaci\u00f3n\u201d"},"content":{"rendered":"<p>As\u00ed lo afirm\u00f3 <strong>Marcelo Stancanelli<\/strong>, presidente de la <strong>C\u00e1mara de Comercio de Villa Ventana<\/strong>. \u201cReci\u00e9n despu\u00e9s de que hicimos la asamblea y reclamamos comenzaron a mandar los camiones cisternas\u201d asegur\u00f3.<!--more--><\/p>\n<p>El malestar es grande en la perla de la comarca por la falta de distribuci\u00f3n de agua. Otra de las voces que se hizo escuchar fue la del <strong>presidente de la C\u00e1mara de Comercio, Marcelo Stancanelli.<\/strong><\/p>\n<p>Al respecto afirm\u00f3 que \u201clamentablemente siempre somos noticia por cosas desagradables. El problema mayor que tenemos es que el agua est\u00e1, pero la bomba y el sistema est\u00e1n quemados y no tenemos bomba de repuesto. Nos dijeron que ma\u00f1ana estar\u00e1 la bomba en Villa\u201d.<\/p>\n<p>&nbsp;<br \/>\n<a data-flickr-embed=\"true\" data-footer=\"true\" href=\"https:\/\/www.flickr.com\/photos\/182279889@N02\/53422717333\/in\/dateposted-public\/\" title=\"regadores cisternas\"><img loading=\"lazy\" decoding=\"async\" src=\"https:\/\/live.staticflickr.com\/65535\/53422717333_34a5caa885_c.jpg\" width=\"800\" height=\"450\" alt=\"regadores cisternas\"\/><\/a><script async src=\"\/\/embedr.flickr.com\/assets\/client-code.js\" charset=\"utf-8\"><\/script><br \/>\n&nbsp;<\/p>\n<p>Sobre las consecuencias que esto trajo, no dudo en reconocer que \u201ccomercialmente fue un desastre porque se cayeron muchas reservas. El turista viene porque le vendiste una propuesta clara, y de las puertas para adentro de su caba\u00f1a tiene que tener agua. No hay manera de explicarle que no hay o que se tiene que ba\u00f1ar a las 15 porque a las 23 cortan. No hay una justificaci\u00f3n. Lo mismo los comerciantes\u201d.<\/p>\n<p>Explicando que \u201cmuchos est\u00e1n cerrados porque no pueden lavar pisos ni platos. Los caba\u00f1eros tuvieron que bajar reservas y devolver el dinero. Muchas reservas se cayeron porque en todos lados se enteraron de este desastre, que es un desastre por falencia del ejecutivo que nunca prev\u00e9 con antelaci\u00f3n\u201d.<\/p>\n<p>Llevando claridad sobre la situaci\u00f3n sostuvo que \u201cen 2009 no ten\u00edamos agua. Eso fue otra cosa. Ahora tenes bombas en el sauce, en el pinar. El gran problema es que tenemos poca informaci\u00f3n. En su \u00e9poca se hicieron estudios donde se determin\u00f3 la profundidad de las perforaciones y creemos que no se cumpli\u00f3 con eso. Por falta de fondos creemos que no hicieron las cosas como deb\u00edan. Tampoco sabemos cu\u00e1l es el caudal\u201d.<\/p>\n<p>De all\u00ed que \u201cal quemarse estas bombas y no haber un bypass con otra bomba de reemplazo, llega hasta las cisternas de Tacuarita y no hay forma de elevarla hasta la otra cisterna en altura. Con cierto criterio lo est\u00e1n solucionando con las bombas internas de perforaciones de Villa, pero el caudal es poco, entonces dan agua por horarios y no alcanza\u201d.<\/p>\n<p>Por \u00faltimo admiti\u00f3 que \u201choy hacen refuerzos con tanques cisternas; primero abasteciendo a los usuarios que no tienen agua. Llaman a la delegaci\u00f3n, hacen una lista, llenan los tanques y luego van a las cisternas. Pero todo esto a ra\u00edz de la asamblea. Antes los camiones no ven\u00edan\u201d.<\/p>\n<p>&nbsp;<\/p>\n<p><iframe loading=\"lazy\" src=\"https:\/\/w.soundcloud.com\/player\/?url=https%3A\/\/api.soundcloud.com\/tracks\/1700073594&amp;color=%23ff5500&amp;auto_play=false&amp;hide_related=false&amp;show_comments=true&amp;show_user=true&amp;show_reposts=false&amp;show_teaser=true\" width=\"100%\" height=\"166\" frameborder=\"no\" scrolling=\"no\"><\/iframe><\/p>\n<div style=\"font-size: 10px; color: #cccccc; line-break: anywhere; word-break: normal; overflow: hidden; white-space: nowrap; text-overflow: ellipsis; font-family: Interstate,Lucida Grande,Lucida Sans Unicode,Lucida Sans,Garuda,Verdana,Tahoma,sans-serif; font-weight: 100;\"><a style=\"color: #cccccc; text-decoration: none;\" title=\"fmreflejos 103.7\" href=\"https:\/\/soundcloud.com\/fmreflejos-103-7\" target=\"_blank\" rel=\"noopener\">fmreflejos 103.7<\/a> \u00b7 <a style=\"color: #cccccc; text-decoration: none;\" title=\"Marcelo Stancaneli 26 - 12\" href=\"https:\/\/soundcloud.com\/fmreflejos-103-7\/marcelo-stancaneli-26-12\" target=\"_blank\" rel=\"noopener\">Marcelo Stancaneli 26 &#8211; 12<\/a><\/div>\n","protected":false},"excerpt":{"rendered":"<p>As\u00ed lo afirm\u00f3 Marcelo Stancanelli, presidente de la C\u00e1mara de Comercio de Villa Ventana. \u201cReci\u00e9n despu\u00e9s de que hicimos la asamblea y reclamamos comenzaron a mandar los camiones cisternas\u201d asegur\u00f3.<\/p>\n","protected":false},"author":3,"featured_media":0,"comment_status":"closed","ping_status":"closed","sticky":false,"template":"","format":"standard","meta":{"footnotes":""},"categories":[28,26],"tags":[48],"class_list":["post-96921","post","type-post","status-publish","format-standard","hentry","category-municipales","category-sociedad","tag-destacada"],"yoast_head":"<!-- This site is optimized with the Yoast SEO plugin v25.9 - https:\/\/yoast.com\/wordpress\/plugins\/seo\/ -->\n<title>Crisis del agua en Villa: \u201cEs un desastre por falencia del ejecutivo que nunca prev\u00e9 con antelaci\u00f3n\u201d - Noticias Radio Reflejos<\/title>\n<meta name=\"robots\" content=\"index, follow, max-snippet:-1, max-image-preview:large, max-video-preview:-1\" \/>\n<link rel=\"canonical\" href=\"https:\/\/www.noticiasradioreflejos.com.ar\/2021\/crisis-del-agua-en-villa-es-un-desastre-por-falencia-del-ejecutivo-que-nunca-preve-con-antelacion\/\" \/>\n<meta property=\"og:locale\" content=\"es_ES\" \/>\n<meta property=\"og:type\" content=\"article\" \/>\n<meta property=\"og:title\" content=\"Crisis del agua en Villa: \u201cEs un desastre por falencia del ejecutivo que nunca prev\u00e9 con antelaci\u00f3n\u201d - Noticias Radio Reflejos\" \/>\n<meta property=\"og:description\" content=\"As\u00ed lo afirm\u00f3 Marcelo Stancanelli, presidente de la C\u00e1mara de Comercio de Villa Ventana. \u201cReci\u00e9n despu\u00e9s de que hicimos la asamblea y reclamamos comenzaron a mandar los camiones cisternas\u201d asegur\u00f3.\" \/>\n<meta property=\"og:url\" content=\"https:\/\/www.noticiasradioreflejos.com.ar\/2021\/crisis-del-agua-en-villa-es-un-desastre-por-falencia-del-ejecutivo-que-nunca-preve-con-antelacion\/\" \/>\n<meta property=\"og:site_name\" content=\"Noticias Radio Reflejos\" \/>\n<meta property=\"article:published_time\" content=\"2023-12-26T18:48:48+00:00\" \/>\n<meta property=\"article:modified_time\" content=\"2023-12-26T18:52:23+00:00\" \/>\n<meta property=\"og:image\" content=\"https:\/\/live.staticflickr.com\/65535\/53422717333_34a5caa885_c.jpg\" \/>\n<meta name=\"author\" content=\"Arnaldo Botto\" \/>\n<meta name=\"twitter:card\" content=\"summary_large_image\" \/>\n<script type=\"application\/ld+json\" class=\"yoast-schema-graph\">{\"@context\":\"https:\/\/schema.org\",\"@graph\":[{\"@type\":\"WebPage\",\"@id\":\"https:\/\/www.noticiasradioreflejos.com.ar\/2021\/crisis-del-agua-en-villa-es-un-desastre-por-falencia-del-ejecutivo-que-nunca-preve-con-antelacion\/\",\"url\":\"https:\/\/www.noticiasradioreflejos.com.ar\/2021\/crisis-del-agua-en-villa-es-un-desastre-por-falencia-del-ejecutivo-que-nunca-preve-con-antelacion\/\",\"name\":\"Crisis del agua en Villa: \u201cEs un desastre por falencia del ejecutivo que nunca prev\u00e9 con antelaci\u00f3n\u201d - Noticias Radio Reflejos\",\"isPartOf\":{\"@id\":\"https:\/\/www.noticiasradioreflejos.com.ar\/2021\/#website\"},\"primaryImageOfPage\":{\"@id\":\"https:\/\/www.noticiasradioreflejos.com.ar\/2021\/crisis-del-agua-en-villa-es-un-desastre-por-falencia-del-ejecutivo-que-nunca-preve-con-antelacion\/#primaryimage\"},\"image\":{\"@id\":\"https:\/\/www.noticiasradioreflejos.com.ar\/2021\/crisis-del-agua-en-villa-es-un-desastre-por-falencia-del-ejecutivo-que-nunca-preve-con-antelacion\/#primaryimage\"},\"thumbnailUrl\":\"https:\/\/live.staticflickr.com\/65535\/53422717333_34a5caa885_c.jpg\",\"datePublished\":\"2023-12-26T18:48:48+00:00\",\"dateModified\":\"2023-12-26T18:52:23+00:00\",\"author\":{\"@id\":\"https:\/\/www.noticiasradioreflejos.com.ar\/2021\/#\/schema\/person\/ad82545263dcc5ec0996818884fd5fb1\"},\"breadcrumb\":{\"@id\":\"https:\/\/www.noticiasradioreflejos.com.ar\/2021\/crisis-del-agua-en-villa-es-un-desastre-por-falencia-del-ejecutivo-que-nunca-preve-con-antelacion\/#breadcrumb\"},\"inLanguage\":\"es\",\"potentialAction\":[{\"@type\":\"ReadAction\",\"target\":[\"https:\/\/www.noticiasradioreflejos.com.ar\/2021\/crisis-del-agua-en-villa-es-un-desastre-por-falencia-del-ejecutivo-que-nunca-preve-con-antelacion\/\"]}]},{\"@type\":\"ImageObject\",\"inLanguage\":\"es\",\"@id\":\"https:\/\/www.noticiasradioreflejos.com.ar\/2021\/crisis-del-agua-en-villa-es-un-desastre-por-falencia-del-ejecutivo-que-nunca-preve-con-antelacion\/#primaryimage\",\"url\":\"https:\/\/live.staticflickr.com\/65535\/53422717333_34a5caa885_c.jpg\",\"contentUrl\":\"https:\/\/live.staticflickr.com\/65535\/53422717333_34a5caa885_c.jpg\"},{\"@type\":\"BreadcrumbList\",\"@id\":\"https:\/\/www.noticiasradioreflejos.com.ar\/2021\/crisis-del-agua-en-villa-es-un-desastre-por-falencia-del-ejecutivo-que-nunca-preve-con-antelacion\/#breadcrumb\",\"itemListElement\":[{\"@type\":\"ListItem\",\"position\":1,\"name\":\"Portada\",\"item\":\"https:\/\/www.noticiasradioreflejos.com.ar\/2021\/\"},{\"@type\":\"ListItem\",\"position\":2,\"name\":\"Crisis del agua en Villa: \u201cEs un desastre por falencia del ejecutivo que nunca prev\u00e9 con antelaci\u00f3n\u201d\"}]},{\"@type\":\"WebSite\",\"@id\":\"https:\/\/www.noticiasradioreflejos.com.ar\/2021\/#website\",\"url\":\"https:\/\/www.noticiasradioreflejos.com.ar\/2021\/\",\"name\":\"Noticias Radio Reflejos\",\"description\":\"Las noticias de mi comarca\",\"potentialAction\":[{\"@type\":\"SearchAction\",\"target\":{\"@type\":\"EntryPoint\",\"urlTemplate\":\"https:\/\/www.noticiasradioreflejos.com.ar\/2021\/?s={search_term_string}\"},\"query-input\":{\"@type\":\"PropertyValueSpecification\",\"valueRequired\":true,\"valueName\":\"search_term_string\"}}],\"inLanguage\":\"es\"},{\"@type\":\"Person\",\"@id\":\"https:\/\/www.noticiasradioreflejos.com.ar\/2021\/#\/schema\/person\/ad82545263dcc5ec0996818884fd5fb1\",\"name\":\"Arnaldo Botto\",\"image\":{\"@type\":\"ImageObject\",\"inLanguage\":\"es\",\"@id\":\"https:\/\/www.noticiasradioreflejos.com.ar\/2021\/#\/schema\/person\/image\/\",\"url\":\"https:\/\/secure.gravatar.com\/avatar\/55cb5e37c1efa326397366e6974cb338056df65cb50e7d64d1cf314e87504837?s=96&d=mm&r=g\",\"contentUrl\":\"https:\/\/secure.gravatar.com\/avatar\/55cb5e37c1efa326397366e6974cb338056df65cb50e7d64d1cf314e87504837?s=96&d=mm&r=g\",\"caption\":\"Arnaldo Botto\"},\"url\":\"https:\/\/www.noticiasradioreflejos.com.ar\/2021\/author\/arnaldo\/\"}]}<\/script>\n<!-- \/ Yoast SEO plugin. -->","yoast_head_json":{"title":"Crisis del agua en Villa: \u201cEs un desastre por falencia del ejecutivo que nunca prev\u00e9 con antelaci\u00f3n\u201d - Noticias Radio Reflejos","robots":{"index":"index","follow":"follow","max-snippet":"max-snippet:-1","max-image-preview":"max-image-preview:large","max-video-preview":"max-video-preview:-1"},"canonical":"https:\/\/www.noticiasradioreflejos.com.ar\/2021\/crisis-del-agua-en-villa-es-un-desastre-por-falencia-del-ejecutivo-que-nunca-preve-con-antelacion\/","og_locale":"es_ES","og_type":"article","og_title":"Crisis del agua en Villa: \u201cEs un desastre por falencia del ejecutivo que nunca prev\u00e9 con antelaci\u00f3n\u201d - Noticias Radio Reflejos","og_description":"As\u00ed lo afirm\u00f3 Marcelo Stancanelli, presidente de la C\u00e1mara de Comercio de Villa Ventana. \u201cReci\u00e9n despu\u00e9s de que hicimos la asamblea y reclamamos comenzaron a mandar los camiones cisternas\u201d asegur\u00f3.","og_url":"https:\/\/www.noticiasradioreflejos.com.ar\/2021\/crisis-del-agua-en-villa-es-un-desastre-por-falencia-del-ejecutivo-que-nunca-preve-con-antelacion\/","og_site_name":"Noticias Radio Reflejos","article_published_time":"2023-12-26T18:48:48+00:00","article_modified_time":"2023-12-26T18:52:23+00:00","og_image":[{"url":"https:\/\/live.staticflickr.com\/65535\/53422717333_34a5caa885_c.jpg","type":"","width":"","height":""}],"author":"Arnaldo Botto","twitter_card":"summary_large_image","schema":{"@context":"https:\/\/schema.org","@graph":[{"@type":"WebPage","@id":"https:\/\/www.noticiasradioreflejos.com.ar\/2021\/crisis-del-agua-en-villa-es-un-desastre-por-falencia-del-ejecutivo-que-nunca-preve-con-antelacion\/","url":"https:\/\/www.noticiasradioreflejos.com.ar\/2021\/crisis-del-agua-en-villa-es-un-desastre-por-falencia-del-ejecutivo-que-nunca-preve-con-antelacion\/","name":"Crisis del agua en Villa: \u201cEs un desastre por falencia del ejecutivo que nunca prev\u00e9 con antelaci\u00f3n\u201d - Noticias Radio Reflejos","isPartOf":{"@id":"https:\/\/www.noticiasradioreflejos.com.ar\/2021\/#website"},"primaryImageOfPage":{"@id":"https:\/\/www.noticiasradioreflejos.com.ar\/2021\/crisis-del-agua-en-villa-es-un-desastre-por-falencia-del-ejecutivo-que-nunca-preve-con-antelacion\/#primaryimage"},"image":{"@id":"https:\/\/www.noticiasradioreflejos.com.ar\/2021\/crisis-del-agua-en-villa-es-un-desastre-por-falencia-del-ejecutivo-que-nunca-preve-con-antelacion\/#primaryimage"},"thumbnailUrl":"https:\/\/live.staticflickr.com\/65535\/53422717333_34a5caa885_c.jpg","datePublished":"2023-12-26T18:48:48+00:00","dateModified":"2023-12-26T18:52:23+00:00","author":{"@id":"https:\/\/www.noticiasradioreflejos.com.ar\/2021\/#\/schema\/person\/ad82545263dcc5ec0996818884fd5fb1"},"breadcrumb":{"@id":"https:\/\/www.noticiasradioreflejos.com.ar\/2021\/crisis-del-agua-en-villa-es-un-desastre-por-falencia-del-ejecutivo-que-nunca-preve-con-antelacion\/#breadcrumb"},"inLanguage":"es","potentialAction":[{"@type":"ReadAction","target":["https:\/\/www.noticiasradioreflejos.com.ar\/2021\/crisis-del-agua-en-villa-es-un-desastre-por-falencia-del-ejecutivo-que-nunca-preve-con-antelacion\/"]}]},{"@type":"ImageObject","inLanguage":"es","@id":"https:\/\/www.noticiasradioreflejos.com.ar\/2021\/crisis-del-agua-en-villa-es-un-desastre-por-falencia-del-ejecutivo-que-nunca-preve-con-antelacion\/#primaryimage","url":"https:\/\/live.staticflickr.com\/65535\/53422717333_34a5caa885_c.jpg","contentUrl":"https:\/\/live.staticflickr.com\/65535\/53422717333_34a5caa885_c.jpg"},{"@type":"BreadcrumbList","@id":"https:\/\/www.noticiasradioreflejos.com.ar\/2021\/crisis-del-agua-en-villa-es-un-desastre-por-falencia-del-ejecutivo-que-nunca-preve-con-antelacion\/#breadcrumb","itemListElement":[{"@type":"ListItem","position":1,"name":"Portada","item":"https:\/\/www.noticiasradioreflejos.com.ar\/2021\/"},{"@type":"ListItem","position":2,"name":"Crisis del agua en Villa: \u201cEs un desastre por falencia del ejecutivo que nunca prev\u00e9 con antelaci\u00f3n\u201d"}]},{"@type":"WebSite","@id":"https:\/\/www.noticiasradioreflejos.com.ar\/2021\/#website","url":"https:\/\/www.noticiasradioreflejos.com.ar\/2021\/","name":"Noticias Radio Reflejos","description":"Las noticias de mi comarca","potentialAction":[{"@type":"SearchAction","target":{"@type":"EntryPoint","urlTemplate":"https:\/\/www.noticiasradioreflejos.com.ar\/2021\/?s={search_term_string}"},"query-input":{"@type":"PropertyValueSpecification","valueRequired":true,"valueName":"search_term_string"}}],"inLanguage":"es"},{"@type":"Person","@id":"https:\/\/www.noticiasradioreflejos.com.ar\/2021\/#\/schema\/person\/ad82545263dcc5ec0996818884fd5fb1","name":"Arnaldo Botto","image":{"@type":"ImageObject","inLanguage":"es","@id":"https:\/\/www.noticiasradioreflejos.com.ar\/2021\/#\/schema\/person\/image\/","url":"https:\/\/secure.gravatar.com\/avatar\/55cb5e37c1efa326397366e6974cb338056df65cb50e7d64d1cf314e87504837?s=96&d=mm&r=g","contentUrl":"https:\/\/secure.gravatar.com\/avatar\/55cb5e37c1efa326397366e6974cb338056df65cb50e7d64d1cf314e87504837?s=96&d=mm&r=g","caption":"Arnaldo Botto"},"url":"https:\/\/www.noticiasradioreflejos.com.ar\/2021\/author\/arnaldo\/"}]}},"_links":{"self":[{"href":"https:\/\/www.noticiasradioreflejos.com.ar\/2021\/wp-json\/wp\/v2\/posts\/96921","targetHints":{"allow":["GET"]}}],"collection":[{"href":"https:\/\/www.noticiasradioreflejos.com.ar\/2021\/wp-json\/wp\/v2\/posts"}],"about":[{"href":"https:\/\/www.noticiasradioreflejos.com.ar\/2021\/wp-json\/wp\/v2\/types\/post"}],"author":[{"embeddable":true,"href":"https:\/\/www.noticiasradioreflejos.com.ar\/2021\/wp-json\/wp\/v2\/users\/3"}],"replies":[{"embeddable":true,"href":"https:\/\/www.noticiasradioreflejos.com.ar\/2021\/wp-json\/wp\/v2\/comments?post=96921"}],"version-history":[{"count":2,"href":"https:\/\/www.noticiasradioreflejos.com.ar\/2021\/wp-json\/wp\/v2\/posts\/96921\/revisions"}],"predecessor-version":[{"id":96947,"href":"https:\/\/www.noticiasradioreflejos.com.ar\/2021\/wp-json\/wp\/v2\/posts\/96921\/revisions\/96947"}],"wp:attachment":[{"href":"https:\/\/www.noticiasradioreflejos.com.ar\/2021\/wp-json\/wp\/v2\/media?parent=96921"}],"wp:term":[{"taxonomy":"category","embeddable":true,"href":"https:\/\/www.noticiasradioreflejos.com.ar\/2021\/wp-json\/wp\/v2\/categories?post=96921"},{"taxonomy":"post_tag","embeddable":true,"href":"https:\/\/www.noticiasradioreflejos.com.ar\/2021\/wp-json\/wp\/v2\/tags?post=96921"}],"curies":[{"name":"wp","href":"https:\/\/api.w.org\/{rel}","templated":true}]}}